{"id":1018,"date":"2024-03-13T22:12:38","date_gmt":"2024-03-14T01:12:38","guid":{"rendered":"https:\/\/noticiasdefato.net\/?p=1018"},"modified":"2024-04-15T21:57:37","modified_gmt":"2024-04-16T00:57:37","slug":"comerciante-e-assaltado-pela-4a-vez-neste-ano","status":"publish","type":"post","link":"https:\/\/noticiasdefato.net\/?p=1018","title":{"rendered":"COMERCIANTE \u00c9 ASSALTADO PELA 4\u00aa VEZ, NESTE ANO"},"content":{"rendered":"\n<p>C\u00e2mera de seguran\u00e7a gravou a \u00faltima a\u00e7\u00e3o dos criminosos, registrada nesta ter\u00e7a-feira (12)<br>Visivelmente abalados, mas incans\u00e1veis na labuta, o casal Erica e Rogers da Cunha, propriet\u00e1rios do Restaurante Paladar, que fica na rua Professor Carvalho J\u00fanior, Centro, relatam as perdas que v\u00eam sofrendo desde o come\u00e7o do ano. \u201cN\u00f3s j\u00e1 fomos assaltados quatro vezes, s\u00f3 neste ano\u201d, conta a mulher com seu beb\u00ea de 9 meses no colo e ao lado da filha de 10 anos. No entanto, eles admitem que nada se compara ao que est\u00e3o passando, desde o \u00faltimo arrombamento, seguido de furto, registrado na madrugada de ter\u00e7a-feira (12).<br>Nas duas primeiras vezes, os criminosos arrombaram janelas e levavam produtos da cozinha e alguns materiais que viam pela frente.<br>Na terceira vez, levaram objetos e uma moto, que era utilizada para a entrega das marmitas. Mas nesta quarta vez, registrada na madrugada de ter\u00e7a-feira, os autores se superaram e agiram com mais aud\u00e1cia. Desmontaram as janelas de vidro, depois arrombaram as portas da frente, tamb\u00e9m de vidro, para em seguida destru\u00edrem alarmes e c\u00e2maras e assim cometerem seus crimes.<\/p>\n\n\n\n<figure class=\"wp-block-image size-full\"><img fetchpriority=\"high\" decoding=\"async\" width=\"720\" height=\"937\" src=\"https:\/\/noticiasdefato.net\/wp-content\/uploads\/2024\/03\/WhatsApp-Image-2024-03-13-at-18.00.221.jpeg\" alt=\"\" class=\"wp-image-1022\" srcset=\"https:\/\/noticiasdefato.net\/wp-content\/uploads\/2024\/03\/WhatsApp-Image-2024-03-13-at-18.00.221.jpeg 720w, https:\/\/noticiasdefato.net\/wp-content\/uploads\/2024\/03\/WhatsApp-Image-2024-03-13-at-18.00.221-231x300.jpeg 231w, https:\/\/noticiasdefato.net\/wp-content\/uploads\/2024\/03\/WhatsApp-Image-2024-03-13-at-18.00.221-69x90.jpeg 69w\" sizes=\"(max-width: 720px) 100vw, 720px\" \/><\/figure>\n\n\n\n<p><br>C\u00e2meras de seguran\u00e7a, de um im\u00f3vel que fica perto do restaurante, revelam que um homem, em uma moto CG, Honda, sem retrovisor, chegou, por volta da meia noite e quinze, arrombou a janela e come\u00e7ou a retirar tudo que foi poss\u00edvel: 5 botij\u00f5es de g\u00e1s, uma m\u00e1quina de refrescos, um processador industrial, um telefone celular, um computador, mantimentos e uma moto CG 125, de cor vermelha, rec\u00e9m adquirida, pelos comerciantes para a entrega de seus produtos.<br>Segundo as v\u00edtimas, os furtos se prolongaram por toda a madrugada. Os meliantes pegavam os objetos levavam na moto e depois voltavam para pegar o resto. \u201cO mais estranho, \u00e9 que ningu\u00e9m viu e que nenhuma viatura passou pela rua\u201d, questiona a propriet\u00e1ria.<br>Os donos do restaurante avaliam que suas perdas j\u00e1 somam, aproximadamente, mais 30 mil reais, com as a\u00e7\u00f5es dos bandidos.<br>O caso est\u00e1 sendo investigado pela pol\u00edcia civil que est\u00e1 de posse das imagens gravadas.<br>\u201cN\u00f3s acreditamos na nossa pol\u00edcia, mas muitos moradores da rua j\u00e1 foram assaltados. Pedimos \u00e0 pol\u00edcia que, por favor, d\u00ea mais aten\u00e7\u00e3o para esta regi\u00e3o da gente\u201d, pede a dona do restaurante.<br>E para honrarem seus compromissos, os donos do restaurante elaboraram uma a\u00e7\u00e3o entre amigos, uma vakinha eletr\u00f4nica e pedem a colabora\u00e7\u00e3o de todos, para que possam permanecer abertos.<br>Doe voc\u00ea tamb\u00e9m para a vaquinha \u2018A\u00e7\u00e3o entre amigos para ajudar o Restaurante Paladar. Transfira usando a chave Pix 4561816@vakinha.com.br ou contribua pelo site do Vakinha: <a href=\"http:\/\/vaka.me\/4561816?utm_campaign=whatsapp&amp;utm_medium=website&amp;utm_content=4561816&amp;utm_source=social-shares\" target=\"_blank\" rel=\"noreferrer noopener\">http:\/\/vaka.me\/4561816?utm_campaign=whatsapp&amp;utm_medium=website&amp;utm_content=4561816&amp;utm_source=social-shares<\/a><\/p>\n\n\n\n<figure class=\"wp-block-image size-full\"><img decoding=\"async\" width=\"913\" height=\"390\" src=\"https:\/\/noticiasdefato.net\/wp-content\/uploads\/2024\/03\/WhatsApp-Image-2024-03-13-at-18.04.53.jpeg\" alt=\"\" class=\"wp-image-1023\" srcset=\"https:\/\/noticiasdefato.net\/wp-content\/uploads\/2024\/03\/WhatsApp-Image-2024-03-13-at-18.04.53.jpeg 913w, https:\/\/noticiasdefato.net\/wp-content\/uploads\/2024\/03\/WhatsApp-Image-2024-03-13-at-18.04.53-300x128.jpeg 300w, https:\/\/noticiasdefato.net\/wp-content\/uploads\/2024\/03\/WhatsApp-Image-2024-03-13-at-18.04.53-768x328.jpeg 768w, https:\/\/noticiasdefato.net\/wp-content\/uploads\/2024\/03\/WhatsApp-Image-2024-03-13-at-18.04.53-211x90.jpeg 211w\" sizes=\"(max-width: 913px) 100vw, 913px\" \/><\/figure>\n","protected":false},"excerpt":{"rendered":"<p>Alvo constante de furtos e arrombamentos, comerciante cobra mais seguran\u00e7a na regi\u00e3o central. <a href=\"https:\/\/noticiasdefato.net\/?p=1018\" class=\"more-link\">Continuar lendo <span class=\"screen-reader-text\">COMERCIANTE \u00c9 ASSALTADO PELA 4\u00aa VEZ, NESTE ANO<\/span><\/a><\/p>\n","protected":false},"author":2,"featured_media":1021,"comment_status":"open","ping_status":"open","sticky":false,"template":"","format":"standard","meta":{"footnotes":""},"categories":[1],"tags":[],"class_list":["post-1018","post","type-post","status-publish","format-standard","has-post-thumbnail","hentry","category-geral"],"yoast_head":"<!-- This site is optimized with the Yoast SEO plugin v23.2 - https:\/\/yoast.com\/wordpress\/plugins\/seo\/ -->\n<title>COMERCIANTE \u00c9 ASSALTADO PELA 4\u00aa VEZ, NESTE ANO - Not\u00edcias de Fato<\/title>\n<meta name=\"description\" content=\"Alvo constante de furtos e arrombamentos, comerciante cobra mais seguran\u00e7a na regi\u00e3o central.\" \/>\n<meta name=\"robots\" content=\"index, follow, max-snippet:-1, max-image-preview:large, max-video-preview:-1\" \/>\n<link rel=\"canonical\" href=\"https:\/\/noticiasdefato.net\/?p=1018\" \/>\n<meta property=\"og:locale\" content=\"pt_BR\" \/>\n<meta property=\"og:type\" content=\"article\" \/>\n<meta property=\"og:title\" content=\"COMERCIANTE \u00c9 ASSALTADO PELA 4\u00aa VEZ, NESTE ANO - Not\u00edcias de Fato\" \/>\n<meta property=\"og:description\" content=\"Alvo constante de furtos e arrombamentos, comerciante cobra mais seguran\u00e7a na regi\u00e3o central.\" \/>\n<meta property=\"og:url\" content=\"https:\/\/noticiasdefato.net\/?p=1018\" \/>\n<meta property=\"og:site_name\" content=\"Not\u00edcias de Fato\" \/>\n<meta property=\"article:publisher\" content=\"https:\/\/fb.com\/noticiasdefato.jornal\" \/>\n<meta property=\"article:published_time\" content=\"2024-03-14T01:12:38+00:00\" \/>\n<meta property=\"article:modified_time\" content=\"2024-04-16T00:57:37+00:00\" \/>\n<meta property=\"og:image\" content=\"https:\/\/noticiasdefato.net\/wp-content\/uploads\/2024\/03\/WhatsApp-Image-2024-03-13-at-18.00.22.jpeg\" \/>\n\t<meta property=\"og:image:width\" content=\"1062\" \/>\n\t<meta property=\"og:image:height\" content=\"811\" \/>\n\t<meta property=\"og:image:type\" content=\"image\/jpeg\" \/>\n<meta name=\"author\" content=\"Rosiclei Oliveira\" \/>\n<meta name=\"twitter:card\" content=\"summary_large_image\" \/>\n<meta name=\"twitter:creator\" content=\"@noticiasdefato_\" \/>\n<meta name=\"twitter:site\" content=\"@noticiasdefato_\" \/>\n<meta name=\"twitter:label1\" content=\"Escrito por\" \/>\n\t<meta name=\"twitter:data1\" content=\"Rosiclei Oliveira\" \/>\n\t<meta name=\"twitter:label2\" content=\"Est. tempo de leitura\" \/>\n\t<meta name=\"twitter:data2\" content=\"3 minutos\" \/>\n<script type=\"application\/ld+json\" class=\"yoast-schema-graph\">{\"@context\":\"https:\/\/schema.org\",\"@graph\":[{\"@type\":\"Article\",\"@id\":\"https:\/\/noticiasdefato.net\/?p=1018#article\",\"isPartOf\":{\"@id\":\"https:\/\/noticiasdefato.net\/?p=1018\"},\"author\":{\"name\":\"Rosiclei Oliveira\",\"@id\":\"https:\/\/noticiasdefato.net\/#\/schema\/person\/bcc44622f7f0758be72ea07aad7e99fe\"},\"headline\":\"COMERCIANTE \u00c9 ASSALTADO PELA 4\u00aa VEZ, NESTE ANO\",\"datePublished\":\"2024-03-14T01:12:38+00:00\",\"dateModified\":\"2024-04-16T00:57:37+00:00\",\"mainEntityOfPage\":{\"@id\":\"https:\/\/noticiasdefato.net\/?p=1018\"},\"wordCount\":479,\"commentCount\":0,\"publisher\":{\"@id\":\"https:\/\/noticiasdefato.net\/#organization\"},\"image\":{\"@id\":\"https:\/\/noticiasdefato.net\/?p=1018#primaryimage\"},\"thumbnailUrl\":\"https:\/\/noticiasdefato.net\/wp-content\/uploads\/2024\/03\/WhatsApp-Image-2024-03-13-at-18.00.22.jpeg\",\"articleSection\":[\"Geral\"],\"inLanguage\":\"pt-BR\",\"potentialAction\":[{\"@type\":\"CommentAction\",\"name\":\"Comment\",\"target\":[\"https:\/\/noticiasdefato.net\/?p=1018#respond\"]}]},{\"@type\":\"WebPage\",\"@id\":\"https:\/\/noticiasdefato.net\/?p=1018\",\"url\":\"https:\/\/noticiasdefato.net\/?p=1018\",\"name\":\"COMERCIANTE \u00c9 ASSALTADO PELA 4\u00aa VEZ, NESTE ANO - Not\u00edcias de Fato\",\"isPartOf\":{\"@id\":\"https:\/\/noticiasdefato.net\/#website\"},\"primaryImageOfPage\":{\"@id\":\"https:\/\/noticiasdefato.net\/?p=1018#primaryimage\"},\"image\":{\"@id\":\"https:\/\/noticiasdefato.net\/?p=1018#primaryimage\"},\"thumbnailUrl\":\"https:\/\/noticiasdefato.net\/wp-content\/uploads\/2024\/03\/WhatsApp-Image-2024-03-13-at-18.00.22.jpeg\",\"datePublished\":\"2024-03-14T01:12:38+00:00\",\"dateModified\":\"2024-04-16T00:57:37+00:00\",\"description\":\"Alvo constante de furtos e arrombamentos, comerciante cobra mais seguran\u00e7a na regi\u00e3o central.\",\"breadcrumb\":{\"@id\":\"https:\/\/noticiasdefato.net\/?p=1018#breadcrumb\"},\"inLanguage\":\"pt-BR\",\"potentialAction\":[{\"@type\":\"ReadAction\",\"target\":[\"https:\/\/noticiasdefato.net\/?p=1018\"]}]},{\"@type\":\"ImageObject\",\"inLanguage\":\"pt-BR\",\"@id\":\"https:\/\/noticiasdefato.net\/?p=1018#primaryimage\",\"url\":\"https:\/\/noticiasdefato.net\/wp-content\/uploads\/2024\/03\/WhatsApp-Image-2024-03-13-at-18.00.22.jpeg\",\"contentUrl\":\"https:\/\/noticiasdefato.net\/wp-content\/uploads\/2024\/03\/WhatsApp-Image-2024-03-13-at-18.00.22.jpeg\",\"width\":1062,\"height\":811},{\"@type\":\"BreadcrumbList\",\"@id\":\"https:\/\/noticiasdefato.net\/?p=1018#breadcrumb\",\"itemListElement\":[{\"@type\":\"ListItem\",\"position\":1,\"name\":\"In\u00edcio\",\"item\":\"https:\/\/noticiasdefato.net\/\"},{\"@type\":\"ListItem\",\"position\":2,\"name\":\"COMERCIANTE \u00c9 ASSALTADO PELA 4\u00aa VEZ, NESTE ANO\"}]},{\"@type\":\"WebSite\",\"@id\":\"https:\/\/noticiasdefato.net\/#website\",\"url\":\"https:\/\/noticiasdefato.net\/\",\"name\":\"Not\u00edcias de Fato\",\"description\":\"Trabalhamos com honestidade, seriedade e com a verdade.\",\"publisher\":{\"@id\":\"https:\/\/noticiasdefato.net\/#organization\"},\"potentialAction\":[{\"@type\":\"SearchAction\",\"target\":{\"@type\":\"EntryPoint\",\"urlTemplate\":\"https:\/\/noticiasdefato.net\/?s={search_term_string}\"},\"query-input\":\"required name=search_term_string\"}],\"inLanguage\":\"pt-BR\"},{\"@type\":\"Organization\",\"@id\":\"https:\/\/noticiasdefato.net\/#organization\",\"name\":\"Not\u00edcias de Fato\",\"url\":\"https:\/\/noticiasdefato.net\/\",\"logo\":{\"@type\":\"ImageObject\",\"inLanguage\":\"pt-BR\",\"@id\":\"https:\/\/noticiasdefato.net\/#\/schema\/logo\/image\/\",\"url\":\"https:\/\/noticiasdefato.net\/wp-content\/uploads\/2024\/02\/cropped-logo_topo.png\",\"contentUrl\":\"https:\/\/noticiasdefato.net\/wp-content\/uploads\/2024\/02\/cropped-logo_topo.png\",\"width\":1948,\"height\":665,\"caption\":\"Not\u00edcias de Fato\"},\"image\":{\"@id\":\"https:\/\/noticiasdefato.net\/#\/schema\/logo\/image\/\"},\"sameAs\":[\"https:\/\/fb.com\/noticiasdefato.jornal\",\"https:\/\/x.com\/noticiasdefato_\",\"https:\/\/instagram.com\/noticiasdefato.jornal\",\"https:\/\/youtube.com\/@JornalNoticiasDeFato\"]},{\"@type\":\"Person\",\"@id\":\"https:\/\/noticiasdefato.net\/#\/schema\/person\/bcc44622f7f0758be72ea07aad7e99fe\",\"name\":\"Rosiclei Oliveira\",\"image\":{\"@type\":\"ImageObject\",\"inLanguage\":\"pt-BR\",\"@id\":\"https:\/\/noticiasdefato.net\/#\/schema\/person\/image\/\",\"url\":\"https:\/\/secure.gravatar.com\/avatar\/7a1687e0d9b7f05ed34e6f5941fcfbc2234da8a7fc93d140d1a9a9b80abe0cdc?s=96&d=mm&r=g\",\"contentUrl\":\"https:\/\/secure.gravatar.com\/avatar\/7a1687e0d9b7f05ed34e6f5941fcfbc2234da8a7fc93d140d1a9a9b80abe0cdc?s=96&d=mm&r=g\",\"caption\":\"Rosiclei Oliveira\"},\"url\":\"https:\/\/noticiasdefato.net\/?author=2\"}]}<\/script>\n<!-- \/ Yoast SEO plugin. -->","yoast_head_json":{"title":"COMERCIANTE \u00c9 ASSALTADO PELA 4\u00aa VEZ, NESTE ANO - Not\u00edcias de Fato","description":"Alvo constante de furtos e arrombamentos, comerciante cobra mais seguran\u00e7a na regi\u00e3o central.","robots":{"index":"index","follow":"follow","max-snippet":"max-snippet:-1","max-image-preview":"max-image-preview:large","max-video-preview":"max-video-preview:-1"},"canonical":"https:\/\/noticiasdefato.net\/?p=1018","og_locale":"pt_BR","og_type":"article","og_title":"COMERCIANTE \u00c9 ASSALTADO PELA 4\u00aa VEZ, NESTE ANO - Not\u00edcias de Fato","og_description":"Alvo constante de furtos e arrombamentos, comerciante cobra mais seguran\u00e7a na regi\u00e3o central.","og_url":"https:\/\/noticiasdefato.net\/?p=1018","og_site_name":"Not\u00edcias de Fato","article_publisher":"https:\/\/fb.com\/noticiasdefato.jornal","article_published_time":"2024-03-14T01:12:38+00:00","article_modified_time":"2024-04-16T00:57:37+00:00","og_image":[{"width":1062,"height":811,"url":"https:\/\/noticiasdefato.net\/wp-content\/uploads\/2024\/03\/WhatsApp-Image-2024-03-13-at-18.00.22.jpeg","type":"image\/jpeg"}],"author":"Rosiclei Oliveira","twitter_card":"summary_large_image","twitter_creator":"@noticiasdefato_","twitter_site":"@noticiasdefato_","twitter_misc":{"Escrito por":"Rosiclei Oliveira","Est. tempo de leitura":"3 minutos"},"schema":{"@context":"https:\/\/schema.org","@graph":[{"@type":"Article","@id":"https:\/\/noticiasdefato.net\/?p=1018#article","isPartOf":{"@id":"https:\/\/noticiasdefato.net\/?p=1018"},"author":{"name":"Rosiclei Oliveira","@id":"https:\/\/noticiasdefato.net\/#\/schema\/person\/bcc44622f7f0758be72ea07aad7e99fe"},"headline":"COMERCIANTE \u00c9 ASSALTADO PELA 4\u00aa VEZ, NESTE ANO","datePublished":"2024-03-14T01:12:38+00:00","dateModified":"2024-04-16T00:57:37+00:00","mainEntityOfPage":{"@id":"https:\/\/noticiasdefato.net\/?p=1018"},"wordCount":479,"commentCount":0,"publisher":{"@id":"https:\/\/noticiasdefato.net\/#organization"},"image":{"@id":"https:\/\/noticiasdefato.net\/?p=1018#primaryimage"},"thumbnailUrl":"https:\/\/noticiasdefato.net\/wp-content\/uploads\/2024\/03\/WhatsApp-Image-2024-03-13-at-18.00.22.jpeg","articleSection":["Geral"],"inLanguage":"pt-BR","potentialAction":[{"@type":"CommentAction","name":"Comment","target":["https:\/\/noticiasdefato.net\/?p=1018#respond"]}]},{"@type":"WebPage","@id":"https:\/\/noticiasdefato.net\/?p=1018","url":"https:\/\/noticiasdefato.net\/?p=1018","name":"COMERCIANTE \u00c9 ASSALTADO PELA 4\u00aa VEZ, NESTE ANO - Not\u00edcias de Fato","isPartOf":{"@id":"https:\/\/noticiasdefato.net\/#website"},"primaryImageOfPage":{"@id":"https:\/\/noticiasdefato.net\/?p=1018#primaryimage"},"image":{"@id":"https:\/\/noticiasdefato.net\/?p=1018#primaryimage"},"thumbnailUrl":"https:\/\/noticiasdefato.net\/wp-content\/uploads\/2024\/03\/WhatsApp-Image-2024-03-13-at-18.00.22.jpeg","datePublished":"2024-03-14T01:12:38+00:00","dateModified":"2024-04-16T00:57:37+00:00","description":"Alvo constante de furtos e arrombamentos, comerciante cobra mais seguran\u00e7a na regi\u00e3o central.","breadcrumb":{"@id":"https:\/\/noticiasdefato.net\/?p=1018#breadcrumb"},"inLanguage":"pt-BR","potentialAction":[{"@type":"ReadAction","target":["https:\/\/noticiasdefato.net\/?p=1018"]}]},{"@type":"ImageObject","inLanguage":"pt-BR","@id":"https:\/\/noticiasdefato.net\/?p=1018#primaryimage","url":"https:\/\/noticiasdefato.net\/wp-content\/uploads\/2024\/03\/WhatsApp-Image-2024-03-13-at-18.00.22.jpeg","contentUrl":"https:\/\/noticiasdefato.net\/wp-content\/uploads\/2024\/03\/WhatsApp-Image-2024-03-13-at-18.00.22.jpeg","width":1062,"height":811},{"@type":"BreadcrumbList","@id":"https:\/\/noticiasdefato.net\/?p=1018#breadcrumb","itemListElement":[{"@type":"ListItem","position":1,"name":"In\u00edcio","item":"https:\/\/noticiasdefato.net\/"},{"@type":"ListItem","position":2,"name":"COMERCIANTE \u00c9 ASSALTADO PELA 4\u00aa VEZ, NESTE ANO"}]},{"@type":"WebSite","@id":"https:\/\/noticiasdefato.net\/#website","url":"https:\/\/noticiasdefato.net\/","name":"Not\u00edcias de Fato","description":"Trabalhamos com honestidade, seriedade e com a verdade.","publisher":{"@id":"https:\/\/noticiasdefato.net\/#organization"},"potentialAction":[{"@type":"SearchAction","target":{"@type":"EntryPoint","urlTemplate":"https:\/\/noticiasdefato.net\/?s={search_term_string}"},"query-input":"required name=search_term_string"}],"inLanguage":"pt-BR"},{"@type":"Organization","@id":"https:\/\/noticiasdefato.net\/#organization","name":"Not\u00edcias de Fato","url":"https:\/\/noticiasdefato.net\/","logo":{"@type":"ImageObject","inLanguage":"pt-BR","@id":"https:\/\/noticiasdefato.net\/#\/schema\/logo\/image\/","url":"https:\/\/noticiasdefato.net\/wp-content\/uploads\/2024\/02\/cropped-logo_topo.png","contentUrl":"https:\/\/noticiasdefato.net\/wp-content\/uploads\/2024\/02\/cropped-logo_topo.png","width":1948,"height":665,"caption":"Not\u00edcias de Fato"},"image":{"@id":"https:\/\/noticiasdefato.net\/#\/schema\/logo\/image\/"},"sameAs":["https:\/\/fb.com\/noticiasdefato.jornal","https:\/\/x.com\/noticiasdefato_","https:\/\/instagram.com\/noticiasdefato.jornal","https:\/\/youtube.com\/@JornalNoticiasDeFato"]},{"@type":"Person","@id":"https:\/\/noticiasdefato.net\/#\/schema\/person\/bcc44622f7f0758be72ea07aad7e99fe","name":"Rosiclei Oliveira","image":{"@type":"ImageObject","inLanguage":"pt-BR","@id":"https:\/\/noticiasdefato.net\/#\/schema\/person\/image\/","url":"https:\/\/secure.gravatar.com\/avatar\/7a1687e0d9b7f05ed34e6f5941fcfbc2234da8a7fc93d140d1a9a9b80abe0cdc?s=96&d=mm&r=g","contentUrl":"https:\/\/secure.gravatar.com\/avatar\/7a1687e0d9b7f05ed34e6f5941fcfbc2234da8a7fc93d140d1a9a9b80abe0cdc?s=96&d=mm&r=g","caption":"Rosiclei Oliveira"},"url":"https:\/\/noticiasdefato.net\/?author=2"}]}},"_links":{"self":[{"href":"https:\/\/noticiasdefato.net\/index.php?rest_route=\/wp\/v2\/posts\/1018","targetHints":{"allow":["GET"]}}],"collection":[{"href":"https:\/\/noticiasdefato.net\/index.php?rest_route=\/wp\/v2\/posts"}],"about":[{"href":"https:\/\/noticiasdefato.net\/index.php?rest_route=\/wp\/v2\/types\/post"}],"author":[{"embeddable":true,"href":"https:\/\/noticiasdefato.net\/index.php?rest_route=\/wp\/v2\/users\/2"}],"replies":[{"embeddable":true,"href":"https:\/\/noticiasdefato.net\/index.php?rest_route=%2Fwp%2Fv2%2Fcomments&post=1018"}],"version-history":[{"count":4,"href":"https:\/\/noticiasdefato.net\/index.php?rest_route=\/wp\/v2\/posts\/1018\/revisions"}],"predecessor-version":[{"id":1027,"href":"https:\/\/noticiasdefato.net\/index.php?rest_route=\/wp\/v2\/posts\/1018\/revisions\/1027"}],"wp:featuredmedia":[{"embeddable":true,"href":"https:\/\/noticiasdefato.net\/index.php?rest_route=\/wp\/v2\/media\/1021"}],"wp:attachment":[{"href":"https:\/\/noticiasdefato.net\/index.php?rest_route=%2Fwp%2Fv2%2Fmedia&parent=1018"}],"wp:term":[{"taxonomy":"category","embeddable":true,"href":"https:\/\/noticiasdefato.net\/index.php?rest_route=%2Fwp%2Fv2%2Fcategories&post=1018"},{"taxonomy":"post_tag","embeddable":true,"href":"https:\/\/noticiasdefato.net\/index.php?rest_route=%2Fwp%2Fv2%2Ftags&post=1018"}],"curies":[{"name":"wp","href":"https:\/\/api.w.org\/{rel}","templated":true}]}}