{"id":1028,"date":"2024-03-17T11:26:00","date_gmt":"2024-03-17T14:26:00","guid":{"rendered":"https:\/\/noticiasdefato.net\/?p=1028"},"modified":"2024-03-17T11:26:00","modified_gmt":"2024-03-17T14:26:00","slug":"prefeitura-entrara-em-recesso-nos-dias-18-e-19","status":"publish","type":"post","link":"https:\/\/noticiasdefato.net\/?p=1028","title":{"rendered":"PREFEITURA ENTRAR\u00c1 EM RECESSO NOS DIAS 18 e 19"},"content":{"rendered":"\n<p>A Prefeitura Municipal de Alfenas informa o funcionamento dos servi\u00e7os p\u00fablicos municipais no dia 19 de mar\u00e7o Feriado Municipal de S\u00e3o Jos\u00e9 \u2013 Padroeiro de Alfenas (Lei N\u00ba4.839\/19).<\/p>\n\n\n\n<p>De acordo com o Decreto Municipal N\u00ba3.510 publicado em 24 de novembro de 2023, fica declarado recesso do servidor p\u00fablico no dia 18 de mar\u00e7o, n\u00e3o havendo expediente no pr\u00e9dio administrativo da Prefeitura. Confira o que abre e fecha:<\/p>\n\n\n\n<p>Coleta de lixo: Acontece normalmente todos os dias.<\/p>\n\n\n\n<p>Mercado Municipal: No dia 19 de mar\u00e7o funciona das 07h \u00e0s 12h. Nos outros dias funciona normalmente<\/p>\n\n\n\n<p>Balsa da Harmonia: No dia 19 de mar\u00e7o funciona da 06h \u00e0s 18h30 (Porto Barranco Alto). Nos outros dias funciona normalmente.<\/p>\n\n\n\n<p>Central de Medicamentos (CDM): Haver\u00e1 plant\u00e3o de atendimento nos dias 18 e 19 de mar\u00e7o das 08h \u00e0s 12h.<\/p>\n\n\n\n<p>Vacina\u00e7\u00e3o Antirr\u00e1bica: Plant\u00e3o nos dias 16, 18 e 19 de mar\u00e7o das 10h \u00e0s 11h na Central de Vacinas (Pra\u00e7a Doutor Fausto Monteiro S\/N \u2013 Centro).<\/p>\n\n\n\n<p>*Com informa\u00e7\u00f5es Prefeitura Municipal de Alfenas<\/p>\n","protected":false},"excerpt":{"rendered":"<p>Ter\u00e7a-feira (19) \u00e9 Feriado Municipal, do Padroeiro S\u00e3o Jos\u00e9 <a href=\"https:\/\/noticiasdefato.net\/?p=1028\" class=\"more-link\">Continuar lendo <span class=\"screen-reader-text\">PREFEITURA ENTRAR\u00c1 EM RECESSO NOS DIAS 18 e 19<\/span><\/a><\/p>\n","protected":false},"author":3,"featured_media":1029,"comment_status":"open","ping_status":"open","sticky":false,"template":"","format":"standard","meta":{"footnotes":""},"categories":[1],"tags":[],"class_list":["post-1028","post","type-post","status-publish","format-standard","has-post-thumbnail","hentry","category-geral"],"yoast_head":"<!-- This site is optimized with the Yoast SEO plugin v23.2 - https:\/\/yoast.com\/wordpress\/plugins\/seo\/ -->\n<title>PREFEITURA ENTRAR\u00c1 EM RECESSO NOS DIAS 18 e 19 - Not\u00edcias de Fato<\/title>\n<meta name=\"description\" content=\"Ter\u00e7a-feira (19) \u00e9 Feriado Municipal, do Padroeiro S\u00e3o Jos\u00e9\" \/>\n<meta name=\"robots\" content=\"index, follow, max-snippet:-1, max-image-preview:large, max-video-preview:-1\" \/>\n<link rel=\"canonical\" href=\"https:\/\/noticiasdefato.net\/?p=1028\" \/>\n<meta property=\"og:locale\" content=\"pt_BR\" \/>\n<meta property=\"og:type\" content=\"article\" \/>\n<meta property=\"og:title\" content=\"PREFEITURA ENTRAR\u00c1 EM RECESSO NOS DIAS 18 e 19 - Not\u00edcias de Fato\" \/>\n<meta property=\"og:description\" content=\"Ter\u00e7a-feira (19) \u00e9 Feriado Municipal, do Padroeiro S\u00e3o Jos\u00e9\" \/>\n<meta property=\"og:url\" content=\"https:\/\/noticiasdefato.net\/?p=1028\" \/>\n<meta property=\"og:site_name\" content=\"Not\u00edcias de Fato\" \/>\n<meta property=\"article:publisher\" content=\"https:\/\/fb.com\/noticiasdefato.jornal\" \/>\n<meta property=\"article:published_time\" content=\"2024-03-17T14:26:00+00:00\" \/>\n<meta property=\"og:image\" content=\"https:\/\/noticiasdefato.net\/wp-content\/uploads\/2024\/03\/WhatsApp-Image-2024-03-16-at-04.49.46.jpeg\" \/>\n\t<meta property=\"og:image:width\" content=\"1600\" \/>\n\t<meta property=\"og:image:height\" content=\"900\" \/>\n\t<meta property=\"og:image:type\" content=\"image\/jpeg\" \/>\n<meta name=\"author\" content=\"Thiago Eduardo\" \/>\n<meta name=\"twitter:card\" content=\"summary_large_image\" \/>\n<meta name=\"twitter:creator\" content=\"@noticiasdefato_\" \/>\n<meta name=\"twitter:site\" content=\"@noticiasdefato_\" \/>\n<meta name=\"twitter:label1\" content=\"Escrito por\" \/>\n\t<meta name=\"twitter:data1\" content=\"Thiago Eduardo\" \/>\n\t<meta name=\"twitter:label2\" content=\"Est. tempo de leitura\" \/>\n\t<meta name=\"twitter:data2\" content=\"2 minutos\" \/>\n<script type=\"application\/ld+json\" class=\"yoast-schema-graph\">{\"@context\":\"https:\/\/schema.org\",\"@graph\":[{\"@type\":\"Article\",\"@id\":\"https:\/\/noticiasdefato.net\/?p=1028#article\",\"isPartOf\":{\"@id\":\"https:\/\/noticiasdefato.net\/?p=1028\"},\"author\":{\"name\":\"Thiago Eduardo\",\"@id\":\"https:\/\/noticiasdefato.net\/#\/schema\/person\/991aa25c94399b45050a06ad540c702f\"},\"headline\":\"PREFEITURA ENTRAR\u00c1 EM RECESSO NOS DIAS 18 e 19\",\"datePublished\":\"2024-03-17T14:26:00+00:00\",\"dateModified\":\"2024-03-17T14:26:00+00:00\",\"mainEntityOfPage\":{\"@id\":\"https:\/\/noticiasdefato.net\/?p=1028\"},\"wordCount\":177,\"commentCount\":0,\"publisher\":{\"@id\":\"https:\/\/noticiasdefato.net\/#organization\"},\"image\":{\"@id\":\"https:\/\/noticiasdefato.net\/?p=1028#primaryimage\"},\"thumbnailUrl\":\"https:\/\/noticiasdefato.net\/wp-content\/uploads\/2024\/03\/WhatsApp-Image-2024-03-16-at-04.49.46.jpeg\",\"articleSection\":[\"Geral\"],\"inLanguage\":\"pt-BR\",\"potentialAction\":[{\"@type\":\"CommentAction\",\"name\":\"Comment\",\"target\":[\"https:\/\/noticiasdefato.net\/?p=1028#respond\"]}]},{\"@type\":\"WebPage\",\"@id\":\"https:\/\/noticiasdefato.net\/?p=1028\",\"url\":\"https:\/\/noticiasdefato.net\/?p=1028\",\"name\":\"PREFEITURA ENTRAR\u00c1 EM RECESSO NOS DIAS 18 e 19 - Not\u00edcias de Fato\",\"isPartOf\":{\"@id\":\"https:\/\/noticiasdefato.net\/#website\"},\"primaryImageOfPage\":{\"@id\":\"https:\/\/noticiasdefato.net\/?p=1028#primaryimage\"},\"image\":{\"@id\":\"https:\/\/noticiasdefato.net\/?p=1028#primaryimage\"},\"thumbnailUrl\":\"https:\/\/noticiasdefato.net\/wp-content\/uploads\/2024\/03\/WhatsApp-Image-2024-03-16-at-04.49.46.jpeg\",\"datePublished\":\"2024-03-17T14:26:00+00:00\",\"dateModified\":\"2024-03-17T14:26:00+00:00\",\"description\":\"Ter\u00e7a-feira (19) \u00e9 Feriado Municipal, do Padroeiro S\u00e3o Jos\u00e9\",\"breadcrumb\":{\"@id\":\"https:\/\/noticiasdefato.net\/?p=1028#breadcrumb\"},\"inLanguage\":\"pt-BR\",\"potentialAction\":[{\"@type\":\"ReadAction\",\"target\":[\"https:\/\/noticiasdefato.net\/?p=1028\"]}]},{\"@type\":\"ImageObject\",\"inLanguage\":\"pt-BR\",\"@id\":\"https:\/\/noticiasdefato.net\/?p=1028#primaryimage\",\"url\":\"https:\/\/noticiasdefato.net\/wp-content\/uploads\/2024\/03\/WhatsApp-Image-2024-03-16-at-04.49.46.jpeg\",\"contentUrl\":\"https:\/\/noticiasdefato.net\/wp-content\/uploads\/2024\/03\/WhatsApp-Image-2024-03-16-at-04.49.46.jpeg\",\"width\":1600,\"height\":900},{\"@type\":\"BreadcrumbList\",\"@id\":\"https:\/\/noticiasdefato.net\/?p=1028#breadcrumb\",\"itemListElement\":[{\"@type\":\"ListItem\",\"position\":1,\"name\":\"In\u00edcio\",\"item\":\"https:\/\/noticiasdefato.net\/\"},{\"@type\":\"ListItem\",\"position\":2,\"name\":\"PREFEITURA ENTRAR\u00c1 EM RECESSO NOS DIAS 18 e 19\"}]},{\"@type\":\"WebSite\",\"@id\":\"https:\/\/noticiasdefato.net\/#website\",\"url\":\"https:\/\/noticiasdefato.net\/\",\"name\":\"Not\u00edcias de Fato\",\"description\":\"Trabalhamos com honestidade, seriedade e com a verdade.\",\"publisher\":{\"@id\":\"https:\/\/noticiasdefato.net\/#organization\"},\"potentialAction\":[{\"@type\":\"SearchAction\",\"target\":{\"@type\":\"EntryPoint\",\"urlTemplate\":\"https:\/\/noticiasdefato.net\/?s={search_term_string}\"},\"query-input\":\"required name=search_term_string\"}],\"inLanguage\":\"pt-BR\"},{\"@type\":\"Organization\",\"@id\":\"https:\/\/noticiasdefato.net\/#organization\",\"name\":\"Not\u00edcias de Fato\",\"url\":\"https:\/\/noticiasdefato.net\/\",\"logo\":{\"@type\":\"ImageObject\",\"inLanguage\":\"pt-BR\",\"@id\":\"https:\/\/noticiasdefato.net\/#\/schema\/logo\/image\/\",\"url\":\"https:\/\/noticiasdefato.net\/wp-content\/uploads\/2024\/02\/cropped-logo_topo.png\",\"contentUrl\":\"https:\/\/noticiasdefato.net\/wp-content\/uploads\/2024\/02\/cropped-logo_topo.png\",\"width\":1948,\"height\":665,\"caption\":\"Not\u00edcias de Fato\"},\"image\":{\"@id\":\"https:\/\/noticiasdefato.net\/#\/schema\/logo\/image\/\"},\"sameAs\":[\"https:\/\/fb.com\/noticiasdefato.jornal\",\"https:\/\/x.com\/noticiasdefato_\",\"https:\/\/instagram.com\/noticiasdefato.jornal\",\"https:\/\/youtube.com\/@JornalNoticiasDeFato\"]},{\"@type\":\"Person\",\"@id\":\"https:\/\/noticiasdefato.net\/#\/schema\/person\/991aa25c94399b45050a06ad540c702f\",\"name\":\"Thiago Eduardo\",\"image\":{\"@type\":\"ImageObject\",\"inLanguage\":\"pt-BR\",\"@id\":\"https:\/\/noticiasdefato.net\/#\/schema\/person\/image\/\",\"url\":\"https:\/\/secure.gravatar.com\/avatar\/b565c072bf1bd0d79efe2c48ab82d1a8df93488df89f920926d6ea2e77d319ba?s=96&d=mm&r=g\",\"contentUrl\":\"https:\/\/secure.gravatar.com\/avatar\/b565c072bf1bd0d79efe2c48ab82d1a8df93488df89f920926d6ea2e77d319ba?s=96&d=mm&r=g\",\"caption\":\"Thiago Eduardo\"},\"url\":\"https:\/\/noticiasdefato.net\/?author=3\"}]}<\/script>\n<!-- \/ Yoast SEO plugin. -->","yoast_head_json":{"title":"PREFEITURA ENTRAR\u00c1 EM RECESSO NOS DIAS 18 e 19 - Not\u00edcias de Fato","description":"Ter\u00e7a-feira (19) \u00e9 Feriado Municipal, do Padroeiro S\u00e3o Jos\u00e9","robots":{"index":"index","follow":"follow","max-snippet":"max-snippet:-1","max-image-preview":"max-image-preview:large","max-video-preview":"max-video-preview:-1"},"canonical":"https:\/\/noticiasdefato.net\/?p=1028","og_locale":"pt_BR","og_type":"article","og_title":"PREFEITURA ENTRAR\u00c1 EM RECESSO NOS DIAS 18 e 19 - Not\u00edcias de Fato","og_description":"Ter\u00e7a-feira (19) \u00e9 Feriado Municipal, do Padroeiro S\u00e3o Jos\u00e9","og_url":"https:\/\/noticiasdefato.net\/?p=1028","og_site_name":"Not\u00edcias de Fato","article_publisher":"https:\/\/fb.com\/noticiasdefato.jornal","article_published_time":"2024-03-17T14:26:00+00:00","og_image":[{"width":1600,"height":900,"url":"https:\/\/noticiasdefato.net\/wp-content\/uploads\/2024\/03\/WhatsApp-Image-2024-03-16-at-04.49.46.jpeg","type":"image\/jpeg"}],"author":"Thiago Eduardo","twitter_card":"summary_large_image","twitter_creator":"@noticiasdefato_","twitter_site":"@noticiasdefato_","twitter_misc":{"Escrito por":"Thiago Eduardo","Est. tempo de leitura":"2 minutos"},"schema":{"@context":"https:\/\/schema.org","@graph":[{"@type":"Article","@id":"https:\/\/noticiasdefato.net\/?p=1028#article","isPartOf":{"@id":"https:\/\/noticiasdefato.net\/?p=1028"},"author":{"name":"Thiago Eduardo","@id":"https:\/\/noticiasdefato.net\/#\/schema\/person\/991aa25c94399b45050a06ad540c702f"},"headline":"PREFEITURA ENTRAR\u00c1 EM RECESSO NOS DIAS 18 e 19","datePublished":"2024-03-17T14:26:00+00:00","dateModified":"2024-03-17T14:26:00+00:00","mainEntityOfPage":{"@id":"https:\/\/noticiasdefato.net\/?p=1028"},"wordCount":177,"commentCount":0,"publisher":{"@id":"https:\/\/noticiasdefato.net\/#organization"},"image":{"@id":"https:\/\/noticiasdefato.net\/?p=1028#primaryimage"},"thumbnailUrl":"https:\/\/noticiasdefato.net\/wp-content\/uploads\/2024\/03\/WhatsApp-Image-2024-03-16-at-04.49.46.jpeg","articleSection":["Geral"],"inLanguage":"pt-BR","potentialAction":[{"@type":"CommentAction","name":"Comment","target":["https:\/\/noticiasdefato.net\/?p=1028#respond"]}]},{"@type":"WebPage","@id":"https:\/\/noticiasdefato.net\/?p=1028","url":"https:\/\/noticiasdefato.net\/?p=1028","name":"PREFEITURA ENTRAR\u00c1 EM RECESSO NOS DIAS 18 e 19 - Not\u00edcias de Fato","isPartOf":{"@id":"https:\/\/noticiasdefato.net\/#website"},"primaryImageOfPage":{"@id":"https:\/\/noticiasdefato.net\/?p=1028#primaryimage"},"image":{"@id":"https:\/\/noticiasdefato.net\/?p=1028#primaryimage"},"thumbnailUrl":"https:\/\/noticiasdefato.net\/wp-content\/uploads\/2024\/03\/WhatsApp-Image-2024-03-16-at-04.49.46.jpeg","datePublished":"2024-03-17T14:26:00+00:00","dateModified":"2024-03-17T14:26:00+00:00","description":"Ter\u00e7a-feira (19) \u00e9 Feriado Municipal, do Padroeiro S\u00e3o Jos\u00e9","breadcrumb":{"@id":"https:\/\/noticiasdefato.net\/?p=1028#breadcrumb"},"inLanguage":"pt-BR","potentialAction":[{"@type":"ReadAction","target":["https:\/\/noticiasdefato.net\/?p=1028"]}]},{"@type":"ImageObject","inLanguage":"pt-BR","@id":"https:\/\/noticiasdefato.net\/?p=1028#primaryimage","url":"https:\/\/noticiasdefato.net\/wp-content\/uploads\/2024\/03\/WhatsApp-Image-2024-03-16-at-04.49.46.jpeg","contentUrl":"https:\/\/noticiasdefato.net\/wp-content\/uploads\/2024\/03\/WhatsApp-Image-2024-03-16-at-04.49.46.jpeg","width":1600,"height":900},{"@type":"BreadcrumbList","@id":"https:\/\/noticiasdefato.net\/?p=1028#breadcrumb","itemListElement":[{"@type":"ListItem","position":1,"name":"In\u00edcio","item":"https:\/\/noticiasdefato.net\/"},{"@type":"ListItem","position":2,"name":"PREFEITURA ENTRAR\u00c1 EM RECESSO NOS DIAS 18 e 19"}]},{"@type":"WebSite","@id":"https:\/\/noticiasdefato.net\/#website","url":"https:\/\/noticiasdefato.net\/","name":"Not\u00edcias de Fato","description":"Trabalhamos com honestidade, seriedade e com a verdade.","publisher":{"@id":"https:\/\/noticiasdefato.net\/#organization"},"potentialAction":[{"@type":"SearchAction","target":{"@type":"EntryPoint","urlTemplate":"https:\/\/noticiasdefato.net\/?s={search_term_string}"},"query-input":"required name=search_term_string"}],"inLanguage":"pt-BR"},{"@type":"Organization","@id":"https:\/\/noticiasdefato.net\/#organization","name":"Not\u00edcias de Fato","url":"https:\/\/noticiasdefato.net\/","logo":{"@type":"ImageObject","inLanguage":"pt-BR","@id":"https:\/\/noticiasdefato.net\/#\/schema\/logo\/image\/","url":"https:\/\/noticiasdefato.net\/wp-content\/uploads\/2024\/02\/cropped-logo_topo.png","contentUrl":"https:\/\/noticiasdefato.net\/wp-content\/uploads\/2024\/02\/cropped-logo_topo.png","width":1948,"height":665,"caption":"Not\u00edcias de Fato"},"image":{"@id":"https:\/\/noticiasdefato.net\/#\/schema\/logo\/image\/"},"sameAs":["https:\/\/fb.com\/noticiasdefato.jornal","https:\/\/x.com\/noticiasdefato_","https:\/\/instagram.com\/noticiasdefato.jornal","https:\/\/youtube.com\/@JornalNoticiasDeFato"]},{"@type":"Person","@id":"https:\/\/noticiasdefato.net\/#\/schema\/person\/991aa25c94399b45050a06ad540c702f","name":"Thiago Eduardo","image":{"@type":"ImageObject","inLanguage":"pt-BR","@id":"https:\/\/noticiasdefato.net\/#\/schema\/person\/image\/","url":"https:\/\/secure.gravatar.com\/avatar\/b565c072bf1bd0d79efe2c48ab82d1a8df93488df89f920926d6ea2e77d319ba?s=96&d=mm&r=g","contentUrl":"https:\/\/secure.gravatar.com\/avatar\/b565c072bf1bd0d79efe2c48ab82d1a8df93488df89f920926d6ea2e77d319ba?s=96&d=mm&r=g","caption":"Thiago Eduardo"},"url":"https:\/\/noticiasdefato.net\/?author=3"}]}},"_links":{"self":[{"href":"https:\/\/noticiasdefato.net\/index.php?rest_route=\/wp\/v2\/posts\/1028","targetHints":{"allow":["GET"]}}],"collection":[{"href":"https:\/\/noticiasdefato.net\/index.php?rest_route=\/wp\/v2\/posts"}],"about":[{"href":"https:\/\/noticiasdefato.net\/index.php?rest_route=\/wp\/v2\/types\/post"}],"author":[{"embeddable":true,"href":"https:\/\/noticiasdefato.net\/index.php?rest_route=\/wp\/v2\/users\/3"}],"replies":[{"embeddable":true,"href":"https:\/\/noticiasdefato.net\/index.php?rest_route=%2Fwp%2Fv2%2Fcomments&post=1028"}],"version-history":[{"count":1,"href":"https:\/\/noticiasdefato.net\/index.php?rest_route=\/wp\/v2\/posts\/1028\/revisions"}],"predecessor-version":[{"id":1030,"href":"https:\/\/noticiasdefato.net\/index.php?rest_route=\/wp\/v2\/posts\/1028\/revisions\/1030"}],"wp:featuredmedia":[{"embeddable":true,"href":"https:\/\/noticiasdefato.net\/index.php?rest_route=\/wp\/v2\/media\/1029"}],"wp:attachment":[{"href":"https:\/\/noticiasdefato.net\/index.php?rest_route=%2Fwp%2Fv2%2Fmedia&parent=1028"}],"wp:term":[{"taxonomy":"category","embeddable":true,"href":"https:\/\/noticiasdefato.net\/index.php?rest_route=%2Fwp%2Fv2%2Fcategories&post=1028"},{"taxonomy":"post_tag","embeddable":true,"href":"https:\/\/noticiasdefato.net\/index.php?rest_route=%2Fwp%2Fv2%2Ftags&post=1028"}],"curies":[{"name":"wp","href":"https:\/\/api.w.org\/{rel}","templated":true}]}}