{"id":1031,"date":"2024-03-17T15:30:31","date_gmt":"2024-03-17T18:30:31","guid":{"rendered":"https:\/\/noticiasdefato.net\/?p=1031"},"modified":"2024-03-17T15:30:35","modified_gmt":"2024-03-17T18:30:35","slug":"tre-e-associacao-mineira-dos-municipios-apresentam-as-regras-das-eleicoes-2024-em-pocos-de-caldas","status":"publish","type":"post","link":"https:\/\/noticiasdefato.net\/?p=1031","title":{"rendered":"TRE E ASSOCIA\u00c7\u00c3O MINEIRA DOS MUNIC\u00cdPIOS APRESENTAM AS REGRAS DAS ELEI\u00c7\u00d5ES 2024 EM PO\u00c7OS DE CALDAS"},"content":{"rendered":"\n<p>No dia 22 de mar\u00e7o, sexta-feira, a Escola Judici\u00e1ria Eleitoral, em parceria com a Associa\u00e7\u00e3o Mineira de Munic\u00edpios, promover\u00e1 a primeira edi\u00e7\u00e3o do projeto \u201cAntes do Voto 2024\u201d no interior. O tema principal das palestras que constituem o projeto, s\u00e3o as regras que ser\u00e3o aplicadas nas elei\u00e7\u00f5es municipais de 2024. O evento ocorrer\u00e1 de 8h \u00e0s 13h, no Espa\u00e7o Cultural da Urca, localizado na Pra\u00e7a Get\u00falio Vargas, s\/ n\u00b0, no Centro de Po\u00e7os de Caldas-MG.<br>&nbsp;O p\u00fablico-alvo do projeto s\u00e3o candidatos em potencial, membros de partidos pol\u00edticos, advogados especializados, contadores e t\u00e9cnicos de contabilidade, assessores de imprensa e jornalistas, policiais civis e militares e pessoas diretamente envolvidas nas campanhas eleitorais. As inscri\u00e7\u00f5es dever\u00e3o ser realizadas no Portal da Associa\u00e7\u00e3o Mineira dos Munic\u00edpios, no per\u00edodo de 14 a 22 de mar\u00e7o. Inscri\u00e7\u00f5es: https:\/\/portalamm.com\/<\/p>\n\n\n\n<p>&nbsp;Nas palestras, ser\u00e3o tratados os temas: contas eleitorais, participa\u00e7\u00e3o feminina na pol\u00edtica, registro de candidatura, propaganda eleitoral e condutas vedadas em campanhas eleitorais. O evento contar\u00e1 com a participa\u00e7\u00e3o de servidores da Justi\u00e7a Eleitoral especialistas no assunto. Na oportunidade, o p\u00fablico poder\u00e1 participar formulando perguntas que ser\u00e3o respondidas pelos palestrantes.<br>&nbsp;As pr\u00f3ximas edi\u00e7\u00f5es do Projeto Antes do Voto 2024 ter\u00e3o o mesmo formado do evento de Po\u00e7os de Caldas e ocorrer\u00e3o em Juiz de Fora (12\/04), Governador Valadares (26\/04), Montes Claros (10\/05) e Uberl\u00e2ndia (17\/05).<br>&nbsp;Confira a programa\u00e7\u00e3o do evento:<\/p>\n\n\n\n<p>https:\/\/www.tre-mg.jus.br\/++theme++justica_eleitoral\/pdfjs\/web\/viewer.html?file=https:\/\/www.tre-mg.jus.br\/comunicacao\/noticias\/arquivos\/tre-mg-programacao-projeto-antes-do-voto-2024-pocos-de-caldas\/@@download\/file\/Programa%C3%A7%C3%A3o%20projeto%20antes%20do%20voto%202024.pdf<\/p>\n\n\n\n<p>*Com informa\u00e7\u00f5es do TRE MG<\/p>\n","protected":false},"excerpt":{"rendered":"<p>Projeto \u201cAntes do Voto\u201d, ensinar\u00e1 as regras das elei\u00e7\u00f5es municipais de 2024, na sexta-feira (22) no Espa\u00e7o Cultural da Urca.  <a href=\"https:\/\/noticiasdefato.net\/?p=1031\" class=\"more-link\">Continuar lendo <span class=\"screen-reader-text\">TRE E ASSOCIA\u00c7\u00c3O MINEIRA DOS MUNIC\u00cdPIOS APRESENTAM AS REGRAS DAS ELEI\u00c7\u00d5ES 2024 EM PO\u00c7OS DE CALDAS<\/span><\/a><\/p>\n","protected":false},"author":3,"featured_media":1032,"comment_status":"open","ping_status":"open","sticky":false,"template":"","format":"standard","meta":{"footnotes":""},"categories":[1],"tags":[],"class_list":["post-1031","post","type-post","status-publish","format-standard","has-post-thumbnail","hentry","category-geral"],"yoast_head":"<!-- This site is optimized with the Yoast SEO plugin v23.2 - https:\/\/yoast.com\/wordpress\/plugins\/seo\/ -->\n<title>TRE E ASSOCIA\u00c7\u00c3O MINEIRA DOS MUNIC\u00cdPIOS APRESENTAM AS REGRAS DAS ELEI\u00c7\u00d5ES 2024 EM PO\u00c7OS DE CALDAS - Not\u00edcias de Fato<\/title>\n<meta name=\"description\" content=\"Projeto \u201cAntes do Voto\u201d, ensinar\u00e1 as regras das elei\u00e7\u00f5es municipais de 2024, na sexta-feira (22) no Espa\u00e7o Cultural da Urca.\" \/>\n<meta name=\"robots\" content=\"index, follow, max-snippet:-1, max-image-preview:large, max-video-preview:-1\" \/>\n<link rel=\"canonical\" href=\"https:\/\/noticiasdefato.net\/?p=1031\" \/>\n<meta property=\"og:locale\" content=\"pt_BR\" \/>\n<meta property=\"og:type\" content=\"article\" \/>\n<meta property=\"og:title\" content=\"TRE E ASSOCIA\u00c7\u00c3O MINEIRA DOS MUNIC\u00cdPIOS APRESENTAM AS REGRAS DAS ELEI\u00c7\u00d5ES 2024 EM PO\u00c7OS DE CALDAS - Not\u00edcias de Fato\" \/>\n<meta property=\"og:description\" content=\"Projeto \u201cAntes do Voto\u201d, ensinar\u00e1 as regras das elei\u00e7\u00f5es municipais de 2024, na sexta-feira (22) no Espa\u00e7o Cultural da Urca.\" \/>\n<meta property=\"og:url\" content=\"https:\/\/noticiasdefato.net\/?p=1031\" \/>\n<meta property=\"og:site_name\" content=\"Not\u00edcias de Fato\" \/>\n<meta property=\"article:publisher\" content=\"https:\/\/fb.com\/noticiasdefato.jornal\" \/>\n<meta property=\"article:published_time\" content=\"2024-03-17T18:30:31+00:00\" \/>\n<meta property=\"article:modified_time\" content=\"2024-03-17T18:30:35+00:00\" \/>\n<meta property=\"og:image\" content=\"https:\/\/noticiasdefato.net\/wp-content\/uploads\/2024\/03\/WhatsApp-Image-2024-03-17-at-15.23.35.jpeg\" \/>\n\t<meta property=\"og:image:width\" content=\"540\" \/>\n\t<meta property=\"og:image:height\" content=\"260\" \/>\n\t<meta property=\"og:image:type\" content=\"image\/jpeg\" \/>\n<meta name=\"author\" content=\"Thiago Eduardo\" \/>\n<meta name=\"twitter:card\" content=\"summary_large_image\" \/>\n<meta name=\"twitter:creator\" content=\"@noticiasdefato_\" \/>\n<meta name=\"twitter:site\" content=\"@noticiasdefato_\" \/>\n<meta name=\"twitter:label1\" content=\"Escrito por\" \/>\n\t<meta name=\"twitter:data1\" content=\"Thiago Eduardo\" \/>\n\t<meta name=\"twitter:label2\" content=\"Est. tempo de leitura\" \/>\n\t<meta name=\"twitter:data2\" content=\"2 minutos\" \/>\n<script type=\"application\/ld+json\" class=\"yoast-schema-graph\">{\"@context\":\"https:\/\/schema.org\",\"@graph\":[{\"@type\":\"Article\",\"@id\":\"https:\/\/noticiasdefato.net\/?p=1031#article\",\"isPartOf\":{\"@id\":\"https:\/\/noticiasdefato.net\/?p=1031\"},\"author\":{\"name\":\"Thiago Eduardo\",\"@id\":\"https:\/\/noticiasdefato.net\/#\/schema\/person\/991aa25c94399b45050a06ad540c702f\"},\"headline\":\"TRE E ASSOCIA\u00c7\u00c3O MINEIRA DOS MUNIC\u00cdPIOS APRESENTAM AS REGRAS DAS ELEI\u00c7\u00d5ES 2024 EM PO\u00c7OS DE CALDAS\",\"datePublished\":\"2024-03-17T18:30:31+00:00\",\"dateModified\":\"2024-03-17T18:30:35+00:00\",\"mainEntityOfPage\":{\"@id\":\"https:\/\/noticiasdefato.net\/?p=1031\"},\"wordCount\":316,\"commentCount\":0,\"publisher\":{\"@id\":\"https:\/\/noticiasdefato.net\/#organization\"},\"image\":{\"@id\":\"https:\/\/noticiasdefato.net\/?p=1031#primaryimage\"},\"thumbnailUrl\":\"https:\/\/noticiasdefato.net\/wp-content\/uploads\/2024\/03\/WhatsApp-Image-2024-03-17-at-15.23.35.jpeg\",\"articleSection\":[\"Geral\"],\"inLanguage\":\"pt-BR\",\"potentialAction\":[{\"@type\":\"CommentAction\",\"name\":\"Comment\",\"target\":[\"https:\/\/noticiasdefato.net\/?p=1031#respond\"]}]},{\"@type\":\"WebPage\",\"@id\":\"https:\/\/noticiasdefato.net\/?p=1031\",\"url\":\"https:\/\/noticiasdefato.net\/?p=1031\",\"name\":\"TRE E ASSOCIA\u00c7\u00c3O MINEIRA DOS MUNIC\u00cdPIOS APRESENTAM AS REGRAS DAS ELEI\u00c7\u00d5ES 2024 EM PO\u00c7OS DE CALDAS - Not\u00edcias de Fato\",\"isPartOf\":{\"@id\":\"https:\/\/noticiasdefato.net\/#website\"},\"primaryImageOfPage\":{\"@id\":\"https:\/\/noticiasdefato.net\/?p=1031#primaryimage\"},\"image\":{\"@id\":\"https:\/\/noticiasdefato.net\/?p=1031#primaryimage\"},\"thumbnailUrl\":\"https:\/\/noticiasdefato.net\/wp-content\/uploads\/2024\/03\/WhatsApp-Image-2024-03-17-at-15.23.35.jpeg\",\"datePublished\":\"2024-03-17T18:30:31+00:00\",\"dateModified\":\"2024-03-17T18:30:35+00:00\",\"description\":\"Projeto \u201cAntes do Voto\u201d, ensinar\u00e1 as regras das elei\u00e7\u00f5es municipais de 2024, na sexta-feira (22) no Espa\u00e7o Cultural da Urca.\",\"breadcrumb\":{\"@id\":\"https:\/\/noticiasdefato.net\/?p=1031#breadcrumb\"},\"inLanguage\":\"pt-BR\",\"potentialAction\":[{\"@type\":\"ReadAction\",\"target\":[\"https:\/\/noticiasdefato.net\/?p=1031\"]}]},{\"@type\":\"ImageObject\",\"inLanguage\":\"pt-BR\",\"@id\":\"https:\/\/noticiasdefato.net\/?p=1031#primaryimage\",\"url\":\"https:\/\/noticiasdefato.net\/wp-content\/uploads\/2024\/03\/WhatsApp-Image-2024-03-17-at-15.23.35.jpeg\",\"contentUrl\":\"https:\/\/noticiasdefato.net\/wp-content\/uploads\/2024\/03\/WhatsApp-Image-2024-03-17-at-15.23.35.jpeg\",\"width\":540,\"height\":260},{\"@type\":\"BreadcrumbList\",\"@id\":\"https:\/\/noticiasdefato.net\/?p=1031#breadcrumb\",\"itemListElement\":[{\"@type\":\"ListItem\",\"position\":1,\"name\":\"In\u00edcio\",\"item\":\"https:\/\/noticiasdefato.net\/\"},{\"@type\":\"ListItem\",\"position\":2,\"name\":\"TRE E ASSOCIA\u00c7\u00c3O MINEIRA DOS MUNIC\u00cdPIOS APRESENTAM AS REGRAS DAS ELEI\u00c7\u00d5ES 2024 EM PO\u00c7OS DE CALDAS\"}]},{\"@type\":\"WebSite\",\"@id\":\"https:\/\/noticiasdefato.net\/#website\",\"url\":\"https:\/\/noticiasdefato.net\/\",\"name\":\"Not\u00edcias de Fato\",\"description\":\"Trabalhamos com honestidade, seriedade e com a verdade.\",\"publisher\":{\"@id\":\"https:\/\/noticiasdefato.net\/#organization\"},\"potentialAction\":[{\"@type\":\"SearchAction\",\"target\":{\"@type\":\"EntryPoint\",\"urlTemplate\":\"https:\/\/noticiasdefato.net\/?s={search_term_string}\"},\"query-input\":\"required name=search_term_string\"}],\"inLanguage\":\"pt-BR\"},{\"@type\":\"Organization\",\"@id\":\"https:\/\/noticiasdefato.net\/#organization\",\"name\":\"Not\u00edcias de Fato\",\"url\":\"https:\/\/noticiasdefato.net\/\",\"logo\":{\"@type\":\"ImageObject\",\"inLanguage\":\"pt-BR\",\"@id\":\"https:\/\/noticiasdefato.net\/#\/schema\/logo\/image\/\",\"url\":\"https:\/\/noticiasdefato.net\/wp-content\/uploads\/2024\/02\/cropped-logo_topo.png\",\"contentUrl\":\"https:\/\/noticiasdefato.net\/wp-content\/uploads\/2024\/02\/cropped-logo_topo.png\",\"width\":1948,\"height\":665,\"caption\":\"Not\u00edcias de Fato\"},\"image\":{\"@id\":\"https:\/\/noticiasdefato.net\/#\/schema\/logo\/image\/\"},\"sameAs\":[\"https:\/\/fb.com\/noticiasdefato.jornal\",\"https:\/\/x.com\/noticiasdefato_\",\"https:\/\/instagram.com\/noticiasdefato.jornal\",\"https:\/\/youtube.com\/@JornalNoticiasDeFato\"]},{\"@type\":\"Person\",\"@id\":\"https:\/\/noticiasdefato.net\/#\/schema\/person\/991aa25c94399b45050a06ad540c702f\",\"name\":\"Thiago Eduardo\",\"image\":{\"@type\":\"ImageObject\",\"inLanguage\":\"pt-BR\",\"@id\":\"https:\/\/noticiasdefato.net\/#\/schema\/person\/image\/\",\"url\":\"https:\/\/secure.gravatar.com\/avatar\/b565c072bf1bd0d79efe2c48ab82d1a8df93488df89f920926d6ea2e77d319ba?s=96&d=mm&r=g\",\"contentUrl\":\"https:\/\/secure.gravatar.com\/avatar\/b565c072bf1bd0d79efe2c48ab82d1a8df93488df89f920926d6ea2e77d319ba?s=96&d=mm&r=g\",\"caption\":\"Thiago Eduardo\"},\"url\":\"https:\/\/noticiasdefato.net\/?author=3\"}]}<\/script>\n<!-- \/ Yoast SEO plugin. -->","yoast_head_json":{"title":"TRE E ASSOCIA\u00c7\u00c3O MINEIRA DOS MUNIC\u00cdPIOS APRESENTAM AS REGRAS DAS ELEI\u00c7\u00d5ES 2024 EM PO\u00c7OS DE CALDAS - Not\u00edcias de Fato","description":"Projeto \u201cAntes do Voto\u201d, ensinar\u00e1 as regras das elei\u00e7\u00f5es municipais de 2024, na sexta-feira (22) no Espa\u00e7o Cultural da Urca.","robots":{"index":"index","follow":"follow","max-snippet":"max-snippet:-1","max-image-preview":"max-image-preview:large","max-video-preview":"max-video-preview:-1"},"canonical":"https:\/\/noticiasdefato.net\/?p=1031","og_locale":"pt_BR","og_type":"article","og_title":"TRE E ASSOCIA\u00c7\u00c3O MINEIRA DOS MUNIC\u00cdPIOS APRESENTAM AS REGRAS DAS ELEI\u00c7\u00d5ES 2024 EM PO\u00c7OS DE CALDAS - Not\u00edcias de Fato","og_description":"Projeto \u201cAntes do Voto\u201d, ensinar\u00e1 as regras das elei\u00e7\u00f5es municipais de 2024, na sexta-feira (22) no Espa\u00e7o Cultural da Urca.","og_url":"https:\/\/noticiasdefato.net\/?p=1031","og_site_name":"Not\u00edcias de Fato","article_publisher":"https:\/\/fb.com\/noticiasdefato.jornal","article_published_time":"2024-03-17T18:30:31+00:00","article_modified_time":"2024-03-17T18:30:35+00:00","og_image":[{"width":540,"height":260,"url":"https:\/\/noticiasdefato.net\/wp-content\/uploads\/2024\/03\/WhatsApp-Image-2024-03-17-at-15.23.35.jpeg","type":"image\/jpeg"}],"author":"Thiago Eduardo","twitter_card":"summary_large_image","twitter_creator":"@noticiasdefato_","twitter_site":"@noticiasdefato_","twitter_misc":{"Escrito por":"Thiago Eduardo","Est. tempo de leitura":"2 minutos"},"schema":{"@context":"https:\/\/schema.org","@graph":[{"@type":"Article","@id":"https:\/\/noticiasdefato.net\/?p=1031#article","isPartOf":{"@id":"https:\/\/noticiasdefato.net\/?p=1031"},"author":{"name":"Thiago Eduardo","@id":"https:\/\/noticiasdefato.net\/#\/schema\/person\/991aa25c94399b45050a06ad540c702f"},"headline":"TRE E ASSOCIA\u00c7\u00c3O MINEIRA DOS MUNIC\u00cdPIOS APRESENTAM AS REGRAS DAS ELEI\u00c7\u00d5ES 2024 EM PO\u00c7OS DE CALDAS","datePublished":"2024-03-17T18:30:31+00:00","dateModified":"2024-03-17T18:30:35+00:00","mainEntityOfPage":{"@id":"https:\/\/noticiasdefato.net\/?p=1031"},"wordCount":316,"commentCount":0,"publisher":{"@id":"https:\/\/noticiasdefato.net\/#organization"},"image":{"@id":"https:\/\/noticiasdefato.net\/?p=1031#primaryimage"},"thumbnailUrl":"https:\/\/noticiasdefato.net\/wp-content\/uploads\/2024\/03\/WhatsApp-Image-2024-03-17-at-15.23.35.jpeg","articleSection":["Geral"],"inLanguage":"pt-BR","potentialAction":[{"@type":"CommentAction","name":"Comment","target":["https:\/\/noticiasdefato.net\/?p=1031#respond"]}]},{"@type":"WebPage","@id":"https:\/\/noticiasdefato.net\/?p=1031","url":"https:\/\/noticiasdefato.net\/?p=1031","name":"TRE E ASSOCIA\u00c7\u00c3O MINEIRA DOS MUNIC\u00cdPIOS APRESENTAM AS REGRAS DAS ELEI\u00c7\u00d5ES 2024 EM PO\u00c7OS DE CALDAS - Not\u00edcias de Fato","isPartOf":{"@id":"https:\/\/noticiasdefato.net\/#website"},"primaryImageOfPage":{"@id":"https:\/\/noticiasdefato.net\/?p=1031#primaryimage"},"image":{"@id":"https:\/\/noticiasdefato.net\/?p=1031#primaryimage"},"thumbnailUrl":"https:\/\/noticiasdefato.net\/wp-content\/uploads\/2024\/03\/WhatsApp-Image-2024-03-17-at-15.23.35.jpeg","datePublished":"2024-03-17T18:30:31+00:00","dateModified":"2024-03-17T18:30:35+00:00","description":"Projeto \u201cAntes do Voto\u201d, ensinar\u00e1 as regras das elei\u00e7\u00f5es municipais de 2024, na sexta-feira (22) no Espa\u00e7o Cultural da Urca.","breadcrumb":{"@id":"https:\/\/noticiasdefato.net\/?p=1031#breadcrumb"},"inLanguage":"pt-BR","potentialAction":[{"@type":"ReadAction","target":["https:\/\/noticiasdefato.net\/?p=1031"]}]},{"@type":"ImageObject","inLanguage":"pt-BR","@id":"https:\/\/noticiasdefato.net\/?p=1031#primaryimage","url":"https:\/\/noticiasdefato.net\/wp-content\/uploads\/2024\/03\/WhatsApp-Image-2024-03-17-at-15.23.35.jpeg","contentUrl":"https:\/\/noticiasdefato.net\/wp-content\/uploads\/2024\/03\/WhatsApp-Image-2024-03-17-at-15.23.35.jpeg","width":540,"height":260},{"@type":"BreadcrumbList","@id":"https:\/\/noticiasdefato.net\/?p=1031#breadcrumb","itemListElement":[{"@type":"ListItem","position":1,"name":"In\u00edcio","item":"https:\/\/noticiasdefato.net\/"},{"@type":"ListItem","position":2,"name":"TRE E ASSOCIA\u00c7\u00c3O MINEIRA DOS MUNIC\u00cdPIOS APRESENTAM AS REGRAS DAS ELEI\u00c7\u00d5ES 2024 EM PO\u00c7OS DE CALDAS"}]},{"@type":"WebSite","@id":"https:\/\/noticiasdefato.net\/#website","url":"https:\/\/noticiasdefato.net\/","name":"Not\u00edcias de Fato","description":"Trabalhamos com honestidade, seriedade e com a verdade.","publisher":{"@id":"https:\/\/noticiasdefato.net\/#organization"},"potentialAction":[{"@type":"SearchAction","target":{"@type":"EntryPoint","urlTemplate":"https:\/\/noticiasdefato.net\/?s={search_term_string}"},"query-input":"required name=search_term_string"}],"inLanguage":"pt-BR"},{"@type":"Organization","@id":"https:\/\/noticiasdefato.net\/#organization","name":"Not\u00edcias de Fato","url":"https:\/\/noticiasdefato.net\/","logo":{"@type":"ImageObject","inLanguage":"pt-BR","@id":"https:\/\/noticiasdefato.net\/#\/schema\/logo\/image\/","url":"https:\/\/noticiasdefato.net\/wp-content\/uploads\/2024\/02\/cropped-logo_topo.png","contentUrl":"https:\/\/noticiasdefato.net\/wp-content\/uploads\/2024\/02\/cropped-logo_topo.png","width":1948,"height":665,"caption":"Not\u00edcias de Fato"},"image":{"@id":"https:\/\/noticiasdefato.net\/#\/schema\/logo\/image\/"},"sameAs":["https:\/\/fb.com\/noticiasdefato.jornal","https:\/\/x.com\/noticiasdefato_","https:\/\/instagram.com\/noticiasdefato.jornal","https:\/\/youtube.com\/@JornalNoticiasDeFato"]},{"@type":"Person","@id":"https:\/\/noticiasdefato.net\/#\/schema\/person\/991aa25c94399b45050a06ad540c702f","name":"Thiago Eduardo","image":{"@type":"ImageObject","inLanguage":"pt-BR","@id":"https:\/\/noticiasdefato.net\/#\/schema\/person\/image\/","url":"https:\/\/secure.gravatar.com\/avatar\/b565c072bf1bd0d79efe2c48ab82d1a8df93488df89f920926d6ea2e77d319ba?s=96&d=mm&r=g","contentUrl":"https:\/\/secure.gravatar.com\/avatar\/b565c072bf1bd0d79efe2c48ab82d1a8df93488df89f920926d6ea2e77d319ba?s=96&d=mm&r=g","caption":"Thiago Eduardo"},"url":"https:\/\/noticiasdefato.net\/?author=3"}]}},"_links":{"self":[{"href":"https:\/\/noticiasdefato.net\/index.php?rest_route=\/wp\/v2\/posts\/1031","targetHints":{"allow":["GET"]}}],"collection":[{"href":"https:\/\/noticiasdefato.net\/index.php?rest_route=\/wp\/v2\/posts"}],"about":[{"href":"https:\/\/noticiasdefato.net\/index.php?rest_route=\/wp\/v2\/types\/post"}],"author":[{"embeddable":true,"href":"https:\/\/noticiasdefato.net\/index.php?rest_route=\/wp\/v2\/users\/3"}],"replies":[{"embeddable":true,"href":"https:\/\/noticiasdefato.net\/index.php?rest_route=%2Fwp%2Fv2%2Fcomments&post=1031"}],"version-history":[{"count":1,"href":"https:\/\/noticiasdefato.net\/index.php?rest_route=\/wp\/v2\/posts\/1031\/revisions"}],"predecessor-version":[{"id":1033,"href":"https:\/\/noticiasdefato.net\/index.php?rest_route=\/wp\/v2\/posts\/1031\/revisions\/1033"}],"wp:featuredmedia":[{"embeddable":true,"href":"https:\/\/noticiasdefato.net\/index.php?rest_route=\/wp\/v2\/media\/1032"}],"wp:attachment":[{"href":"https:\/\/noticiasdefato.net\/index.php?rest_route=%2Fwp%2Fv2%2Fmedia&parent=1031"}],"wp:term":[{"taxonomy":"category","embeddable":true,"href":"https:\/\/noticiasdefato.net\/index.php?rest_route=%2Fwp%2Fv2%2Fcategories&post=1031"},{"taxonomy":"post_tag","embeddable":true,"href":"https:\/\/noticiasdefato.net\/index.php?rest_route=%2Fwp%2Fv2%2Ftags&post=1031"}],"curies":[{"name":"wp","href":"https:\/\/api.w.org\/{rel}","templated":true}]}}