{"id":1045,"date":"2024-03-22T08:06:03","date_gmt":"2024-03-22T11:06:03","guid":{"rendered":"https:\/\/noticiasdefato.net\/?p=1045"},"modified":"2024-04-15T21:58:52","modified_gmt":"2024-04-16T00:58:52","slug":"vereadora-cobra-mais-seguranca-no-transporte-escolar-em-alfenas","status":"publish","type":"post","link":"https:\/\/noticiasdefato.net\/?p=1045","title":{"rendered":"VEREADORA COBRA MAIS SEGURAN\u00c7A NO TRANSPORTE ESCOLAR EM ALFENAS"},"content":{"rendered":"\n<figure class=\"wp-block-image size-large\"><img fetchpriority=\"high\" decoding=\"async\" width=\"1024\" height=\"523\" src=\"https:\/\/noticiasdefato.net\/wp-content\/uploads\/2024\/03\/Foto-Tereza-1024x523.png\" alt=\"\" class=\"wp-image-942\"\/><\/figure>\n\n\n\n<p>O transporte escolar em Alfenas \u00e9 motivo de preocupa\u00e7\u00e3o da vereadora, Teresa Suelene de Paula (PSDB). Na reuni\u00e3o do dia 20, a parlamentar apresentou o requerimento N\u00ba 05\/2024, em que ela questiona n\u00e3o somente a qualidade do transporte escolar, mas tamb\u00e9m se esse servi\u00e7o est\u00e1 atendendo a todos as crian\u00e7as, especialmente na \u00e1rea rural.<br>Durante a reuni\u00e3o, ela afirmou que esteve em algumas escolas e disse ter fiscalizado a condi\u00e7\u00e3o dos ve\u00edculos, principalmente os que trafegavam na zona rural. \u201cVerifiquei a condi\u00e7\u00e3o dos ve\u00edculos quanto a cintos de seguran\u00e7a, bancos rasgados e pneus carecas. O transporte escolar \u00e9 uma necessidade incontest\u00e1vel, tanto para a zona rural como na zona urbana. Se faz importante o esclarecimento das indaga\u00e7\u00f5es para a popula\u00e7\u00e3o. Como tem sido realizado esse transporte escolar? Ou seja, se tem sido realizado de forma adequada e se est\u00e1 atendendo toda a demanda da cidade\u201d, justifica a vereadora do PSDB.<\/p>\n\n\n\n<p>MAPEAMENTO DA SITUA\u00c7\u00c3O DO TRANSPORTE ESCOLAR<\/p>\n\n\n\n<p>O documento da vereadora faz os seguintes questionamentos \u00e0 secretaria de educa\u00e7\u00e3o, que ter\u00e1, em m\u00e9dia, 20 dias para encaminhar as respostas.<\/p>\n\n\n\n<p>Quantas crian\u00e7as s\u00e3o atendidas no transporte p\u00fablico escolar no Munic\u00edpio de Alfenas, tanto no \u00e2mbito rural quanto urbano?<\/p>\n\n\n\n<p>Quantos ve\u00edculos s\u00e3o utilizados para essa finalidade? (descrever a quantidade de carros, \u00f4nibus e vans).<\/p>\n\n\n\n<p>H\u00e1 vagas de assento suficientes nos ve\u00edculos para atender a demanda?<\/p>\n\n\n\n<p>Quantos funcion\u00e1rios do munic\u00edpio trabalham em fun\u00e7\u00e3o do transporte escolar?<\/p>\n\n\n\n<p>H\u00e1 empresas terceirizadas que desempenham o transporte escolar no Munic\u00edpio de Alfenas? Se sim, quais s\u00e3o? Quantos ve\u00edculos s\u00e3o utilizados no transporte terceirizado?<\/p>\n\n\n\n<p>O transporte escolar oferecido pelo Munic\u00edpio atende crian\u00e7as e adolescentes com defici\u00eancias, principalmente os cadeirantes e com mobilidade reduzida?<\/p>\n\n\n\n<p>H\u00e1 monitores em todos os transportes escolares?<\/p>\n\n\n\n<p>Todos os ve\u00edculos destinados ao transporte escolar s\u00e3o equipados com cinto de seguran\u00e7a?<\/p>\n\n\n\n<p>Os ve\u00edculos destinados ao transporte escolar recebem revis\u00e3o peri\u00f3dica e manuten\u00e7\u00e3o preventiva?<\/p>\n","protected":false},"excerpt":{"rendered":"<p>Documento elaborado pela vereadora Teresa Suelene de Paula (PL) \u00e9 aprovado por todos os vereadores e ser\u00e1 encaminhado \u00e0 Secretaria de Educa\u00e7\u00e3o.   <a href=\"https:\/\/noticiasdefato.net\/?p=1045\" class=\"more-link\">Continuar lendo <span class=\"screen-reader-text\">VEREADORA COBRA MAIS SEGURAN\u00c7A NO TRANSPORTE ESCOLAR EM ALFENAS<\/span><\/a><\/p>\n","protected":false},"author":1,"featured_media":1046,"comment_status":"open","ping_status":"open","sticky":false,"template":"","format":"standard","meta":{"footnotes":""},"categories":[20],"tags":[],"class_list":["post-1045","post","type-post","status-publish","format-standard","has-post-thumbnail","hentry","category-educacao"],"yoast_head":"<!-- This site is optimized with the Yoast SEO plugin v23.2 - https:\/\/yoast.com\/wordpress\/plugins\/seo\/ -->\n<title>VEREADORA COBRA MAIS SEGURAN\u00c7A NO TRANSPORTE ESCOLAR EM ALFENAS - Not\u00edcias de Fato<\/title>\n<meta name=\"description\" content=\"Documento elaborado pela vereadora Teresa Suelene de Paula (PL) \u00e9 aprovado por todos os vereadores e ser\u00e1 encaminhado \u00e0 Secretaria de Educa\u00e7\u00e3o.\" \/>\n<meta name=\"robots\" content=\"index, follow, max-snippet:-1, max-image-preview:large, max-video-preview:-1\" \/>\n<link rel=\"canonical\" href=\"https:\/\/noticiasdefato.net\/?p=1045\" \/>\n<meta property=\"og:locale\" content=\"pt_BR\" \/>\n<meta property=\"og:type\" content=\"article\" \/>\n<meta property=\"og:title\" content=\"VEREADORA COBRA MAIS SEGURAN\u00c7A NO TRANSPORTE ESCOLAR EM ALFENAS - Not\u00edcias de Fato\" \/>\n<meta property=\"og:description\" content=\"Documento elaborado pela vereadora Teresa Suelene de Paula (PL) \u00e9 aprovado por todos os vereadores e ser\u00e1 encaminhado \u00e0 Secretaria de Educa\u00e7\u00e3o.\" \/>\n<meta property=\"og:url\" content=\"https:\/\/noticiasdefato.net\/?p=1045\" \/>\n<meta property=\"og:site_name\" content=\"Not\u00edcias de Fato\" \/>\n<meta property=\"article:publisher\" content=\"https:\/\/fb.com\/noticiasdefato.jornal\" \/>\n<meta property=\"article:author\" content=\"http:\/\/fb.com\/\/noticiasdefato.jornal\" \/>\n<meta property=\"article:published_time\" content=\"2024-03-22T11:06:03+00:00\" \/>\n<meta property=\"article:modified_time\" content=\"2024-04-16T00:58:52+00:00\" \/>\n<meta property=\"og:image\" content=\"https:\/\/noticiasdefato.net\/wp-content\/uploads\/2024\/03\/WhatsApp-Image-2024-03-21-at-20.33.06.jpeg\" \/>\n\t<meta property=\"og:image:width\" content=\"1024\" \/>\n\t<meta property=\"og:image:height\" content=\"684\" \/>\n\t<meta property=\"og:image:type\" content=\"image\/jpeg\" \/>\n<meta name=\"author\" content=\"Noticias de Fato\" \/>\n<meta name=\"twitter:card\" content=\"summary_large_image\" \/>\n<meta name=\"twitter:creator\" content=\"@https:\/\/twitter.com\/NoticiasDeFato_\" \/>\n<meta name=\"twitter:site\" content=\"@noticiasdefato_\" \/>\n<meta name=\"twitter:label1\" content=\"Escrito por\" \/>\n\t<meta name=\"twitter:data1\" content=\"Noticias de Fato\" \/>\n\t<meta name=\"twitter:label2\" content=\"Est. tempo de leitura\" \/>\n\t<meta name=\"twitter:data2\" content=\"3 minutos\" \/>\n<script type=\"application\/ld+json\" class=\"yoast-schema-graph\">{\"@context\":\"https:\/\/schema.org\",\"@graph\":[{\"@type\":\"Article\",\"@id\":\"https:\/\/noticiasdefato.net\/?p=1045#article\",\"isPartOf\":{\"@id\":\"https:\/\/noticiasdefato.net\/?p=1045\"},\"author\":{\"name\":\"Noticias de Fato\",\"@id\":\"https:\/\/noticiasdefato.net\/#\/schema\/person\/982ce60211d95acf059cd702aa260d08\"},\"headline\":\"VEREADORA COBRA MAIS SEGURAN\u00c7A NO TRANSPORTE ESCOLAR EM ALFENAS\",\"datePublished\":\"2024-03-22T11:06:03+00:00\",\"dateModified\":\"2024-04-16T00:58:52+00:00\",\"mainEntityOfPage\":{\"@id\":\"https:\/\/noticiasdefato.net\/?p=1045\"},\"wordCount\":352,\"commentCount\":0,\"publisher\":{\"@id\":\"https:\/\/noticiasdefato.net\/#organization\"},\"image\":{\"@id\":\"https:\/\/noticiasdefato.net\/?p=1045#primaryimage\"},\"thumbnailUrl\":\"https:\/\/noticiasdefato.net\/wp-content\/uploads\/2024\/03\/WhatsApp-Image-2024-03-21-at-20.33.06.jpeg\",\"articleSection\":[\"Educa\u00e7\u00e3o\"],\"inLanguage\":\"pt-BR\",\"potentialAction\":[{\"@type\":\"CommentAction\",\"name\":\"Comment\",\"target\":[\"https:\/\/noticiasdefato.net\/?p=1045#respond\"]}]},{\"@type\":\"WebPage\",\"@id\":\"https:\/\/noticiasdefato.net\/?p=1045\",\"url\":\"https:\/\/noticiasdefato.net\/?p=1045\",\"name\":\"VEREADORA COBRA MAIS SEGURAN\u00c7A NO TRANSPORTE ESCOLAR EM ALFENAS - Not\u00edcias de Fato\",\"isPartOf\":{\"@id\":\"https:\/\/noticiasdefato.net\/#website\"},\"primaryImageOfPage\":{\"@id\":\"https:\/\/noticiasdefato.net\/?p=1045#primaryimage\"},\"image\":{\"@id\":\"https:\/\/noticiasdefato.net\/?p=1045#primaryimage\"},\"thumbnailUrl\":\"https:\/\/noticiasdefato.net\/wp-content\/uploads\/2024\/03\/WhatsApp-Image-2024-03-21-at-20.33.06.jpeg\",\"datePublished\":\"2024-03-22T11:06:03+00:00\",\"dateModified\":\"2024-04-16T00:58:52+00:00\",\"description\":\"Documento elaborado pela vereadora Teresa Suelene de Paula (PL) \u00e9 aprovado por todos os vereadores e ser\u00e1 encaminhado \u00e0 Secretaria de Educa\u00e7\u00e3o.\",\"breadcrumb\":{\"@id\":\"https:\/\/noticiasdefato.net\/?p=1045#breadcrumb\"},\"inLanguage\":\"pt-BR\",\"potentialAction\":[{\"@type\":\"ReadAction\",\"target\":[\"https:\/\/noticiasdefato.net\/?p=1045\"]}]},{\"@type\":\"ImageObject\",\"inLanguage\":\"pt-BR\",\"@id\":\"https:\/\/noticiasdefato.net\/?p=1045#primaryimage\",\"url\":\"https:\/\/noticiasdefato.net\/wp-content\/uploads\/2024\/03\/WhatsApp-Image-2024-03-21-at-20.33.06.jpeg\",\"contentUrl\":\"https:\/\/noticiasdefato.net\/wp-content\/uploads\/2024\/03\/WhatsApp-Image-2024-03-21-at-20.33.06.jpeg\",\"width\":1024,\"height\":684},{\"@type\":\"BreadcrumbList\",\"@id\":\"https:\/\/noticiasdefato.net\/?p=1045#breadcrumb\",\"itemListElement\":[{\"@type\":\"ListItem\",\"position\":1,\"name\":\"In\u00edcio\",\"item\":\"https:\/\/noticiasdefato.net\/\"},{\"@type\":\"ListItem\",\"position\":2,\"name\":\"VEREADORA COBRA MAIS SEGURAN\u00c7A NO TRANSPORTE ESCOLAR EM ALFENAS\"}]},{\"@type\":\"WebSite\",\"@id\":\"https:\/\/noticiasdefato.net\/#website\",\"url\":\"https:\/\/noticiasdefato.net\/\",\"name\":\"Not\u00edcias de Fato\",\"description\":\"Trabalhamos com honestidade, seriedade e com a verdade.\",\"publisher\":{\"@id\":\"https:\/\/noticiasdefato.net\/#organization\"},\"potentialAction\":[{\"@type\":\"SearchAction\",\"target\":{\"@type\":\"EntryPoint\",\"urlTemplate\":\"https:\/\/noticiasdefato.net\/?s={search_term_string}\"},\"query-input\":\"required name=search_term_string\"}],\"inLanguage\":\"pt-BR\"},{\"@type\":\"Organization\",\"@id\":\"https:\/\/noticiasdefato.net\/#organization\",\"name\":\"Not\u00edcias de Fato\",\"url\":\"https:\/\/noticiasdefato.net\/\",\"logo\":{\"@type\":\"ImageObject\",\"inLanguage\":\"pt-BR\",\"@id\":\"https:\/\/noticiasdefato.net\/#\/schema\/logo\/image\/\",\"url\":\"https:\/\/noticiasdefato.net\/wp-content\/uploads\/2024\/02\/cropped-logo_topo.png\",\"contentUrl\":\"https:\/\/noticiasdefato.net\/wp-content\/uploads\/2024\/02\/cropped-logo_topo.png\",\"width\":1948,\"height\":665,\"caption\":\"Not\u00edcias de Fato\"},\"image\":{\"@id\":\"https:\/\/noticiasdefato.net\/#\/schema\/logo\/image\/\"},\"sameAs\":[\"https:\/\/fb.com\/noticiasdefato.jornal\",\"https:\/\/x.com\/noticiasdefato_\",\"https:\/\/instagram.com\/noticiasdefato.jornal\",\"https:\/\/youtube.com\/@JornalNoticiasDeFato\"]},{\"@type\":\"Person\",\"@id\":\"https:\/\/noticiasdefato.net\/#\/schema\/person\/982ce60211d95acf059cd702aa260d08\",\"name\":\"Noticias de Fato\",\"image\":{\"@type\":\"ImageObject\",\"inLanguage\":\"pt-BR\",\"@id\":\"https:\/\/noticiasdefato.net\/#\/schema\/person\/image\/\",\"url\":\"https:\/\/secure.gravatar.com\/avatar\/700227fab2316f0366a1b5d4988d10f847249cf13293450527ac9553c994611a?s=96&d=mm&r=g\",\"contentUrl\":\"https:\/\/secure.gravatar.com\/avatar\/700227fab2316f0366a1b5d4988d10f847249cf13293450527ac9553c994611a?s=96&d=mm&r=g\",\"caption\":\"Noticias de Fato\"},\"sameAs\":[\"https:\/\/noticiasdefato.net\",\"http:\/\/fb.com\/\/noticiasdefato.jornal\",\"https:\/\/x.com\/https:\/\/twitter.com\/NoticiasDeFato_\"],\"url\":\"https:\/\/noticiasdefato.net\/?author=1\"}]}<\/script>\n<!-- \/ Yoast SEO plugin. -->","yoast_head_json":{"title":"VEREADORA COBRA MAIS SEGURAN\u00c7A NO TRANSPORTE ESCOLAR EM ALFENAS - Not\u00edcias de Fato","description":"Documento elaborado pela vereadora Teresa Suelene de Paula (PL) \u00e9 aprovado por todos os vereadores e ser\u00e1 encaminhado \u00e0 Secretaria de Educa\u00e7\u00e3o.","robots":{"index":"index","follow":"follow","max-snippet":"max-snippet:-1","max-image-preview":"max-image-preview:large","max-video-preview":"max-video-preview:-1"},"canonical":"https:\/\/noticiasdefato.net\/?p=1045","og_locale":"pt_BR","og_type":"article","og_title":"VEREADORA COBRA MAIS SEGURAN\u00c7A NO TRANSPORTE ESCOLAR EM ALFENAS - Not\u00edcias de Fato","og_description":"Documento elaborado pela vereadora Teresa Suelene de Paula (PL) \u00e9 aprovado por todos os vereadores e ser\u00e1 encaminhado \u00e0 Secretaria de Educa\u00e7\u00e3o.","og_url":"https:\/\/noticiasdefato.net\/?p=1045","og_site_name":"Not\u00edcias de Fato","article_publisher":"https:\/\/fb.com\/noticiasdefato.jornal","article_author":"http:\/\/fb.com\/\/noticiasdefato.jornal","article_published_time":"2024-03-22T11:06:03+00:00","article_modified_time":"2024-04-16T00:58:52+00:00","og_image":[{"width":1024,"height":684,"url":"https:\/\/noticiasdefato.net\/wp-content\/uploads\/2024\/03\/WhatsApp-Image-2024-03-21-at-20.33.06.jpeg","type":"image\/jpeg"}],"author":"Noticias de Fato","twitter_card":"summary_large_image","twitter_creator":"@https:\/\/twitter.com\/NoticiasDeFato_","twitter_site":"@noticiasdefato_","twitter_misc":{"Escrito por":"Noticias de Fato","Est. tempo de leitura":"3 minutos"},"schema":{"@context":"https:\/\/schema.org","@graph":[{"@type":"Article","@id":"https:\/\/noticiasdefato.net\/?p=1045#article","isPartOf":{"@id":"https:\/\/noticiasdefato.net\/?p=1045"},"author":{"name":"Noticias de Fato","@id":"https:\/\/noticiasdefato.net\/#\/schema\/person\/982ce60211d95acf059cd702aa260d08"},"headline":"VEREADORA COBRA MAIS SEGURAN\u00c7A NO TRANSPORTE ESCOLAR EM ALFENAS","datePublished":"2024-03-22T11:06:03+00:00","dateModified":"2024-04-16T00:58:52+00:00","mainEntityOfPage":{"@id":"https:\/\/noticiasdefato.net\/?p=1045"},"wordCount":352,"commentCount":0,"publisher":{"@id":"https:\/\/noticiasdefato.net\/#organization"},"image":{"@id":"https:\/\/noticiasdefato.net\/?p=1045#primaryimage"},"thumbnailUrl":"https:\/\/noticiasdefato.net\/wp-content\/uploads\/2024\/03\/WhatsApp-Image-2024-03-21-at-20.33.06.jpeg","articleSection":["Educa\u00e7\u00e3o"],"inLanguage":"pt-BR","potentialAction":[{"@type":"CommentAction","name":"Comment","target":["https:\/\/noticiasdefato.net\/?p=1045#respond"]}]},{"@type":"WebPage","@id":"https:\/\/noticiasdefato.net\/?p=1045","url":"https:\/\/noticiasdefato.net\/?p=1045","name":"VEREADORA COBRA MAIS SEGURAN\u00c7A NO TRANSPORTE ESCOLAR EM ALFENAS - Not\u00edcias de Fato","isPartOf":{"@id":"https:\/\/noticiasdefato.net\/#website"},"primaryImageOfPage":{"@id":"https:\/\/noticiasdefato.net\/?p=1045#primaryimage"},"image":{"@id":"https:\/\/noticiasdefato.net\/?p=1045#primaryimage"},"thumbnailUrl":"https:\/\/noticiasdefato.net\/wp-content\/uploads\/2024\/03\/WhatsApp-Image-2024-03-21-at-20.33.06.jpeg","datePublished":"2024-03-22T11:06:03+00:00","dateModified":"2024-04-16T00:58:52+00:00","description":"Documento elaborado pela vereadora Teresa Suelene de Paula (PL) \u00e9 aprovado por todos os vereadores e ser\u00e1 encaminhado \u00e0 Secretaria de Educa\u00e7\u00e3o.","breadcrumb":{"@id":"https:\/\/noticiasdefato.net\/?p=1045#breadcrumb"},"inLanguage":"pt-BR","potentialAction":[{"@type":"ReadAction","target":["https:\/\/noticiasdefato.net\/?p=1045"]}]},{"@type":"ImageObject","inLanguage":"pt-BR","@id":"https:\/\/noticiasdefato.net\/?p=1045#primaryimage","url":"https:\/\/noticiasdefato.net\/wp-content\/uploads\/2024\/03\/WhatsApp-Image-2024-03-21-at-20.33.06.jpeg","contentUrl":"https:\/\/noticiasdefato.net\/wp-content\/uploads\/2024\/03\/WhatsApp-Image-2024-03-21-at-20.33.06.jpeg","width":1024,"height":684},{"@type":"BreadcrumbList","@id":"https:\/\/noticiasdefato.net\/?p=1045#breadcrumb","itemListElement":[{"@type":"ListItem","position":1,"name":"In\u00edcio","item":"https:\/\/noticiasdefato.net\/"},{"@type":"ListItem","position":2,"name":"VEREADORA COBRA MAIS SEGURAN\u00c7A NO TRANSPORTE ESCOLAR EM ALFENAS"}]},{"@type":"WebSite","@id":"https:\/\/noticiasdefato.net\/#website","url":"https:\/\/noticiasdefato.net\/","name":"Not\u00edcias de Fato","description":"Trabalhamos com honestidade, seriedade e com a verdade.","publisher":{"@id":"https:\/\/noticiasdefato.net\/#organization"},"potentialAction":[{"@type":"SearchAction","target":{"@type":"EntryPoint","urlTemplate":"https:\/\/noticiasdefato.net\/?s={search_term_string}"},"query-input":"required name=search_term_string"}],"inLanguage":"pt-BR"},{"@type":"Organization","@id":"https:\/\/noticiasdefato.net\/#organization","name":"Not\u00edcias de Fato","url":"https:\/\/noticiasdefato.net\/","logo":{"@type":"ImageObject","inLanguage":"pt-BR","@id":"https:\/\/noticiasdefato.net\/#\/schema\/logo\/image\/","url":"https:\/\/noticiasdefato.net\/wp-content\/uploads\/2024\/02\/cropped-logo_topo.png","contentUrl":"https:\/\/noticiasdefato.net\/wp-content\/uploads\/2024\/02\/cropped-logo_topo.png","width":1948,"height":665,"caption":"Not\u00edcias de Fato"},"image":{"@id":"https:\/\/noticiasdefato.net\/#\/schema\/logo\/image\/"},"sameAs":["https:\/\/fb.com\/noticiasdefato.jornal","https:\/\/x.com\/noticiasdefato_","https:\/\/instagram.com\/noticiasdefato.jornal","https:\/\/youtube.com\/@JornalNoticiasDeFato"]},{"@type":"Person","@id":"https:\/\/noticiasdefato.net\/#\/schema\/person\/982ce60211d95acf059cd702aa260d08","name":"Noticias de Fato","image":{"@type":"ImageObject","inLanguage":"pt-BR","@id":"https:\/\/noticiasdefato.net\/#\/schema\/person\/image\/","url":"https:\/\/secure.gravatar.com\/avatar\/700227fab2316f0366a1b5d4988d10f847249cf13293450527ac9553c994611a?s=96&d=mm&r=g","contentUrl":"https:\/\/secure.gravatar.com\/avatar\/700227fab2316f0366a1b5d4988d10f847249cf13293450527ac9553c994611a?s=96&d=mm&r=g","caption":"Noticias de Fato"},"sameAs":["https:\/\/noticiasdefato.net","http:\/\/fb.com\/\/noticiasdefato.jornal","https:\/\/x.com\/https:\/\/twitter.com\/NoticiasDeFato_"],"url":"https:\/\/noticiasdefato.net\/?author=1"}]}},"_links":{"self":[{"href":"https:\/\/noticiasdefato.net\/index.php?rest_route=\/wp\/v2\/posts\/1045","targetHints":{"allow":["GET"]}}],"collection":[{"href":"https:\/\/noticiasdefato.net\/index.php?rest_route=\/wp\/v2\/posts"}],"about":[{"href":"https:\/\/noticiasdefato.net\/index.php?rest_route=\/wp\/v2\/types\/post"}],"author":[{"embeddable":true,"href":"https:\/\/noticiasdefato.net\/index.php?rest_route=\/wp\/v2\/users\/1"}],"replies":[{"embeddable":true,"href":"https:\/\/noticiasdefato.net\/index.php?rest_route=%2Fwp%2Fv2%2Fcomments&post=1045"}],"version-history":[{"count":3,"href":"https:\/\/noticiasdefato.net\/index.php?rest_route=\/wp\/v2\/posts\/1045\/revisions"}],"predecessor-version":[{"id":1049,"href":"https:\/\/noticiasdefato.net\/index.php?rest_route=\/wp\/v2\/posts\/1045\/revisions\/1049"}],"wp:featuredmedia":[{"embeddable":true,"href":"https:\/\/noticiasdefato.net\/index.php?rest_route=\/wp\/v2\/media\/1046"}],"wp:attachment":[{"href":"https:\/\/noticiasdefato.net\/index.php?rest_route=%2Fwp%2Fv2%2Fmedia&parent=1045"}],"wp:term":[{"taxonomy":"category","embeddable":true,"href":"https:\/\/noticiasdefato.net\/index.php?rest_route=%2Fwp%2Fv2%2Fcategories&post=1045"},{"taxonomy":"post_tag","embeddable":true,"href":"https:\/\/noticiasdefato.net\/index.php?rest_route=%2Fwp%2Fv2%2Ftags&post=1045"}],"curies":[{"name":"wp","href":"https:\/\/api.w.org\/{rel}","templated":true}]}}