{"id":1060,"date":"2024-04-02T13:16:44","date_gmt":"2024-04-02T16:16:44","guid":{"rendered":"https:\/\/noticiasdefato.net\/?p=1060"},"modified":"2024-04-02T13:25:25","modified_gmt":"2024-04-02T16:25:25","slug":"vereador-dunga-se-movimenta-dentro-da-base-do-governo-lula","status":"publish","type":"post","link":"https:\/\/noticiasdefato.net\/?p=1060","title":{"rendered":"VEREADOR DUNGA SE MOVIMENTA DENTRO DA BASE DO GOVERNO LULA"},"content":{"rendered":"\n<p>Em Alfenas, o vereador M\u00e1rcio Dunga trocou o PDT pelo Uni\u00e3o Brasil, partido que possui tr\u00eas minist\u00e9rios dentro do governo Lula. A filia\u00e7\u00e3o ao novo partido ocorre dentro da janela partid\u00e1ria, que permite aos pol\u00edticos com mandato fazerem a troca de legenda sem perderem o mandato atual.<\/p>\n\n\n\n<p>O novo partido de Dunga, o Uni\u00e3o Brasil, \u00e9 o fiel da balan\u00e7a para o governo Lula vencer vota\u00e7\u00f5es na c\u00e2mara dos deputados. Com uma taxa de 68% em vota\u00e7\u00f5es favor\u00e1veis ao governo Lula, o Uni\u00e3o Brasil s\u00f3 perde para o pr\u00f3prio PT em fidelidade a Lula.<\/p>\n\n\n\n<p>Segundo apura\u00e7\u00e3o do jornal Poder360, depois do PT, o partido mais fiel a Lula \u00e9 o Uni\u00e3o Brasil, seguido de PP e do PSD (Partido aliado do Uni\u00e3o Brasil em Alfenas).<\/p>\n\n\n\n<figure class=\"wp-block-image size-full\"><img fetchpriority=\"high\" decoding=\"async\" width=\"720\" height=\"526\" src=\"https:\/\/noticiasdefato.net\/wp-content\/uploads\/2024\/04\/uniao-psd.png\" alt=\"\" class=\"wp-image-1061\" srcset=\"https:\/\/noticiasdefato.net\/wp-content\/uploads\/2024\/04\/uniao-psd.png 720w, https:\/\/noticiasdefato.net\/wp-content\/uploads\/2024\/04\/uniao-psd-300x219.png 300w, https:\/\/noticiasdefato.net\/wp-content\/uploads\/2024\/04\/uniao-psd-123x90.png 123w\" sizes=\"(max-width: 720px) 100vw, 720px\" \/><figcaption class=\"wp-element-caption\">Fonte: Poder360 (https:\/\/www.poder360.com.br\/congresso\/aliados-infieis-foram-os-que-mais-deram-votos-ao-governo-na-camara\/)<\/figcaption><\/figure>\n\n\n\n<p>Importante destacar que o Uni\u00e3o Brasil de Alfenas, novo partido de Dunga, tem como pr\u00e9 candidato a prefeito o vereador Jaime Daniel, que cumpre mandato atual pelo PT. Na coliga\u00e7\u00e3o tamb\u00e9m est\u00e1 PSD, partido que \u00e9 o terceiro mais fiel a Lula nas vota\u00e7\u00f5es na C\u00e2mara dos Deputados quando o PT n\u00e3o \u00e9 considerado.<\/p>\n\n\n\n<p>N\u00f3s, jornal Not\u00edcias de Fato, obtivemos acesso exclusivo a fala de uma pessoa filiada ao Uni\u00e3o Brasil, que admite que a base de apoio do partido \u00e9, hoje, composta por aliados do deputado estadual Luizinho do PT. &#8211; Provavelmente s\u00e3o os petistas que n\u00e3o enxergam no atual prefeito, F\u00e1bio Marques, uma representatividade de esquerda, e a buscam em Jaime Daniel, seu correligion\u00e1rio at\u00e9 pouco tempo atr\u00e1s.<\/p>\n\n\n\n<p>Populares ouvidos pela reda\u00e7\u00e3o lamentaram a filia\u00e7\u00e3o de Dunga ao Uni\u00e3o Brasil e consideraram como trai\u00e7\u00e3o \u00e0 direita:<\/p>\n\n\n\n<p>&#8220;Muito decepcionada com o Dunga, que se aliou aos petistas travestidos de direita. Uni\u00e3o Brasil \u00e9 o PT maquiado.&#8221;<\/p>\n","protected":false},"excerpt":{"rendered":"<p>Em Alfenas, o vereador M\u00e1rcio Dunga trocou o PDT pelo Uni\u00e3o Brasil, partido que possui tr\u00eas minist\u00e9rios dentro do governo Lula. <a href=\"https:\/\/noticiasdefato.net\/?p=1060\" class=\"more-link\">Continuar lendo <span class=\"screen-reader-text\">VEREADOR DUNGA SE MOVIMENTA DENTRO DA BASE DO GOVERNO LULA<\/span><\/a><\/p>\n","protected":false},"author":1,"featured_media":963,"comment_status":"open","ping_status":"open","sticky":false,"template":"","format":"standard","meta":{"footnotes":""},"categories":[18],"tags":[],"class_list":["post-1060","post","type-post","status-publish","format-standard","has-post-thumbnail","hentry","category-politica"],"yoast_head":"<!-- This site is optimized with the Yoast SEO plugin v23.2 - https:\/\/yoast.com\/wordpress\/plugins\/seo\/ -->\n<title>VEREADOR DUNGA SE MOVIMENTA DENTRO DA BASE DO GOVERNO LULA - Not\u00edcias de Fato<\/title>\n<meta name=\"robots\" content=\"index, follow, max-snippet:-1, max-image-preview:large, max-video-preview:-1\" \/>\n<link rel=\"canonical\" href=\"https:\/\/noticiasdefato.net\/?p=1060\" \/>\n<meta property=\"og:locale\" content=\"pt_BR\" \/>\n<meta property=\"og:type\" content=\"article\" \/>\n<meta property=\"og:title\" content=\"VEREADOR DUNGA SE MOVIMENTA DENTRO DA BASE DO GOVERNO LULA - Not\u00edcias de Fato\" \/>\n<meta property=\"og:description\" content=\"Em Alfenas, o vereador M\u00e1rcio Dunga trocou o PDT pelo Uni\u00e3o Brasil, partido que possui tr\u00eas minist\u00e9rios dentro do governo Lula.\" \/>\n<meta property=\"og:url\" content=\"https:\/\/noticiasdefato.net\/?p=1060\" \/>\n<meta property=\"og:site_name\" content=\"Not\u00edcias de Fato\" \/>\n<meta property=\"article:publisher\" content=\"https:\/\/fb.com\/noticiasdefato.jornal\" \/>\n<meta property=\"article:author\" content=\"http:\/\/fb.com\/\/noticiasdefato.jornal\" \/>\n<meta property=\"article:published_time\" content=\"2024-04-02T16:16:44+00:00\" \/>\n<meta property=\"article:modified_time\" content=\"2024-04-02T16:25:25+00:00\" \/>\n<meta property=\"og:image\" content=\"https:\/\/noticiasdefato.net\/wp-content\/uploads\/2024\/03\/dunga.png\" \/>\n\t<meta property=\"og:image:width\" content=\"1073\" \/>\n\t<meta property=\"og:image:height\" content=\"607\" \/>\n\t<meta property=\"og:image:type\" content=\"image\/png\" \/>\n<meta name=\"author\" content=\"Noticias de Fato\" \/>\n<meta name=\"twitter:card\" content=\"summary_large_image\" \/>\n<meta name=\"twitter:creator\" content=\"@https:\/\/twitter.com\/NoticiasDeFato_\" \/>\n<meta name=\"twitter:site\" content=\"@noticiasdefato_\" \/>\n<meta name=\"twitter:label1\" content=\"Escrito por\" \/>\n\t<meta name=\"twitter:data1\" content=\"Noticias de Fato\" \/>\n\t<meta name=\"twitter:label2\" content=\"Est. tempo de leitura\" \/>\n\t<meta name=\"twitter:data2\" content=\"2 minutos\" \/>\n<script type=\"application\/ld+json\" class=\"yoast-schema-graph\">{\"@context\":\"https:\/\/schema.org\",\"@graph\":[{\"@type\":\"Article\",\"@id\":\"https:\/\/noticiasdefato.net\/?p=1060#article\",\"isPartOf\":{\"@id\":\"https:\/\/noticiasdefato.net\/?p=1060\"},\"author\":{\"name\":\"Noticias de Fato\",\"@id\":\"https:\/\/noticiasdefato.net\/#\/schema\/person\/982ce60211d95acf059cd702aa260d08\"},\"headline\":\"VEREADOR DUNGA SE MOVIMENTA DENTRO DA BASE DO GOVERNO LULA\",\"datePublished\":\"2024-04-02T16:16:44+00:00\",\"dateModified\":\"2024-04-02T16:25:25+00:00\",\"mainEntityOfPage\":{\"@id\":\"https:\/\/noticiasdefato.net\/?p=1060\"},\"wordCount\":330,\"commentCount\":0,\"publisher\":{\"@id\":\"https:\/\/noticiasdefato.net\/#organization\"},\"image\":{\"@id\":\"https:\/\/noticiasdefato.net\/?p=1060#primaryimage\"},\"thumbnailUrl\":\"https:\/\/noticiasdefato.net\/wp-content\/uploads\/2024\/03\/dunga.png\",\"articleSection\":[\"Pol\u00edtica\"],\"inLanguage\":\"pt-BR\",\"potentialAction\":[{\"@type\":\"CommentAction\",\"name\":\"Comment\",\"target\":[\"https:\/\/noticiasdefato.net\/?p=1060#respond\"]}]},{\"@type\":\"WebPage\",\"@id\":\"https:\/\/noticiasdefato.net\/?p=1060\",\"url\":\"https:\/\/noticiasdefato.net\/?p=1060\",\"name\":\"VEREADOR DUNGA SE MOVIMENTA DENTRO DA BASE DO GOVERNO LULA - Not\u00edcias de Fato\",\"isPartOf\":{\"@id\":\"https:\/\/noticiasdefato.net\/#website\"},\"primaryImageOfPage\":{\"@id\":\"https:\/\/noticiasdefato.net\/?p=1060#primaryimage\"},\"image\":{\"@id\":\"https:\/\/noticiasdefato.net\/?p=1060#primaryimage\"},\"thumbnailUrl\":\"https:\/\/noticiasdefato.net\/wp-content\/uploads\/2024\/03\/dunga.png\",\"datePublished\":\"2024-04-02T16:16:44+00:00\",\"dateModified\":\"2024-04-02T16:25:25+00:00\",\"breadcrumb\":{\"@id\":\"https:\/\/noticiasdefato.net\/?p=1060#breadcrumb\"},\"inLanguage\":\"pt-BR\",\"potentialAction\":[{\"@type\":\"ReadAction\",\"target\":[\"https:\/\/noticiasdefato.net\/?p=1060\"]}]},{\"@type\":\"ImageObject\",\"inLanguage\":\"pt-BR\",\"@id\":\"https:\/\/noticiasdefato.net\/?p=1060#primaryimage\",\"url\":\"https:\/\/noticiasdefato.net\/wp-content\/uploads\/2024\/03\/dunga.png\",\"contentUrl\":\"https:\/\/noticiasdefato.net\/wp-content\/uploads\/2024\/03\/dunga.png\",\"width\":1073,\"height\":607},{\"@type\":\"BreadcrumbList\",\"@id\":\"https:\/\/noticiasdefato.net\/?p=1060#breadcrumb\",\"itemListElement\":[{\"@type\":\"ListItem\",\"position\":1,\"name\":\"In\u00edcio\",\"item\":\"https:\/\/noticiasdefato.net\/\"},{\"@type\":\"ListItem\",\"position\":2,\"name\":\"VEREADOR DUNGA SE MOVIMENTA DENTRO DA BASE DO GOVERNO LULA\"}]},{\"@type\":\"WebSite\",\"@id\":\"https:\/\/noticiasdefato.net\/#website\",\"url\":\"https:\/\/noticiasdefato.net\/\",\"name\":\"Not\u00edcias de Fato\",\"description\":\"Trabalhamos com honestidade, seriedade e com a verdade.\",\"publisher\":{\"@id\":\"https:\/\/noticiasdefato.net\/#organization\"},\"potentialAction\":[{\"@type\":\"SearchAction\",\"target\":{\"@type\":\"EntryPoint\",\"urlTemplate\":\"https:\/\/noticiasdefato.net\/?s={search_term_string}\"},\"query-input\":\"required name=search_term_string\"}],\"inLanguage\":\"pt-BR\"},{\"@type\":\"Organization\",\"@id\":\"https:\/\/noticiasdefato.net\/#organization\",\"name\":\"Not\u00edcias de Fato\",\"url\":\"https:\/\/noticiasdefato.net\/\",\"logo\":{\"@type\":\"ImageObject\",\"inLanguage\":\"pt-BR\",\"@id\":\"https:\/\/noticiasdefato.net\/#\/schema\/logo\/image\/\",\"url\":\"https:\/\/noticiasdefato.net\/wp-content\/uploads\/2024\/02\/cropped-logo_topo.png\",\"contentUrl\":\"https:\/\/noticiasdefato.net\/wp-content\/uploads\/2024\/02\/cropped-logo_topo.png\",\"width\":1948,\"height\":665,\"caption\":\"Not\u00edcias de Fato\"},\"image\":{\"@id\":\"https:\/\/noticiasdefato.net\/#\/schema\/logo\/image\/\"},\"sameAs\":[\"https:\/\/fb.com\/noticiasdefato.jornal\",\"https:\/\/x.com\/noticiasdefato_\",\"https:\/\/instagram.com\/noticiasdefato.jornal\",\"https:\/\/youtube.com\/@JornalNoticiasDeFato\"]},{\"@type\":\"Person\",\"@id\":\"https:\/\/noticiasdefato.net\/#\/schema\/person\/982ce60211d95acf059cd702aa260d08\",\"name\":\"Noticias de Fato\",\"image\":{\"@type\":\"ImageObject\",\"inLanguage\":\"pt-BR\",\"@id\":\"https:\/\/noticiasdefato.net\/#\/schema\/person\/image\/\",\"url\":\"https:\/\/secure.gravatar.com\/avatar\/700227fab2316f0366a1b5d4988d10f847249cf13293450527ac9553c994611a?s=96&d=mm&r=g\",\"contentUrl\":\"https:\/\/secure.gravatar.com\/avatar\/700227fab2316f0366a1b5d4988d10f847249cf13293450527ac9553c994611a?s=96&d=mm&r=g\",\"caption\":\"Noticias de Fato\"},\"sameAs\":[\"https:\/\/noticiasdefato.net\",\"http:\/\/fb.com\/\/noticiasdefato.jornal\",\"https:\/\/x.com\/https:\/\/twitter.com\/NoticiasDeFato_\"],\"url\":\"https:\/\/noticiasdefato.net\/?author=1\"}]}<\/script>\n<!-- \/ Yoast SEO plugin. -->","yoast_head_json":{"title":"VEREADOR DUNGA SE MOVIMENTA DENTRO DA BASE DO GOVERNO LULA - Not\u00edcias de Fato","robots":{"index":"index","follow":"follow","max-snippet":"max-snippet:-1","max-image-preview":"max-image-preview:large","max-video-preview":"max-video-preview:-1"},"canonical":"https:\/\/noticiasdefato.net\/?p=1060","og_locale":"pt_BR","og_type":"article","og_title":"VEREADOR DUNGA SE MOVIMENTA DENTRO DA BASE DO GOVERNO LULA - Not\u00edcias de Fato","og_description":"Em Alfenas, o vereador M\u00e1rcio Dunga trocou o PDT pelo Uni\u00e3o Brasil, partido que possui tr\u00eas minist\u00e9rios dentro do governo Lula.","og_url":"https:\/\/noticiasdefato.net\/?p=1060","og_site_name":"Not\u00edcias de Fato","article_publisher":"https:\/\/fb.com\/noticiasdefato.jornal","article_author":"http:\/\/fb.com\/\/noticiasdefato.jornal","article_published_time":"2024-04-02T16:16:44+00:00","article_modified_time":"2024-04-02T16:25:25+00:00","og_image":[{"width":1073,"height":607,"url":"https:\/\/noticiasdefato.net\/wp-content\/uploads\/2024\/03\/dunga.png","type":"image\/png"}],"author":"Noticias de Fato","twitter_card":"summary_large_image","twitter_creator":"@https:\/\/twitter.com\/NoticiasDeFato_","twitter_site":"@noticiasdefato_","twitter_misc":{"Escrito por":"Noticias de Fato","Est. tempo de leitura":"2 minutos"},"schema":{"@context":"https:\/\/schema.org","@graph":[{"@type":"Article","@id":"https:\/\/noticiasdefato.net\/?p=1060#article","isPartOf":{"@id":"https:\/\/noticiasdefato.net\/?p=1060"},"author":{"name":"Noticias de Fato","@id":"https:\/\/noticiasdefato.net\/#\/schema\/person\/982ce60211d95acf059cd702aa260d08"},"headline":"VEREADOR DUNGA SE MOVIMENTA DENTRO DA BASE DO GOVERNO LULA","datePublished":"2024-04-02T16:16:44+00:00","dateModified":"2024-04-02T16:25:25+00:00","mainEntityOfPage":{"@id":"https:\/\/noticiasdefato.net\/?p=1060"},"wordCount":330,"commentCount":0,"publisher":{"@id":"https:\/\/noticiasdefato.net\/#organization"},"image":{"@id":"https:\/\/noticiasdefato.net\/?p=1060#primaryimage"},"thumbnailUrl":"https:\/\/noticiasdefato.net\/wp-content\/uploads\/2024\/03\/dunga.png","articleSection":["Pol\u00edtica"],"inLanguage":"pt-BR","potentialAction":[{"@type":"CommentAction","name":"Comment","target":["https:\/\/noticiasdefato.net\/?p=1060#respond"]}]},{"@type":"WebPage","@id":"https:\/\/noticiasdefato.net\/?p=1060","url":"https:\/\/noticiasdefato.net\/?p=1060","name":"VEREADOR DUNGA SE MOVIMENTA DENTRO DA BASE DO GOVERNO LULA - Not\u00edcias de Fato","isPartOf":{"@id":"https:\/\/noticiasdefato.net\/#website"},"primaryImageOfPage":{"@id":"https:\/\/noticiasdefato.net\/?p=1060#primaryimage"},"image":{"@id":"https:\/\/noticiasdefato.net\/?p=1060#primaryimage"},"thumbnailUrl":"https:\/\/noticiasdefato.net\/wp-content\/uploads\/2024\/03\/dunga.png","datePublished":"2024-04-02T16:16:44+00:00","dateModified":"2024-04-02T16:25:25+00:00","breadcrumb":{"@id":"https:\/\/noticiasdefato.net\/?p=1060#breadcrumb"},"inLanguage":"pt-BR","potentialAction":[{"@type":"ReadAction","target":["https:\/\/noticiasdefato.net\/?p=1060"]}]},{"@type":"ImageObject","inLanguage":"pt-BR","@id":"https:\/\/noticiasdefato.net\/?p=1060#primaryimage","url":"https:\/\/noticiasdefato.net\/wp-content\/uploads\/2024\/03\/dunga.png","contentUrl":"https:\/\/noticiasdefato.net\/wp-content\/uploads\/2024\/03\/dunga.png","width":1073,"height":607},{"@type":"BreadcrumbList","@id":"https:\/\/noticiasdefato.net\/?p=1060#breadcrumb","itemListElement":[{"@type":"ListItem","position":1,"name":"In\u00edcio","item":"https:\/\/noticiasdefato.net\/"},{"@type":"ListItem","position":2,"name":"VEREADOR DUNGA SE MOVIMENTA DENTRO DA BASE DO GOVERNO LULA"}]},{"@type":"WebSite","@id":"https:\/\/noticiasdefato.net\/#website","url":"https:\/\/noticiasdefato.net\/","name":"Not\u00edcias de Fato","description":"Trabalhamos com honestidade, seriedade e com a verdade.","publisher":{"@id":"https:\/\/noticiasdefato.net\/#organization"},"potentialAction":[{"@type":"SearchAction","target":{"@type":"EntryPoint","urlTemplate":"https:\/\/noticiasdefato.net\/?s={search_term_string}"},"query-input":"required name=search_term_string"}],"inLanguage":"pt-BR"},{"@type":"Organization","@id":"https:\/\/noticiasdefato.net\/#organization","name":"Not\u00edcias de Fato","url":"https:\/\/noticiasdefato.net\/","logo":{"@type":"ImageObject","inLanguage":"pt-BR","@id":"https:\/\/noticiasdefato.net\/#\/schema\/logo\/image\/","url":"https:\/\/noticiasdefato.net\/wp-content\/uploads\/2024\/02\/cropped-logo_topo.png","contentUrl":"https:\/\/noticiasdefato.net\/wp-content\/uploads\/2024\/02\/cropped-logo_topo.png","width":1948,"height":665,"caption":"Not\u00edcias de Fato"},"image":{"@id":"https:\/\/noticiasdefato.net\/#\/schema\/logo\/image\/"},"sameAs":["https:\/\/fb.com\/noticiasdefato.jornal","https:\/\/x.com\/noticiasdefato_","https:\/\/instagram.com\/noticiasdefato.jornal","https:\/\/youtube.com\/@JornalNoticiasDeFato"]},{"@type":"Person","@id":"https:\/\/noticiasdefato.net\/#\/schema\/person\/982ce60211d95acf059cd702aa260d08","name":"Noticias de Fato","image":{"@type":"ImageObject","inLanguage":"pt-BR","@id":"https:\/\/noticiasdefato.net\/#\/schema\/person\/image\/","url":"https:\/\/secure.gravatar.com\/avatar\/700227fab2316f0366a1b5d4988d10f847249cf13293450527ac9553c994611a?s=96&d=mm&r=g","contentUrl":"https:\/\/secure.gravatar.com\/avatar\/700227fab2316f0366a1b5d4988d10f847249cf13293450527ac9553c994611a?s=96&d=mm&r=g","caption":"Noticias de Fato"},"sameAs":["https:\/\/noticiasdefato.net","http:\/\/fb.com\/\/noticiasdefato.jornal","https:\/\/x.com\/https:\/\/twitter.com\/NoticiasDeFato_"],"url":"https:\/\/noticiasdefato.net\/?author=1"}]}},"_links":{"self":[{"href":"https:\/\/noticiasdefato.net\/index.php?rest_route=\/wp\/v2\/posts\/1060","targetHints":{"allow":["GET"]}}],"collection":[{"href":"https:\/\/noticiasdefato.net\/index.php?rest_route=\/wp\/v2\/posts"}],"about":[{"href":"https:\/\/noticiasdefato.net\/index.php?rest_route=\/wp\/v2\/types\/post"}],"author":[{"embeddable":true,"href":"https:\/\/noticiasdefato.net\/index.php?rest_route=\/wp\/v2\/users\/1"}],"replies":[{"embeddable":true,"href":"https:\/\/noticiasdefato.net\/index.php?rest_route=%2Fwp%2Fv2%2Fcomments&post=1060"}],"version-history":[{"count":3,"href":"https:\/\/noticiasdefato.net\/index.php?rest_route=\/wp\/v2\/posts\/1060\/revisions"}],"predecessor-version":[{"id":1064,"href":"https:\/\/noticiasdefato.net\/index.php?rest_route=\/wp\/v2\/posts\/1060\/revisions\/1064"}],"wp:featuredmedia":[{"embeddable":true,"href":"https:\/\/noticiasdefato.net\/index.php?rest_route=\/wp\/v2\/media\/963"}],"wp:attachment":[{"href":"https:\/\/noticiasdefato.net\/index.php?rest_route=%2Fwp%2Fv2%2Fmedia&parent=1060"}],"wp:term":[{"taxonomy":"category","embeddable":true,"href":"https:\/\/noticiasdefato.net\/index.php?rest_route=%2Fwp%2Fv2%2Fcategories&post=1060"},{"taxonomy":"post_tag","embeddable":true,"href":"https:\/\/noticiasdefato.net\/index.php?rest_route=%2Fwp%2Fv2%2Ftags&post=1060"}],"curies":[{"name":"wp","href":"https:\/\/api.w.org\/{rel}","templated":true}]}}