{"id":1066,"date":"2024-04-12T05:02:39","date_gmt":"2024-04-12T08:02:39","guid":{"rendered":"https:\/\/noticiasdefato.net\/?p=1066"},"modified":"2024-05-01T11:08:31","modified_gmt":"2024-05-01T14:08:31","slug":"paciente-de-alfenas-que-faz-tratamento-fora-do-municipio-reclama-do-descaso","status":"publish","type":"post","link":"https:\/\/noticiasdefato.net\/?p=1066","title":{"rendered":"PACIENTE DE ALFENAS QUE FAZ TRATAMENTO FORA DO MUNICIPIO RECLAMA DO DESCASO"},"content":{"rendered":"\n<p>Gilberto Monteiro Alves, 55 anos, foi acometido de poliomielite quando tinha um ano de idade e, desde ent\u00e3o, faz tratamento na AACD em S\u00e3o Paulo, tr\u00eas vezes por semana. Gilberto n\u00e3o tem condi\u00e7\u00f5es para custear suas idas \u00e0 S\u00e3o Paulo e, por isso, h\u00e1 15 anos, \u00e9 usu\u00e1rio do Transporte Fora do Munic\u00edpio (TFD) oferecido pela Secretaria de Sa\u00fade da Prefeitura de Alfenas.<\/p>\n\n\n\n<p>Tempo de estrada ele tem suficiente, para dizer como a prefeitura trata os pacientes que precisam sair de Alfenas para cuidarem da sa\u00fade. Seu relato \u00e9 triste: \u201cA gente pede pra melhorar. \u00c9 carro sem farol, sem estepe, motorista dormindo no volante, acelerando na chuva. O carro j\u00e1 chegou a rodar com a gente\u201d, confessa o paciente na espera de que os motoristas tenham mais cuidado.<\/p>\n\n\n\n<p>De acordo com Gilberto, um dos motoristas que \u00e9 infartado e aposentado, voltou ao trabalho e isso tem causado mais inseguran\u00e7a aos pacientes.<\/p>\n\n\n\n<figure class=\"wp-block-embed is-type-video is-provider-youtube wp-block-embed-youtube wp-embed-aspect-4-3 wp-has-aspect-ratio\"><div class=\"wp-block-embed__wrapper\">\n<iframe title=\"PACIENTE DE ALFENAS QUE FAZ TRATAMENTO FORA DO MUNIC\u00cdPIO RECLAMA DO DESCASO\" width=\"720\" height=\"540\" src=\"https:\/\/www.youtube.com\/embed\/D9Pe7OCkIVg?feature=oembed\" frameborder=\"0\" allow=\"accelerometer; autoplay; clipboard-write; encrypted-media; gyroscope; picture-in-picture; web-share\" referrerpolicy=\"strict-origin-when-cross-origin\" allowfullscreen><\/iframe>\n<\/div><\/figure>\n\n\n\n<p><\/p>\n\n\n\n<p><strong>AUX\u00cdLIO DE R$ 8,40 E AINDA FOI SUSPENSO<\/strong><\/p>\n\n\n\n<p>Outra reclama\u00e7\u00e3o \u00e9 sobre o valor de R$ 8,40 pago pela prefeitura para a ajuda na alimenta\u00e7\u00e3o dos pacientes. Segundo Gilberto, pacientes de cidades vizinhas recebem em m\u00e9dia R$ 25,00 e o acompanhante tamb\u00e9m recebe a mesma quantia.<\/p>\n\n\n\n<p>Ele conta que, recentemente, fez nova cirurgia e quando voltou na secretaria de sa\u00fade para solicitar o transporte e o aux\u00edlio de 8 reais, o dinheiro foi negado. \u201cEles falam que n\u00e3o est\u00e1 tendo mais ajuda de custo. Desde novembro do ano passado eu n\u00e3o recebo. Agora, que que se come com 8 reias? A gente sai daqui meia noite e chega meia noite do outro dia. Eu levo marmita e isso n\u00e3o \u00e9 vergonha de falar. Agora tem gente que n\u00e3o tem o que comer dentro de casa, a gente v\u00ea a realidade e eles n\u00e3o fazem nada\u201d, desabafa o homem.<\/p>\n\n\n\n<p>Ele espera que seu testemunho encoraje outras pessoas para que denunciem o descaso que existe com aqueles que necessitam do Transporte Fora do Munic\u00edpio. \u201cA gente espera melhoras. Todos que s\u00e3o pacientes sabem disso. N\u00e3o estou mentindo\u201d, finaliza Gilberto.<\/p>\n\n\n\n<p>A reda\u00e7\u00e3o encaminhou perguntas \u00e0 secretaria de sa\u00fade e \u00e0 assessoria de comunica\u00e7\u00e3o da prefeitura, mas at\u00e9 o fechamento da mat\u00e9ria, sem respostas:<br>-Como funciona o Transporte de Pacientes Fora do Munic\u00edpio (TFD)?<br>-Existe lei que regulamente o TFD?<\/p>\n\n\n\n<ul class=\"wp-block-list\">\n<li>Quantos pacientes fazem tratamento fora de Alfenas?<\/li>\n\n\n\n<li>Em sua maioria, a que tipo de tratamento estes pacientes se submetem fora daqui? Ou seja, quais tratamentos que n\u00e3o s\u00e3o oferecidos em Alfenas e por qu\u00ea ?<\/li>\n\n\n\n<li>Al\u00e9m do transporte, o munic\u00edpio paga alguma ajuda, por exemplo aux\u00edlio alimenta\u00e7\u00e3o, para o paciente e para o acompanhante?<\/li>\n\n\n\n<li>Se sim, qual \u00e9 o valor?<\/li>\n\n\n\n<li>Este aux\u00edlio est\u00e1 em vigor?<\/li>\n\n\n\n<li>O que \u00e9 necess\u00e1rio para que se aumente este valor?<\/li>\n\n\n\n<li>Existe limite de quilometragem para a concess\u00e3o do aux\u00edlio no TFD?<\/li>\n\n\n\n<li>Quantos ve\u00edculos s\u00e3o destinados para o TFD?<\/li>\n\n\n\n<li>Quantos motoristas existem na secretaria de sa\u00fade?<\/li>\n\n\n\n<li>Eles passam por treinamentos e reciclagem?<\/li>\n\n\n\n<li>Como o paciente deve fazer para agendar o servi\u00e7o?<\/li>\n<\/ul>\n","protected":false},"excerpt":{"rendered":"<p>Prefeitura suspendeu o aux\u00edlio de R$ 8,40 para pacientes que fazem tratamento fora de Alfenas.  <a href=\"https:\/\/noticiasdefato.net\/?p=1066\" class=\"more-link\">Continuar lendo <span class=\"screen-reader-text\">PACIENTE DE ALFENAS QUE FAZ TRATAMENTO FORA DO MUNICIPIO RECLAMA DO DESCASO<\/span><\/a><\/p>\n","protected":false},"author":1,"featured_media":1067,"comment_status":"open","ping_status":"open","sticky":false,"template":"","format":"standard","meta":{"footnotes":""},"categories":[19],"tags":[],"class_list":["post-1066","post","type-post","status-publish","format-standard","has-post-thumbnail","hentry","category-saude"],"yoast_head":"<!-- This site is optimized with the Yoast SEO plugin v23.2 - https:\/\/yoast.com\/wordpress\/plugins\/seo\/ -->\n<title>PACIENTE DE ALFENAS QUE FAZ TRATAMENTO FORA DO MUNICIPIO RECLAMA DO DESCASO - Not\u00edcias de Fato<\/title>\n<meta name=\"robots\" content=\"index, follow, max-snippet:-1, max-image-preview:large, max-video-preview:-1\" \/>\n<link rel=\"canonical\" href=\"https:\/\/noticiasdefato.net\/?p=1066\" \/>\n<meta property=\"og:locale\" content=\"pt_BR\" \/>\n<meta property=\"og:type\" content=\"article\" \/>\n<meta property=\"og:title\" content=\"PACIENTE DE ALFENAS QUE FAZ TRATAMENTO FORA DO MUNICIPIO RECLAMA DO DESCASO - Not\u00edcias de Fato\" \/>\n<meta property=\"og:description\" content=\"Prefeitura suspendeu o aux\u00edlio de R$ 8,40 para pacientes que fazem tratamento fora de Alfenas.\" \/>\n<meta property=\"og:url\" content=\"https:\/\/noticiasdefato.net\/?p=1066\" \/>\n<meta property=\"og:site_name\" content=\"Not\u00edcias de Fato\" \/>\n<meta property=\"article:publisher\" content=\"https:\/\/fb.com\/noticiasdefato.jornal\" \/>\n<meta property=\"article:author\" content=\"http:\/\/fb.com\/\/noticiasdefato.jornal\" \/>\n<meta property=\"article:published_time\" content=\"2024-04-12T08:02:39+00:00\" \/>\n<meta property=\"article:modified_time\" content=\"2024-05-01T14:08:31+00:00\" \/>\n<meta property=\"og:image\" content=\"https:\/\/noticiasdefato.net\/wp-content\/uploads\/2024\/04\/materia-zaia.png\" \/>\n\t<meta property=\"og:image:width\" content=\"596\" \/>\n\t<meta property=\"og:image:height\" content=\"331\" \/>\n\t<meta property=\"og:image:type\" content=\"image\/png\" \/>\n<meta name=\"author\" content=\"Noticias de Fato\" \/>\n<meta name=\"twitter:card\" content=\"summary_large_image\" \/>\n<meta name=\"twitter:creator\" content=\"@https:\/\/twitter.com\/NoticiasDeFato_\" \/>\n<meta name=\"twitter:site\" content=\"@noticiasdefato_\" \/>\n<meta name=\"twitter:label1\" content=\"Escrito por\" \/>\n\t<meta name=\"twitter:data1\" content=\"Noticias de Fato\" \/>\n\t<meta name=\"twitter:label2\" content=\"Est. tempo de leitura\" \/>\n\t<meta name=\"twitter:data2\" content=\"3 minutos\" \/>\n<script type=\"application\/ld+json\" class=\"yoast-schema-graph\">{\"@context\":\"https:\/\/schema.org\",\"@graph\":[{\"@type\":\"Article\",\"@id\":\"https:\/\/noticiasdefato.net\/?p=1066#article\",\"isPartOf\":{\"@id\":\"https:\/\/noticiasdefato.net\/?p=1066\"},\"author\":{\"name\":\"Noticias de Fato\",\"@id\":\"https:\/\/noticiasdefato.net\/#\/schema\/person\/982ce60211d95acf059cd702aa260d08\"},\"headline\":\"PACIENTE DE ALFENAS QUE FAZ TRATAMENTO FORA DO MUNICIPIO RECLAMA DO DESCASO\",\"datePublished\":\"2024-04-12T08:02:39+00:00\",\"dateModified\":\"2024-05-01T14:08:31+00:00\",\"mainEntityOfPage\":{\"@id\":\"https:\/\/noticiasdefato.net\/?p=1066\"},\"wordCount\":537,\"commentCount\":0,\"publisher\":{\"@id\":\"https:\/\/noticiasdefato.net\/#organization\"},\"image\":{\"@id\":\"https:\/\/noticiasdefato.net\/?p=1066#primaryimage\"},\"thumbnailUrl\":\"https:\/\/noticiasdefato.net\/wp-content\/uploads\/2024\/04\/materia-zaia.png\",\"articleSection\":[\"Sa\u00fade\"],\"inLanguage\":\"pt-BR\",\"potentialAction\":[{\"@type\":\"CommentAction\",\"name\":\"Comment\",\"target\":[\"https:\/\/noticiasdefato.net\/?p=1066#respond\"]}]},{\"@type\":\"WebPage\",\"@id\":\"https:\/\/noticiasdefato.net\/?p=1066\",\"url\":\"https:\/\/noticiasdefato.net\/?p=1066\",\"name\":\"PACIENTE DE ALFENAS QUE FAZ TRATAMENTO FORA DO MUNICIPIO RECLAMA DO DESCASO - Not\u00edcias de Fato\",\"isPartOf\":{\"@id\":\"https:\/\/noticiasdefato.net\/#website\"},\"primaryImageOfPage\":{\"@id\":\"https:\/\/noticiasdefato.net\/?p=1066#primaryimage\"},\"image\":{\"@id\":\"https:\/\/noticiasdefato.net\/?p=1066#primaryimage\"},\"thumbnailUrl\":\"https:\/\/noticiasdefato.net\/wp-content\/uploads\/2024\/04\/materia-zaia.png\",\"datePublished\":\"2024-04-12T08:02:39+00:00\",\"dateModified\":\"2024-05-01T14:08:31+00:00\",\"breadcrumb\":{\"@id\":\"https:\/\/noticiasdefato.net\/?p=1066#breadcrumb\"},\"inLanguage\":\"pt-BR\",\"potentialAction\":[{\"@type\":\"ReadAction\",\"target\":[\"https:\/\/noticiasdefato.net\/?p=1066\"]}]},{\"@type\":\"ImageObject\",\"inLanguage\":\"pt-BR\",\"@id\":\"https:\/\/noticiasdefato.net\/?p=1066#primaryimage\",\"url\":\"https:\/\/noticiasdefato.net\/wp-content\/uploads\/2024\/04\/materia-zaia.png\",\"contentUrl\":\"https:\/\/noticiasdefato.net\/wp-content\/uploads\/2024\/04\/materia-zaia.png\",\"width\":596,\"height\":331},{\"@type\":\"BreadcrumbList\",\"@id\":\"https:\/\/noticiasdefato.net\/?p=1066#breadcrumb\",\"itemListElement\":[{\"@type\":\"ListItem\",\"position\":1,\"name\":\"In\u00edcio\",\"item\":\"https:\/\/noticiasdefato.net\/\"},{\"@type\":\"ListItem\",\"position\":2,\"name\":\"PACIENTE DE ALFENAS QUE FAZ TRATAMENTO FORA DO MUNICIPIO RECLAMA DO DESCASO\"}]},{\"@type\":\"WebSite\",\"@id\":\"https:\/\/noticiasdefato.net\/#website\",\"url\":\"https:\/\/noticiasdefato.net\/\",\"name\":\"Not\u00edcias de Fato\",\"description\":\"Trabalhamos com honestidade, seriedade e com a verdade.\",\"publisher\":{\"@id\":\"https:\/\/noticiasdefato.net\/#organization\"},\"potentialAction\":[{\"@type\":\"SearchAction\",\"target\":{\"@type\":\"EntryPoint\",\"urlTemplate\":\"https:\/\/noticiasdefato.net\/?s={search_term_string}\"},\"query-input\":\"required name=search_term_string\"}],\"inLanguage\":\"pt-BR\"},{\"@type\":\"Organization\",\"@id\":\"https:\/\/noticiasdefato.net\/#organization\",\"name\":\"Not\u00edcias de Fato\",\"url\":\"https:\/\/noticiasdefato.net\/\",\"logo\":{\"@type\":\"ImageObject\",\"inLanguage\":\"pt-BR\",\"@id\":\"https:\/\/noticiasdefato.net\/#\/schema\/logo\/image\/\",\"url\":\"https:\/\/noticiasdefato.net\/wp-content\/uploads\/2024\/02\/cropped-logo_topo.png\",\"contentUrl\":\"https:\/\/noticiasdefato.net\/wp-content\/uploads\/2024\/02\/cropped-logo_topo.png\",\"width\":1948,\"height\":665,\"caption\":\"Not\u00edcias de Fato\"},\"image\":{\"@id\":\"https:\/\/noticiasdefato.net\/#\/schema\/logo\/image\/\"},\"sameAs\":[\"https:\/\/fb.com\/noticiasdefato.jornal\",\"https:\/\/x.com\/noticiasdefato_\",\"https:\/\/instagram.com\/noticiasdefato.jornal\",\"https:\/\/youtube.com\/@JornalNoticiasDeFato\"]},{\"@type\":\"Person\",\"@id\":\"https:\/\/noticiasdefato.net\/#\/schema\/person\/982ce60211d95acf059cd702aa260d08\",\"name\":\"Noticias de Fato\",\"image\":{\"@type\":\"ImageObject\",\"inLanguage\":\"pt-BR\",\"@id\":\"https:\/\/noticiasdefato.net\/#\/schema\/person\/image\/\",\"url\":\"https:\/\/secure.gravatar.com\/avatar\/700227fab2316f0366a1b5d4988d10f847249cf13293450527ac9553c994611a?s=96&d=mm&r=g\",\"contentUrl\":\"https:\/\/secure.gravatar.com\/avatar\/700227fab2316f0366a1b5d4988d10f847249cf13293450527ac9553c994611a?s=96&d=mm&r=g\",\"caption\":\"Noticias de Fato\"},\"sameAs\":[\"https:\/\/noticiasdefato.net\",\"http:\/\/fb.com\/\/noticiasdefato.jornal\",\"https:\/\/x.com\/https:\/\/twitter.com\/NoticiasDeFato_\"],\"url\":\"https:\/\/noticiasdefato.net\/?author=1\"}]}<\/script>\n<!-- \/ Yoast SEO plugin. -->","yoast_head_json":{"title":"PACIENTE DE ALFENAS QUE FAZ TRATAMENTO FORA DO MUNICIPIO RECLAMA DO DESCASO - Not\u00edcias de Fato","robots":{"index":"index","follow":"follow","max-snippet":"max-snippet:-1","max-image-preview":"max-image-preview:large","max-video-preview":"max-video-preview:-1"},"canonical":"https:\/\/noticiasdefato.net\/?p=1066","og_locale":"pt_BR","og_type":"article","og_title":"PACIENTE DE ALFENAS QUE FAZ TRATAMENTO FORA DO MUNICIPIO RECLAMA DO DESCASO - Not\u00edcias de Fato","og_description":"Prefeitura suspendeu o aux\u00edlio de R$ 8,40 para pacientes que fazem tratamento fora de Alfenas.","og_url":"https:\/\/noticiasdefato.net\/?p=1066","og_site_name":"Not\u00edcias de Fato","article_publisher":"https:\/\/fb.com\/noticiasdefato.jornal","article_author":"http:\/\/fb.com\/\/noticiasdefato.jornal","article_published_time":"2024-04-12T08:02:39+00:00","article_modified_time":"2024-05-01T14:08:31+00:00","og_image":[{"width":596,"height":331,"url":"https:\/\/noticiasdefato.net\/wp-content\/uploads\/2024\/04\/materia-zaia.png","type":"image\/png"}],"author":"Noticias de Fato","twitter_card":"summary_large_image","twitter_creator":"@https:\/\/twitter.com\/NoticiasDeFato_","twitter_site":"@noticiasdefato_","twitter_misc":{"Escrito por":"Noticias de Fato","Est. tempo de leitura":"3 minutos"},"schema":{"@context":"https:\/\/schema.org","@graph":[{"@type":"Article","@id":"https:\/\/noticiasdefato.net\/?p=1066#article","isPartOf":{"@id":"https:\/\/noticiasdefato.net\/?p=1066"},"author":{"name":"Noticias de Fato","@id":"https:\/\/noticiasdefato.net\/#\/schema\/person\/982ce60211d95acf059cd702aa260d08"},"headline":"PACIENTE DE ALFENAS QUE FAZ TRATAMENTO FORA DO MUNICIPIO RECLAMA DO DESCASO","datePublished":"2024-04-12T08:02:39+00:00","dateModified":"2024-05-01T14:08:31+00:00","mainEntityOfPage":{"@id":"https:\/\/noticiasdefato.net\/?p=1066"},"wordCount":537,"commentCount":0,"publisher":{"@id":"https:\/\/noticiasdefato.net\/#organization"},"image":{"@id":"https:\/\/noticiasdefato.net\/?p=1066#primaryimage"},"thumbnailUrl":"https:\/\/noticiasdefato.net\/wp-content\/uploads\/2024\/04\/materia-zaia.png","articleSection":["Sa\u00fade"],"inLanguage":"pt-BR","potentialAction":[{"@type":"CommentAction","name":"Comment","target":["https:\/\/noticiasdefato.net\/?p=1066#respond"]}]},{"@type":"WebPage","@id":"https:\/\/noticiasdefato.net\/?p=1066","url":"https:\/\/noticiasdefato.net\/?p=1066","name":"PACIENTE DE ALFENAS QUE FAZ TRATAMENTO FORA DO MUNICIPIO RECLAMA DO DESCASO - Not\u00edcias de Fato","isPartOf":{"@id":"https:\/\/noticiasdefato.net\/#website"},"primaryImageOfPage":{"@id":"https:\/\/noticiasdefato.net\/?p=1066#primaryimage"},"image":{"@id":"https:\/\/noticiasdefato.net\/?p=1066#primaryimage"},"thumbnailUrl":"https:\/\/noticiasdefato.net\/wp-content\/uploads\/2024\/04\/materia-zaia.png","datePublished":"2024-04-12T08:02:39+00:00","dateModified":"2024-05-01T14:08:31+00:00","breadcrumb":{"@id":"https:\/\/noticiasdefato.net\/?p=1066#breadcrumb"},"inLanguage":"pt-BR","potentialAction":[{"@type":"ReadAction","target":["https:\/\/noticiasdefato.net\/?p=1066"]}]},{"@type":"ImageObject","inLanguage":"pt-BR","@id":"https:\/\/noticiasdefato.net\/?p=1066#primaryimage","url":"https:\/\/noticiasdefato.net\/wp-content\/uploads\/2024\/04\/materia-zaia.png","contentUrl":"https:\/\/noticiasdefato.net\/wp-content\/uploads\/2024\/04\/materia-zaia.png","width":596,"height":331},{"@type":"BreadcrumbList","@id":"https:\/\/noticiasdefato.net\/?p=1066#breadcrumb","itemListElement":[{"@type":"ListItem","position":1,"name":"In\u00edcio","item":"https:\/\/noticiasdefato.net\/"},{"@type":"ListItem","position":2,"name":"PACIENTE DE ALFENAS QUE FAZ TRATAMENTO FORA DO MUNICIPIO RECLAMA DO DESCASO"}]},{"@type":"WebSite","@id":"https:\/\/noticiasdefato.net\/#website","url":"https:\/\/noticiasdefato.net\/","name":"Not\u00edcias de Fato","description":"Trabalhamos com honestidade, seriedade e com a verdade.","publisher":{"@id":"https:\/\/noticiasdefato.net\/#organization"},"potentialAction":[{"@type":"SearchAction","target":{"@type":"EntryPoint","urlTemplate":"https:\/\/noticiasdefato.net\/?s={search_term_string}"},"query-input":"required name=search_term_string"}],"inLanguage":"pt-BR"},{"@type":"Organization","@id":"https:\/\/noticiasdefato.net\/#organization","name":"Not\u00edcias de Fato","url":"https:\/\/noticiasdefato.net\/","logo":{"@type":"ImageObject","inLanguage":"pt-BR","@id":"https:\/\/noticiasdefato.net\/#\/schema\/logo\/image\/","url":"https:\/\/noticiasdefato.net\/wp-content\/uploads\/2024\/02\/cropped-logo_topo.png","contentUrl":"https:\/\/noticiasdefato.net\/wp-content\/uploads\/2024\/02\/cropped-logo_topo.png","width":1948,"height":665,"caption":"Not\u00edcias de Fato"},"image":{"@id":"https:\/\/noticiasdefato.net\/#\/schema\/logo\/image\/"},"sameAs":["https:\/\/fb.com\/noticiasdefato.jornal","https:\/\/x.com\/noticiasdefato_","https:\/\/instagram.com\/noticiasdefato.jornal","https:\/\/youtube.com\/@JornalNoticiasDeFato"]},{"@type":"Person","@id":"https:\/\/noticiasdefato.net\/#\/schema\/person\/982ce60211d95acf059cd702aa260d08","name":"Noticias de Fato","image":{"@type":"ImageObject","inLanguage":"pt-BR","@id":"https:\/\/noticiasdefato.net\/#\/schema\/person\/image\/","url":"https:\/\/secure.gravatar.com\/avatar\/700227fab2316f0366a1b5d4988d10f847249cf13293450527ac9553c994611a?s=96&d=mm&r=g","contentUrl":"https:\/\/secure.gravatar.com\/avatar\/700227fab2316f0366a1b5d4988d10f847249cf13293450527ac9553c994611a?s=96&d=mm&r=g","caption":"Noticias de Fato"},"sameAs":["https:\/\/noticiasdefato.net","http:\/\/fb.com\/\/noticiasdefato.jornal","https:\/\/x.com\/https:\/\/twitter.com\/NoticiasDeFato_"],"url":"https:\/\/noticiasdefato.net\/?author=1"}]}},"_links":{"self":[{"href":"https:\/\/noticiasdefato.net\/index.php?rest_route=\/wp\/v2\/posts\/1066","targetHints":{"allow":["GET"]}}],"collection":[{"href":"https:\/\/noticiasdefato.net\/index.php?rest_route=\/wp\/v2\/posts"}],"about":[{"href":"https:\/\/noticiasdefato.net\/index.php?rest_route=\/wp\/v2\/types\/post"}],"author":[{"embeddable":true,"href":"https:\/\/noticiasdefato.net\/index.php?rest_route=\/wp\/v2\/users\/1"}],"replies":[{"embeddable":true,"href":"https:\/\/noticiasdefato.net\/index.php?rest_route=%2Fwp%2Fv2%2Fcomments&post=1066"}],"version-history":[{"count":2,"href":"https:\/\/noticiasdefato.net\/index.php?rest_route=\/wp\/v2\/posts\/1066\/revisions"}],"predecessor-version":[{"id":1083,"href":"https:\/\/noticiasdefato.net\/index.php?rest_route=\/wp\/v2\/posts\/1066\/revisions\/1083"}],"wp:featuredmedia":[{"embeddable":true,"href":"https:\/\/noticiasdefato.net\/index.php?rest_route=\/wp\/v2\/media\/1067"}],"wp:attachment":[{"href":"https:\/\/noticiasdefato.net\/index.php?rest_route=%2Fwp%2Fv2%2Fmedia&parent=1066"}],"wp:term":[{"taxonomy":"category","embeddable":true,"href":"https:\/\/noticiasdefato.net\/index.php?rest_route=%2Fwp%2Fv2%2Fcategories&post=1066"},{"taxonomy":"post_tag","embeddable":true,"href":"https:\/\/noticiasdefato.net\/index.php?rest_route=%2Fwp%2Fv2%2Ftags&post=1066"}],"curies":[{"name":"wp","href":"https:\/\/api.w.org\/{rel}","templated":true}]}}