{"id":1070,"date":"2024-04-13T11:33:49","date_gmt":"2024-04-13T14:33:49","guid":{"rendered":"https:\/\/noticiasdefato.net\/?p=1070"},"modified":"2024-05-01T11:08:40","modified_gmt":"2024-05-01T14:08:40","slug":"discurso-lindo-pratica-nem-tanto","status":"publish","type":"post","link":"https:\/\/noticiasdefato.net\/?p=1070","title":{"rendered":"DISCURSO LINDO, PR\u00c1TICA NEM TANTO"},"content":{"rendered":"\n<p>Na segunda-feira, dia 1\u00ba, os vereadores de Alfenas aprovaram, por unanimidade, que tramite em regime de urg\u00eancia na casa a cria\u00e7\u00e3o da secretaria da mulher, proposta pela vereadora Katia Goyat\u00e1 (PDT).<\/p>\n\n\n\n<p>O discurso \u00e9 bonito mas, na pr\u00e1tica, n\u00e3o \u00e9 essa a realidade. Esse fato poderia ser facilmente ilustrado com o caso do afastamento do vereador Guinho (PT), que \u00e9 acusado de agredir a esposa, Camila (assessora do deputado Luizinho do PT). Isso porque quando a suposta agress\u00e3o ocorreu, NENHUM vereador deu iniciativa ao pedido de afastamento do petista. Nem mesmo vereadores que fazem discursos lindos &#8211; por\u00e9m supostamente esvaziados de verdade &#8211; como a pr\u00f3pria Katia Goyat\u00e1, Luciano Solar e Tani Rosi. Todos ficaram inertes e foi necess\u00e1ria uma a\u00e7\u00e3o popular para dar in\u00edcio ao processo que afastou o suposto agressor, Guinho (PT).<\/p>\n\n\n\n<p>Mas, para n\u00e3o ficar apenas em um caso em espec\u00edfico, vamos a um outro fato, de repercus\u00e3o nacional: na segunda-feira os vereadores disseram defender as mulheres para justificar a cria\u00e7\u00e3o de uma nova secretaria, por\u00e9m, no dia seguinte, o filho de Lula agrediu sua ex-companheira, f\u00edsicamente e verbalmente, segundo not\u00edcias amplamente veiculadas pela imprensa nacional, al\u00e9m de se gabar de que escaparia da justi\u00e7a (igual o seu pai, Lula) por se tratar do filho do presidente.<\/p>\n\n\n<div class=\"wp-block-image\">\n<figure class=\"aligncenter size-large is-resized\"><img fetchpriority=\"high\" decoding=\"async\" width=\"1187\" height=\"1186\" src=\"https:\/\/noticiasdefato.net\/wp-content\/uploads\/2024\/04\/filho-mula-edited.jpeg\" alt=\"\" class=\"wp-image-1073\" style=\"width:652px;height:auto\" srcset=\"https:\/\/noticiasdefato.net\/wp-content\/uploads\/2024\/04\/filho-mula-edited.jpeg 1187w, https:\/\/noticiasdefato.net\/wp-content\/uploads\/2024\/04\/filho-mula-edited-300x300.jpeg 300w, https:\/\/noticiasdefato.net\/wp-content\/uploads\/2024\/04\/filho-mula-edited-1024x1024.jpeg 1024w, https:\/\/noticiasdefato.net\/wp-content\/uploads\/2024\/04\/filho-mula-edited-150x150.jpeg 150w, https:\/\/noticiasdefato.net\/wp-content\/uploads\/2024\/04\/filho-mula-edited-768x767.jpeg 768w, https:\/\/noticiasdefato.net\/wp-content\/uploads\/2024\/04\/filho-mula-edited-90x90.jpeg 90w\" sizes=\"(max-width: 1187px) 100vw, 1187px\" \/><\/figure>\n<\/div>\n\n\n<p>Posteriormente a esse fato envolvendo o filho de Lula, ocorreu nesta segunda-feira, 08, reuni\u00e3o da c\u00e2mara de vereadores de Alfenas. Os autodenominados defensores das mulheres sequer tocaram no tema. Nem a vereadora K\u00e1tia, que se intitula representante e advogada da causa das mulheres, nem Luciano Solar, que adora falar de temas nacionais, nem de Tani Rosi, que se auto intitula defensora as mulheres.<\/p>\n\n\n\n<p>Ou seja, a cria\u00e7\u00e3o de uma secretaria da mulher ap\u00f3s esses fatos tem verniz de defesa da mulher, por\u00e9m, mais parece um abrigo para aliados pol\u00edticos, custeado pelos impostos da popula\u00e7\u00e3o. A import\u00e2ncia da defesa da mulher deveria ser imparcial, ou seja, independente do lado ideol\u00f3gico (esquerda, centro ou direita). Com tal atitude, os vereadores transparecem para a popula\u00e7\u00e3o uma mensagem de que se a mulher \u00e9 de esquerda, ela poderia apanhar que jamais ir\u00e3o se revoltar, se n\u00e3o forem provocados a isso pela popula\u00e7\u00e3o, como ocorreu no caso do vereador Guinho (PT).<\/p>\n\n\n\n<p>Agora, fa\u00e7amos um exerc\u00edcio: troque o nome dos personagens envolvidos e veja a m\u00e1gica acontecer. Se fosse um filho do presidente Bolsonaro a agredir a esposa, certamente esses vereadores de extrema esquerda mencionados nesta mat\u00e9ria estariam fazendo um show na reuni\u00e3o da c\u00e2mara, atacando at\u00e9 mesmo o Bolsonaro que nada teria a ver com o problema. Por\u00e9m, como se trata do filho de Lula, n\u00e3o h\u00e1 cr\u00edtica ao filho dele, n\u00e3o h\u00e1 cr\u00edtica a ele. Ou seja, passam a ideia de que mulher de esquerda pode apanhar.<\/p>\n\n\n\n<figure class=\"wp-block-image size-full\"><img decoding=\"async\" width=\"823\" height=\"416\" src=\"https:\/\/noticiasdefato.net\/wp-content\/uploads\/2024\/04\/estatisticas-violencia-mulher.jpeg\" alt=\"\" class=\"wp-image-1074\" srcset=\"https:\/\/noticiasdefato.net\/wp-content\/uploads\/2024\/04\/estatisticas-violencia-mulher.jpeg 823w, https:\/\/noticiasdefato.net\/wp-content\/uploads\/2024\/04\/estatisticas-violencia-mulher-300x152.jpeg 300w, https:\/\/noticiasdefato.net\/wp-content\/uploads\/2024\/04\/estatisticas-violencia-mulher-768x388.jpeg 768w, https:\/\/noticiasdefato.net\/wp-content\/uploads\/2024\/04\/estatisticas-violencia-mulher-178x90.jpeg 178w\" sizes=\"(max-width: 823px) 100vw, 823px\" \/><\/figure>\n\n\n\n<p>Num momento como esse \u00e9 importante trazer ao centro do assunto dados do Atlas da Viol\u00eancia[1]. No governo Bolsonaro a viol\u00eancia contra a mulher teve queda, chegando a taxa m\u00ednima de 1,2 por 100 mil mulheres. J\u00e1 sob Lula, apoiado por esses vereadores, ocorreu aumento significativo da viol\u00eancia contra as mulheres e houve registro hist\u00f3rico de 1,4 por 100 mil mulheres [2].<\/p>\n\n\n\n<figure class=\"wp-block-image size-large\"><img decoding=\"async\" width=\"1024\" height=\"282\" src=\"https:\/\/noticiasdefato.net\/wp-content\/uploads\/2024\/04\/lula-record-agressao-mulher-1024x282.jpeg\" alt=\"\" class=\"wp-image-1075\" srcset=\"https:\/\/noticiasdefato.net\/wp-content\/uploads\/2024\/04\/lula-record-agressao-mulher-1024x282.jpeg 1024w, https:\/\/noticiasdefato.net\/wp-content\/uploads\/2024\/04\/lula-record-agressao-mulher-300x83.jpeg 300w, https:\/\/noticiasdefato.net\/wp-content\/uploads\/2024\/04\/lula-record-agressao-mulher-768x211.jpeg 768w, https:\/\/noticiasdefato.net\/wp-content\/uploads\/2024\/04\/lula-record-agressao-mulher-327x90.jpeg 327w, https:\/\/noticiasdefato.net\/wp-content\/uploads\/2024\/04\/lula-record-agressao-mulher.jpeg 1170w\" sizes=\"(max-width: 1024px) 100vw, 1024px\" \/><\/figure>\n\n\n\n<p>Diante desses fatos, algu\u00e9m viu algum vereador abordar o tema? Nenhum. Nem mesmo a Katia Goyat\u00e1 que prop\u00f4s a cria\u00e7\u00e3o de uma secretaria da mulher, que segundo populares, seria para abrig\u00e1-la numa eventual reelei\u00e7\u00e3o do atual prefeito, Fabio Flor\u00eancio, uma vez que ela n\u00e3o teria votos para se reeleger, e, supostamente, foi preterida de ser a vice do atual prefeito. Os demais vereadores, Luciano Solar, Tani Rosi e outros, est\u00e3o em sil\u00eancio absoluto. Ent\u00e3o fica o questionamento: os vereadores de Alfenas realmente se preocupam com as mulheres? Ou se for mulher de algu\u00e9m de esquerda vai apanhar que nada acontecer\u00e1?<\/p>\n\n\n\n<p>REFERENCIAS<br>[1] https:\/\/www.ipea.gov.br\/atlasviolencia\/arquivos\/artigos\/9350-223443riatlasdaviolencia2023-final.pdf<br>[2] Gazeta do Povo &#8211; https:\/\/www.gazetadopovo.com.br\/vida-e-cidadania\/feminicidio-bate-recorde-primeiro-ano-lula-1-463-casos-registrados\/<\/p>\n","protected":false},"excerpt":{"rendered":"<p>Esquerda parece usar pautas nobres como papel higi\u00eanico: usam quando precisam mas descartam quando n\u00e3o rende mais frutos. <a href=\"https:\/\/noticiasdefato.net\/?p=1070\" class=\"more-link\">Continuar lendo <span class=\"screen-reader-text\">DISCURSO LINDO, PR\u00c1TICA NEM TANTO<\/span><\/a><\/p>\n","protected":false},"author":3,"featured_media":1071,"comment_status":"open","ping_status":"open","sticky":false,"template":"","format":"standard","meta":{"footnotes":""},"categories":[18],"tags":[],"class_list":["post-1070","post","type-post","status-publish","format-standard","has-post-thumbnail","hentry","category-politica"],"yoast_head":"<!-- This site is optimized with the Yoast SEO plugin v23.2 - https:\/\/yoast.com\/wordpress\/plugins\/seo\/ -->\n<title>DISCURSO LINDO, PR\u00c1TICA NEM TANTO - Not\u00edcias de Fato<\/title>\n<meta name=\"robots\" content=\"index, follow, max-snippet:-1, max-image-preview:large, max-video-preview:-1\" \/>\n<link rel=\"canonical\" href=\"https:\/\/noticiasdefato.net\/?p=1070\" \/>\n<meta property=\"og:locale\" content=\"pt_BR\" \/>\n<meta property=\"og:type\" content=\"article\" \/>\n<meta property=\"og:title\" content=\"DISCURSO LINDO, PR\u00c1TICA NEM TANTO - Not\u00edcias de Fato\" \/>\n<meta property=\"og:description\" content=\"Esquerda parece usar pautas nobres como papel higi\u00eanico: usam quando precisam mas descartam quando n\u00e3o rende mais frutos.\" \/>\n<meta property=\"og:url\" content=\"https:\/\/noticiasdefato.net\/?p=1070\" \/>\n<meta property=\"og:site_name\" content=\"Not\u00edcias de Fato\" \/>\n<meta property=\"article:publisher\" content=\"https:\/\/fb.com\/noticiasdefato.jornal\" \/>\n<meta property=\"article:published_time\" content=\"2024-04-13T14:33:49+00:00\" \/>\n<meta property=\"article:modified_time\" content=\"2024-05-01T14:08:40+00:00\" \/>\n<meta property=\"og:image\" content=\"https:\/\/noticiasdefato.net\/wp-content\/uploads\/2024\/04\/esquerda-camara.png\" \/>\n\t<meta property=\"og:image:width\" content=\"1865\" \/>\n\t<meta property=\"og:image:height\" content=\"336\" \/>\n\t<meta property=\"og:image:type\" content=\"image\/png\" \/>\n<meta name=\"author\" content=\"Thiago Eduardo\" \/>\n<meta name=\"twitter:card\" content=\"summary_large_image\" \/>\n<meta name=\"twitter:creator\" content=\"@noticiasdefato_\" \/>\n<meta name=\"twitter:site\" content=\"@noticiasdefato_\" \/>\n<meta name=\"twitter:label1\" content=\"Escrito por\" \/>\n\t<meta name=\"twitter:data1\" content=\"Thiago Eduardo\" \/>\n\t<meta name=\"twitter:label2\" content=\"Est. tempo de leitura\" \/>\n\t<meta name=\"twitter:data2\" content=\"5 minutos\" \/>\n<script type=\"application\/ld+json\" class=\"yoast-schema-graph\">{\"@context\":\"https:\/\/schema.org\",\"@graph\":[{\"@type\":\"Article\",\"@id\":\"https:\/\/noticiasdefato.net\/?p=1070#article\",\"isPartOf\":{\"@id\":\"https:\/\/noticiasdefato.net\/?p=1070\"},\"author\":{\"name\":\"Thiago Eduardo\",\"@id\":\"https:\/\/noticiasdefato.net\/#\/schema\/person\/991aa25c94399b45050a06ad540c702f\"},\"headline\":\"DISCURSO LINDO, PR\u00c1TICA NEM TANTO\",\"datePublished\":\"2024-04-13T14:33:49+00:00\",\"dateModified\":\"2024-05-01T14:08:40+00:00\",\"mainEntityOfPage\":{\"@id\":\"https:\/\/noticiasdefato.net\/?p=1070\"},\"wordCount\":695,\"commentCount\":0,\"publisher\":{\"@id\":\"https:\/\/noticiasdefato.net\/#organization\"},\"image\":{\"@id\":\"https:\/\/noticiasdefato.net\/?p=1070#primaryimage\"},\"thumbnailUrl\":\"https:\/\/noticiasdefato.net\/wp-content\/uploads\/2024\/04\/esquerda-camara.png\",\"articleSection\":[\"Pol\u00edtica\"],\"inLanguage\":\"pt-BR\",\"potentialAction\":[{\"@type\":\"CommentAction\",\"name\":\"Comment\",\"target\":[\"https:\/\/noticiasdefato.net\/?p=1070#respond\"]}]},{\"@type\":\"WebPage\",\"@id\":\"https:\/\/noticiasdefato.net\/?p=1070\",\"url\":\"https:\/\/noticiasdefato.net\/?p=1070\",\"name\":\"DISCURSO LINDO, PR\u00c1TICA NEM TANTO - Not\u00edcias de Fato\",\"isPartOf\":{\"@id\":\"https:\/\/noticiasdefato.net\/#website\"},\"primaryImageOfPage\":{\"@id\":\"https:\/\/noticiasdefato.net\/?p=1070#primaryimage\"},\"image\":{\"@id\":\"https:\/\/noticiasdefato.net\/?p=1070#primaryimage\"},\"thumbnailUrl\":\"https:\/\/noticiasdefato.net\/wp-content\/uploads\/2024\/04\/esquerda-camara.png\",\"datePublished\":\"2024-04-13T14:33:49+00:00\",\"dateModified\":\"2024-05-01T14:08:40+00:00\",\"breadcrumb\":{\"@id\":\"https:\/\/noticiasdefato.net\/?p=1070#breadcrumb\"},\"inLanguage\":\"pt-BR\",\"potentialAction\":[{\"@type\":\"ReadAction\",\"target\":[\"https:\/\/noticiasdefato.net\/?p=1070\"]}]},{\"@type\":\"ImageObject\",\"inLanguage\":\"pt-BR\",\"@id\":\"https:\/\/noticiasdefato.net\/?p=1070#primaryimage\",\"url\":\"https:\/\/noticiasdefato.net\/wp-content\/uploads\/2024\/04\/esquerda-camara.png\",\"contentUrl\":\"https:\/\/noticiasdefato.net\/wp-content\/uploads\/2024\/04\/esquerda-camara.png\",\"width\":1865,\"height\":336},{\"@type\":\"BreadcrumbList\",\"@id\":\"https:\/\/noticiasdefato.net\/?p=1070#breadcrumb\",\"itemListElement\":[{\"@type\":\"ListItem\",\"position\":1,\"name\":\"In\u00edcio\",\"item\":\"https:\/\/noticiasdefato.net\/\"},{\"@type\":\"ListItem\",\"position\":2,\"name\":\"DISCURSO LINDO, PR\u00c1TICA NEM TANTO\"}]},{\"@type\":\"WebSite\",\"@id\":\"https:\/\/noticiasdefato.net\/#website\",\"url\":\"https:\/\/noticiasdefato.net\/\",\"name\":\"Not\u00edcias de Fato\",\"description\":\"Trabalhamos com honestidade, seriedade e com a verdade.\",\"publisher\":{\"@id\":\"https:\/\/noticiasdefato.net\/#organization\"},\"potentialAction\":[{\"@type\":\"SearchAction\",\"target\":{\"@type\":\"EntryPoint\",\"urlTemplate\":\"https:\/\/noticiasdefato.net\/?s={search_term_string}\"},\"query-input\":\"required name=search_term_string\"}],\"inLanguage\":\"pt-BR\"},{\"@type\":\"Organization\",\"@id\":\"https:\/\/noticiasdefato.net\/#organization\",\"name\":\"Not\u00edcias de Fato\",\"url\":\"https:\/\/noticiasdefato.net\/\",\"logo\":{\"@type\":\"ImageObject\",\"inLanguage\":\"pt-BR\",\"@id\":\"https:\/\/noticiasdefato.net\/#\/schema\/logo\/image\/\",\"url\":\"https:\/\/noticiasdefato.net\/wp-content\/uploads\/2024\/02\/cropped-logo_topo.png\",\"contentUrl\":\"https:\/\/noticiasdefato.net\/wp-content\/uploads\/2024\/02\/cropped-logo_topo.png\",\"width\":1948,\"height\":665,\"caption\":\"Not\u00edcias de Fato\"},\"image\":{\"@id\":\"https:\/\/noticiasdefato.net\/#\/schema\/logo\/image\/\"},\"sameAs\":[\"https:\/\/fb.com\/noticiasdefato.jornal\",\"https:\/\/x.com\/noticiasdefato_\",\"https:\/\/instagram.com\/noticiasdefato.jornal\",\"https:\/\/youtube.com\/@JornalNoticiasDeFato\"]},{\"@type\":\"Person\",\"@id\":\"https:\/\/noticiasdefato.net\/#\/schema\/person\/991aa25c94399b45050a06ad540c702f\",\"name\":\"Thiago Eduardo\",\"image\":{\"@type\":\"ImageObject\",\"inLanguage\":\"pt-BR\",\"@id\":\"https:\/\/noticiasdefato.net\/#\/schema\/person\/image\/\",\"url\":\"https:\/\/secure.gravatar.com\/avatar\/b565c072bf1bd0d79efe2c48ab82d1a8df93488df89f920926d6ea2e77d319ba?s=96&d=mm&r=g\",\"contentUrl\":\"https:\/\/secure.gravatar.com\/avatar\/b565c072bf1bd0d79efe2c48ab82d1a8df93488df89f920926d6ea2e77d319ba?s=96&d=mm&r=g\",\"caption\":\"Thiago Eduardo\"},\"url\":\"https:\/\/noticiasdefato.net\/?author=3\"}]}<\/script>\n<!-- \/ Yoast SEO plugin. -->","yoast_head_json":{"title":"DISCURSO LINDO, PR\u00c1TICA NEM TANTO - Not\u00edcias de Fato","robots":{"index":"index","follow":"follow","max-snippet":"max-snippet:-1","max-image-preview":"max-image-preview:large","max-video-preview":"max-video-preview:-1"},"canonical":"https:\/\/noticiasdefato.net\/?p=1070","og_locale":"pt_BR","og_type":"article","og_title":"DISCURSO LINDO, PR\u00c1TICA NEM TANTO - Not\u00edcias de Fato","og_description":"Esquerda parece usar pautas nobres como papel higi\u00eanico: usam quando precisam mas descartam quando n\u00e3o rende mais frutos.","og_url":"https:\/\/noticiasdefato.net\/?p=1070","og_site_name":"Not\u00edcias de Fato","article_publisher":"https:\/\/fb.com\/noticiasdefato.jornal","article_published_time":"2024-04-13T14:33:49+00:00","article_modified_time":"2024-05-01T14:08:40+00:00","og_image":[{"width":1865,"height":336,"url":"https:\/\/noticiasdefato.net\/wp-content\/uploads\/2024\/04\/esquerda-camara.png","type":"image\/png"}],"author":"Thiago Eduardo","twitter_card":"summary_large_image","twitter_creator":"@noticiasdefato_","twitter_site":"@noticiasdefato_","twitter_misc":{"Escrito por":"Thiago Eduardo","Est. tempo de leitura":"5 minutos"},"schema":{"@context":"https:\/\/schema.org","@graph":[{"@type":"Article","@id":"https:\/\/noticiasdefato.net\/?p=1070#article","isPartOf":{"@id":"https:\/\/noticiasdefato.net\/?p=1070"},"author":{"name":"Thiago Eduardo","@id":"https:\/\/noticiasdefato.net\/#\/schema\/person\/991aa25c94399b45050a06ad540c702f"},"headline":"DISCURSO LINDO, PR\u00c1TICA NEM TANTO","datePublished":"2024-04-13T14:33:49+00:00","dateModified":"2024-05-01T14:08:40+00:00","mainEntityOfPage":{"@id":"https:\/\/noticiasdefato.net\/?p=1070"},"wordCount":695,"commentCount":0,"publisher":{"@id":"https:\/\/noticiasdefato.net\/#organization"},"image":{"@id":"https:\/\/noticiasdefato.net\/?p=1070#primaryimage"},"thumbnailUrl":"https:\/\/noticiasdefato.net\/wp-content\/uploads\/2024\/04\/esquerda-camara.png","articleSection":["Pol\u00edtica"],"inLanguage":"pt-BR","potentialAction":[{"@type":"CommentAction","name":"Comment","target":["https:\/\/noticiasdefato.net\/?p=1070#respond"]}]},{"@type":"WebPage","@id":"https:\/\/noticiasdefato.net\/?p=1070","url":"https:\/\/noticiasdefato.net\/?p=1070","name":"DISCURSO LINDO, PR\u00c1TICA NEM TANTO - Not\u00edcias de Fato","isPartOf":{"@id":"https:\/\/noticiasdefato.net\/#website"},"primaryImageOfPage":{"@id":"https:\/\/noticiasdefato.net\/?p=1070#primaryimage"},"image":{"@id":"https:\/\/noticiasdefato.net\/?p=1070#primaryimage"},"thumbnailUrl":"https:\/\/noticiasdefato.net\/wp-content\/uploads\/2024\/04\/esquerda-camara.png","datePublished":"2024-04-13T14:33:49+00:00","dateModified":"2024-05-01T14:08:40+00:00","breadcrumb":{"@id":"https:\/\/noticiasdefato.net\/?p=1070#breadcrumb"},"inLanguage":"pt-BR","potentialAction":[{"@type":"ReadAction","target":["https:\/\/noticiasdefato.net\/?p=1070"]}]},{"@type":"ImageObject","inLanguage":"pt-BR","@id":"https:\/\/noticiasdefato.net\/?p=1070#primaryimage","url":"https:\/\/noticiasdefato.net\/wp-content\/uploads\/2024\/04\/esquerda-camara.png","contentUrl":"https:\/\/noticiasdefato.net\/wp-content\/uploads\/2024\/04\/esquerda-camara.png","width":1865,"height":336},{"@type":"BreadcrumbList","@id":"https:\/\/noticiasdefato.net\/?p=1070#breadcrumb","itemListElement":[{"@type":"ListItem","position":1,"name":"In\u00edcio","item":"https:\/\/noticiasdefato.net\/"},{"@type":"ListItem","position":2,"name":"DISCURSO LINDO, PR\u00c1TICA NEM TANTO"}]},{"@type":"WebSite","@id":"https:\/\/noticiasdefato.net\/#website","url":"https:\/\/noticiasdefato.net\/","name":"Not\u00edcias de Fato","description":"Trabalhamos com honestidade, seriedade e com a verdade.","publisher":{"@id":"https:\/\/noticiasdefato.net\/#organization"},"potentialAction":[{"@type":"SearchAction","target":{"@type":"EntryPoint","urlTemplate":"https:\/\/noticiasdefato.net\/?s={search_term_string}"},"query-input":"required name=search_term_string"}],"inLanguage":"pt-BR"},{"@type":"Organization","@id":"https:\/\/noticiasdefato.net\/#organization","name":"Not\u00edcias de Fato","url":"https:\/\/noticiasdefato.net\/","logo":{"@type":"ImageObject","inLanguage":"pt-BR","@id":"https:\/\/noticiasdefato.net\/#\/schema\/logo\/image\/","url":"https:\/\/noticiasdefato.net\/wp-content\/uploads\/2024\/02\/cropped-logo_topo.png","contentUrl":"https:\/\/noticiasdefato.net\/wp-content\/uploads\/2024\/02\/cropped-logo_topo.png","width":1948,"height":665,"caption":"Not\u00edcias de Fato"},"image":{"@id":"https:\/\/noticiasdefato.net\/#\/schema\/logo\/image\/"},"sameAs":["https:\/\/fb.com\/noticiasdefato.jornal","https:\/\/x.com\/noticiasdefato_","https:\/\/instagram.com\/noticiasdefato.jornal","https:\/\/youtube.com\/@JornalNoticiasDeFato"]},{"@type":"Person","@id":"https:\/\/noticiasdefato.net\/#\/schema\/person\/991aa25c94399b45050a06ad540c702f","name":"Thiago Eduardo","image":{"@type":"ImageObject","inLanguage":"pt-BR","@id":"https:\/\/noticiasdefato.net\/#\/schema\/person\/image\/","url":"https:\/\/secure.gravatar.com\/avatar\/b565c072bf1bd0d79efe2c48ab82d1a8df93488df89f920926d6ea2e77d319ba?s=96&d=mm&r=g","contentUrl":"https:\/\/secure.gravatar.com\/avatar\/b565c072bf1bd0d79efe2c48ab82d1a8df93488df89f920926d6ea2e77d319ba?s=96&d=mm&r=g","caption":"Thiago Eduardo"},"url":"https:\/\/noticiasdefato.net\/?author=3"}]}},"_links":{"self":[{"href":"https:\/\/noticiasdefato.net\/index.php?rest_route=\/wp\/v2\/posts\/1070","targetHints":{"allow":["GET"]}}],"collection":[{"href":"https:\/\/noticiasdefato.net\/index.php?rest_route=\/wp\/v2\/posts"}],"about":[{"href":"https:\/\/noticiasdefato.net\/index.php?rest_route=\/wp\/v2\/types\/post"}],"author":[{"embeddable":true,"href":"https:\/\/noticiasdefato.net\/index.php?rest_route=\/wp\/v2\/users\/3"}],"replies":[{"embeddable":true,"href":"https:\/\/noticiasdefato.net\/index.php?rest_route=%2Fwp%2Fv2%2Fcomments&post=1070"}],"version-history":[{"count":6,"href":"https:\/\/noticiasdefato.net\/index.php?rest_route=\/wp\/v2\/posts\/1070\/revisions"}],"predecessor-version":[{"id":1082,"href":"https:\/\/noticiasdefato.net\/index.php?rest_route=\/wp\/v2\/posts\/1070\/revisions\/1082"}],"wp:featuredmedia":[{"embeddable":true,"href":"https:\/\/noticiasdefato.net\/index.php?rest_route=\/wp\/v2\/media\/1071"}],"wp:attachment":[{"href":"https:\/\/noticiasdefato.net\/index.php?rest_route=%2Fwp%2Fv2%2Fmedia&parent=1070"}],"wp:term":[{"taxonomy":"category","embeddable":true,"href":"https:\/\/noticiasdefato.net\/index.php?rest_route=%2Fwp%2Fv2%2Fcategories&post=1070"},{"taxonomy":"post_tag","embeddable":true,"href":"https:\/\/noticiasdefato.net\/index.php?rest_route=%2Fwp%2Fv2%2Ftags&post=1070"}],"curies":[{"name":"wp","href":"https:\/\/api.w.org\/{rel}","templated":true}]}}