{"id":1092,"date":"2024-04-15T23:13:43","date_gmt":"2024-04-16T02:13:43","guid":{"rendered":"https:\/\/noticiasdefato.net\/?p=1092"},"modified":"2024-06-27T12:09:12","modified_gmt":"2024-06-27T15:09:12","slug":"enem-prazo-para-pedido-de-isencao-da-taxa-de-inscricao-termina-no-dia-26-de-abril","status":"publish","type":"post","link":"https:\/\/noticiasdefato.net\/?p=1092","title":{"rendered":"ENEM: PRAZO PARA PEDIDO DE ISEN\u00c7\u00c3O DA TAXA DE INSCRI\u00c7\u00c3O TERMINA NO DIA 26 DE ABRIL"},"content":{"rendered":"<div class=\"wp-block-image\">\n<figure class=\"aligncenter size-full\"><img fetchpriority=\"high\" decoding=\"async\" width=\"600\" height=\"414\" src=\"https:\/\/noticiasdefato.net\/wp-content\/uploads\/2024\/04\/image-1.png\" alt=\"\" class=\"wp-image-1093\" srcset=\"https:\/\/noticiasdefato.net\/wp-content\/uploads\/2024\/04\/image-1.png 600w, https:\/\/noticiasdefato.net\/wp-content\/uploads\/2024\/04\/image-1-300x207.png 300w, https:\/\/noticiasdefato.net\/wp-content\/uploads\/2024\/04\/image-1-130x90.png 130w\" sizes=\"(max-width: 600px) 100vw, 600px\" \/><\/figure>\n<\/div>\n\n\n<p>Resultado das solicita\u00e7\u00f5es de isen\u00e7\u00e3o da taxa\/Justificativa de aus\u00eancia ser\u00e1 divulgado no dia 13 de maio.<\/p>\n\n\n\n<p>Come\u00e7ou hoje, segunda-feira (15) o per\u00edodo para solicitar a isen\u00e7\u00e3o da taxa de inscri\u00e7\u00e3o no Exame Nacional do Ensino M\u00e9dio (Enem) 2024. O prazo, que segue at\u00e9 26 de abril, vale tamb\u00e9m para justificativas de aus\u00eancia na edi\u00e7\u00e3o de 2023.<\/p>\n\n\n\n<p>Os interessados devem pedir a isen\u00e7\u00e3o pela P\u00e1gina do Participante, utilizando o Login \u00danico do Gov.br. Quem n\u00e3o lembrar a senha da conta pode recuper\u00e1-la seguindo orienta\u00e7\u00f5es dispon\u00edveis na pr\u00f3pria plataforma.<br>Quem tem direito<br>O Instituto Nacional de Estudos e Pesquisas Educacionais An\u00edsio Teixeira (Inep) prev\u00ea a gratuidade da taxa de inscri\u00e7\u00e3o do Enem para candidatos que se enquadram nos seguintes perfis:<\/p>\n\n\n\n<ul class=\"wp-block-list\">\n<li>Matriculados na 3\u00aa s\u00e9rie do ensino m\u00e9dio em 2024 em escola da rede p\u00fablica declarada ao Censo Escolar;<\/li>\n\n\n\n<li>Estudante que cursou todo o ensino m\u00e9dio em escola p\u00fablica ou como bolsista integral em escola privada;<\/li>\n\n\n\n<li>Pessoas em situa\u00e7\u00e3o de vulnerabilidade socioecon\u00f4mica por serem membros de fam\u00edlia de baixa renda, com registro no Cad\u00danico.<br>Justificativa de aus\u00eancia<br>Segundo o Inep, quem n\u00e3o compareceu aos dois dias de Enem em 2023 precisa justificar a aus\u00eancia caso queira participar da edi\u00e7\u00e3o deste ano gratuitamente.\u00a0<br>Confira o cronograma completo do Enem 2024:<\/li>\n\n\n\n<li>Solicita\u00e7\u00e3o de isen\u00e7\u00e3o da taxa\/Justificativa de aus\u00eancia:\u202fde 15 a 26 de abril<\/li>\n\n\n\n<li>Resultado das solicita\u00e7\u00f5es de isen\u00e7\u00e3o da taxa\/Justificativa de aus\u00eancia:\u202f13 de maio<\/li>\n\n\n\n<li>Per\u00edodo de recursos:\u202fde 13 a 17 de maio<\/li>\n\n\n\n<li>Resultado dos recursos:\u202f24 de maio<br>O exame<br>O Enem avalia o desempenho escolar dos estudantes ao t\u00e9rmino da educa\u00e7\u00e3o b\u00e1sica. Institui\u00e7\u00f5es de ensino p\u00fablicas e privadas utilizam o exame para selecionar estudantes.<br>Os resultados s\u00e3o listados como crit\u00e9rio \u00fanico ou complementar em processos seletivos, al\u00e9m de servirem de par\u00e2metros para acesso a aux\u00edlios governamentais, como o Fundo de Financiamento Estudantil (Fies).<\/li>\n<\/ul>\n\n\n\n<p>Fonte: <a href=\"https:\/\/agenciabrasil.ebc.com.br\/educacao\/noticia\/2024-04\/enem-prazo-para-solicitar-isencao-da-taxa-de-inscricao-comeca-hoje\">Ag\u00eancia Brasil<\/a><\/p>\n","protected":false},"excerpt":{"rendered":"<p>Resultado das solicita\u00e7\u00f5es de isen\u00e7\u00e3o da taxa\/Justificativa de aus\u00eancia ser\u00e1 divulgado no dia 13 de maio. <a href=\"https:\/\/noticiasdefato.net\/?p=1092\" class=\"more-link\">Continuar lendo <span class=\"screen-reader-text\">ENEM: PRAZO PARA PEDIDO DE ISEN\u00c7\u00c3O DA TAXA DE INSCRI\u00c7\u00c3O TERMINA NO DIA 26 DE ABRIL<\/span><\/a><\/p>\n","protected":false},"author":3,"featured_media":0,"comment_status":"open","ping_status":"open","sticky":false,"template":"","format":"standard","meta":{"footnotes":""},"categories":[20],"tags":[],"class_list":["post-1092","post","type-post","status-publish","format-standard","hentry","category-educacao"],"yoast_head":"<!-- This site is optimized with the Yoast SEO plugin v23.2 - https:\/\/yoast.com\/wordpress\/plugins\/seo\/ -->\n<title>ENEM: PRAZO PARA PEDIDO DE ISEN\u00c7\u00c3O DA TAXA DE INSCRI\u00c7\u00c3O TERMINA NO DIA 26 DE ABRIL - Not\u00edcias de Fato<\/title>\n<meta name=\"description\" content=\"Resultado das solicita\u00e7\u00f5es de isen\u00e7\u00e3o da taxa\/Justificativa de aus\u00eancia ser\u00e1 divulgado no dia 13 de maio.\" \/>\n<meta name=\"robots\" content=\"index, follow, max-snippet:-1, max-image-preview:large, max-video-preview:-1\" \/>\n<link rel=\"canonical\" href=\"https:\/\/noticiasdefato.net\/?p=1092\" \/>\n<meta property=\"og:locale\" content=\"pt_BR\" \/>\n<meta property=\"og:type\" content=\"article\" \/>\n<meta property=\"og:title\" content=\"ENEM: PRAZO PARA PEDIDO DE ISEN\u00c7\u00c3O DA TAXA DE INSCRI\u00c7\u00c3O TERMINA NO DIA 26 DE ABRIL - Not\u00edcias de Fato\" \/>\n<meta property=\"og:description\" content=\"Resultado das solicita\u00e7\u00f5es de isen\u00e7\u00e3o da taxa\/Justificativa de aus\u00eancia ser\u00e1 divulgado no dia 13 de maio.\" \/>\n<meta property=\"og:url\" content=\"https:\/\/noticiasdefato.net\/?p=1092\" \/>\n<meta property=\"og:site_name\" content=\"Not\u00edcias de Fato\" \/>\n<meta property=\"article:publisher\" content=\"https:\/\/fb.com\/noticiasdefato.jornal\" \/>\n<meta property=\"article:published_time\" content=\"2024-04-16T02:13:43+00:00\" \/>\n<meta property=\"article:modified_time\" content=\"2024-06-27T15:09:12+00:00\" \/>\n<meta property=\"og:image\" content=\"https:\/\/noticiasdefato.net\/wp-content\/uploads\/2024\/04\/image-1.png\" \/>\n<meta name=\"author\" content=\"Thiago Eduardo\" \/>\n<meta name=\"twitter:card\" content=\"summary_large_image\" \/>\n<meta name=\"twitter:creator\" content=\"@noticiasdefato_\" \/>\n<meta name=\"twitter:site\" content=\"@noticiasdefato_\" \/>\n<meta name=\"twitter:label1\" content=\"Escrito por\" \/>\n\t<meta name=\"twitter:data1\" content=\"Thiago Eduardo\" \/>\n\t<meta name=\"twitter:label2\" content=\"Est. tempo de leitura\" \/>\n\t<meta name=\"twitter:data2\" content=\"2 minutos\" \/>\n<script type=\"application\/ld+json\" class=\"yoast-schema-graph\">{\"@context\":\"https:\/\/schema.org\",\"@graph\":[{\"@type\":\"Article\",\"@id\":\"https:\/\/noticiasdefato.net\/?p=1092#article\",\"isPartOf\":{\"@id\":\"https:\/\/noticiasdefato.net\/?p=1092\"},\"author\":{\"name\":\"Thiago Eduardo\",\"@id\":\"https:\/\/noticiasdefato.net\/#\/schema\/person\/991aa25c94399b45050a06ad540c702f\"},\"headline\":\"ENEM: PRAZO PARA PEDIDO DE ISEN\u00c7\u00c3O DA TAXA DE INSCRI\u00c7\u00c3O TERMINA NO DIA 26 DE ABRIL\",\"datePublished\":\"2024-04-16T02:13:43+00:00\",\"dateModified\":\"2024-06-27T15:09:12+00:00\",\"mainEntityOfPage\":{\"@id\":\"https:\/\/noticiasdefato.net\/?p=1092\"},\"wordCount\":358,\"commentCount\":0,\"publisher\":{\"@id\":\"https:\/\/noticiasdefato.net\/#organization\"},\"image\":{\"@id\":\"https:\/\/noticiasdefato.net\/?p=1092#primaryimage\"},\"thumbnailUrl\":\"https:\/\/noticiasdefato.net\/wp-content\/uploads\/2024\/04\/image-1.png\",\"articleSection\":[\"Educa\u00e7\u00e3o\"],\"inLanguage\":\"pt-BR\",\"potentialAction\":[{\"@type\":\"CommentAction\",\"name\":\"Comment\",\"target\":[\"https:\/\/noticiasdefato.net\/?p=1092#respond\"]}]},{\"@type\":\"WebPage\",\"@id\":\"https:\/\/noticiasdefato.net\/?p=1092\",\"url\":\"https:\/\/noticiasdefato.net\/?p=1092\",\"name\":\"ENEM: PRAZO PARA PEDIDO DE ISEN\u00c7\u00c3O DA TAXA DE INSCRI\u00c7\u00c3O TERMINA NO DIA 26 DE ABRIL - Not\u00edcias de Fato\",\"isPartOf\":{\"@id\":\"https:\/\/noticiasdefato.net\/#website\"},\"primaryImageOfPage\":{\"@id\":\"https:\/\/noticiasdefato.net\/?p=1092#primaryimage\"},\"image\":{\"@id\":\"https:\/\/noticiasdefato.net\/?p=1092#primaryimage\"},\"thumbnailUrl\":\"https:\/\/noticiasdefato.net\/wp-content\/uploads\/2024\/04\/image-1.png\",\"datePublished\":\"2024-04-16T02:13:43+00:00\",\"dateModified\":\"2024-06-27T15:09:12+00:00\",\"description\":\"Resultado das solicita\u00e7\u00f5es de isen\u00e7\u00e3o da taxa\/Justificativa de aus\u00eancia ser\u00e1 divulgado no dia 13 de maio.\",\"breadcrumb\":{\"@id\":\"https:\/\/noticiasdefato.net\/?p=1092#breadcrumb\"},\"inLanguage\":\"pt-BR\",\"potentialAction\":[{\"@type\":\"ReadAction\",\"target\":[\"https:\/\/noticiasdefato.net\/?p=1092\"]}]},{\"@type\":\"ImageObject\",\"inLanguage\":\"pt-BR\",\"@id\":\"https:\/\/noticiasdefato.net\/?p=1092#primaryimage\",\"url\":\"https:\/\/noticiasdefato.net\/wp-content\/uploads\/2024\/04\/image-1.png\",\"contentUrl\":\"https:\/\/noticiasdefato.net\/wp-content\/uploads\/2024\/04\/image-1.png\",\"width\":600,\"height\":414},{\"@type\":\"BreadcrumbList\",\"@id\":\"https:\/\/noticiasdefato.net\/?p=1092#breadcrumb\",\"itemListElement\":[{\"@type\":\"ListItem\",\"position\":1,\"name\":\"In\u00edcio\",\"item\":\"https:\/\/noticiasdefato.net\/\"},{\"@type\":\"ListItem\",\"position\":2,\"name\":\"ENEM: PRAZO PARA PEDIDO DE ISEN\u00c7\u00c3O DA TAXA DE INSCRI\u00c7\u00c3O TERMINA NO DIA 26 DE ABRIL\"}]},{\"@type\":\"WebSite\",\"@id\":\"https:\/\/noticiasdefato.net\/#website\",\"url\":\"https:\/\/noticiasdefato.net\/\",\"name\":\"Not\u00edcias de Fato\",\"description\":\"Trabalhamos com honestidade, seriedade e com a verdade.\",\"publisher\":{\"@id\":\"https:\/\/noticiasdefato.net\/#organization\"},\"potentialAction\":[{\"@type\":\"SearchAction\",\"target\":{\"@type\":\"EntryPoint\",\"urlTemplate\":\"https:\/\/noticiasdefato.net\/?s={search_term_string}\"},\"query-input\":\"required name=search_term_string\"}],\"inLanguage\":\"pt-BR\"},{\"@type\":\"Organization\",\"@id\":\"https:\/\/noticiasdefato.net\/#organization\",\"name\":\"Not\u00edcias de Fato\",\"url\":\"https:\/\/noticiasdefato.net\/\",\"logo\":{\"@type\":\"ImageObject\",\"inLanguage\":\"pt-BR\",\"@id\":\"https:\/\/noticiasdefato.net\/#\/schema\/logo\/image\/\",\"url\":\"https:\/\/noticiasdefato.net\/wp-content\/uploads\/2024\/02\/cropped-logo_topo.png\",\"contentUrl\":\"https:\/\/noticiasdefato.net\/wp-content\/uploads\/2024\/02\/cropped-logo_topo.png\",\"width\":1948,\"height\":665,\"caption\":\"Not\u00edcias de Fato\"},\"image\":{\"@id\":\"https:\/\/noticiasdefato.net\/#\/schema\/logo\/image\/\"},\"sameAs\":[\"https:\/\/fb.com\/noticiasdefato.jornal\",\"https:\/\/x.com\/noticiasdefato_\",\"https:\/\/instagram.com\/noticiasdefato.jornal\",\"https:\/\/youtube.com\/@JornalNoticiasDeFato\"]},{\"@type\":\"Person\",\"@id\":\"https:\/\/noticiasdefato.net\/#\/schema\/person\/991aa25c94399b45050a06ad540c702f\",\"name\":\"Thiago Eduardo\",\"image\":{\"@type\":\"ImageObject\",\"inLanguage\":\"pt-BR\",\"@id\":\"https:\/\/noticiasdefato.net\/#\/schema\/person\/image\/\",\"url\":\"https:\/\/secure.gravatar.com\/avatar\/b565c072bf1bd0d79efe2c48ab82d1a8df93488df89f920926d6ea2e77d319ba?s=96&d=mm&r=g\",\"contentUrl\":\"https:\/\/secure.gravatar.com\/avatar\/b565c072bf1bd0d79efe2c48ab82d1a8df93488df89f920926d6ea2e77d319ba?s=96&d=mm&r=g\",\"caption\":\"Thiago Eduardo\"},\"url\":\"https:\/\/noticiasdefato.net\/?author=3\"}]}<\/script>\n<!-- \/ Yoast SEO plugin. -->","yoast_head_json":{"title":"ENEM: PRAZO PARA PEDIDO DE ISEN\u00c7\u00c3O DA TAXA DE INSCRI\u00c7\u00c3O TERMINA NO DIA 26 DE ABRIL - Not\u00edcias de Fato","description":"Resultado das solicita\u00e7\u00f5es de isen\u00e7\u00e3o da taxa\/Justificativa de aus\u00eancia ser\u00e1 divulgado no dia 13 de maio.","robots":{"index":"index","follow":"follow","max-snippet":"max-snippet:-1","max-image-preview":"max-image-preview:large","max-video-preview":"max-video-preview:-1"},"canonical":"https:\/\/noticiasdefato.net\/?p=1092","og_locale":"pt_BR","og_type":"article","og_title":"ENEM: PRAZO PARA PEDIDO DE ISEN\u00c7\u00c3O DA TAXA DE INSCRI\u00c7\u00c3O TERMINA NO DIA 26 DE ABRIL - Not\u00edcias de Fato","og_description":"Resultado das solicita\u00e7\u00f5es de isen\u00e7\u00e3o da taxa\/Justificativa de aus\u00eancia ser\u00e1 divulgado no dia 13 de maio.","og_url":"https:\/\/noticiasdefato.net\/?p=1092","og_site_name":"Not\u00edcias de Fato","article_publisher":"https:\/\/fb.com\/noticiasdefato.jornal","article_published_time":"2024-04-16T02:13:43+00:00","article_modified_time":"2024-06-27T15:09:12+00:00","og_image":[{"url":"https:\/\/noticiasdefato.net\/wp-content\/uploads\/2024\/04\/image-1.png"}],"author":"Thiago Eduardo","twitter_card":"summary_large_image","twitter_creator":"@noticiasdefato_","twitter_site":"@noticiasdefato_","twitter_misc":{"Escrito por":"Thiago Eduardo","Est. tempo de leitura":"2 minutos"},"schema":{"@context":"https:\/\/schema.org","@graph":[{"@type":"Article","@id":"https:\/\/noticiasdefato.net\/?p=1092#article","isPartOf":{"@id":"https:\/\/noticiasdefato.net\/?p=1092"},"author":{"name":"Thiago Eduardo","@id":"https:\/\/noticiasdefato.net\/#\/schema\/person\/991aa25c94399b45050a06ad540c702f"},"headline":"ENEM: PRAZO PARA PEDIDO DE ISEN\u00c7\u00c3O DA TAXA DE INSCRI\u00c7\u00c3O TERMINA NO DIA 26 DE ABRIL","datePublished":"2024-04-16T02:13:43+00:00","dateModified":"2024-06-27T15:09:12+00:00","mainEntityOfPage":{"@id":"https:\/\/noticiasdefato.net\/?p=1092"},"wordCount":358,"commentCount":0,"publisher":{"@id":"https:\/\/noticiasdefato.net\/#organization"},"image":{"@id":"https:\/\/noticiasdefato.net\/?p=1092#primaryimage"},"thumbnailUrl":"https:\/\/noticiasdefato.net\/wp-content\/uploads\/2024\/04\/image-1.png","articleSection":["Educa\u00e7\u00e3o"],"inLanguage":"pt-BR","potentialAction":[{"@type":"CommentAction","name":"Comment","target":["https:\/\/noticiasdefato.net\/?p=1092#respond"]}]},{"@type":"WebPage","@id":"https:\/\/noticiasdefato.net\/?p=1092","url":"https:\/\/noticiasdefato.net\/?p=1092","name":"ENEM: PRAZO PARA PEDIDO DE ISEN\u00c7\u00c3O DA TAXA DE INSCRI\u00c7\u00c3O TERMINA NO DIA 26 DE ABRIL - Not\u00edcias de Fato","isPartOf":{"@id":"https:\/\/noticiasdefato.net\/#website"},"primaryImageOfPage":{"@id":"https:\/\/noticiasdefato.net\/?p=1092#primaryimage"},"image":{"@id":"https:\/\/noticiasdefato.net\/?p=1092#primaryimage"},"thumbnailUrl":"https:\/\/noticiasdefato.net\/wp-content\/uploads\/2024\/04\/image-1.png","datePublished":"2024-04-16T02:13:43+00:00","dateModified":"2024-06-27T15:09:12+00:00","description":"Resultado das solicita\u00e7\u00f5es de isen\u00e7\u00e3o da taxa\/Justificativa de aus\u00eancia ser\u00e1 divulgado no dia 13 de maio.","breadcrumb":{"@id":"https:\/\/noticiasdefato.net\/?p=1092#breadcrumb"},"inLanguage":"pt-BR","potentialAction":[{"@type":"ReadAction","target":["https:\/\/noticiasdefato.net\/?p=1092"]}]},{"@type":"ImageObject","inLanguage":"pt-BR","@id":"https:\/\/noticiasdefato.net\/?p=1092#primaryimage","url":"https:\/\/noticiasdefato.net\/wp-content\/uploads\/2024\/04\/image-1.png","contentUrl":"https:\/\/noticiasdefato.net\/wp-content\/uploads\/2024\/04\/image-1.png","width":600,"height":414},{"@type":"BreadcrumbList","@id":"https:\/\/noticiasdefato.net\/?p=1092#breadcrumb","itemListElement":[{"@type":"ListItem","position":1,"name":"In\u00edcio","item":"https:\/\/noticiasdefato.net\/"},{"@type":"ListItem","position":2,"name":"ENEM: PRAZO PARA PEDIDO DE ISEN\u00c7\u00c3O DA TAXA DE INSCRI\u00c7\u00c3O TERMINA NO DIA 26 DE ABRIL"}]},{"@type":"WebSite","@id":"https:\/\/noticiasdefato.net\/#website","url":"https:\/\/noticiasdefato.net\/","name":"Not\u00edcias de Fato","description":"Trabalhamos com honestidade, seriedade e com a verdade.","publisher":{"@id":"https:\/\/noticiasdefato.net\/#organization"},"potentialAction":[{"@type":"SearchAction","target":{"@type":"EntryPoint","urlTemplate":"https:\/\/noticiasdefato.net\/?s={search_term_string}"},"query-input":"required name=search_term_string"}],"inLanguage":"pt-BR"},{"@type":"Organization","@id":"https:\/\/noticiasdefato.net\/#organization","name":"Not\u00edcias de Fato","url":"https:\/\/noticiasdefato.net\/","logo":{"@type":"ImageObject","inLanguage":"pt-BR","@id":"https:\/\/noticiasdefato.net\/#\/schema\/logo\/image\/","url":"https:\/\/noticiasdefato.net\/wp-content\/uploads\/2024\/02\/cropped-logo_topo.png","contentUrl":"https:\/\/noticiasdefato.net\/wp-content\/uploads\/2024\/02\/cropped-logo_topo.png","width":1948,"height":665,"caption":"Not\u00edcias de Fato"},"image":{"@id":"https:\/\/noticiasdefato.net\/#\/schema\/logo\/image\/"},"sameAs":["https:\/\/fb.com\/noticiasdefato.jornal","https:\/\/x.com\/noticiasdefato_","https:\/\/instagram.com\/noticiasdefato.jornal","https:\/\/youtube.com\/@JornalNoticiasDeFato"]},{"@type":"Person","@id":"https:\/\/noticiasdefato.net\/#\/schema\/person\/991aa25c94399b45050a06ad540c702f","name":"Thiago Eduardo","image":{"@type":"ImageObject","inLanguage":"pt-BR","@id":"https:\/\/noticiasdefato.net\/#\/schema\/person\/image\/","url":"https:\/\/secure.gravatar.com\/avatar\/b565c072bf1bd0d79efe2c48ab82d1a8df93488df89f920926d6ea2e77d319ba?s=96&d=mm&r=g","contentUrl":"https:\/\/secure.gravatar.com\/avatar\/b565c072bf1bd0d79efe2c48ab82d1a8df93488df89f920926d6ea2e77d319ba?s=96&d=mm&r=g","caption":"Thiago Eduardo"},"url":"https:\/\/noticiasdefato.net\/?author=3"}]}},"_links":{"self":[{"href":"https:\/\/noticiasdefato.net\/index.php?rest_route=\/wp\/v2\/posts\/1092","targetHints":{"allow":["GET"]}}],"collection":[{"href":"https:\/\/noticiasdefato.net\/index.php?rest_route=\/wp\/v2\/posts"}],"about":[{"href":"https:\/\/noticiasdefato.net\/index.php?rest_route=\/wp\/v2\/types\/post"}],"author":[{"embeddable":true,"href":"https:\/\/noticiasdefato.net\/index.php?rest_route=\/wp\/v2\/users\/3"}],"replies":[{"embeddable":true,"href":"https:\/\/noticiasdefato.net\/index.php?rest_route=%2Fwp%2Fv2%2Fcomments&post=1092"}],"version-history":[{"count":1,"href":"https:\/\/noticiasdefato.net\/index.php?rest_route=\/wp\/v2\/posts\/1092\/revisions"}],"predecessor-version":[{"id":1094,"href":"https:\/\/noticiasdefato.net\/index.php?rest_route=\/wp\/v2\/posts\/1092\/revisions\/1094"}],"wp:attachment":[{"href":"https:\/\/noticiasdefato.net\/index.php?rest_route=%2Fwp%2Fv2%2Fmedia&parent=1092"}],"wp:term":[{"taxonomy":"category","embeddable":true,"href":"https:\/\/noticiasdefato.net\/index.php?rest_route=%2Fwp%2Fv2%2Fcategories&post=1092"},{"taxonomy":"post_tag","embeddable":true,"href":"https:\/\/noticiasdefato.net\/index.php?rest_route=%2Fwp%2Fv2%2Ftags&post=1092"}],"curies":[{"name":"wp","href":"https:\/\/api.w.org\/{rel}","templated":true}]}}