{"id":1095,"date":"2024-04-17T01:18:47","date_gmt":"2024-04-17T04:18:47","guid":{"rendered":"https:\/\/noticiasdefato.net\/?p=1095"},"modified":"2024-05-01T11:08:55","modified_gmt":"2024-05-01T14:08:55","slug":"produtor-rural-pede-manutencao-para-as-estradas-rurais-de-alfenas","status":"publish","type":"post","link":"https:\/\/noticiasdefato.net\/?p=1095","title":{"rendered":"PRODUTOR RURAL PEDE MANUTEN\u00c7\u00c3O PARA AS ESTRADAS RURAIS DE ALFENAS"},"content":{"rendered":"\n<p><strong>MORADORES E PRODUTORES SOFREM COM A FALTA DE MANUTEN\u00c7\u00c3O DAS ESTRADAS RURAIS<\/strong><\/p>\n\n\n\n<figure class=\"wp-block-image size-large\"><img fetchpriority=\"high\" decoding=\"async\" width=\"1024\" height=\"505\" src=\"https:\/\/noticiasdefato.net\/wp-content\/uploads\/2024\/04\/image-2-1024x505.png\" alt=\"\" class=\"wp-image-1096\" srcset=\"https:\/\/noticiasdefato.net\/wp-content\/uploads\/2024\/04\/image-2-1024x505.png 1024w, https:\/\/noticiasdefato.net\/wp-content\/uploads\/2024\/04\/image-2-300x148.png 300w, https:\/\/noticiasdefato.net\/wp-content\/uploads\/2024\/04\/image-2-768x379.png 768w, https:\/\/noticiasdefato.net\/wp-content\/uploads\/2024\/04\/image-2-182x90.png 182w, https:\/\/noticiasdefato.net\/wp-content\/uploads\/2024\/04\/image-2.png 1301w\" sizes=\"(max-width: 1024px) 100vw, 1024px\" \/><\/figure>\n\n\n\n<p><br>Em nome dos moradores da zona rural de Alfenas e representando os produtores do munic\u00edpio, Daniel Agostini de Miranda de Castro, Vice-Presidente do Sindicato Rural, usou a tribuna da C\u00e2mara dos Vereadores, na segunda-feira (15) para pedir melhorias e manuten\u00e7\u00e3o das estradas rurais de Alfenas.<br>O produtor come\u00e7ou reconhecendo que, a grande extens\u00e3o de estradas rurais do munic\u00edpio pode at\u00e9 dificultar sua conserva\u00e7\u00e3o, no entanto, ele alertou que a falta de manuten\u00e7\u00e3o aumenta o trabalho, eleva o custo do transporte da produ\u00e7\u00e3o, diminui a qualidade dos produtos e aumenta o tempo para que os moradores e trabalhadores rurais se desloquem para a cidade em busca de escola, hospitais e supermercados.<br>Daniel Agostini contou que, sem a devida manuten\u00e7\u00e3o, os problemas das estradas pioraram nos dois \u00faltimos anos. \u201cA gente v\u00ea que a prefeitura tem dificuldade com maquin\u00e1rios, com equipes pequenas e poucas m\u00e1quinas, (\u2026) mas viemos pedir para que olhem um pouco mais para a zona rural. Quando a gente fala das 30 principais empresas que geram empregos e divisas no munic\u00edpio, 18 delas s\u00e3o ligadas ao agroneg\u00f3cio. O agro representa mais de 50% das maiores empresas de Alfenas\u201d, justificou Agostini.<br>Segundo ele, esta semana, as m\u00e1quinas da prefeitura est\u00e3o trabalhando pr\u00f3ximo \u00e0 sua propriedade, no entanto, ele avisou que \u201ch\u00e1 mais de um ano, a prefeitura n\u00e3o fazia a manuten\u00e7\u00e3o\u201d em sua regi\u00e3o. \u201cO que eu mais escuto das pessoas que moram e trabalham na zona rural s\u00e3o os gastos que tiveram com seus carros. Caminhoneiros que est\u00e3o puxando a produ\u00e7\u00e3o, est\u00e3o passando apertado, quebram ponta de eixo, pneus e isso \u00e9 caro, lamenta Agostini.<br>\u201cEstamos aqui, n\u00f3s produtores e o sindicato rural, para dar as m\u00e3os ao poder p\u00fablico, atrav\u00e9s das secretaria e dos nossos vereadores, para termos acesso digno aos moradores, mas pedimos que os senhores tenham um olhar para a popula\u00e7\u00e3o rural, pediu Agostini aos vereadores.<br>Segundo o produtor, com as \u00faltimas chuvas, os alunos ficaram at\u00e9 15 dias sem ir para escola. \u201cPorque as estradas estavam intransit\u00e1veis.\u201d<br>Iolanda da Silva dos Santos, Secret\u00e1ria de Obras e Desenvolvimento Urbano, que estava no plen\u00e1rio, justificou que as fortes chuvas do in\u00edcio do ano prejudicaram os trabalhos. Mas Daniel Agostini ponderou que faltou um trabalho preventivo por parte da prefeitura. \u201cEm outros munic\u00edpios o acesso do transporte escolar n\u00e3o parou. N\u00e3o estou aqui para culpar ningu\u00e9m, vim trazer o nosso ponto de vista para que melhore o nosso acesso, a escoar a produ\u00e7\u00e3o e que o trabalhador rural possa chegar a escola, ao hospital. A pessoa ficar 10, 15 dias ilhado, sem conseguir sair \u00e9 muito ruim. Cabe um trabalho preventivo, ensina o produtor.<br>Daniel adiantou que o sindicato rural vai confeccionar cartilhas educativas para que os propriet\u00e1rios rurais permitam que se fa\u00e7am bols\u00f5es pr\u00f3ximo \u00e0s suas propriedades. \u201cA lei municipal de estrada tem que funcionar, a enxurrada tem que ser tirada da estrada pra dentro da terra do produtor. A lei tem que prevalecer. Alguns produtores tamb\u00e9m estavam dispostos a fornecer e a pagar cascalho pra prefeitura. Ent\u00e3o o produtor rural est\u00e1 aberto. Precisamos ter um trabalho s\u00e9rio. Nosso munic\u00edpio \u00e9 muito produtivo\u201d, finaliza Daniel Agostini.<\/p>\n\n\n\n<p><strong>QUANTO J\u00c1 FOI PAGO \u00c0 EMPRESA QUE FAZ A MANUTEN\u00c7\u00c3O DAS ESTRADAS RURAIS?<\/strong><\/p>\n\n\n\n<p>Paulinho do Asfalto lembrou que o munic\u00edpio tem cerca de 2 mil e 500 km de estradas, o que dificulta a manuten\u00e7\u00e3o.<br>J\u00e1 o Vereador Jaime fez duras cr\u00edticas aos valores que j\u00e1 foram pagos \u00e0 empresa que tem a concess\u00e3o para a manuten\u00e7\u00e3o das estradas rurais. \u201cSe n\u00f3s fizermos o requerimento sobre o que j\u00e1 foi pago pra esse empres\u00e1rio, daria pra comprar de \u201830 patrol\u2019 para o munic\u00edpio. O que que \u2018t\u00e1\u2019 fazendo esta empresa, que recebe o c\u00famulo todo m\u00eas, e as nossas estradas est\u00e3o esta vergonha? E culpado somos n\u00f3s, sou eu vereador. Mas eu vou prometer que eu vou fazer um requerimento dos \u00faltimos cinco anos, para ter a no\u00e7\u00e3o do que a prefeitura j\u00e1 pagou pra essa empresa\u201d, admitiu Jaime Daniel.<br>Ele completou: \u201cAt\u00e9 quando n\u00f3s vamos aceitar isso? Eu acho que n\u00f3s, todos os vereadores, \u2018tinha\u2019 que assinar um requerimento para saber o que que foi pago a esta empresa. E por que esta empresa deixou para resolver o problema das estradas s\u00f3 agora e ficou um ano sem passar l\u00e1 na propriedade do senhor Daniel?\u201d, disparou o vereador<br>Em defesa do governo, Tani Rose lembrou que o maquin\u00e1rio da prefeitura \u00e9 obsoleto e que novos equipamentos devem ser adquiridos. Ela admitiu que a prefeitura tem dificuldade na compra de cascalho e que na gest\u00e3o anterior este produto vinha de outro munic\u00edpio j\u00e1 que o munic\u00edpio n\u00e3o tinha cascalheira com a devida documenta\u00e7\u00e3o ambiental: \u201cpor isso precisou terceirizar o servi\u00e7o das estradas rurais\u201d, desculpou a vereadora. Ela tamb\u00e9m admitiu que a empresa terceirizada n\u00e3o supre todas as necessidades devido a quantidade de estradas rurais no munic\u00edpio.<br>Por sua vez, o vereador Braz da M\u00e1quina lembrou que a manuten\u00e7\u00e3o das estradas deve ser feita em per\u00edodos de seca. \u201cDeve mexer nas estradas na \u00e9poca da seca e compactar muito bem\u201d, ensinou.<\/p>\n","protected":false},"excerpt":{"rendered":"<p>Abandono das estradas dificultam: acesso dos moradores rurais, o escoamento de produtos e estudantes ficam sem acesso \u00e0 escola. <a href=\"https:\/\/noticiasdefato.net\/?p=1095\" class=\"more-link\">Continuar lendo <span class=\"screen-reader-text\">PRODUTOR RURAL PEDE MANUTEN\u00c7\u00c3O PARA AS ESTRADAS RURAIS DE ALFENAS<\/span><\/a><\/p>\n","protected":false},"author":1,"featured_media":1096,"comment_status":"open","ping_status":"open","sticky":false,"template":"","format":"standard","meta":{"footnotes":""},"categories":[1],"tags":[],"class_list":["post-1095","post","type-post","status-publish","format-standard","has-post-thumbnail","hentry","category-geral"],"yoast_head":"<!-- This site is optimized with the Yoast SEO plugin v23.2 - https:\/\/yoast.com\/wordpress\/plugins\/seo\/ -->\n<title>PRODUTOR RURAL PEDE MANUTEN\u00c7\u00c3O PARA AS ESTRADAS RURAIS DE ALFENAS - Not\u00edcias de Fato<\/title>\n<meta name=\"description\" content=\"Abandono das estradas dificultam: acesso dos moradores rurais, o escoamento de produtos e estudantes ficam sem acesso \u00e0 escola.\" \/>\n<meta name=\"robots\" content=\"index, follow, max-snippet:-1, max-image-preview:large, max-video-preview:-1\" \/>\n<link rel=\"canonical\" href=\"https:\/\/noticiasdefato.net\/?p=1095\" \/>\n<meta property=\"og:locale\" content=\"pt_BR\" \/>\n<meta property=\"og:type\" content=\"article\" \/>\n<meta property=\"og:title\" content=\"PRODUTOR RURAL PEDE MANUTEN\u00c7\u00c3O PARA AS ESTRADAS RURAIS DE ALFENAS - Not\u00edcias de Fato\" \/>\n<meta property=\"og:description\" content=\"Abandono das estradas dificultam: acesso dos moradores rurais, o escoamento de produtos e estudantes ficam sem acesso \u00e0 escola.\" \/>\n<meta property=\"og:url\" content=\"https:\/\/noticiasdefato.net\/?p=1095\" \/>\n<meta property=\"og:site_name\" content=\"Not\u00edcias de Fato\" \/>\n<meta property=\"article:publisher\" content=\"https:\/\/fb.com\/noticiasdefato.jornal\" \/>\n<meta property=\"article:author\" content=\"http:\/\/fb.com\/\/noticiasdefato.jornal\" \/>\n<meta property=\"article:published_time\" content=\"2024-04-17T04:18:47+00:00\" \/>\n<meta property=\"article:modified_time\" content=\"2024-05-01T14:08:55+00:00\" \/>\n<meta property=\"og:image\" content=\"https:\/\/noticiasdefato.net\/wp-content\/uploads\/2024\/04\/image-2.png\" \/>\n\t<meta property=\"og:image:width\" content=\"1301\" \/>\n\t<meta property=\"og:image:height\" content=\"642\" \/>\n\t<meta property=\"og:image:type\" content=\"image\/png\" \/>\n<meta name=\"author\" content=\"Noticias de Fato\" \/>\n<meta name=\"twitter:card\" content=\"summary_large_image\" \/>\n<meta name=\"twitter:creator\" content=\"@https:\/\/twitter.com\/NoticiasDeFato_\" \/>\n<meta name=\"twitter:site\" content=\"@noticiasdefato_\" \/>\n<meta name=\"twitter:label1\" content=\"Escrito por\" \/>\n\t<meta name=\"twitter:data1\" content=\"Noticias de Fato\" \/>\n\t<meta name=\"twitter:label2\" content=\"Est. tempo de leitura\" \/>\n\t<meta name=\"twitter:data2\" content=\"6 minutos\" \/>\n<script type=\"application\/ld+json\" class=\"yoast-schema-graph\">{\"@context\":\"https:\/\/schema.org\",\"@graph\":[{\"@type\":\"Article\",\"@id\":\"https:\/\/noticiasdefato.net\/?p=1095#article\",\"isPartOf\":{\"@id\":\"https:\/\/noticiasdefato.net\/?p=1095\"},\"author\":{\"name\":\"Noticias de Fato\",\"@id\":\"https:\/\/noticiasdefato.net\/#\/schema\/person\/982ce60211d95acf059cd702aa260d08\"},\"headline\":\"PRODUTOR RURAL PEDE MANUTEN\u00c7\u00c3O PARA AS ESTRADAS RURAIS DE ALFENAS\",\"datePublished\":\"2024-04-17T04:18:47+00:00\",\"dateModified\":\"2024-05-01T14:08:55+00:00\",\"mainEntityOfPage\":{\"@id\":\"https:\/\/noticiasdefato.net\/?p=1095\"},\"wordCount\":920,\"commentCount\":0,\"publisher\":{\"@id\":\"https:\/\/noticiasdefato.net\/#organization\"},\"image\":{\"@id\":\"https:\/\/noticiasdefato.net\/?p=1095#primaryimage\"},\"thumbnailUrl\":\"https:\/\/noticiasdefato.net\/wp-content\/uploads\/2024\/04\/image-2.png\",\"articleSection\":[\"Geral\"],\"inLanguage\":\"pt-BR\",\"potentialAction\":[{\"@type\":\"CommentAction\",\"name\":\"Comment\",\"target\":[\"https:\/\/noticiasdefato.net\/?p=1095#respond\"]}]},{\"@type\":\"WebPage\",\"@id\":\"https:\/\/noticiasdefato.net\/?p=1095\",\"url\":\"https:\/\/noticiasdefato.net\/?p=1095\",\"name\":\"PRODUTOR RURAL PEDE MANUTEN\u00c7\u00c3O PARA AS ESTRADAS RURAIS DE ALFENAS - Not\u00edcias de Fato\",\"isPartOf\":{\"@id\":\"https:\/\/noticiasdefato.net\/#website\"},\"primaryImageOfPage\":{\"@id\":\"https:\/\/noticiasdefato.net\/?p=1095#primaryimage\"},\"image\":{\"@id\":\"https:\/\/noticiasdefato.net\/?p=1095#primaryimage\"},\"thumbnailUrl\":\"https:\/\/noticiasdefato.net\/wp-content\/uploads\/2024\/04\/image-2.png\",\"datePublished\":\"2024-04-17T04:18:47+00:00\",\"dateModified\":\"2024-05-01T14:08:55+00:00\",\"description\":\"Abandono das estradas dificultam: acesso dos moradores rurais, o escoamento de produtos e estudantes ficam sem acesso \u00e0 escola.\",\"breadcrumb\":{\"@id\":\"https:\/\/noticiasdefato.net\/?p=1095#breadcrumb\"},\"inLanguage\":\"pt-BR\",\"potentialAction\":[{\"@type\":\"ReadAction\",\"target\":[\"https:\/\/noticiasdefato.net\/?p=1095\"]}]},{\"@type\":\"ImageObject\",\"inLanguage\":\"pt-BR\",\"@id\":\"https:\/\/noticiasdefato.net\/?p=1095#primaryimage\",\"url\":\"https:\/\/noticiasdefato.net\/wp-content\/uploads\/2024\/04\/image-2.png\",\"contentUrl\":\"https:\/\/noticiasdefato.net\/wp-content\/uploads\/2024\/04\/image-2.png\",\"width\":1301,\"height\":642},{\"@type\":\"BreadcrumbList\",\"@id\":\"https:\/\/noticiasdefato.net\/?p=1095#breadcrumb\",\"itemListElement\":[{\"@type\":\"ListItem\",\"position\":1,\"name\":\"In\u00edcio\",\"item\":\"https:\/\/noticiasdefato.net\/\"},{\"@type\":\"ListItem\",\"position\":2,\"name\":\"PRODUTOR RURAL PEDE MANUTEN\u00c7\u00c3O PARA AS ESTRADAS RURAIS DE ALFENAS\"}]},{\"@type\":\"WebSite\",\"@id\":\"https:\/\/noticiasdefato.net\/#website\",\"url\":\"https:\/\/noticiasdefato.net\/\",\"name\":\"Not\u00edcias de Fato\",\"description\":\"Trabalhamos com honestidade, seriedade e com a verdade.\",\"publisher\":{\"@id\":\"https:\/\/noticiasdefato.net\/#organization\"},\"potentialAction\":[{\"@type\":\"SearchAction\",\"target\":{\"@type\":\"EntryPoint\",\"urlTemplate\":\"https:\/\/noticiasdefato.net\/?s={search_term_string}\"},\"query-input\":\"required name=search_term_string\"}],\"inLanguage\":\"pt-BR\"},{\"@type\":\"Organization\",\"@id\":\"https:\/\/noticiasdefato.net\/#organization\",\"name\":\"Not\u00edcias de Fato\",\"url\":\"https:\/\/noticiasdefato.net\/\",\"logo\":{\"@type\":\"ImageObject\",\"inLanguage\":\"pt-BR\",\"@id\":\"https:\/\/noticiasdefato.net\/#\/schema\/logo\/image\/\",\"url\":\"https:\/\/noticiasdefato.net\/wp-content\/uploads\/2024\/02\/cropped-logo_topo.png\",\"contentUrl\":\"https:\/\/noticiasdefato.net\/wp-content\/uploads\/2024\/02\/cropped-logo_topo.png\",\"width\":1948,\"height\":665,\"caption\":\"Not\u00edcias de Fato\"},\"image\":{\"@id\":\"https:\/\/noticiasdefato.net\/#\/schema\/logo\/image\/\"},\"sameAs\":[\"https:\/\/fb.com\/noticiasdefato.jornal\",\"https:\/\/x.com\/noticiasdefato_\",\"https:\/\/instagram.com\/noticiasdefato.jornal\",\"https:\/\/youtube.com\/@JornalNoticiasDeFato\"]},{\"@type\":\"Person\",\"@id\":\"https:\/\/noticiasdefato.net\/#\/schema\/person\/982ce60211d95acf059cd702aa260d08\",\"name\":\"Noticias de Fato\",\"image\":{\"@type\":\"ImageObject\",\"inLanguage\":\"pt-BR\",\"@id\":\"https:\/\/noticiasdefato.net\/#\/schema\/person\/image\/\",\"url\":\"https:\/\/secure.gravatar.com\/avatar\/700227fab2316f0366a1b5d4988d10f847249cf13293450527ac9553c994611a?s=96&d=mm&r=g\",\"contentUrl\":\"https:\/\/secure.gravatar.com\/avatar\/700227fab2316f0366a1b5d4988d10f847249cf13293450527ac9553c994611a?s=96&d=mm&r=g\",\"caption\":\"Noticias de Fato\"},\"sameAs\":[\"https:\/\/noticiasdefato.net\",\"http:\/\/fb.com\/\/noticiasdefato.jornal\",\"https:\/\/x.com\/https:\/\/twitter.com\/NoticiasDeFato_\"],\"url\":\"https:\/\/noticiasdefato.net\/?author=1\"}]}<\/script>\n<!-- \/ Yoast SEO plugin. -->","yoast_head_json":{"title":"PRODUTOR RURAL PEDE MANUTEN\u00c7\u00c3O PARA AS ESTRADAS RURAIS DE ALFENAS - Not\u00edcias de Fato","description":"Abandono das estradas dificultam: acesso dos moradores rurais, o escoamento de produtos e estudantes ficam sem acesso \u00e0 escola.","robots":{"index":"index","follow":"follow","max-snippet":"max-snippet:-1","max-image-preview":"max-image-preview:large","max-video-preview":"max-video-preview:-1"},"canonical":"https:\/\/noticiasdefato.net\/?p=1095","og_locale":"pt_BR","og_type":"article","og_title":"PRODUTOR RURAL PEDE MANUTEN\u00c7\u00c3O PARA AS ESTRADAS RURAIS DE ALFENAS - Not\u00edcias de Fato","og_description":"Abandono das estradas dificultam: acesso dos moradores rurais, o escoamento de produtos e estudantes ficam sem acesso \u00e0 escola.","og_url":"https:\/\/noticiasdefato.net\/?p=1095","og_site_name":"Not\u00edcias de Fato","article_publisher":"https:\/\/fb.com\/noticiasdefato.jornal","article_author":"http:\/\/fb.com\/\/noticiasdefato.jornal","article_published_time":"2024-04-17T04:18:47+00:00","article_modified_time":"2024-05-01T14:08:55+00:00","og_image":[{"width":1301,"height":642,"url":"https:\/\/noticiasdefato.net\/wp-content\/uploads\/2024\/04\/image-2.png","type":"image\/png"}],"author":"Noticias de Fato","twitter_card":"summary_large_image","twitter_creator":"@https:\/\/twitter.com\/NoticiasDeFato_","twitter_site":"@noticiasdefato_","twitter_misc":{"Escrito por":"Noticias de Fato","Est. tempo de leitura":"6 minutos"},"schema":{"@context":"https:\/\/schema.org","@graph":[{"@type":"Article","@id":"https:\/\/noticiasdefato.net\/?p=1095#article","isPartOf":{"@id":"https:\/\/noticiasdefato.net\/?p=1095"},"author":{"name":"Noticias de Fato","@id":"https:\/\/noticiasdefato.net\/#\/schema\/person\/982ce60211d95acf059cd702aa260d08"},"headline":"PRODUTOR RURAL PEDE MANUTEN\u00c7\u00c3O PARA AS ESTRADAS RURAIS DE ALFENAS","datePublished":"2024-04-17T04:18:47+00:00","dateModified":"2024-05-01T14:08:55+00:00","mainEntityOfPage":{"@id":"https:\/\/noticiasdefato.net\/?p=1095"},"wordCount":920,"commentCount":0,"publisher":{"@id":"https:\/\/noticiasdefato.net\/#organization"},"image":{"@id":"https:\/\/noticiasdefato.net\/?p=1095#primaryimage"},"thumbnailUrl":"https:\/\/noticiasdefato.net\/wp-content\/uploads\/2024\/04\/image-2.png","articleSection":["Geral"],"inLanguage":"pt-BR","potentialAction":[{"@type":"CommentAction","name":"Comment","target":["https:\/\/noticiasdefato.net\/?p=1095#respond"]}]},{"@type":"WebPage","@id":"https:\/\/noticiasdefato.net\/?p=1095","url":"https:\/\/noticiasdefato.net\/?p=1095","name":"PRODUTOR RURAL PEDE MANUTEN\u00c7\u00c3O PARA AS ESTRADAS RURAIS DE ALFENAS - Not\u00edcias de Fato","isPartOf":{"@id":"https:\/\/noticiasdefato.net\/#website"},"primaryImageOfPage":{"@id":"https:\/\/noticiasdefato.net\/?p=1095#primaryimage"},"image":{"@id":"https:\/\/noticiasdefato.net\/?p=1095#primaryimage"},"thumbnailUrl":"https:\/\/noticiasdefato.net\/wp-content\/uploads\/2024\/04\/image-2.png","datePublished":"2024-04-17T04:18:47+00:00","dateModified":"2024-05-01T14:08:55+00:00","description":"Abandono das estradas dificultam: acesso dos moradores rurais, o escoamento de produtos e estudantes ficam sem acesso \u00e0 escola.","breadcrumb":{"@id":"https:\/\/noticiasdefato.net\/?p=1095#breadcrumb"},"inLanguage":"pt-BR","potentialAction":[{"@type":"ReadAction","target":["https:\/\/noticiasdefato.net\/?p=1095"]}]},{"@type":"ImageObject","inLanguage":"pt-BR","@id":"https:\/\/noticiasdefato.net\/?p=1095#primaryimage","url":"https:\/\/noticiasdefato.net\/wp-content\/uploads\/2024\/04\/image-2.png","contentUrl":"https:\/\/noticiasdefato.net\/wp-content\/uploads\/2024\/04\/image-2.png","width":1301,"height":642},{"@type":"BreadcrumbList","@id":"https:\/\/noticiasdefato.net\/?p=1095#breadcrumb","itemListElement":[{"@type":"ListItem","position":1,"name":"In\u00edcio","item":"https:\/\/noticiasdefato.net\/"},{"@type":"ListItem","position":2,"name":"PRODUTOR RURAL PEDE MANUTEN\u00c7\u00c3O PARA AS ESTRADAS RURAIS DE ALFENAS"}]},{"@type":"WebSite","@id":"https:\/\/noticiasdefato.net\/#website","url":"https:\/\/noticiasdefato.net\/","name":"Not\u00edcias de Fato","description":"Trabalhamos com honestidade, seriedade e com a verdade.","publisher":{"@id":"https:\/\/noticiasdefato.net\/#organization"},"potentialAction":[{"@type":"SearchAction","target":{"@type":"EntryPoint","urlTemplate":"https:\/\/noticiasdefato.net\/?s={search_term_string}"},"query-input":"required name=search_term_string"}],"inLanguage":"pt-BR"},{"@type":"Organization","@id":"https:\/\/noticiasdefato.net\/#organization","name":"Not\u00edcias de Fato","url":"https:\/\/noticiasdefato.net\/","logo":{"@type":"ImageObject","inLanguage":"pt-BR","@id":"https:\/\/noticiasdefato.net\/#\/schema\/logo\/image\/","url":"https:\/\/noticiasdefato.net\/wp-content\/uploads\/2024\/02\/cropped-logo_topo.png","contentUrl":"https:\/\/noticiasdefato.net\/wp-content\/uploads\/2024\/02\/cropped-logo_topo.png","width":1948,"height":665,"caption":"Not\u00edcias de Fato"},"image":{"@id":"https:\/\/noticiasdefato.net\/#\/schema\/logo\/image\/"},"sameAs":["https:\/\/fb.com\/noticiasdefato.jornal","https:\/\/x.com\/noticiasdefato_","https:\/\/instagram.com\/noticiasdefato.jornal","https:\/\/youtube.com\/@JornalNoticiasDeFato"]},{"@type":"Person","@id":"https:\/\/noticiasdefato.net\/#\/schema\/person\/982ce60211d95acf059cd702aa260d08","name":"Noticias de Fato","image":{"@type":"ImageObject","inLanguage":"pt-BR","@id":"https:\/\/noticiasdefato.net\/#\/schema\/person\/image\/","url":"https:\/\/secure.gravatar.com\/avatar\/700227fab2316f0366a1b5d4988d10f847249cf13293450527ac9553c994611a?s=96&d=mm&r=g","contentUrl":"https:\/\/secure.gravatar.com\/avatar\/700227fab2316f0366a1b5d4988d10f847249cf13293450527ac9553c994611a?s=96&d=mm&r=g","caption":"Noticias de Fato"},"sameAs":["https:\/\/noticiasdefato.net","http:\/\/fb.com\/\/noticiasdefato.jornal","https:\/\/x.com\/https:\/\/twitter.com\/NoticiasDeFato_"],"url":"https:\/\/noticiasdefato.net\/?author=1"}]}},"_links":{"self":[{"href":"https:\/\/noticiasdefato.net\/index.php?rest_route=\/wp\/v2\/posts\/1095","targetHints":{"allow":["GET"]}}],"collection":[{"href":"https:\/\/noticiasdefato.net\/index.php?rest_route=\/wp\/v2\/posts"}],"about":[{"href":"https:\/\/noticiasdefato.net\/index.php?rest_route=\/wp\/v2\/types\/post"}],"author":[{"embeddable":true,"href":"https:\/\/noticiasdefato.net\/index.php?rest_route=\/wp\/v2\/users\/1"}],"replies":[{"embeddable":true,"href":"https:\/\/noticiasdefato.net\/index.php?rest_route=%2Fwp%2Fv2%2Fcomments&post=1095"}],"version-history":[{"count":3,"href":"https:\/\/noticiasdefato.net\/index.php?rest_route=\/wp\/v2\/posts\/1095\/revisions"}],"predecessor-version":[{"id":1099,"href":"https:\/\/noticiasdefato.net\/index.php?rest_route=\/wp\/v2\/posts\/1095\/revisions\/1099"}],"wp:featuredmedia":[{"embeddable":true,"href":"https:\/\/noticiasdefato.net\/index.php?rest_route=\/wp\/v2\/media\/1096"}],"wp:attachment":[{"href":"https:\/\/noticiasdefato.net\/index.php?rest_route=%2Fwp%2Fv2%2Fmedia&parent=1095"}],"wp:term":[{"taxonomy":"category","embeddable":true,"href":"https:\/\/noticiasdefato.net\/index.php?rest_route=%2Fwp%2Fv2%2Fcategories&post=1095"},{"taxonomy":"post_tag","embeddable":true,"href":"https:\/\/noticiasdefato.net\/index.php?rest_route=%2Fwp%2Fv2%2Ftags&post=1095"}],"curies":[{"name":"wp","href":"https:\/\/api.w.org\/{rel}","templated":true}]}}