{"id":1100,"date":"2024-04-17T11:27:46","date_gmt":"2024-04-17T14:27:46","guid":{"rendered":"https:\/\/noticiasdefato.net\/?p=1100"},"modified":"2024-06-27T12:09:06","modified_gmt":"2024-06-27T15:09:06","slug":"furto-na-cooperativa-de-poco-fundo","status":"publish","type":"post","link":"https:\/\/noticiasdefato.net\/?p=1100","title":{"rendered":"FURTO NA COOPERATIVA DE PO\u00c7O FUNDO"},"content":{"rendered":"\n<p><strong>ASSALTANTES LEVAM 400 SACAS DE CAF\u00c9<\/strong><\/p>\n\n\n\n<figure class=\"wp-block-image size-large\"><img fetchpriority=\"high\" decoding=\"async\" width=\"1024\" height=\"683\" src=\"https:\/\/noticiasdefato.net\/wp-content\/uploads\/2024\/04\/coopfam5-1024x683.jpg\" alt=\"\" class=\"wp-image-1101\" srcset=\"https:\/\/noticiasdefato.net\/wp-content\/uploads\/2024\/04\/coopfam5-1024x683.jpg 1024w, https:\/\/noticiasdefato.net\/wp-content\/uploads\/2024\/04\/coopfam5-300x200.jpg 300w, https:\/\/noticiasdefato.net\/wp-content\/uploads\/2024\/04\/coopfam5-768x512.jpg 768w, https:\/\/noticiasdefato.net\/wp-content\/uploads\/2024\/04\/coopfam5-1536x1024.jpg 1536w, https:\/\/noticiasdefato.net\/wp-content\/uploads\/2024\/04\/coopfam5-135x90.jpg 135w, https:\/\/noticiasdefato.net\/wp-content\/uploads\/2024\/04\/coopfam5.jpg 1620w\" sizes=\"(max-width: 1024px) 100vw, 1024px\" \/><\/figure>\n\n\n\n<p>A Cooperativa dos Agricultores Familiares de Po\u00e7o Fundo e Regi\u00e3o &#8211; COOPFAM foi alvo de arrombamento e furto, na segunda-feira, 15.<\/p>\n\n\n\n<p>Na manh\u00e3 de ter\u00e7a-feira (16), um funcion\u00e1rio chegou \u00e0 cooperativa, que fica nas margens da rodovia MG 179, KM 48, e percebeu que indiv\u00edduos haviam destru\u00eddo o painel de c\u00f3digo da central de seguran\u00e7a, arrombado os port\u00f5es principais do galp\u00e3o. Os criminosos utilizaram duas empilhadeiras do local, para assim furtar aproximadamente 400 sacas de caf\u00e9 preparado. Os autores furtaram os dvr&#8217;s, um switch e uma central de alarmes ap\u00f3s danificarem uma caixa de alojamento de equipamentos de seguran\u00e7a. Os criminosos utilizaram canos de PVC para bloquear a vis\u00e3o das c\u00e2meras externas, cortando diversos cabos de fibra \u00f3tica, deixando-os espalhados na parte externa do galp\u00e3o.<\/p>\n\n\n\n<p>A janela do escrit\u00f3rio da balan\u00e7a tamb\u00e9m foi arrombada, sendo de l\u00e1 furtado um DVR, um SWITCH, ferramentas diversas e R$ 300 em dinheiro. Levaram tamb\u00e9m um gal\u00e3o contendo 15 litros de gasolina que se encontrava na parte externa do galp\u00e3o.<\/p>\n\n\n\n<p>Foi realizada a per\u00edcia t\u00e9cnica no local e os fatos est\u00e3o em investiga\u00e7\u00e3o.<\/p>\n","protected":false},"excerpt":{"rendered":"<p>A Cooperativa dos Agricultores Familiares de Po\u00e7o Fundo e Regi\u00e3o &#8211; COOPFAM foi alvo de arrombamento e furto, na segunda-feira, 15. <a href=\"https:\/\/noticiasdefato.net\/?p=1100\" class=\"more-link\">Continuar lendo <span class=\"screen-reader-text\">FURTO NA COOPERATIVA DE PO\u00c7O FUNDO<\/span><\/a><\/p>\n","protected":false},"author":1,"featured_media":1101,"comment_status":"open","ping_status":"open","sticky":false,"template":"","format":"standard","meta":{"footnotes":""},"categories":[1],"tags":[],"class_list":["post-1100","post","type-post","status-publish","format-standard","has-post-thumbnail","hentry","category-geral"],"yoast_head":"<!-- This site is optimized with the Yoast SEO plugin v23.2 - https:\/\/yoast.com\/wordpress\/plugins\/seo\/ -->\n<title>FURTO NA COOPERATIVA DE PO\u00c7O FUNDO - Not\u00edcias de Fato<\/title>\n<meta name=\"description\" content=\"A Cooperativa dos Agricultores Familiares de Po\u00e7o Fundo e Regi\u00e3o - COOPFAM foi alvo de arrombamento e furto, na segunda-feira, 15.\" \/>\n<meta name=\"robots\" content=\"index, follow, max-snippet:-1, max-image-preview:large, max-video-preview:-1\" \/>\n<link rel=\"canonical\" href=\"https:\/\/noticiasdefato.net\/?p=1100\" \/>\n<meta property=\"og:locale\" content=\"pt_BR\" \/>\n<meta property=\"og:type\" content=\"article\" \/>\n<meta property=\"og:title\" content=\"FURTO NA COOPERATIVA DE PO\u00c7O FUNDO - Not\u00edcias de Fato\" \/>\n<meta property=\"og:description\" content=\"A Cooperativa dos Agricultores Familiares de Po\u00e7o Fundo e Regi\u00e3o - COOPFAM foi alvo de arrombamento e furto, na segunda-feira, 15.\" \/>\n<meta property=\"og:url\" content=\"https:\/\/noticiasdefato.net\/?p=1100\" \/>\n<meta property=\"og:site_name\" content=\"Not\u00edcias de Fato\" \/>\n<meta property=\"article:publisher\" content=\"https:\/\/fb.com\/noticiasdefato.jornal\" \/>\n<meta property=\"article:author\" content=\"http:\/\/fb.com\/\/noticiasdefato.jornal\" \/>\n<meta property=\"article:published_time\" content=\"2024-04-17T14:27:46+00:00\" \/>\n<meta property=\"article:modified_time\" content=\"2024-06-27T15:09:06+00:00\" \/>\n<meta property=\"og:image\" content=\"https:\/\/noticiasdefato.net\/wp-content\/uploads\/2024\/04\/coopfam5.jpg\" \/>\n\t<meta property=\"og:image:width\" content=\"1620\" \/>\n\t<meta property=\"og:image:height\" content=\"1080\" \/>\n\t<meta property=\"og:image:type\" content=\"image\/jpeg\" \/>\n<meta name=\"author\" content=\"Noticias de Fato\" \/>\n<meta name=\"twitter:card\" content=\"summary_large_image\" \/>\n<meta name=\"twitter:creator\" content=\"@https:\/\/twitter.com\/NoticiasDeFato_\" \/>\n<meta name=\"twitter:site\" content=\"@noticiasdefato_\" \/>\n<meta name=\"twitter:label1\" content=\"Escrito por\" \/>\n\t<meta name=\"twitter:data1\" content=\"Noticias de Fato\" \/>\n\t<meta name=\"twitter:label2\" content=\"Est. tempo de leitura\" \/>\n\t<meta name=\"twitter:data2\" content=\"2 minutos\" \/>\n<script type=\"application\/ld+json\" class=\"yoast-schema-graph\">{\"@context\":\"https:\/\/schema.org\",\"@graph\":[{\"@type\":\"Article\",\"@id\":\"https:\/\/noticiasdefato.net\/?p=1100#article\",\"isPartOf\":{\"@id\":\"https:\/\/noticiasdefato.net\/?p=1100\"},\"author\":{\"name\":\"Noticias de Fato\",\"@id\":\"https:\/\/noticiasdefato.net\/#\/schema\/person\/982ce60211d95acf059cd702aa260d08\"},\"headline\":\"FURTO NA COOPERATIVA DE PO\u00c7O FUNDO\",\"datePublished\":\"2024-04-17T14:27:46+00:00\",\"dateModified\":\"2024-06-27T15:09:06+00:00\",\"mainEntityOfPage\":{\"@id\":\"https:\/\/noticiasdefato.net\/?p=1100\"},\"wordCount\":209,\"commentCount\":0,\"publisher\":{\"@id\":\"https:\/\/noticiasdefato.net\/#organization\"},\"image\":{\"@id\":\"https:\/\/noticiasdefato.net\/?p=1100#primaryimage\"},\"thumbnailUrl\":\"https:\/\/noticiasdefato.net\/wp-content\/uploads\/2024\/04\/coopfam5.jpg\",\"articleSection\":[\"Geral\"],\"inLanguage\":\"pt-BR\",\"potentialAction\":[{\"@type\":\"CommentAction\",\"name\":\"Comment\",\"target\":[\"https:\/\/noticiasdefato.net\/?p=1100#respond\"]}]},{\"@type\":\"WebPage\",\"@id\":\"https:\/\/noticiasdefato.net\/?p=1100\",\"url\":\"https:\/\/noticiasdefato.net\/?p=1100\",\"name\":\"FURTO NA COOPERATIVA DE PO\u00c7O FUNDO - Not\u00edcias de Fato\",\"isPartOf\":{\"@id\":\"https:\/\/noticiasdefato.net\/#website\"},\"primaryImageOfPage\":{\"@id\":\"https:\/\/noticiasdefato.net\/?p=1100#primaryimage\"},\"image\":{\"@id\":\"https:\/\/noticiasdefato.net\/?p=1100#primaryimage\"},\"thumbnailUrl\":\"https:\/\/noticiasdefato.net\/wp-content\/uploads\/2024\/04\/coopfam5.jpg\",\"datePublished\":\"2024-04-17T14:27:46+00:00\",\"dateModified\":\"2024-06-27T15:09:06+00:00\",\"description\":\"A Cooperativa dos Agricultores Familiares de Po\u00e7o Fundo e Regi\u00e3o - COOPFAM foi alvo de arrombamento e furto, na segunda-feira, 15.\",\"breadcrumb\":{\"@id\":\"https:\/\/noticiasdefato.net\/?p=1100#breadcrumb\"},\"inLanguage\":\"pt-BR\",\"potentialAction\":[{\"@type\":\"ReadAction\",\"target\":[\"https:\/\/noticiasdefato.net\/?p=1100\"]}]},{\"@type\":\"ImageObject\",\"inLanguage\":\"pt-BR\",\"@id\":\"https:\/\/noticiasdefato.net\/?p=1100#primaryimage\",\"url\":\"https:\/\/noticiasdefato.net\/wp-content\/uploads\/2024\/04\/coopfam5.jpg\",\"contentUrl\":\"https:\/\/noticiasdefato.net\/wp-content\/uploads\/2024\/04\/coopfam5.jpg\",\"width\":1620,\"height\":1080},{\"@type\":\"BreadcrumbList\",\"@id\":\"https:\/\/noticiasdefato.net\/?p=1100#breadcrumb\",\"itemListElement\":[{\"@type\":\"ListItem\",\"position\":1,\"name\":\"In\u00edcio\",\"item\":\"https:\/\/noticiasdefato.net\/\"},{\"@type\":\"ListItem\",\"position\":2,\"name\":\"FURTO NA COOPERATIVA DE PO\u00c7O FUNDO\"}]},{\"@type\":\"WebSite\",\"@id\":\"https:\/\/noticiasdefato.net\/#website\",\"url\":\"https:\/\/noticiasdefato.net\/\",\"name\":\"Not\u00edcias de Fato\",\"description\":\"Trabalhamos com honestidade, seriedade e com a verdade.\",\"publisher\":{\"@id\":\"https:\/\/noticiasdefato.net\/#organization\"},\"potentialAction\":[{\"@type\":\"SearchAction\",\"target\":{\"@type\":\"EntryPoint\",\"urlTemplate\":\"https:\/\/noticiasdefato.net\/?s={search_term_string}\"},\"query-input\":\"required name=search_term_string\"}],\"inLanguage\":\"pt-BR\"},{\"@type\":\"Organization\",\"@id\":\"https:\/\/noticiasdefato.net\/#organization\",\"name\":\"Not\u00edcias de Fato\",\"url\":\"https:\/\/noticiasdefato.net\/\",\"logo\":{\"@type\":\"ImageObject\",\"inLanguage\":\"pt-BR\",\"@id\":\"https:\/\/noticiasdefato.net\/#\/schema\/logo\/image\/\",\"url\":\"https:\/\/noticiasdefato.net\/wp-content\/uploads\/2024\/02\/cropped-logo_topo.png\",\"contentUrl\":\"https:\/\/noticiasdefato.net\/wp-content\/uploads\/2024\/02\/cropped-logo_topo.png\",\"width\":1948,\"height\":665,\"caption\":\"Not\u00edcias de Fato\"},\"image\":{\"@id\":\"https:\/\/noticiasdefato.net\/#\/schema\/logo\/image\/\"},\"sameAs\":[\"https:\/\/fb.com\/noticiasdefato.jornal\",\"https:\/\/x.com\/noticiasdefato_\",\"https:\/\/instagram.com\/noticiasdefato.jornal\",\"https:\/\/youtube.com\/@JornalNoticiasDeFato\"]},{\"@type\":\"Person\",\"@id\":\"https:\/\/noticiasdefato.net\/#\/schema\/person\/982ce60211d95acf059cd702aa260d08\",\"name\":\"Noticias de Fato\",\"image\":{\"@type\":\"ImageObject\",\"inLanguage\":\"pt-BR\",\"@id\":\"https:\/\/noticiasdefato.net\/#\/schema\/person\/image\/\",\"url\":\"https:\/\/secure.gravatar.com\/avatar\/700227fab2316f0366a1b5d4988d10f847249cf13293450527ac9553c994611a?s=96&d=mm&r=g\",\"contentUrl\":\"https:\/\/secure.gravatar.com\/avatar\/700227fab2316f0366a1b5d4988d10f847249cf13293450527ac9553c994611a?s=96&d=mm&r=g\",\"caption\":\"Noticias de Fato\"},\"sameAs\":[\"https:\/\/noticiasdefato.net\",\"http:\/\/fb.com\/\/noticiasdefato.jornal\",\"https:\/\/x.com\/https:\/\/twitter.com\/NoticiasDeFato_\"],\"url\":\"https:\/\/noticiasdefato.net\/?author=1\"}]}<\/script>\n<!-- \/ Yoast SEO plugin. -->","yoast_head_json":{"title":"FURTO NA COOPERATIVA DE PO\u00c7O FUNDO - Not\u00edcias de Fato","description":"A Cooperativa dos Agricultores Familiares de Po\u00e7o Fundo e Regi\u00e3o - COOPFAM foi alvo de arrombamento e furto, na segunda-feira, 15.","robots":{"index":"index","follow":"follow","max-snippet":"max-snippet:-1","max-image-preview":"max-image-preview:large","max-video-preview":"max-video-preview:-1"},"canonical":"https:\/\/noticiasdefato.net\/?p=1100","og_locale":"pt_BR","og_type":"article","og_title":"FURTO NA COOPERATIVA DE PO\u00c7O FUNDO - Not\u00edcias de Fato","og_description":"A Cooperativa dos Agricultores Familiares de Po\u00e7o Fundo e Regi\u00e3o - COOPFAM foi alvo de arrombamento e furto, na segunda-feira, 15.","og_url":"https:\/\/noticiasdefato.net\/?p=1100","og_site_name":"Not\u00edcias de Fato","article_publisher":"https:\/\/fb.com\/noticiasdefato.jornal","article_author":"http:\/\/fb.com\/\/noticiasdefato.jornal","article_published_time":"2024-04-17T14:27:46+00:00","article_modified_time":"2024-06-27T15:09:06+00:00","og_image":[{"width":1620,"height":1080,"url":"https:\/\/noticiasdefato.net\/wp-content\/uploads\/2024\/04\/coopfam5.jpg","type":"image\/jpeg"}],"author":"Noticias de Fato","twitter_card":"summary_large_image","twitter_creator":"@https:\/\/twitter.com\/NoticiasDeFato_","twitter_site":"@noticiasdefato_","twitter_misc":{"Escrito por":"Noticias de Fato","Est. tempo de leitura":"2 minutos"},"schema":{"@context":"https:\/\/schema.org","@graph":[{"@type":"Article","@id":"https:\/\/noticiasdefato.net\/?p=1100#article","isPartOf":{"@id":"https:\/\/noticiasdefato.net\/?p=1100"},"author":{"name":"Noticias de Fato","@id":"https:\/\/noticiasdefato.net\/#\/schema\/person\/982ce60211d95acf059cd702aa260d08"},"headline":"FURTO NA COOPERATIVA DE PO\u00c7O FUNDO","datePublished":"2024-04-17T14:27:46+00:00","dateModified":"2024-06-27T15:09:06+00:00","mainEntityOfPage":{"@id":"https:\/\/noticiasdefato.net\/?p=1100"},"wordCount":209,"commentCount":0,"publisher":{"@id":"https:\/\/noticiasdefato.net\/#organization"},"image":{"@id":"https:\/\/noticiasdefato.net\/?p=1100#primaryimage"},"thumbnailUrl":"https:\/\/noticiasdefato.net\/wp-content\/uploads\/2024\/04\/coopfam5.jpg","articleSection":["Geral"],"inLanguage":"pt-BR","potentialAction":[{"@type":"CommentAction","name":"Comment","target":["https:\/\/noticiasdefato.net\/?p=1100#respond"]}]},{"@type":"WebPage","@id":"https:\/\/noticiasdefato.net\/?p=1100","url":"https:\/\/noticiasdefato.net\/?p=1100","name":"FURTO NA COOPERATIVA DE PO\u00c7O FUNDO - Not\u00edcias de Fato","isPartOf":{"@id":"https:\/\/noticiasdefato.net\/#website"},"primaryImageOfPage":{"@id":"https:\/\/noticiasdefato.net\/?p=1100#primaryimage"},"image":{"@id":"https:\/\/noticiasdefato.net\/?p=1100#primaryimage"},"thumbnailUrl":"https:\/\/noticiasdefato.net\/wp-content\/uploads\/2024\/04\/coopfam5.jpg","datePublished":"2024-04-17T14:27:46+00:00","dateModified":"2024-06-27T15:09:06+00:00","description":"A Cooperativa dos Agricultores Familiares de Po\u00e7o Fundo e Regi\u00e3o - COOPFAM foi alvo de arrombamento e furto, na segunda-feira, 15.","breadcrumb":{"@id":"https:\/\/noticiasdefato.net\/?p=1100#breadcrumb"},"inLanguage":"pt-BR","potentialAction":[{"@type":"ReadAction","target":["https:\/\/noticiasdefato.net\/?p=1100"]}]},{"@type":"ImageObject","inLanguage":"pt-BR","@id":"https:\/\/noticiasdefato.net\/?p=1100#primaryimage","url":"https:\/\/noticiasdefato.net\/wp-content\/uploads\/2024\/04\/coopfam5.jpg","contentUrl":"https:\/\/noticiasdefato.net\/wp-content\/uploads\/2024\/04\/coopfam5.jpg","width":1620,"height":1080},{"@type":"BreadcrumbList","@id":"https:\/\/noticiasdefato.net\/?p=1100#breadcrumb","itemListElement":[{"@type":"ListItem","position":1,"name":"In\u00edcio","item":"https:\/\/noticiasdefato.net\/"},{"@type":"ListItem","position":2,"name":"FURTO NA COOPERATIVA DE PO\u00c7O FUNDO"}]},{"@type":"WebSite","@id":"https:\/\/noticiasdefato.net\/#website","url":"https:\/\/noticiasdefato.net\/","name":"Not\u00edcias de Fato","description":"Trabalhamos com honestidade, seriedade e com a verdade.","publisher":{"@id":"https:\/\/noticiasdefato.net\/#organization"},"potentialAction":[{"@type":"SearchAction","target":{"@type":"EntryPoint","urlTemplate":"https:\/\/noticiasdefato.net\/?s={search_term_string}"},"query-input":"required name=search_term_string"}],"inLanguage":"pt-BR"},{"@type":"Organization","@id":"https:\/\/noticiasdefato.net\/#organization","name":"Not\u00edcias de Fato","url":"https:\/\/noticiasdefato.net\/","logo":{"@type":"ImageObject","inLanguage":"pt-BR","@id":"https:\/\/noticiasdefato.net\/#\/schema\/logo\/image\/","url":"https:\/\/noticiasdefato.net\/wp-content\/uploads\/2024\/02\/cropped-logo_topo.png","contentUrl":"https:\/\/noticiasdefato.net\/wp-content\/uploads\/2024\/02\/cropped-logo_topo.png","width":1948,"height":665,"caption":"Not\u00edcias de Fato"},"image":{"@id":"https:\/\/noticiasdefato.net\/#\/schema\/logo\/image\/"},"sameAs":["https:\/\/fb.com\/noticiasdefato.jornal","https:\/\/x.com\/noticiasdefato_","https:\/\/instagram.com\/noticiasdefato.jornal","https:\/\/youtube.com\/@JornalNoticiasDeFato"]},{"@type":"Person","@id":"https:\/\/noticiasdefato.net\/#\/schema\/person\/982ce60211d95acf059cd702aa260d08","name":"Noticias de Fato","image":{"@type":"ImageObject","inLanguage":"pt-BR","@id":"https:\/\/noticiasdefato.net\/#\/schema\/person\/image\/","url":"https:\/\/secure.gravatar.com\/avatar\/700227fab2316f0366a1b5d4988d10f847249cf13293450527ac9553c994611a?s=96&d=mm&r=g","contentUrl":"https:\/\/secure.gravatar.com\/avatar\/700227fab2316f0366a1b5d4988d10f847249cf13293450527ac9553c994611a?s=96&d=mm&r=g","caption":"Noticias de Fato"},"sameAs":["https:\/\/noticiasdefato.net","http:\/\/fb.com\/\/noticiasdefato.jornal","https:\/\/x.com\/https:\/\/twitter.com\/NoticiasDeFato_"],"url":"https:\/\/noticiasdefato.net\/?author=1"}]}},"_links":{"self":[{"href":"https:\/\/noticiasdefato.net\/index.php?rest_route=\/wp\/v2\/posts\/1100","targetHints":{"allow":["GET"]}}],"collection":[{"href":"https:\/\/noticiasdefato.net\/index.php?rest_route=\/wp\/v2\/posts"}],"about":[{"href":"https:\/\/noticiasdefato.net\/index.php?rest_route=\/wp\/v2\/types\/post"}],"author":[{"embeddable":true,"href":"https:\/\/noticiasdefato.net\/index.php?rest_route=\/wp\/v2\/users\/1"}],"replies":[{"embeddable":true,"href":"https:\/\/noticiasdefato.net\/index.php?rest_route=%2Fwp%2Fv2%2Fcomments&post=1100"}],"version-history":[{"count":1,"href":"https:\/\/noticiasdefato.net\/index.php?rest_route=\/wp\/v2\/posts\/1100\/revisions"}],"predecessor-version":[{"id":1102,"href":"https:\/\/noticiasdefato.net\/index.php?rest_route=\/wp\/v2\/posts\/1100\/revisions\/1102"}],"wp:featuredmedia":[{"embeddable":true,"href":"https:\/\/noticiasdefato.net\/index.php?rest_route=\/wp\/v2\/media\/1101"}],"wp:attachment":[{"href":"https:\/\/noticiasdefato.net\/index.php?rest_route=%2Fwp%2Fv2%2Fmedia&parent=1100"}],"wp:term":[{"taxonomy":"category","embeddable":true,"href":"https:\/\/noticiasdefato.net\/index.php?rest_route=%2Fwp%2Fv2%2Fcategories&post=1100"},{"taxonomy":"post_tag","embeddable":true,"href":"https:\/\/noticiasdefato.net\/index.php?rest_route=%2Fwp%2Fv2%2Ftags&post=1100"}],"curies":[{"name":"wp","href":"https:\/\/api.w.org\/{rel}","templated":true}]}}