{"id":1103,"date":"2024-04-19T15:10:46","date_gmt":"2024-04-19T18:10:46","guid":{"rendered":"https:\/\/noticiasdefato.net\/?p=1103"},"modified":"2024-05-01T11:09:01","modified_gmt":"2024-05-01T14:09:01","slug":"barranco-alto-muito-alem-da-beleza","status":"publish","type":"post","link":"https:\/\/noticiasdefato.net\/?p=1103","title":{"rendered":"BARRANCO ALTO, MUITO AL\u00c9M DA BELEZA"},"content":{"rendered":"\n<p><em>Dificuldade de acesso, escassez de transporte escolar e de sa\u00fade, falta de manuten\u00e7\u00e3o dos locais p\u00fablicos e de servi\u00e7os de emerg\u00eancia est\u00e3o entre os maiores problemas desse distrito de Alfenas.<\/em><\/p>\n\n\n\n<figure class=\"wp-block-embed aligncenter is-type-video is-provider-youtube wp-block-embed-youtube wp-embed-aspect-16-9 wp-has-aspect-ratio\"><div class=\"wp-block-embed__wrapper\">\n<iframe title=\"Etrada \u00e9 um dos problemas do distrito de Barranco Alto, em Alfenas-MG #alfenas\" width=\"720\" height=\"405\" src=\"https:\/\/www.youtube.com\/embed\/23iTqJ5gNVo?feature=oembed\" frameborder=\"0\" allow=\"accelerometer; autoplay; clipboard-write; encrypted-media; gyroscope; picture-in-picture; web-share\" referrerpolicy=\"strict-origin-when-cross-origin\" allowfullscreen><\/iframe>\n<\/div><figcaption class=\"wp-element-caption\"><em>Dificuldade de acesso, escassez de transportes e de servi\u00e7os de manuten\u00e7\u00e3o dificultam a vida dos moradores.<\/em><\/figcaption><\/figure>\n\n\n\n<p>O distrito de Barranco Alto n\u00e3o \u00e9 somente uma bela paisagem, um lugar bonito para passeios. O local tem uma natureza privilegiada, mas os quase 400 habitantes que moram ali, n\u00e3o s\u00e3o privilegiados, quando o assunto \u00e9 o servi\u00e7o p\u00fablico. Esta comunidade rural remota carece de diversas pol\u00edticas p\u00fablicas adequadas \u00e0 sua realidade. O lugar \u00e9 circundado pela represa de furnas, fica a 35 km de Alfenas pela balsa, \u00e9 de dif\u00edcil acesso e por isso, o transporte escolar e de sa\u00fade prec\u00e1rios, s\u00e3o de longe as maiores reclama\u00e7\u00f5es dos moradores.<\/p>\n\n\n<div class=\"wp-block-image\">\n<figure class=\"aligncenter size-full is-resized\"><img fetchpriority=\"high\" decoding=\"async\" width=\"452\" height=\"803\" src=\"https:\/\/noticiasdefato.net\/wp-content\/uploads\/2024\/04\/image-8.png\" alt=\"\" class=\"wp-image-1109\" style=\"width:285px;height:auto\" srcset=\"https:\/\/noticiasdefato.net\/wp-content\/uploads\/2024\/04\/image-8.png 452w, https:\/\/noticiasdefato.net\/wp-content\/uploads\/2024\/04\/image-8-169x300.png 169w, https:\/\/noticiasdefato.net\/wp-content\/uploads\/2024\/04\/image-8-51x90.png 51w\" sizes=\"(max-width: 452px) 100vw, 452px\" \/><figcaption class=\"wp-element-caption\">\u00c2ngela Maria Gomes Alves, safrista<\/figcaption><\/figure>\n<\/div>\n\n\n<p>\u00c2ngela Maria Gomes Alves, safrista, mais conhecida como \u2018Toca\u2019, \u00e9 uma das l\u00edderes da comunidade. Ela reclama que, s\u00f3 nestes primeiros tr\u00eas meses do ano, sua filha n\u00e3o foi para escola in\u00fameras vezes porque a Kombi quebrou. S\u00e3o quatro ve\u00edculos que transportam os estudantes dos s\u00edtios e fazendas, mas com as p\u00e9ssimas condi\u00e7\u00f5es das estradas, esses ve\u00edculos est\u00e3o sempre quebrados.<\/p>\n\n\n<div class=\"wp-block-image\">\n<figure class=\"aligncenter size-full is-resized\"><img decoding=\"async\" width=\"450\" height=\"807\" src=\"https:\/\/noticiasdefato.net\/wp-content\/uploads\/2024\/04\/image-6.png\" alt=\"\" class=\"wp-image-1107\" style=\"width:269px;height:auto\" srcset=\"https:\/\/noticiasdefato.net\/wp-content\/uploads\/2024\/04\/image-6.png 450w, https:\/\/noticiasdefato.net\/wp-content\/uploads\/2024\/04\/image-6-167x300.png 167w, https:\/\/noticiasdefato.net\/wp-content\/uploads\/2024\/04\/image-6-50x90.png 50w\" sizes=\"(max-width: 450px) 100vw, 450px\" \/><figcaption class=\"wp-element-caption\">Jos\u00e9 Eduardo de Lima, produtor rural<\/figcaption><\/figure>\n<\/div>\n\n\n<p>Jos\u00e9 Eduardo de Lima, produtor rural, disse que s\u00f3 no ano passado os filhos ficaram uma semana sem aula. \u201cChegava a informa\u00e7\u00e3o de que a Kombi n\u00e3o tinha combust\u00edvel. Outra hora diziam que a prefeitura n\u00e3o tinha pago a empresa terceirizada. A gente n\u00e3o sabe a quem perguntar. Cada hora jogam a gente para um lugar. J\u00e1 pedimos reuni\u00e3o para entender porque o transporte escolar falha tanto; e se for fiscalizar os ve\u00edculos ent\u00e3o\u2026\u201d, conta desanimado o produtor.<\/p>\n\n\n\n<p>Segundo a Toca, at\u00e9 o ano passado, havia uma van da prefeitura destinada para o transporte de pacientes, para a realiza\u00e7\u00e3o de exames e de consultas em Alfenas.<br>\u201dAgora sem esta van, n\u00e3o podemos pagar 200, 250 reais, que \u00e9 o que est\u00e3o cobrando no particular, para o transporte\u201d, esclarece a l\u00edder da comunidade.<\/p>\n\n\n\n<p><strong>QUEIXAS E MAIS QUEIXAS. PROMESSAS E MAIS PROMESSAS<\/strong><\/p>\n\n\n\n<p>A \u00fanica creche do bairro, que abriga 22 crian\u00e7as, \u00e9 uma casa antiga, alugada, com acesso prec\u00e1rio, por meio de escadas e, no dia da reportagem, o terreno se encontrava com mato, telhas e tijolos entulhados no local. As m\u00e3es recordam que foram prometidas novas salas, anexas \u00e0 \u00fanica escola existente no local, mas at\u00e9 agora nada foi feito.<\/p>\n\n\n\n<p>O PSF do bairro tamb\u00e9m se encontra problem\u00e1tico. Em 2017 a prefeitura deu in\u00edcio a uma reforma que nunca concluiu. Olhando de fora, \u00e9 poss\u00edvel observar telhas quebras; telhas e postes com l\u00e2mpadas amontoadas no p\u00e1tio do PSF. Os moradores tamb\u00e9m reclamam da falta soro antiof\u00eddico no local e que s\u00e3o comuns os relatos da presen\u00e7a de cobras e de outros animais pe\u00e7onhentos no distrito.<\/p>\n\n\n\n<p>A limpeza p\u00fablica \u00e9 outra queixa comum. Funcion\u00e1rios da prefeitura fazem a limpeza das ruas, mas o mato que se acumula nos terrenos avan\u00e7a pelas ruas e s\u00f3 pode ser retirado com ro\u00e7adeiras, motosserras e trator. A prefeitura n\u00e3o disponibiliza esses equipamentos para a limpeza do bairro. A orla da represa tamb\u00e9m \u00e9 s\u00f3 mato.<\/p>\n\n\n\n<p>Andrea Silva Gaspar mora h\u00e1 3 anos no local, numa rua sem asfalto, pr\u00f3ximo ao cemit\u00e9rio, ela reclama da presen\u00e7a de cobras, escorpi\u00f5es e de outros animais pe\u00e7onhentos. Ela confirma que os varredores n\u00e3o t\u00eam ro\u00e7adeiras, motosserra, trator para a remo\u00e7\u00e3o do lixo: \u201ce n\u00f3s moradores \u00e9 que fazemos a limpeza. Tem pessoas que t\u00eam terrenos e n\u00e3o limpam. No ano passado encontrei 4 cobras na porta de casa. N\u00f3s pagamos IPTU tamb\u00e9m\u201d, relata a dona de casa.<\/p>\n\n\n\n<p><strong>\u00c1REA VERDE VIRA LOCAL DE LIXO E ENTULHO<\/strong><\/p>\n\n\n\n<figure class=\"wp-block-table\"><table><tbody><tr><td><img decoding=\"async\" src=\"https:\/\/noticiasdefato.net\/wp-content\/uploads\/2024\/04\/Sem-titulo-edited.jpg\" alt=\"\"><\/td><td class=\"has-text-align-center\" data-align=\"center\"><img decoding=\"async\" src=\"https:\/\/noticiasdefato.net\/wp-content\/uploads\/2024\/04\/Sem-titulo-1-e1713541710375-1024x1024.jpg\" alt=\"\" class=\"wp-image-1113\"><\/td><\/tr><\/tbody><\/table><\/figure>\n\n\n\n<p>Pr\u00f3ximo ao cemit\u00e9rio, existe uma \u00e1rea que, segundo os moradores \u00e9 a \u00e1rea verde do local, mas que se encontra cheia de m\u00f3veis velhos, entulho e de todo tipo de lixo. Al\u00e9m disso, a prefeitura colocou duas ca\u00e7ambas na \u00e1rea, mas nunca recolheu. Hoje essas ca\u00e7ambas est\u00e3o encobertas pelo mato e pelo lixo. \u201cA promessa era de que iriam transformar esta \u00e1rea verde para construir 50 casas populares nela, mas isso nunca aconteceu\u201d, lembra a Toca.<\/p>\n\n\n\n<p>O cemit\u00e9rio tamb\u00e9m precisa de manuten\u00e7\u00e3o. Com as chuvas do in\u00edcio do ano, o muro caiu. A l\u00edder comunit\u00e1ria comunicou o fato \u00e0 prefeitura, inclusive enviando fotos, mas at\u00e9 agora nenhuma provid\u00eancia foi tomada.<\/p>\n\n\n\n<p>O empres\u00e1rio de pesca, Rud Lazaretti, resume que a solu\u00e7\u00e3o dos problemas seria a manuten\u00e7\u00e3o das estradas. \u201dPra os carros n\u00e3o \u2018quebrar\u2019: estrada. Pra gente oferecer mais emprego: estrada. Eu poderia oferecer mais 6 empregos, mas uma parte do meu neg\u00f3cio vou tirar daqui. Os jovens n\u00e3o querem ficar aqui\u201d, reclama o psicultor.<\/p>\n\n\n\n<figure class=\"wp-block-image size-large\"><img decoding=\"async\" width=\"1024\" height=\"768\" src=\"https:\/\/noticiasdefato.net\/wp-content\/uploads\/2024\/04\/421617138_1437286770158870_2772032590209094875_n-1024x768.jpg\" alt=\"\" class=\"wp-image-1115\" srcset=\"https:\/\/noticiasdefato.net\/wp-content\/uploads\/2024\/04\/421617138_1437286770158870_2772032590209094875_n-1024x768.jpg 1024w, https:\/\/noticiasdefato.net\/wp-content\/uploads\/2024\/04\/421617138_1437286770158870_2772032590209094875_n-300x225.jpg 300w, https:\/\/noticiasdefato.net\/wp-content\/uploads\/2024\/04\/421617138_1437286770158870_2772032590209094875_n-768x576.jpg 768w, https:\/\/noticiasdefato.net\/wp-content\/uploads\/2024\/04\/421617138_1437286770158870_2772032590209094875_n-1536x1152.jpg 1536w, https:\/\/noticiasdefato.net\/wp-content\/uploads\/2024\/04\/421617138_1437286770158870_2772032590209094875_n-120x90.jpg 120w, https:\/\/noticiasdefato.net\/wp-content\/uploads\/2024\/04\/421617138_1437286770158870_2772032590209094875_n.jpg 2048w\" sizes=\"(max-width: 1024px) 100vw, 1024px\" \/><\/figure>\n\n\n\n<p>Beatriz Garcia, funcion\u00e1ria da creche e moradora do bairro, avisa: \u201cN\u00e3o adianta dizer que o problema foi a chuva. Chover chove todo ano, mas se tivessem feito manuten\u00e7\u00e3o, as estradas n\u00e3o estariam assim.\u201d.<\/p>\n\n\n\n<p>Segundo os moradores, h\u00e1 mais de um ano n\u00e3o se v\u00ea m\u00e1quinas da prefeitura na regi\u00e3o, para fazer um trabalho preventivo nas estradas.<\/p>\n\n\n\n<p>Tamb\u00e9m foi dito que a prefeitura iria disponibilizar m\u00e1quinas, equipamentos e um funcion\u00e1rio, morador do pr\u00f3prio bairro, para os trabalhos preventivos e de manuten\u00e7\u00e3o, mas isso tamb\u00e9m nunca foi cumprido.<\/p>\n\n\n\n<p>A reda\u00e7\u00e3o do Not\u00edcias de Fato encaminhou \u00e0 prefeitura as reclama\u00e7\u00f5es dos moradores do distrito do Barranco Alto, mas at\u00e9 o fechamento da reportagem, n\u00e3o obtivemos resposta a respeito<\/p>\n","protected":false},"excerpt":{"rendered":"<p>Dificuldade de acesso, escassez de transportes e de servi\u00e7os de manuten\u00e7\u00e3o dificultam a vida dos moradores. <a href=\"https:\/\/noticiasdefato.net\/?p=1103\" class=\"more-link\">Continuar lendo <span class=\"screen-reader-text\">BARRANCO ALTO, MUITO AL\u00c9M DA BELEZA<\/span><\/a><\/p>\n","protected":false},"author":1,"featured_media":1104,"comment_status":"open","ping_status":"open","sticky":false,"template":"","format":"standard","meta":{"footnotes":""},"categories":[1],"tags":[],"class_list":["post-1103","post","type-post","status-publish","format-standard","has-post-thumbnail","hentry","category-geral"],"yoast_head":"<!-- This site is optimized with the Yoast SEO plugin v23.2 - https:\/\/yoast.com\/wordpress\/plugins\/seo\/ -->\n<title>BARRANCO ALTO, MUITO AL\u00c9M DA BELEZA - Not\u00edcias de Fato<\/title>\n<meta name=\"robots\" content=\"index, follow, max-snippet:-1, max-image-preview:large, max-video-preview:-1\" \/>\n<link rel=\"canonical\" href=\"https:\/\/noticiasdefato.net\/?p=1103\" \/>\n<meta property=\"og:locale\" content=\"pt_BR\" \/>\n<meta property=\"og:type\" content=\"article\" \/>\n<meta property=\"og:title\" content=\"BARRANCO ALTO, MUITO AL\u00c9M DA BELEZA - Not\u00edcias de Fato\" \/>\n<meta property=\"og:description\" content=\"Dificuldade de acesso, escassez de transportes e de servi\u00e7os de manuten\u00e7\u00e3o dificultam a vida dos moradores.\" \/>\n<meta property=\"og:url\" content=\"https:\/\/noticiasdefato.net\/?p=1103\" \/>\n<meta property=\"og:site_name\" content=\"Not\u00edcias de Fato\" \/>\n<meta property=\"article:publisher\" content=\"https:\/\/fb.com\/noticiasdefato.jornal\" \/>\n<meta property=\"article:author\" content=\"http:\/\/fb.com\/\/noticiasdefato.jornal\" \/>\n<meta property=\"article:published_time\" content=\"2024-04-19T18:10:46+00:00\" \/>\n<meta property=\"article:modified_time\" content=\"2024-05-01T14:09:01+00:00\" \/>\n<meta property=\"og:image\" content=\"https:\/\/noticiasdefato.net\/wp-content\/uploads\/2024\/04\/image-3.png\" \/>\n\t<meta property=\"og:image:width\" content=\"1608\" \/>\n\t<meta property=\"og:image:height\" content=\"582\" \/>\n\t<meta property=\"og:image:type\" content=\"image\/png\" \/>\n<meta name=\"author\" content=\"Noticias de Fato\" \/>\n<meta name=\"twitter:card\" content=\"summary_large_image\" \/>\n<meta name=\"twitter:creator\" content=\"@https:\/\/twitter.com\/NoticiasDeFato_\" \/>\n<meta name=\"twitter:site\" content=\"@noticiasdefato_\" \/>\n<meta name=\"twitter:label1\" content=\"Escrito por\" \/>\n\t<meta name=\"twitter:data1\" content=\"Noticias de Fato\" \/>\n\t<meta name=\"twitter:label2\" content=\"Est. tempo de leitura\" \/>\n\t<meta name=\"twitter:data2\" content=\"7 minutos\" \/>\n<script type=\"application\/ld+json\" class=\"yoast-schema-graph\">{\"@context\":\"https:\/\/schema.org\",\"@graph\":[{\"@type\":\"Article\",\"@id\":\"https:\/\/noticiasdefato.net\/?p=1103#article\",\"isPartOf\":{\"@id\":\"https:\/\/noticiasdefato.net\/?p=1103\"},\"author\":{\"name\":\"Noticias de Fato\",\"@id\":\"https:\/\/noticiasdefato.net\/#\/schema\/person\/982ce60211d95acf059cd702aa260d08\"},\"headline\":\"BARRANCO ALTO, MUITO AL\u00c9M DA BELEZA\",\"datePublished\":\"2024-04-19T18:10:46+00:00\",\"dateModified\":\"2024-05-01T14:09:01+00:00\",\"mainEntityOfPage\":{\"@id\":\"https:\/\/noticiasdefato.net\/?p=1103\"},\"wordCount\":994,\"commentCount\":0,\"publisher\":{\"@id\":\"https:\/\/noticiasdefato.net\/#organization\"},\"image\":{\"@id\":\"https:\/\/noticiasdefato.net\/?p=1103#primaryimage\"},\"thumbnailUrl\":\"https:\/\/noticiasdefato.net\/wp-content\/uploads\/2024\/04\/image-3.png\",\"articleSection\":[\"Geral\"],\"inLanguage\":\"pt-BR\",\"potentialAction\":[{\"@type\":\"CommentAction\",\"name\":\"Comment\",\"target\":[\"https:\/\/noticiasdefato.net\/?p=1103#respond\"]}]},{\"@type\":\"WebPage\",\"@id\":\"https:\/\/noticiasdefato.net\/?p=1103\",\"url\":\"https:\/\/noticiasdefato.net\/?p=1103\",\"name\":\"BARRANCO ALTO, MUITO AL\u00c9M DA BELEZA - Not\u00edcias de Fato\",\"isPartOf\":{\"@id\":\"https:\/\/noticiasdefato.net\/#website\"},\"primaryImageOfPage\":{\"@id\":\"https:\/\/noticiasdefato.net\/?p=1103#primaryimage\"},\"image\":{\"@id\":\"https:\/\/noticiasdefato.net\/?p=1103#primaryimage\"},\"thumbnailUrl\":\"https:\/\/noticiasdefato.net\/wp-content\/uploads\/2024\/04\/image-3.png\",\"datePublished\":\"2024-04-19T18:10:46+00:00\",\"dateModified\":\"2024-05-01T14:09:01+00:00\",\"breadcrumb\":{\"@id\":\"https:\/\/noticiasdefato.net\/?p=1103#breadcrumb\"},\"inLanguage\":\"pt-BR\",\"potentialAction\":[{\"@type\":\"ReadAction\",\"target\":[\"https:\/\/noticiasdefato.net\/?p=1103\"]}]},{\"@type\":\"ImageObject\",\"inLanguage\":\"pt-BR\",\"@id\":\"https:\/\/noticiasdefato.net\/?p=1103#primaryimage\",\"url\":\"https:\/\/noticiasdefato.net\/wp-content\/uploads\/2024\/04\/image-3.png\",\"contentUrl\":\"https:\/\/noticiasdefato.net\/wp-content\/uploads\/2024\/04\/image-3.png\",\"width\":1608,\"height\":582},{\"@type\":\"BreadcrumbList\",\"@id\":\"https:\/\/noticiasdefato.net\/?p=1103#breadcrumb\",\"itemListElement\":[{\"@type\":\"ListItem\",\"position\":1,\"name\":\"In\u00edcio\",\"item\":\"https:\/\/noticiasdefato.net\/\"},{\"@type\":\"ListItem\",\"position\":2,\"name\":\"BARRANCO ALTO, MUITO AL\u00c9M DA BELEZA\"}]},{\"@type\":\"WebSite\",\"@id\":\"https:\/\/noticiasdefato.net\/#website\",\"url\":\"https:\/\/noticiasdefato.net\/\",\"name\":\"Not\u00edcias de Fato\",\"description\":\"Trabalhamos com honestidade, seriedade e com a verdade.\",\"publisher\":{\"@id\":\"https:\/\/noticiasdefato.net\/#organization\"},\"potentialAction\":[{\"@type\":\"SearchAction\",\"target\":{\"@type\":\"EntryPoint\",\"urlTemplate\":\"https:\/\/noticiasdefato.net\/?s={search_term_string}\"},\"query-input\":\"required name=search_term_string\"}],\"inLanguage\":\"pt-BR\"},{\"@type\":\"Organization\",\"@id\":\"https:\/\/noticiasdefato.net\/#organization\",\"name\":\"Not\u00edcias de Fato\",\"url\":\"https:\/\/noticiasdefato.net\/\",\"logo\":{\"@type\":\"ImageObject\",\"inLanguage\":\"pt-BR\",\"@id\":\"https:\/\/noticiasdefato.net\/#\/schema\/logo\/image\/\",\"url\":\"https:\/\/noticiasdefato.net\/wp-content\/uploads\/2024\/02\/cropped-logo_topo.png\",\"contentUrl\":\"https:\/\/noticiasdefato.net\/wp-content\/uploads\/2024\/02\/cropped-logo_topo.png\",\"width\":1948,\"height\":665,\"caption\":\"Not\u00edcias de Fato\"},\"image\":{\"@id\":\"https:\/\/noticiasdefato.net\/#\/schema\/logo\/image\/\"},\"sameAs\":[\"https:\/\/fb.com\/noticiasdefato.jornal\",\"https:\/\/x.com\/noticiasdefato_\",\"https:\/\/instagram.com\/noticiasdefato.jornal\",\"https:\/\/youtube.com\/@JornalNoticiasDeFato\"]},{\"@type\":\"Person\",\"@id\":\"https:\/\/noticiasdefato.net\/#\/schema\/person\/982ce60211d95acf059cd702aa260d08\",\"name\":\"Noticias de Fato\",\"image\":{\"@type\":\"ImageObject\",\"inLanguage\":\"pt-BR\",\"@id\":\"https:\/\/noticiasdefato.net\/#\/schema\/person\/image\/\",\"url\":\"https:\/\/secure.gravatar.com\/avatar\/700227fab2316f0366a1b5d4988d10f847249cf13293450527ac9553c994611a?s=96&d=mm&r=g\",\"contentUrl\":\"https:\/\/secure.gravatar.com\/avatar\/700227fab2316f0366a1b5d4988d10f847249cf13293450527ac9553c994611a?s=96&d=mm&r=g\",\"caption\":\"Noticias de Fato\"},\"sameAs\":[\"https:\/\/noticiasdefato.net\",\"http:\/\/fb.com\/\/noticiasdefato.jornal\",\"https:\/\/x.com\/https:\/\/twitter.com\/NoticiasDeFato_\"],\"url\":\"https:\/\/noticiasdefato.net\/?author=1\"}]}<\/script>\n<!-- \/ Yoast SEO plugin. -->","yoast_head_json":{"title":"BARRANCO ALTO, MUITO AL\u00c9M DA BELEZA - Not\u00edcias de Fato","robots":{"index":"index","follow":"follow","max-snippet":"max-snippet:-1","max-image-preview":"max-image-preview:large","max-video-preview":"max-video-preview:-1"},"canonical":"https:\/\/noticiasdefato.net\/?p=1103","og_locale":"pt_BR","og_type":"article","og_title":"BARRANCO ALTO, MUITO AL\u00c9M DA BELEZA - Not\u00edcias de Fato","og_description":"Dificuldade de acesso, escassez de transportes e de servi\u00e7os de manuten\u00e7\u00e3o dificultam a vida dos moradores.","og_url":"https:\/\/noticiasdefato.net\/?p=1103","og_site_name":"Not\u00edcias de Fato","article_publisher":"https:\/\/fb.com\/noticiasdefato.jornal","article_author":"http:\/\/fb.com\/\/noticiasdefato.jornal","article_published_time":"2024-04-19T18:10:46+00:00","article_modified_time":"2024-05-01T14:09:01+00:00","og_image":[{"width":1608,"height":582,"url":"https:\/\/noticiasdefato.net\/wp-content\/uploads\/2024\/04\/image-3.png","type":"image\/png"}],"author":"Noticias de Fato","twitter_card":"summary_large_image","twitter_creator":"@https:\/\/twitter.com\/NoticiasDeFato_","twitter_site":"@noticiasdefato_","twitter_misc":{"Escrito por":"Noticias de Fato","Est. tempo de leitura":"7 minutos"},"schema":{"@context":"https:\/\/schema.org","@graph":[{"@type":"Article","@id":"https:\/\/noticiasdefato.net\/?p=1103#article","isPartOf":{"@id":"https:\/\/noticiasdefato.net\/?p=1103"},"author":{"name":"Noticias de Fato","@id":"https:\/\/noticiasdefato.net\/#\/schema\/person\/982ce60211d95acf059cd702aa260d08"},"headline":"BARRANCO ALTO, MUITO AL\u00c9M DA BELEZA","datePublished":"2024-04-19T18:10:46+00:00","dateModified":"2024-05-01T14:09:01+00:00","mainEntityOfPage":{"@id":"https:\/\/noticiasdefato.net\/?p=1103"},"wordCount":994,"commentCount":0,"publisher":{"@id":"https:\/\/noticiasdefato.net\/#organization"},"image":{"@id":"https:\/\/noticiasdefato.net\/?p=1103#primaryimage"},"thumbnailUrl":"https:\/\/noticiasdefato.net\/wp-content\/uploads\/2024\/04\/image-3.png","articleSection":["Geral"],"inLanguage":"pt-BR","potentialAction":[{"@type":"CommentAction","name":"Comment","target":["https:\/\/noticiasdefato.net\/?p=1103#respond"]}]},{"@type":"WebPage","@id":"https:\/\/noticiasdefato.net\/?p=1103","url":"https:\/\/noticiasdefato.net\/?p=1103","name":"BARRANCO ALTO, MUITO AL\u00c9M DA BELEZA - Not\u00edcias de Fato","isPartOf":{"@id":"https:\/\/noticiasdefato.net\/#website"},"primaryImageOfPage":{"@id":"https:\/\/noticiasdefato.net\/?p=1103#primaryimage"},"image":{"@id":"https:\/\/noticiasdefato.net\/?p=1103#primaryimage"},"thumbnailUrl":"https:\/\/noticiasdefato.net\/wp-content\/uploads\/2024\/04\/image-3.png","datePublished":"2024-04-19T18:10:46+00:00","dateModified":"2024-05-01T14:09:01+00:00","breadcrumb":{"@id":"https:\/\/noticiasdefato.net\/?p=1103#breadcrumb"},"inLanguage":"pt-BR","potentialAction":[{"@type":"ReadAction","target":["https:\/\/noticiasdefato.net\/?p=1103"]}]},{"@type":"ImageObject","inLanguage":"pt-BR","@id":"https:\/\/noticiasdefato.net\/?p=1103#primaryimage","url":"https:\/\/noticiasdefato.net\/wp-content\/uploads\/2024\/04\/image-3.png","contentUrl":"https:\/\/noticiasdefato.net\/wp-content\/uploads\/2024\/04\/image-3.png","width":1608,"height":582},{"@type":"BreadcrumbList","@id":"https:\/\/noticiasdefato.net\/?p=1103#breadcrumb","itemListElement":[{"@type":"ListItem","position":1,"name":"In\u00edcio","item":"https:\/\/noticiasdefato.net\/"},{"@type":"ListItem","position":2,"name":"BARRANCO ALTO, MUITO AL\u00c9M DA BELEZA"}]},{"@type":"WebSite","@id":"https:\/\/noticiasdefato.net\/#website","url":"https:\/\/noticiasdefato.net\/","name":"Not\u00edcias de Fato","description":"Trabalhamos com honestidade, seriedade e com a verdade.","publisher":{"@id":"https:\/\/noticiasdefato.net\/#organization"},"potentialAction":[{"@type":"SearchAction","target":{"@type":"EntryPoint","urlTemplate":"https:\/\/noticiasdefato.net\/?s={search_term_string}"},"query-input":"required name=search_term_string"}],"inLanguage":"pt-BR"},{"@type":"Organization","@id":"https:\/\/noticiasdefato.net\/#organization","name":"Not\u00edcias de Fato","url":"https:\/\/noticiasdefato.net\/","logo":{"@type":"ImageObject","inLanguage":"pt-BR","@id":"https:\/\/noticiasdefato.net\/#\/schema\/logo\/image\/","url":"https:\/\/noticiasdefato.net\/wp-content\/uploads\/2024\/02\/cropped-logo_topo.png","contentUrl":"https:\/\/noticiasdefato.net\/wp-content\/uploads\/2024\/02\/cropped-logo_topo.png","width":1948,"height":665,"caption":"Not\u00edcias de Fato"},"image":{"@id":"https:\/\/noticiasdefato.net\/#\/schema\/logo\/image\/"},"sameAs":["https:\/\/fb.com\/noticiasdefato.jornal","https:\/\/x.com\/noticiasdefato_","https:\/\/instagram.com\/noticiasdefato.jornal","https:\/\/youtube.com\/@JornalNoticiasDeFato"]},{"@type":"Person","@id":"https:\/\/noticiasdefato.net\/#\/schema\/person\/982ce60211d95acf059cd702aa260d08","name":"Noticias de Fato","image":{"@type":"ImageObject","inLanguage":"pt-BR","@id":"https:\/\/noticiasdefato.net\/#\/schema\/person\/image\/","url":"https:\/\/secure.gravatar.com\/avatar\/700227fab2316f0366a1b5d4988d10f847249cf13293450527ac9553c994611a?s=96&d=mm&r=g","contentUrl":"https:\/\/secure.gravatar.com\/avatar\/700227fab2316f0366a1b5d4988d10f847249cf13293450527ac9553c994611a?s=96&d=mm&r=g","caption":"Noticias de Fato"},"sameAs":["https:\/\/noticiasdefato.net","http:\/\/fb.com\/\/noticiasdefato.jornal","https:\/\/x.com\/https:\/\/twitter.com\/NoticiasDeFato_"],"url":"https:\/\/noticiasdefato.net\/?author=1"}]}},"_links":{"self":[{"href":"https:\/\/noticiasdefato.net\/index.php?rest_route=\/wp\/v2\/posts\/1103","targetHints":{"allow":["GET"]}}],"collection":[{"href":"https:\/\/noticiasdefato.net\/index.php?rest_route=\/wp\/v2\/posts"}],"about":[{"href":"https:\/\/noticiasdefato.net\/index.php?rest_route=\/wp\/v2\/types\/post"}],"author":[{"embeddable":true,"href":"https:\/\/noticiasdefato.net\/index.php?rest_route=\/wp\/v2\/users\/1"}],"replies":[{"embeddable":true,"href":"https:\/\/noticiasdefato.net\/index.php?rest_route=%2Fwp%2Fv2%2Fcomments&post=1103"}],"version-history":[{"count":3,"href":"https:\/\/noticiasdefato.net\/index.php?rest_route=\/wp\/v2\/posts\/1103\/revisions"}],"predecessor-version":[{"id":1120,"href":"https:\/\/noticiasdefato.net\/index.php?rest_route=\/wp\/v2\/posts\/1103\/revisions\/1120"}],"wp:featuredmedia":[{"embeddable":true,"href":"https:\/\/noticiasdefato.net\/index.php?rest_route=\/wp\/v2\/media\/1104"}],"wp:attachment":[{"href":"https:\/\/noticiasdefato.net\/index.php?rest_route=%2Fwp%2Fv2%2Fmedia&parent=1103"}],"wp:term":[{"taxonomy":"category","embeddable":true,"href":"https:\/\/noticiasdefato.net\/index.php?rest_route=%2Fwp%2Fv2%2Fcategories&post=1103"},{"taxonomy":"post_tag","embeddable":true,"href":"https:\/\/noticiasdefato.net\/index.php?rest_route=%2Fwp%2Fv2%2Ftags&post=1103"}],"curies":[{"name":"wp","href":"https:\/\/api.w.org\/{rel}","templated":true}]}}