{"id":1135,"date":"2024-04-22T15:52:40","date_gmt":"2024-04-22T18:52:40","guid":{"rendered":"https:\/\/noticiasdefato.net\/?p=1135"},"modified":"2024-06-27T12:08:59","modified_gmt":"2024-06-27T15:08:59","slug":"pedagio-na-br-491-tarifa-deve-comecar-a-valer-em-outubro-deste-ano","status":"publish","type":"post","link":"https:\/\/noticiasdefato.net\/?p=1135","title":{"rendered":"PED\u00c1GIO NA BR 491: TARIFA DEVE COME\u00c7AR A VALER EM OUTUBRO DESTE ANO"},"content":{"rendered":"\n<p><em><strong>OBRAS PR\u00d3XIMO A AREADO EST\u00c3O ADIANTADAS<\/strong>. <strong>TARIFA DEVE COME\u00c7AR A VALER EM OUTUBRO DESTE ANO, MAS OS USU\u00c1RIOS PODEM TER QUE POR A M\u00c3O NO BOLSO ANTES DO PREVISTO.<\/strong><\/em><\/p>\n\n\n\n<p>A EPR Vias do Caf\u00e9, respons\u00e1vel pela administra\u00e7\u00e3o de seis estradas do Sul de Minas, entre elas a BR 491, avisa que a cobran\u00e7a da tarifa do ped\u00e1gio entre Alfenas e Areado deve come\u00e7ar a valer em outubro deste ano. No entanto, o que se observa \u00e9 que as obras est\u00e3o bastante adiantadas e pode ser que os motoristas tenham que desembolsar R$ 13, 18 bem antes do previsto.<\/p>\n\n\n\n<p>O valor da tarifa estabelecido no edital \u00e9 de R$ 13,18. O reajuste da tarifa b\u00e1sica de ped\u00e1gio ocorrer\u00e1 na data de in\u00edcio da cobran\u00e7a do ped\u00e1gio e a tarifa ser\u00e1 reajustada conforme IPCA.<\/p>\n\n\n\n<p>O in\u00edcio da cobran\u00e7a de tarifa est\u00e1 previsto para at\u00e9 o 12\u00ba m\u00eas de concess\u00e3o, a partir da efic\u00e1cia do contrato, que aconteceu no dia 23 de outubro de 2023. No entanto, as atividades do ped\u00e1gio em Areado poder\u00e3o ser iniciadas antes de outubro, ap\u00f3s a conclus\u00e3o da etapa de trabalhos iniciais e da aprova\u00e7\u00e3o por parte do poder concedente, com divulga\u00e7\u00e3o no Di\u00e1rio Oficial da Uni\u00e3o, por\u00e9m ainda n\u00e3o existe uma data definida para o in\u00edcio da opera\u00e7\u00e3o.<\/p>\n\n\n\n<p>Por trabalhos iniciais compreendem-se corre\u00e7\u00f5es funcionais em pavimento, substitui\u00e7\u00e3o e implanta\u00e7\u00e3o de sinaliza\u00e7\u00e3o horizontal, vertical e defensas met\u00e1licas, limpeza e desobstru\u00e7\u00e3o de sistemas de drenagem, melhorias em pontes e viadutos e limpeza da faixa de dom\u00ednio, incluindo a implanta\u00e7\u00e3o de 6 Pra\u00e7as de Ped\u00e1gio e 6 Bases Operacionais de apoio aos usu\u00e1rios, que contar\u00e3o com equipamentos de socorro mec\u00e2nico e atendimento pr\u00e9-hospitalar.<\/p>\n\n\n\n<p>O previsto \u00e9 que o ped\u00e1gio de Alfenas\/Areado ter\u00e1 tr\u00eas cabines e duas pistas autom\u00e1ticas.<\/p>\n\n\n\n<p><strong>CRIT\u00c9RIOS PARA ISEN\u00c7\u00c3O DA TARIFA<\/strong><\/p>\n\n\n\n<p>\u00c9 importante ressaltar que a EPR Vias do Caf\u00e9 ainda n\u00e3o deu in\u00edcio aos trabalhos operacionais de atendimento em pista, mas est\u00e1 atenta \u00e0s necessidades do cumprimento de melhorias cont\u00ednuas na infraestrutura das estradas, em conformidade com o contrato de concess\u00e3o e refor\u00e7a o seu comprometimento com a seguran\u00e7a e o conforto dos usu\u00e1rios.<br>Os usu\u00e1rios poder\u00e3o entrar em contato com a concession\u00e1ria via 0800 para solicitar atendimento m\u00e9dico ou mec\u00e2nico e sanar d\u00favidas. O canal estar\u00e1 dispon\u00edvel 24 horas por dia, 7 dias da semana e ser\u00e1 divulgado no in\u00edcio da opera\u00e7\u00e3o.<br>O Contrato de Concess\u00e3o celebrado com o Governo do Estado de Minas Gerais estabeleceu crit\u00e9rios que devem ser preenchidos para ser poss\u00edvel conceder a passagem isenta, s\u00e3o eles:<br>\u201c20.6. Ter\u00e3o tr\u00e2nsito livre no Sistema Rodovi\u00e1rio e ficam, portanto, isentos do pagamento de Tarifa de Ped\u00e1gio, os ve\u00edculos:<br>(i) de propriedade do Poder Concedente e do Ente Regulador ou autorizados por eles para realizar a fiscaliza\u00e7\u00e3o;<br>(ii) de uso do Comando de Policiamento Rodovi\u00e1rio da Pol\u00edcia Militar do Estado de Minas Gerais;<br>(iii) de atendimento p\u00fablico de emerg\u00eancia, tais como, do corpo de bombeiros e ambul\u00e2ncias, quando em servi\u00e7o;<br>(iv) e de categoria oficial, integrantes dos Poderes Executivo, Legislativo, Judici\u00e1rio e do Minist\u00e9rio P\u00fablico e da Defensoria P\u00fablica, todos do Estado de Minas Gerais, devendo todos ser credenciados junto ao Ente Regulador.\u201d<br>Dessa forma, qualquer ve\u00edculo que n\u00e3o esteja na lista acima, n\u00e3o possuem direito \u00e0 isen\u00e7\u00e3o.<br>O contrato de concess\u00e3o do lote 3, tamb\u00e9m disponibiliza um mecanismo de descontos para os usu\u00e1rios frequentes da rodovia, no qual o condutor paga o valor integral da tarifa somente uma vez por m\u00eas. O desconto \u00e9 v\u00e1lido para ve\u00edculos de categoria leve, que possu\u00edrem etiqueta eletr\u00f4nica de passagem em via autom\u00e1tica.<br>O DUF \u00e9 uma metodologia que possibilita uma redu\u00e7\u00e3o progressiva no valor da tarifa de ped\u00e1gio, conforme a regularidade das viagens feitas pelo usu\u00e1rio, e come\u00e7ar\u00e1 a valer no in\u00edcio da opera\u00e7\u00e3o das pra\u00e7as de ped\u00e1gio.<\/p>\n\n\n\n<p>Localiza\u00e7\u00e3o das Pra\u00e7as e Bases:<br>Pra\u00e7as de Ped\u00e1gio \u2013 Vias do Caf\u00e9<\/p>\n\n\n\n<figure class=\"wp-block-table\"><table><tbody><tr><td><strong>Pra\u00e7as<\/strong><\/td><td><strong>Rodovia<\/strong><\/td><td><strong>KM<\/strong><\/td><td><strong>Munic\u00edpio<\/strong><\/td><\/tr><tr><td>P1<\/td><td>BR-265<\/td><td>366,5<\/td><td>Nepomuceno<\/td><\/tr><tr><td>P2<\/td><td>BR-265<\/td><td>396<\/td><td>Boa Esperan\u00e7a<\/td><\/tr><tr><td>P3<\/td><td>BR-146<\/td><td>529,2<\/td><td>Muzambinho<\/td><\/tr><tr><td>P4<\/td><td>CMG-491<\/td><td>46<\/td><td>Monte Santo de Minas<\/td><\/tr><tr><td>P5<\/td><td>CMG-491<\/td><td>159,1<\/td><td>Alfenas<\/td><\/tr><tr><td>P6<\/td><td>CMG-491<\/td><td>251,6<\/td><td>Tr\u00eas Cora\u00e7\u00f5es<\/td><\/tr><\/tbody><\/table><\/figure>\n\n\n\n<p>Bases de Apoio \u2013 Vias do Caf\u00e9<\/p>\n\n\n\n<figure class=\"wp-block-table\"><table><tbody><tr><td><strong>Base de Apoio<\/strong><\/td><td><strong>Rodovia<\/strong><\/td><td><strong>KM<\/strong><\/td><td><strong>Munic\u00edpio<\/strong><\/td><\/tr><tr><td>BSO1<\/td><td>BR-265<\/td><td>46,1<\/td><td>Monte Santo de Minas<\/td><\/tr><tr><td>BSO2<\/td><td>BR-265<\/td><td>529,1<\/td><td>Muzambinho<\/td><\/tr><tr><td>BSO3<\/td><td>BR-146<\/td><td>153,9<\/td><td>Campos Gerais<\/td><\/tr><tr><td>BSO4<\/td><td>CMG-491<\/td><td>197,8<\/td><td>Paragua\u00e7u<\/td><\/tr><tr><td>BSO5<\/td><td>CMG-491<\/td><td>2,7<\/td><td>Santana da Vargem<\/td><\/tr><tr><td>BSO6<\/td><td>CMG-491<\/td><td>256,3<\/td><td>Tr\u00eas Cora\u00e7\u00f5es<\/td><\/tr><\/tbody><\/table><\/figure>\n\n\n\n<p>COM INFORMA\u00c7\u00d5ES:<br><a href=\"https:\/\/eprviasdocafe.com.br\/epr-vias-do-cafe-apresenta-o-desconto-para-usuario-frequente-duf-nas-rodovias-concedidas\/\">https:\/\/eprviasdocafe.com.br\/epr-vias-do-cafe-apresenta-o-desconto-para-usuario-frequente-duf-nas-rodovias-concedidas\/<\/a><\/p>\n","protected":false},"excerpt":{"rendered":"<p>OBRAS PR\u00d3XIMO A AREADO EST\u00c3O ADIANTADAS. TARIFA DEVE COME\u00c7AR A VALER EM OUTUBRO DESTE ANO, MAS OS USU\u00c1RIOS PODEM TER QUE POR A M\u00c3O NO BOLSO ANTES DO PREVISTO. <a href=\"https:\/\/noticiasdefato.net\/?p=1135\" class=\"more-link\">Continuar lendo <span class=\"screen-reader-text\">PED\u00c1GIO NA BR 491: TARIFA DEVE COME\u00c7AR A VALER EM OUTUBRO DESTE ANO<\/span><\/a><\/p>\n","protected":false},"author":1,"featured_media":1136,"comment_status":"open","ping_status":"open","sticky":false,"template":"","format":"standard","meta":{"footnotes":""},"categories":[1],"tags":[],"class_list":["post-1135","post","type-post","status-publish","format-standard","has-post-thumbnail","hentry","category-geral"],"yoast_head":"<!-- This site is optimized with the Yoast SEO plugin v23.2 - https:\/\/yoast.com\/wordpress\/plugins\/seo\/ -->\n<title>PED\u00c1GIO NA BR 491: TARIFA DEVE COME\u00c7AR A VALER EM OUTUBRO DESTE ANO - Not\u00edcias de Fato<\/title>\n<meta name=\"description\" content=\"OBRAS PR\u00d3XIMO A AREADO EST\u00c3O ADIANTADAS. TARIFA DEVE COME\u00c7AR A VALER EM OUTUBRO DESTE ANO, MAS OS USU\u00c1RIOS PODEM TER QUE POR A M\u00c3O NO BOLSO ANTES DO PREVISTO.\" \/>\n<meta name=\"robots\" content=\"index, follow, max-snippet:-1, max-image-preview:large, max-video-preview:-1\" \/>\n<link rel=\"canonical\" href=\"https:\/\/noticiasdefato.net\/?p=1135\" \/>\n<meta property=\"og:locale\" content=\"pt_BR\" \/>\n<meta property=\"og:type\" content=\"article\" \/>\n<meta property=\"og:title\" content=\"PED\u00c1GIO NA BR 491: TARIFA DEVE COME\u00c7AR A VALER EM OUTUBRO DESTE ANO - Not\u00edcias de Fato\" \/>\n<meta property=\"og:description\" content=\"OBRAS PR\u00d3XIMO A AREADO EST\u00c3O ADIANTADAS. TARIFA DEVE COME\u00c7AR A VALER EM OUTUBRO DESTE ANO, MAS OS USU\u00c1RIOS PODEM TER QUE POR A M\u00c3O NO BOLSO ANTES DO PREVISTO.\" \/>\n<meta property=\"og:url\" content=\"https:\/\/noticiasdefato.net\/?p=1135\" \/>\n<meta property=\"og:site_name\" content=\"Not\u00edcias de Fato\" \/>\n<meta property=\"article:publisher\" content=\"https:\/\/fb.com\/noticiasdefato.jornal\" \/>\n<meta property=\"article:author\" content=\"http:\/\/fb.com\/\/noticiasdefato.jornal\" \/>\n<meta property=\"article:published_time\" content=\"2024-04-22T18:52:40+00:00\" \/>\n<meta property=\"article:modified_time\" content=\"2024-06-27T15:08:59+00:00\" \/>\n<meta property=\"og:image\" content=\"https:\/\/noticiasdefato.net\/wp-content\/uploads\/2024\/04\/Sem-titulo-2.jpg\" \/>\n\t<meta property=\"og:image:width\" content=\"1178\" \/>\n\t<meta property=\"og:image:height\" content=\"785\" \/>\n\t<meta property=\"og:image:type\" content=\"image\/jpeg\" \/>\n<meta name=\"author\" content=\"Noticias de Fato\" \/>\n<meta name=\"twitter:card\" content=\"summary_large_image\" \/>\n<meta name=\"twitter:creator\" content=\"@https:\/\/twitter.com\/NoticiasDeFato_\" \/>\n<meta name=\"twitter:site\" content=\"@noticiasdefato_\" \/>\n<meta name=\"twitter:label1\" content=\"Escrito por\" \/>\n\t<meta name=\"twitter:data1\" content=\"Noticias de Fato\" \/>\n\t<meta name=\"twitter:label2\" content=\"Est. tempo de leitura\" \/>\n\t<meta name=\"twitter:data2\" content=\"5 minutos\" \/>\n<script type=\"application\/ld+json\" class=\"yoast-schema-graph\">{\"@context\":\"https:\/\/schema.org\",\"@graph\":[{\"@type\":\"Article\",\"@id\":\"https:\/\/noticiasdefato.net\/?p=1135#article\",\"isPartOf\":{\"@id\":\"https:\/\/noticiasdefato.net\/?p=1135\"},\"author\":{\"name\":\"Noticias de Fato\",\"@id\":\"https:\/\/noticiasdefato.net\/#\/schema\/person\/982ce60211d95acf059cd702aa260d08\"},\"headline\":\"PED\u00c1GIO NA BR 491: TARIFA DEVE COME\u00c7AR A VALER EM OUTUBRO DESTE ANO\",\"datePublished\":\"2024-04-22T18:52:40+00:00\",\"dateModified\":\"2024-06-27T15:08:59+00:00\",\"mainEntityOfPage\":{\"@id\":\"https:\/\/noticiasdefato.net\/?p=1135\"},\"wordCount\":819,\"commentCount\":1,\"publisher\":{\"@id\":\"https:\/\/noticiasdefato.net\/#organization\"},\"image\":{\"@id\":\"https:\/\/noticiasdefato.net\/?p=1135#primaryimage\"},\"thumbnailUrl\":\"https:\/\/noticiasdefato.net\/wp-content\/uploads\/2024\/04\/Sem-titulo-2.jpg\",\"articleSection\":[\"Geral\"],\"inLanguage\":\"pt-BR\",\"potentialAction\":[{\"@type\":\"CommentAction\",\"name\":\"Comment\",\"target\":[\"https:\/\/noticiasdefato.net\/?p=1135#respond\"]}]},{\"@type\":\"WebPage\",\"@id\":\"https:\/\/noticiasdefato.net\/?p=1135\",\"url\":\"https:\/\/noticiasdefato.net\/?p=1135\",\"name\":\"PED\u00c1GIO NA BR 491: TARIFA DEVE COME\u00c7AR A VALER EM OUTUBRO DESTE ANO - Not\u00edcias de Fato\",\"isPartOf\":{\"@id\":\"https:\/\/noticiasdefato.net\/#website\"},\"primaryImageOfPage\":{\"@id\":\"https:\/\/noticiasdefato.net\/?p=1135#primaryimage\"},\"image\":{\"@id\":\"https:\/\/noticiasdefato.net\/?p=1135#primaryimage\"},\"thumbnailUrl\":\"https:\/\/noticiasdefato.net\/wp-content\/uploads\/2024\/04\/Sem-titulo-2.jpg\",\"datePublished\":\"2024-04-22T18:52:40+00:00\",\"dateModified\":\"2024-06-27T15:08:59+00:00\",\"description\":\"OBRAS PR\u00d3XIMO A AREADO EST\u00c3O ADIANTADAS. TARIFA DEVE COME\u00c7AR A VALER EM OUTUBRO DESTE ANO, MAS OS USU\u00c1RIOS PODEM TER QUE POR A M\u00c3O NO BOLSO ANTES DO PREVISTO.\",\"breadcrumb\":{\"@id\":\"https:\/\/noticiasdefato.net\/?p=1135#breadcrumb\"},\"inLanguage\":\"pt-BR\",\"potentialAction\":[{\"@type\":\"ReadAction\",\"target\":[\"https:\/\/noticiasdefato.net\/?p=1135\"]}]},{\"@type\":\"ImageObject\",\"inLanguage\":\"pt-BR\",\"@id\":\"https:\/\/noticiasdefato.net\/?p=1135#primaryimage\",\"url\":\"https:\/\/noticiasdefato.net\/wp-content\/uploads\/2024\/04\/Sem-titulo-2.jpg\",\"contentUrl\":\"https:\/\/noticiasdefato.net\/wp-content\/uploads\/2024\/04\/Sem-titulo-2.jpg\",\"width\":1178,\"height\":785},{\"@type\":\"BreadcrumbList\",\"@id\":\"https:\/\/noticiasdefato.net\/?p=1135#breadcrumb\",\"itemListElement\":[{\"@type\":\"ListItem\",\"position\":1,\"name\":\"In\u00edcio\",\"item\":\"https:\/\/noticiasdefato.net\/\"},{\"@type\":\"ListItem\",\"position\":2,\"name\":\"PED\u00c1GIO NA BR 491: TARIFA DEVE COME\u00c7AR A VALER EM OUTUBRO DESTE ANO\"}]},{\"@type\":\"WebSite\",\"@id\":\"https:\/\/noticiasdefato.net\/#website\",\"url\":\"https:\/\/noticiasdefato.net\/\",\"name\":\"Not\u00edcias de Fato\",\"description\":\"Trabalhamos com honestidade, seriedade e com a verdade.\",\"publisher\":{\"@id\":\"https:\/\/noticiasdefato.net\/#organization\"},\"potentialAction\":[{\"@type\":\"SearchAction\",\"target\":{\"@type\":\"EntryPoint\",\"urlTemplate\":\"https:\/\/noticiasdefato.net\/?s={search_term_string}\"},\"query-input\":\"required name=search_term_string\"}],\"inLanguage\":\"pt-BR\"},{\"@type\":\"Organization\",\"@id\":\"https:\/\/noticiasdefato.net\/#organization\",\"name\":\"Not\u00edcias de Fato\",\"url\":\"https:\/\/noticiasdefato.net\/\",\"logo\":{\"@type\":\"ImageObject\",\"inLanguage\":\"pt-BR\",\"@id\":\"https:\/\/noticiasdefato.net\/#\/schema\/logo\/image\/\",\"url\":\"https:\/\/noticiasdefato.net\/wp-content\/uploads\/2024\/02\/cropped-logo_topo.png\",\"contentUrl\":\"https:\/\/noticiasdefato.net\/wp-content\/uploads\/2024\/02\/cropped-logo_topo.png\",\"width\":1948,\"height\":665,\"caption\":\"Not\u00edcias de Fato\"},\"image\":{\"@id\":\"https:\/\/noticiasdefato.net\/#\/schema\/logo\/image\/\"},\"sameAs\":[\"https:\/\/fb.com\/noticiasdefato.jornal\",\"https:\/\/x.com\/noticiasdefato_\",\"https:\/\/instagram.com\/noticiasdefato.jornal\",\"https:\/\/youtube.com\/@JornalNoticiasDeFato\"]},{\"@type\":\"Person\",\"@id\":\"https:\/\/noticiasdefato.net\/#\/schema\/person\/982ce60211d95acf059cd702aa260d08\",\"name\":\"Noticias de Fato\",\"image\":{\"@type\":\"ImageObject\",\"inLanguage\":\"pt-BR\",\"@id\":\"https:\/\/noticiasdefato.net\/#\/schema\/person\/image\/\",\"url\":\"https:\/\/secure.gravatar.com\/avatar\/700227fab2316f0366a1b5d4988d10f847249cf13293450527ac9553c994611a?s=96&d=mm&r=g\",\"contentUrl\":\"https:\/\/secure.gravatar.com\/avatar\/700227fab2316f0366a1b5d4988d10f847249cf13293450527ac9553c994611a?s=96&d=mm&r=g\",\"caption\":\"Noticias de Fato\"},\"sameAs\":[\"https:\/\/noticiasdefato.net\",\"http:\/\/fb.com\/\/noticiasdefato.jornal\",\"https:\/\/x.com\/https:\/\/twitter.com\/NoticiasDeFato_\"],\"url\":\"https:\/\/noticiasdefato.net\/?author=1\"}]}<\/script>\n<!-- \/ Yoast SEO plugin. -->","yoast_head_json":{"title":"PED\u00c1GIO NA BR 491: TARIFA DEVE COME\u00c7AR A VALER EM OUTUBRO DESTE ANO - Not\u00edcias de Fato","description":"OBRAS PR\u00d3XIMO A AREADO EST\u00c3O ADIANTADAS. TARIFA DEVE COME\u00c7AR A VALER EM OUTUBRO DESTE ANO, MAS OS USU\u00c1RIOS PODEM TER QUE POR A M\u00c3O NO BOLSO ANTES DO PREVISTO.","robots":{"index":"index","follow":"follow","max-snippet":"max-snippet:-1","max-image-preview":"max-image-preview:large","max-video-preview":"max-video-preview:-1"},"canonical":"https:\/\/noticiasdefato.net\/?p=1135","og_locale":"pt_BR","og_type":"article","og_title":"PED\u00c1GIO NA BR 491: TARIFA DEVE COME\u00c7AR A VALER EM OUTUBRO DESTE ANO - Not\u00edcias de Fato","og_description":"OBRAS PR\u00d3XIMO A AREADO EST\u00c3O ADIANTADAS. TARIFA DEVE COME\u00c7AR A VALER EM OUTUBRO DESTE ANO, MAS OS USU\u00c1RIOS PODEM TER QUE POR A M\u00c3O NO BOLSO ANTES DO PREVISTO.","og_url":"https:\/\/noticiasdefato.net\/?p=1135","og_site_name":"Not\u00edcias de Fato","article_publisher":"https:\/\/fb.com\/noticiasdefato.jornal","article_author":"http:\/\/fb.com\/\/noticiasdefato.jornal","article_published_time":"2024-04-22T18:52:40+00:00","article_modified_time":"2024-06-27T15:08:59+00:00","og_image":[{"width":1178,"height":785,"url":"https:\/\/noticiasdefato.net\/wp-content\/uploads\/2024\/04\/Sem-titulo-2.jpg","type":"image\/jpeg"}],"author":"Noticias de Fato","twitter_card":"summary_large_image","twitter_creator":"@https:\/\/twitter.com\/NoticiasDeFato_","twitter_site":"@noticiasdefato_","twitter_misc":{"Escrito por":"Noticias de Fato","Est. tempo de leitura":"5 minutos"},"schema":{"@context":"https:\/\/schema.org","@graph":[{"@type":"Article","@id":"https:\/\/noticiasdefato.net\/?p=1135#article","isPartOf":{"@id":"https:\/\/noticiasdefato.net\/?p=1135"},"author":{"name":"Noticias de Fato","@id":"https:\/\/noticiasdefato.net\/#\/schema\/person\/982ce60211d95acf059cd702aa260d08"},"headline":"PED\u00c1GIO NA BR 491: TARIFA DEVE COME\u00c7AR A VALER EM OUTUBRO DESTE ANO","datePublished":"2024-04-22T18:52:40+00:00","dateModified":"2024-06-27T15:08:59+00:00","mainEntityOfPage":{"@id":"https:\/\/noticiasdefato.net\/?p=1135"},"wordCount":819,"commentCount":1,"publisher":{"@id":"https:\/\/noticiasdefato.net\/#organization"},"image":{"@id":"https:\/\/noticiasdefato.net\/?p=1135#primaryimage"},"thumbnailUrl":"https:\/\/noticiasdefato.net\/wp-content\/uploads\/2024\/04\/Sem-titulo-2.jpg","articleSection":["Geral"],"inLanguage":"pt-BR","potentialAction":[{"@type":"CommentAction","name":"Comment","target":["https:\/\/noticiasdefato.net\/?p=1135#respond"]}]},{"@type":"WebPage","@id":"https:\/\/noticiasdefato.net\/?p=1135","url":"https:\/\/noticiasdefato.net\/?p=1135","name":"PED\u00c1GIO NA BR 491: TARIFA DEVE COME\u00c7AR A VALER EM OUTUBRO DESTE ANO - Not\u00edcias de Fato","isPartOf":{"@id":"https:\/\/noticiasdefato.net\/#website"},"primaryImageOfPage":{"@id":"https:\/\/noticiasdefato.net\/?p=1135#primaryimage"},"image":{"@id":"https:\/\/noticiasdefato.net\/?p=1135#primaryimage"},"thumbnailUrl":"https:\/\/noticiasdefato.net\/wp-content\/uploads\/2024\/04\/Sem-titulo-2.jpg","datePublished":"2024-04-22T18:52:40+00:00","dateModified":"2024-06-27T15:08:59+00:00","description":"OBRAS PR\u00d3XIMO A AREADO EST\u00c3O ADIANTADAS. TARIFA DEVE COME\u00c7AR A VALER EM OUTUBRO DESTE ANO, MAS OS USU\u00c1RIOS PODEM TER QUE POR A M\u00c3O NO BOLSO ANTES DO PREVISTO.","breadcrumb":{"@id":"https:\/\/noticiasdefato.net\/?p=1135#breadcrumb"},"inLanguage":"pt-BR","potentialAction":[{"@type":"ReadAction","target":["https:\/\/noticiasdefato.net\/?p=1135"]}]},{"@type":"ImageObject","inLanguage":"pt-BR","@id":"https:\/\/noticiasdefato.net\/?p=1135#primaryimage","url":"https:\/\/noticiasdefato.net\/wp-content\/uploads\/2024\/04\/Sem-titulo-2.jpg","contentUrl":"https:\/\/noticiasdefato.net\/wp-content\/uploads\/2024\/04\/Sem-titulo-2.jpg","width":1178,"height":785},{"@type":"BreadcrumbList","@id":"https:\/\/noticiasdefato.net\/?p=1135#breadcrumb","itemListElement":[{"@type":"ListItem","position":1,"name":"In\u00edcio","item":"https:\/\/noticiasdefato.net\/"},{"@type":"ListItem","position":2,"name":"PED\u00c1GIO NA BR 491: TARIFA DEVE COME\u00c7AR A VALER EM OUTUBRO DESTE ANO"}]},{"@type":"WebSite","@id":"https:\/\/noticiasdefato.net\/#website","url":"https:\/\/noticiasdefato.net\/","name":"Not\u00edcias de Fato","description":"Trabalhamos com honestidade, seriedade e com a verdade.","publisher":{"@id":"https:\/\/noticiasdefato.net\/#organization"},"potentialAction":[{"@type":"SearchAction","target":{"@type":"EntryPoint","urlTemplate":"https:\/\/noticiasdefato.net\/?s={search_term_string}"},"query-input":"required name=search_term_string"}],"inLanguage":"pt-BR"},{"@type":"Organization","@id":"https:\/\/noticiasdefato.net\/#organization","name":"Not\u00edcias de Fato","url":"https:\/\/noticiasdefato.net\/","logo":{"@type":"ImageObject","inLanguage":"pt-BR","@id":"https:\/\/noticiasdefato.net\/#\/schema\/logo\/image\/","url":"https:\/\/noticiasdefato.net\/wp-content\/uploads\/2024\/02\/cropped-logo_topo.png","contentUrl":"https:\/\/noticiasdefato.net\/wp-content\/uploads\/2024\/02\/cropped-logo_topo.png","width":1948,"height":665,"caption":"Not\u00edcias de Fato"},"image":{"@id":"https:\/\/noticiasdefato.net\/#\/schema\/logo\/image\/"},"sameAs":["https:\/\/fb.com\/noticiasdefato.jornal","https:\/\/x.com\/noticiasdefato_","https:\/\/instagram.com\/noticiasdefato.jornal","https:\/\/youtube.com\/@JornalNoticiasDeFato"]},{"@type":"Person","@id":"https:\/\/noticiasdefato.net\/#\/schema\/person\/982ce60211d95acf059cd702aa260d08","name":"Noticias de Fato","image":{"@type":"ImageObject","inLanguage":"pt-BR","@id":"https:\/\/noticiasdefato.net\/#\/schema\/person\/image\/","url":"https:\/\/secure.gravatar.com\/avatar\/700227fab2316f0366a1b5d4988d10f847249cf13293450527ac9553c994611a?s=96&d=mm&r=g","contentUrl":"https:\/\/secure.gravatar.com\/avatar\/700227fab2316f0366a1b5d4988d10f847249cf13293450527ac9553c994611a?s=96&d=mm&r=g","caption":"Noticias de Fato"},"sameAs":["https:\/\/noticiasdefato.net","http:\/\/fb.com\/\/noticiasdefato.jornal","https:\/\/x.com\/https:\/\/twitter.com\/NoticiasDeFato_"],"url":"https:\/\/noticiasdefato.net\/?author=1"}]}},"_links":{"self":[{"href":"https:\/\/noticiasdefato.net\/index.php?rest_route=\/wp\/v2\/posts\/1135","targetHints":{"allow":["GET"]}}],"collection":[{"href":"https:\/\/noticiasdefato.net\/index.php?rest_route=\/wp\/v2\/posts"}],"about":[{"href":"https:\/\/noticiasdefato.net\/index.php?rest_route=\/wp\/v2\/types\/post"}],"author":[{"embeddable":true,"href":"https:\/\/noticiasdefato.net\/index.php?rest_route=\/wp\/v2\/users\/1"}],"replies":[{"embeddable":true,"href":"https:\/\/noticiasdefato.net\/index.php?rest_route=%2Fwp%2Fv2%2Fcomments&post=1135"}],"version-history":[{"count":1,"href":"https:\/\/noticiasdefato.net\/index.php?rest_route=\/wp\/v2\/posts\/1135\/revisions"}],"predecessor-version":[{"id":1137,"href":"https:\/\/noticiasdefato.net\/index.php?rest_route=\/wp\/v2\/posts\/1135\/revisions\/1137"}],"wp:featuredmedia":[{"embeddable":true,"href":"https:\/\/noticiasdefato.net\/index.php?rest_route=\/wp\/v2\/media\/1136"}],"wp:attachment":[{"href":"https:\/\/noticiasdefato.net\/index.php?rest_route=%2Fwp%2Fv2%2Fmedia&parent=1135"}],"wp:term":[{"taxonomy":"category","embeddable":true,"href":"https:\/\/noticiasdefato.net\/index.php?rest_route=%2Fwp%2Fv2%2Fcategories&post=1135"},{"taxonomy":"post_tag","embeddable":true,"href":"https:\/\/noticiasdefato.net\/index.php?rest_route=%2Fwp%2Fv2%2Ftags&post=1135"}],"curies":[{"name":"wp","href":"https:\/\/api.w.org\/{rel}","templated":true}]}}