{"id":1138,"date":"2024-04-24T21:04:12","date_gmt":"2024-04-25T00:04:12","guid":{"rendered":"https:\/\/noticiasdefato.net\/?p=1138"},"modified":"2024-05-01T11:10:04","modified_gmt":"2024-05-01T14:10:04","slug":"viacao-gardenia-frota-sucateada-no-patio-de-alfenas","status":"publish","type":"post","link":"https:\/\/noticiasdefato.net\/?p=1138","title":{"rendered":"VIA\u00c7\u00c3O GARDENIA: FROTA SUCATEADA NO P\u00c1TIO DE ALFENAS"},"content":{"rendered":"\n<p><em>Santa Cruz assume opera\u00e7\u00f5es da Gard\u00eania<\/em><\/p>\n\n\n\n<p>A Secretaria de Estado de Infraestrutura, Mobilidade e Parcerias (Seinfra) e o Departamento de Estradas de Rodagem de Minas Gerais (DER-MG) retirou de circula\u00e7\u00e3o dez \u00f4nibus da empresa Gard\u00eania por irregularidades.<\/p>\n\n\n\n<p>A fiscaliza\u00e7\u00e3o aconteceu entre os dias 10 e 12 de abril, depois de diversas reclama\u00e7\u00f5es dos usu\u00e1rios denunciando p\u00e9ssimas condi\u00e7\u00f5es dos \u00f4nibus e de atrasos nas linhas.<br>As linhas fiscalizadas foram em Pouso Alegre, Po\u00e7os de Caldas, Santa Rita de Caldas e Caldas.<\/p>\n\n\n\n<p>A companhia de via\u00e7\u00e3o atende 107 munic\u00edpios na regi\u00e3o, transportando quase 2 milh\u00f5es de passageiros por ano. Para que os usu\u00e1rios n\u00e3o sejam prejudicados, a Seinfra concedeu uma autoriza\u00e7\u00e3o para que a empresa Santa Cruz opere emergencialmente as linhas.<\/p>\n\n\n\n<p>A Seinfra informa que a Gard\u00eania tem que sanar as irregularidades, passar por nova vistoria do DER-MG para voltar a usar esses ve\u00edculos.<\/p>\n\n\n\n<p>Na manh\u00e3 desta quarta-feira, a reportagem constatou que parte da frota da empresa se encontra sucateada no p\u00e1tio que fica no Distrito Industrial em Alfenas.<\/p>\n\n\n\n<p>As linhas que ser\u00e3o assumidas pela Santa Cruz emergencialmente s\u00e3o:<\/p>\n\n\n\n<p>Pouso Alegre &#8211; Po\u00e7os de Caldas<\/p>\n\n\n\n<p>Caldas &#8211; Po\u00e7os de Caldas<\/p>\n\n\n\n<p>Pouso Alegre &#8211; Santa Rita de Caldas<\/p>\n\n\n\n<p><strong>JUSTIFICATIVA DA GARD\u00caNIA<\/strong><\/p>\n\n\n\n<figure class=\"wp-block-image size-large\"><img fetchpriority=\"high\" decoding=\"async\" width=\"1024\" height=\"576\" src=\"https:\/\/noticiasdefato.net\/wp-content\/uploads\/2024\/04\/image-13-1024x576.png\" alt=\"\" class=\"wp-image-1140\" srcset=\"https:\/\/noticiasdefato.net\/wp-content\/uploads\/2024\/04\/image-13-1024x576.png 1024w, https:\/\/noticiasdefato.net\/wp-content\/uploads\/2024\/04\/image-13-300x169.png 300w, https:\/\/noticiasdefato.net\/wp-content\/uploads\/2024\/04\/image-13-768x432.png 768w, https:\/\/noticiasdefato.net\/wp-content\/uploads\/2024\/04\/image-13-1536x864.png 1536w, https:\/\/noticiasdefato.net\/wp-content\/uploads\/2024\/04\/image-13-160x90.png 160w, https:\/\/noticiasdefato.net\/wp-content\/uploads\/2024\/04\/image-13.png 1599w\" sizes=\"(max-width: 1024px) 100vw, 1024px\" \/><\/figure>\n\n\n\n<p>Ao G1, a Via\u00e7\u00e3o Expresso Gard\u00eania justificou que, \u201cem rela\u00e7\u00e3o aos dez \u00f4nibus retirados de circula\u00e7\u00e3o, as restri\u00e7\u00f5es anotadas s\u00e3o referentes \u00e0s quest\u00f5es burocr\u00e1ticas, como aus\u00eancia de documento relacionado \u00e0 comprova\u00e7\u00e3o de medidas corretivas na frota, pois &#8220;em virtude do curto prazo, n\u00e3o foram poss\u00edveis de serem enviadas a tempo ao \u00f3rg\u00e3o de regula\u00e7\u00e3o&#8221;.[1]<br>A empresa tamb\u00e9m afirmou que as autua\u00e7\u00f5es n\u00e3o t\u00eam rela\u00e7\u00e3o com problemas t\u00e9cnicos que pudessem comprometer a seguran\u00e7a dos passageiros, e que vem atendendo aos requisitos e fiscalizando todos os ve\u00edculos.\u201d<\/p>\n\n\n\n<figure class=\"wp-block-image size-large\"><img decoding=\"async\" width=\"1038\" height=\"584\" src=\"https:\/\/noticiasdefato.net\/wp-content\/uploads\/2024\/04\/image-12-edited.png\" alt=\"\" class=\"wp-image-1148\" srcset=\"https:\/\/noticiasdefato.net\/wp-content\/uploads\/2024\/04\/image-12-edited.png 1038w, https:\/\/noticiasdefato.net\/wp-content\/uploads\/2024\/04\/image-12-edited-300x169.png 300w, https:\/\/noticiasdefato.net\/wp-content\/uploads\/2024\/04\/image-12-edited-1024x576.png 1024w, https:\/\/noticiasdefato.net\/wp-content\/uploads\/2024\/04\/image-12-edited-768x432.png 768w, https:\/\/noticiasdefato.net\/wp-content\/uploads\/2024\/04\/image-12-edited-160x90.png 160w\" sizes=\"(max-width: 1038px) 100vw, 1038px\" \/><\/figure>\n\n\n\n<p><strong>COMISS\u00c3O DA ALMG PEDE FIM DO CONTRATO COM A GARD\u00caNIA<\/strong><\/p>\n\n\n\n<p>Em novembro de 2023 a Comiss\u00e3o de Transporte, Comunica\u00e7\u00e3o e Obras P\u00fablicas da Assembleia Legislativa de Minas Gerais (ALMG) pediu \u00e0 Secretaria de Estado de Infraestrutura e Mobilidade (Seinfra) a rescis\u00e3o, do contrato com a empresa de \u00f4nibus Gard\u00eania.[2]<\/p>\n\n\n\n<p>Na ocasi\u00e3o, foi entregue um documento com den\u00fancias como atrasos, problemas sanit\u00e1rios e de m\u00e1 conserva\u00e7\u00e3o dos \u00f4nibus.<\/p>\n\n\n\n<p>O secret\u00e1rio, Pedro Bruno afirmou que \u201ca Gard\u00eania j\u00e1 preocupa o governo porque tem v\u00e1rios contratos com o Estado e tem sido uma das via\u00e7\u00f5es com maior n\u00famero de reclama\u00e7\u00f5es. S\u00f3 em 2023, segundo ele, ela passou por 66 vistorias, que resultaram em 365 notifica\u00e7\u00f5es de irregularidades a serem corrigidas.\u201d<\/p>\n\n\n\n<p>Segundo o secret\u00e1rio, os contratos da Gard\u00eania foram feitos h\u00e1 cerca de quinze anos para um per\u00edodo de trinta anos de concess\u00e3o.<\/p>\n\n\n\n<p>REFER\u00caNCIAS:<\/p>\n\n\n\n<p>[1] <a href=\"https:\/\/g1.globo.com\/mg\/sul-de-minas\/noticia\/2024\/04\/16\/fiscalizacao-tira-de-circulacao-dez-onibus-de-linhas-intermunicipais-no-sul-de-minas.ghtml\">https:\/\/g1.globo.com\/mg\/sul-de-minas\/noticia\/2024\/04\/16\/fiscalizacao-tira-de-circulacao-dez-onibus-de-linhas-intermunicipais-no-sul-de-minas.ghtml<\/a><\/p>\n\n\n\n<p>[2] <a href=\"https:\/\/www.almg.gov.br\/comunicacao\/noticias\/arquivos\/Comissao-pede-fim-do-contrato-com-viacao-Gardenia\">https:\/\/www.almg.gov.br\/comunicacao\/noticias\/arquivos\/Comissao-pede-fim-do-contrato-com-viacao-Gardenia<\/a><\/p>\n\n\n\n<p><\/p>\n","protected":false},"excerpt":{"rendered":"<p>Santa Cruz assume opera\u00e7\u00f5es da Gard\u00eania <a href=\"https:\/\/noticiasdefato.net\/?p=1138\" class=\"more-link\">Continuar lendo <span class=\"screen-reader-text\">VIA\u00c7\u00c3O GARDENIA: FROTA SUCATEADA NO P\u00c1TIO DE ALFENAS<\/span><\/a><\/p>\n","protected":false},"author":3,"featured_media":1141,"comment_status":"open","ping_status":"open","sticky":false,"template":"","format":"standard","meta":{"footnotes":""},"categories":[1],"tags":[],"class_list":["post-1138","post","type-post","status-publish","format-standard","has-post-thumbnail","hentry","category-geral"],"yoast_head":"<!-- This site is optimized with the Yoast SEO plugin v23.2 - https:\/\/yoast.com\/wordpress\/plugins\/seo\/ -->\n<title>VIA\u00c7\u00c3O GARDENIA: FROTA SUCATEADA NO P\u00c1TIO DE ALFENAS - Not\u00edcias de Fato<\/title>\n<meta name=\"description\" content=\"Fiscaliza\u00e7\u00e3o revelou m\u00e1s condi\u00e7\u00f5es dos \u00f4nibus e atrasos nas linhas da Expresso Gard\u00eania.\" \/>\n<meta name=\"robots\" content=\"index, follow, max-snippet:-1, max-image-preview:large, max-video-preview:-1\" \/>\n<link rel=\"canonical\" href=\"https:\/\/noticiasdefato.net\/?p=1138\" \/>\n<meta property=\"og:locale\" content=\"pt_BR\" \/>\n<meta property=\"og:type\" content=\"article\" \/>\n<meta property=\"og:title\" content=\"VIA\u00c7\u00c3O GARDENIA: FROTA SUCATEADA NO P\u00c1TIO DE ALFENAS - Not\u00edcias de Fato\" \/>\n<meta property=\"og:description\" content=\"Fiscaliza\u00e7\u00e3o revelou m\u00e1s condi\u00e7\u00f5es dos \u00f4nibus e atrasos nas linhas da Expresso Gard\u00eania.\" \/>\n<meta property=\"og:url\" content=\"https:\/\/noticiasdefato.net\/?p=1138\" \/>\n<meta property=\"og:site_name\" content=\"Not\u00edcias de Fato\" \/>\n<meta property=\"article:publisher\" content=\"https:\/\/fb.com\/noticiasdefato.jornal\" \/>\n<meta property=\"article:published_time\" content=\"2024-04-25T00:04:12+00:00\" \/>\n<meta property=\"article:modified_time\" content=\"2024-05-01T14:10:04+00:00\" \/>\n<meta property=\"og:image\" content=\"https:\/\/noticiasdefato.net\/wp-content\/uploads\/2024\/04\/image-14-1024x576.png\" \/>\n\t<meta property=\"og:image:width\" content=\"1024\" \/>\n\t<meta property=\"og:image:height\" content=\"576\" \/>\n\t<meta property=\"og:image:type\" content=\"image\/png\" \/>\n<meta name=\"author\" content=\"Thiago Eduardo\" \/>\n<meta name=\"twitter:card\" content=\"summary_large_image\" \/>\n<meta name=\"twitter:creator\" content=\"@noticiasdefato_\" \/>\n<meta name=\"twitter:site\" content=\"@noticiasdefato_\" \/>\n<meta name=\"twitter:label1\" content=\"Escrito por\" \/>\n\t<meta name=\"twitter:data1\" content=\"Thiago Eduardo\" \/>\n\t<meta name=\"twitter:label2\" content=\"Est. tempo de leitura\" \/>\n\t<meta name=\"twitter:data2\" content=\"3 minutos\" \/>\n<script type=\"application\/ld+json\" class=\"yoast-schema-graph\">{\"@context\":\"https:\/\/schema.org\",\"@graph\":[{\"@type\":\"Article\",\"@id\":\"https:\/\/noticiasdefato.net\/?p=1138#article\",\"isPartOf\":{\"@id\":\"https:\/\/noticiasdefato.net\/?p=1138\"},\"author\":{\"name\":\"Thiago Eduardo\",\"@id\":\"https:\/\/noticiasdefato.net\/#\/schema\/person\/991aa25c94399b45050a06ad540c702f\"},\"headline\":\"VIA\u00c7\u00c3O GARDENIA: FROTA SUCATEADA NO P\u00c1TIO DE ALFENAS\",\"datePublished\":\"2024-04-25T00:04:12+00:00\",\"dateModified\":\"2024-05-01T14:10:04+00:00\",\"mainEntityOfPage\":{\"@id\":\"https:\/\/noticiasdefato.net\/?p=1138\"},\"wordCount\":511,\"commentCount\":0,\"publisher\":{\"@id\":\"https:\/\/noticiasdefato.net\/#organization\"},\"image\":{\"@id\":\"https:\/\/noticiasdefato.net\/?p=1138#primaryimage\"},\"thumbnailUrl\":\"https:\/\/noticiasdefato.net\/wp-content\/uploads\/2024\/04\/image-14.png\",\"articleSection\":[\"Geral\"],\"inLanguage\":\"pt-BR\",\"potentialAction\":[{\"@type\":\"CommentAction\",\"name\":\"Comment\",\"target\":[\"https:\/\/noticiasdefato.net\/?p=1138#respond\"]}]},{\"@type\":\"WebPage\",\"@id\":\"https:\/\/noticiasdefato.net\/?p=1138\",\"url\":\"https:\/\/noticiasdefato.net\/?p=1138\",\"name\":\"VIA\u00c7\u00c3O GARDENIA: FROTA SUCATEADA NO P\u00c1TIO DE ALFENAS - Not\u00edcias de Fato\",\"isPartOf\":{\"@id\":\"https:\/\/noticiasdefato.net\/#website\"},\"primaryImageOfPage\":{\"@id\":\"https:\/\/noticiasdefato.net\/?p=1138#primaryimage\"},\"image\":{\"@id\":\"https:\/\/noticiasdefato.net\/?p=1138#primaryimage\"},\"thumbnailUrl\":\"https:\/\/noticiasdefato.net\/wp-content\/uploads\/2024\/04\/image-14.png\",\"datePublished\":\"2024-04-25T00:04:12+00:00\",\"dateModified\":\"2024-05-01T14:10:04+00:00\",\"description\":\"Fiscaliza\u00e7\u00e3o revelou m\u00e1s condi\u00e7\u00f5es dos \u00f4nibus e atrasos nas linhas da Expresso Gard\u00eania.\",\"breadcrumb\":{\"@id\":\"https:\/\/noticiasdefato.net\/?p=1138#breadcrumb\"},\"inLanguage\":\"pt-BR\",\"potentialAction\":[{\"@type\":\"ReadAction\",\"target\":[\"https:\/\/noticiasdefato.net\/?p=1138\"]}]},{\"@type\":\"ImageObject\",\"inLanguage\":\"pt-BR\",\"@id\":\"https:\/\/noticiasdefato.net\/?p=1138#primaryimage\",\"url\":\"https:\/\/noticiasdefato.net\/wp-content\/uploads\/2024\/04\/image-14.png\",\"contentUrl\":\"https:\/\/noticiasdefato.net\/wp-content\/uploads\/2024\/04\/image-14.png\",\"width\":1599,\"height\":899},{\"@type\":\"BreadcrumbList\",\"@id\":\"https:\/\/noticiasdefato.net\/?p=1138#breadcrumb\",\"itemListElement\":[{\"@type\":\"ListItem\",\"position\":1,\"name\":\"In\u00edcio\",\"item\":\"https:\/\/noticiasdefato.net\/\"},{\"@type\":\"ListItem\",\"position\":2,\"name\":\"VIA\u00c7\u00c3O GARDENIA: FROTA SUCATEADA NO P\u00c1TIO DE ALFENAS\"}]},{\"@type\":\"WebSite\",\"@id\":\"https:\/\/noticiasdefato.net\/#website\",\"url\":\"https:\/\/noticiasdefato.net\/\",\"name\":\"Not\u00edcias de Fato\",\"description\":\"Trabalhamos com honestidade, seriedade e com a verdade.\",\"publisher\":{\"@id\":\"https:\/\/noticiasdefato.net\/#organization\"},\"potentialAction\":[{\"@type\":\"SearchAction\",\"target\":{\"@type\":\"EntryPoint\",\"urlTemplate\":\"https:\/\/noticiasdefato.net\/?s={search_term_string}\"},\"query-input\":\"required name=search_term_string\"}],\"inLanguage\":\"pt-BR\"},{\"@type\":\"Organization\",\"@id\":\"https:\/\/noticiasdefato.net\/#organization\",\"name\":\"Not\u00edcias de Fato\",\"url\":\"https:\/\/noticiasdefato.net\/\",\"logo\":{\"@type\":\"ImageObject\",\"inLanguage\":\"pt-BR\",\"@id\":\"https:\/\/noticiasdefato.net\/#\/schema\/logo\/image\/\",\"url\":\"https:\/\/noticiasdefato.net\/wp-content\/uploads\/2024\/02\/cropped-logo_topo.png\",\"contentUrl\":\"https:\/\/noticiasdefato.net\/wp-content\/uploads\/2024\/02\/cropped-logo_topo.png\",\"width\":1948,\"height\":665,\"caption\":\"Not\u00edcias de Fato\"},\"image\":{\"@id\":\"https:\/\/noticiasdefato.net\/#\/schema\/logo\/image\/\"},\"sameAs\":[\"https:\/\/fb.com\/noticiasdefato.jornal\",\"https:\/\/x.com\/noticiasdefato_\",\"https:\/\/instagram.com\/noticiasdefato.jornal\",\"https:\/\/youtube.com\/@JornalNoticiasDeFato\"]},{\"@type\":\"Person\",\"@id\":\"https:\/\/noticiasdefato.net\/#\/schema\/person\/991aa25c94399b45050a06ad540c702f\",\"name\":\"Thiago Eduardo\",\"image\":{\"@type\":\"ImageObject\",\"inLanguage\":\"pt-BR\",\"@id\":\"https:\/\/noticiasdefato.net\/#\/schema\/person\/image\/\",\"url\":\"https:\/\/secure.gravatar.com\/avatar\/b565c072bf1bd0d79efe2c48ab82d1a8df93488df89f920926d6ea2e77d319ba?s=96&d=mm&r=g\",\"contentUrl\":\"https:\/\/secure.gravatar.com\/avatar\/b565c072bf1bd0d79efe2c48ab82d1a8df93488df89f920926d6ea2e77d319ba?s=96&d=mm&r=g\",\"caption\":\"Thiago Eduardo\"},\"url\":\"https:\/\/noticiasdefato.net\/?author=3\"}]}<\/script>\n<!-- \/ Yoast SEO plugin. -->","yoast_head_json":{"title":"VIA\u00c7\u00c3O GARDENIA: FROTA SUCATEADA NO P\u00c1TIO DE ALFENAS - Not\u00edcias de Fato","description":"Fiscaliza\u00e7\u00e3o revelou m\u00e1s condi\u00e7\u00f5es dos \u00f4nibus e atrasos nas linhas da Expresso Gard\u00eania.","robots":{"index":"index","follow":"follow","max-snippet":"max-snippet:-1","max-image-preview":"max-image-preview:large","max-video-preview":"max-video-preview:-1"},"canonical":"https:\/\/noticiasdefato.net\/?p=1138","og_locale":"pt_BR","og_type":"article","og_title":"VIA\u00c7\u00c3O GARDENIA: FROTA SUCATEADA NO P\u00c1TIO DE ALFENAS - Not\u00edcias de Fato","og_description":"Fiscaliza\u00e7\u00e3o revelou m\u00e1s condi\u00e7\u00f5es dos \u00f4nibus e atrasos nas linhas da Expresso Gard\u00eania.","og_url":"https:\/\/noticiasdefato.net\/?p=1138","og_site_name":"Not\u00edcias de Fato","article_publisher":"https:\/\/fb.com\/noticiasdefato.jornal","article_published_time":"2024-04-25T00:04:12+00:00","article_modified_time":"2024-05-01T14:10:04+00:00","og_image":[{"width":1024,"height":576,"url":"https:\/\/noticiasdefato.net\/wp-content\/uploads\/2024\/04\/image-14-1024x576.png","type":"image\/png"}],"author":"Thiago Eduardo","twitter_card":"summary_large_image","twitter_creator":"@noticiasdefato_","twitter_site":"@noticiasdefato_","twitter_misc":{"Escrito por":"Thiago Eduardo","Est. tempo de leitura":"3 minutos"},"schema":{"@context":"https:\/\/schema.org","@graph":[{"@type":"Article","@id":"https:\/\/noticiasdefato.net\/?p=1138#article","isPartOf":{"@id":"https:\/\/noticiasdefato.net\/?p=1138"},"author":{"name":"Thiago Eduardo","@id":"https:\/\/noticiasdefato.net\/#\/schema\/person\/991aa25c94399b45050a06ad540c702f"},"headline":"VIA\u00c7\u00c3O GARDENIA: FROTA SUCATEADA NO P\u00c1TIO DE ALFENAS","datePublished":"2024-04-25T00:04:12+00:00","dateModified":"2024-05-01T14:10:04+00:00","mainEntityOfPage":{"@id":"https:\/\/noticiasdefato.net\/?p=1138"},"wordCount":511,"commentCount":0,"publisher":{"@id":"https:\/\/noticiasdefato.net\/#organization"},"image":{"@id":"https:\/\/noticiasdefato.net\/?p=1138#primaryimage"},"thumbnailUrl":"https:\/\/noticiasdefato.net\/wp-content\/uploads\/2024\/04\/image-14.png","articleSection":["Geral"],"inLanguage":"pt-BR","potentialAction":[{"@type":"CommentAction","name":"Comment","target":["https:\/\/noticiasdefato.net\/?p=1138#respond"]}]},{"@type":"WebPage","@id":"https:\/\/noticiasdefato.net\/?p=1138","url":"https:\/\/noticiasdefato.net\/?p=1138","name":"VIA\u00c7\u00c3O GARDENIA: FROTA SUCATEADA NO P\u00c1TIO DE ALFENAS - Not\u00edcias de Fato","isPartOf":{"@id":"https:\/\/noticiasdefato.net\/#website"},"primaryImageOfPage":{"@id":"https:\/\/noticiasdefato.net\/?p=1138#primaryimage"},"image":{"@id":"https:\/\/noticiasdefato.net\/?p=1138#primaryimage"},"thumbnailUrl":"https:\/\/noticiasdefato.net\/wp-content\/uploads\/2024\/04\/image-14.png","datePublished":"2024-04-25T00:04:12+00:00","dateModified":"2024-05-01T14:10:04+00:00","description":"Fiscaliza\u00e7\u00e3o revelou m\u00e1s condi\u00e7\u00f5es dos \u00f4nibus e atrasos nas linhas da Expresso Gard\u00eania.","breadcrumb":{"@id":"https:\/\/noticiasdefato.net\/?p=1138#breadcrumb"},"inLanguage":"pt-BR","potentialAction":[{"@type":"ReadAction","target":["https:\/\/noticiasdefato.net\/?p=1138"]}]},{"@type":"ImageObject","inLanguage":"pt-BR","@id":"https:\/\/noticiasdefato.net\/?p=1138#primaryimage","url":"https:\/\/noticiasdefato.net\/wp-content\/uploads\/2024\/04\/image-14.png","contentUrl":"https:\/\/noticiasdefato.net\/wp-content\/uploads\/2024\/04\/image-14.png","width":1599,"height":899},{"@type":"BreadcrumbList","@id":"https:\/\/noticiasdefato.net\/?p=1138#breadcrumb","itemListElement":[{"@type":"ListItem","position":1,"name":"In\u00edcio","item":"https:\/\/noticiasdefato.net\/"},{"@type":"ListItem","position":2,"name":"VIA\u00c7\u00c3O GARDENIA: FROTA SUCATEADA NO P\u00c1TIO DE ALFENAS"}]},{"@type":"WebSite","@id":"https:\/\/noticiasdefato.net\/#website","url":"https:\/\/noticiasdefato.net\/","name":"Not\u00edcias de Fato","description":"Trabalhamos com honestidade, seriedade e com a verdade.","publisher":{"@id":"https:\/\/noticiasdefato.net\/#organization"},"potentialAction":[{"@type":"SearchAction","target":{"@type":"EntryPoint","urlTemplate":"https:\/\/noticiasdefato.net\/?s={search_term_string}"},"query-input":"required name=search_term_string"}],"inLanguage":"pt-BR"},{"@type":"Organization","@id":"https:\/\/noticiasdefato.net\/#organization","name":"Not\u00edcias de Fato","url":"https:\/\/noticiasdefato.net\/","logo":{"@type":"ImageObject","inLanguage":"pt-BR","@id":"https:\/\/noticiasdefato.net\/#\/schema\/logo\/image\/","url":"https:\/\/noticiasdefato.net\/wp-content\/uploads\/2024\/02\/cropped-logo_topo.png","contentUrl":"https:\/\/noticiasdefato.net\/wp-content\/uploads\/2024\/02\/cropped-logo_topo.png","width":1948,"height":665,"caption":"Not\u00edcias de Fato"},"image":{"@id":"https:\/\/noticiasdefato.net\/#\/schema\/logo\/image\/"},"sameAs":["https:\/\/fb.com\/noticiasdefato.jornal","https:\/\/x.com\/noticiasdefato_","https:\/\/instagram.com\/noticiasdefato.jornal","https:\/\/youtube.com\/@JornalNoticiasDeFato"]},{"@type":"Person","@id":"https:\/\/noticiasdefato.net\/#\/schema\/person\/991aa25c94399b45050a06ad540c702f","name":"Thiago Eduardo","image":{"@type":"ImageObject","inLanguage":"pt-BR","@id":"https:\/\/noticiasdefato.net\/#\/schema\/person\/image\/","url":"https:\/\/secure.gravatar.com\/avatar\/b565c072bf1bd0d79efe2c48ab82d1a8df93488df89f920926d6ea2e77d319ba?s=96&d=mm&r=g","contentUrl":"https:\/\/secure.gravatar.com\/avatar\/b565c072bf1bd0d79efe2c48ab82d1a8df93488df89f920926d6ea2e77d319ba?s=96&d=mm&r=g","caption":"Thiago Eduardo"},"url":"https:\/\/noticiasdefato.net\/?author=3"}]}},"_links":{"self":[{"href":"https:\/\/noticiasdefato.net\/index.php?rest_route=\/wp\/v2\/posts\/1138","targetHints":{"allow":["GET"]}}],"collection":[{"href":"https:\/\/noticiasdefato.net\/index.php?rest_route=\/wp\/v2\/posts"}],"about":[{"href":"https:\/\/noticiasdefato.net\/index.php?rest_route=\/wp\/v2\/types\/post"}],"author":[{"embeddable":true,"href":"https:\/\/noticiasdefato.net\/index.php?rest_route=\/wp\/v2\/users\/3"}],"replies":[{"embeddable":true,"href":"https:\/\/noticiasdefato.net\/index.php?rest_route=%2Fwp%2Fv2%2Fcomments&post=1138"}],"version-history":[{"count":5,"href":"https:\/\/noticiasdefato.net\/index.php?rest_route=\/wp\/v2\/posts\/1138\/revisions"}],"predecessor-version":[{"id":1149,"href":"https:\/\/noticiasdefato.net\/index.php?rest_route=\/wp\/v2\/posts\/1138\/revisions\/1149"}],"wp:featuredmedia":[{"embeddable":true,"href":"https:\/\/noticiasdefato.net\/index.php?rest_route=\/wp\/v2\/media\/1141"}],"wp:attachment":[{"href":"https:\/\/noticiasdefato.net\/index.php?rest_route=%2Fwp%2Fv2%2Fmedia&parent=1138"}],"wp:term":[{"taxonomy":"category","embeddable":true,"href":"https:\/\/noticiasdefato.net\/index.php?rest_route=%2Fwp%2Fv2%2Fcategories&post=1138"},{"taxonomy":"post_tag","embeddable":true,"href":"https:\/\/noticiasdefato.net\/index.php?rest_route=%2Fwp%2Fv2%2Ftags&post=1138"}],"curies":[{"name":"wp","href":"https:\/\/api.w.org\/{rel}","templated":true}]}}