{"id":1151,"date":"2024-04-25T15:08:02","date_gmt":"2024-04-25T18:08:02","guid":{"rendered":"https:\/\/noticiasdefato.net\/?p=1151"},"modified":"2024-05-01T11:10:19","modified_gmt":"2024-05-01T14:10:19","slug":"vereadora-de-alfenas-usa-bone-do-mst-em-atividade-escolar","status":"publish","type":"post","link":"https:\/\/noticiasdefato.net\/?p=1151","title":{"rendered":"VEREADORA DE ALFENAS USA BON\u00c9 DO MST EM ATIVIDADE ESCOLAR"},"content":{"rendered":"\n<p>Nesta quinta-feira (25), a Vereadora Tani Rose (PT) causou pol\u00eamica e revolta na cidade de Alfenas, quando circulou publica\u00e7\u00f5es de sua rede social.<\/p>\n\n\n\n<p>Em uma de suas publica\u00e7\u00f5es, a vereadora petista apareceu, no dia 20 de abril, rodeada de crian\u00e7as, participando do projeto &#8220;Escola do Campo&#8221;, um projeto que tem o objetivo de ensinar as crian\u00e7as sobre a agricultura.<\/p>\n\n\n<div class=\"wp-block-image\">\n<figure class=\"aligncenter size-large is-resized\"><img fetchpriority=\"high\" decoding=\"async\" width=\"908\" height=\"1024\" src=\"https:\/\/noticiasdefato.net\/wp-content\/uploads\/2024\/04\/image-16-908x1024.png\" alt=\"\" class=\"wp-image-1154\" style=\"width:476px;height:auto\" srcset=\"https:\/\/noticiasdefato.net\/wp-content\/uploads\/2024\/04\/image-16-908x1024.png 908w, https:\/\/noticiasdefato.net\/wp-content\/uploads\/2024\/04\/image-16-266x300.png 266w, https:\/\/noticiasdefato.net\/wp-content\/uploads\/2024\/04\/image-16-768x867.png 768w, https:\/\/noticiasdefato.net\/wp-content\/uploads\/2024\/04\/image-16-80x90.png 80w, https:\/\/noticiasdefato.net\/wp-content\/uploads\/2024\/04\/image-16.png 1075w\" sizes=\"(max-width: 908px) 100vw, 908px\" \/><\/figure>\n<\/div>\n\n\n<p>No entanto, o projeto acabou virando um campo ideol\u00f3gico, onde a vereadora usava um bon\u00e9 em homenagem ao MST (Movimento Sem Terra).<\/p>\n\n\n\n<p>O MST \u00e9 um movimento de extrema esquerda, onde seus adeptos s\u00e3o conhecidos por invadirem propriedades privadas e levarem terror ao campo, j\u00e1 mencionado na imprensa nacional <em>[1]<\/em>.<\/p>\n\n\n\n<p>Em sua publica\u00e7\u00e3o a vereadora petista marcou a Unifal, Universidade Federal de Alfenas, anunciando que o plantio foi realizado em um terreno no centro de Alfenas, que segundo a vereadora, trata-se da \u201chorta da Unifal\u201d.<\/p>\n\n\n\n<p>No dia 24, a vereadora do PT, persistiu em sua conduta doutrin\u00e1ria e publicou novamente, em sua rede social, atividades com as crian\u00e7as na horta do Cemei Pedra Branca, usando o bon\u00e9 do MST, contando inclusive com a presen\u00e7a do filho do deputado Luiz Ant\u00f4nio da Silva &#8211; Luizinho, Leon Felipe.<\/p>\n\n\n<div class=\"wp-block-image\">\n<figure class=\"aligncenter size-large is-resized\"><img decoding=\"async\" width=\"993\" height=\"1024\" src=\"https:\/\/noticiasdefato.net\/wp-content\/uploads\/2024\/04\/image-17-993x1024.png\" alt=\"\" class=\"wp-image-1155\" style=\"width:470px;height:auto\" srcset=\"https:\/\/noticiasdefato.net\/wp-content\/uploads\/2024\/04\/image-17-993x1024.png 993w, https:\/\/noticiasdefato.net\/wp-content\/uploads\/2024\/04\/image-17-291x300.png 291w, https:\/\/noticiasdefato.net\/wp-content\/uploads\/2024\/04\/image-17-768x792.png 768w, https:\/\/noticiasdefato.net\/wp-content\/uploads\/2024\/04\/image-17-87x90.png 87w, https:\/\/noticiasdefato.net\/wp-content\/uploads\/2024\/04\/image-17.png 1079w\" sizes=\"(max-width: 993px) 100vw, 993px\" \/><\/figure>\n<\/div>\n\n\n<p>A publica\u00e7\u00e3o da vereadora causou manifesta\u00e7\u00f5es em v\u00e1rios grupos de WhatsApp, uma vez que traz a presen\u00e7a de elementos m\u00ednimos descritivos de procedimento incompat\u00edvel para um educador. Cabe \u00e0 secretaria de educa\u00e7\u00e3o do munic\u00edpio se pronunciar sobre o fato e tomar medidas cab\u00edveis para corrigir tais atos e procedimentos.<\/p>\n\n\n\n<figure class=\"wp-block-image size-large\"><img decoding=\"async\" width=\"1024\" height=\"851\" src=\"https:\/\/noticiasdefato.net\/wp-content\/uploads\/2024\/04\/image-18-1024x851.png\" alt=\"\" class=\"wp-image-1156\" srcset=\"https:\/\/noticiasdefato.net\/wp-content\/uploads\/2024\/04\/image-18-1024x851.png 1024w, https:\/\/noticiasdefato.net\/wp-content\/uploads\/2024\/04\/image-18-300x249.png 300w, https:\/\/noticiasdefato.net\/wp-content\/uploads\/2024\/04\/image-18-768x638.png 768w, https:\/\/noticiasdefato.net\/wp-content\/uploads\/2024\/04\/image-18-108x90.png 108w, https:\/\/noticiasdefato.net\/wp-content\/uploads\/2024\/04\/image-18.png 1077w\" sizes=\"(max-width: 1024px) 100vw, 1024px\" \/><\/figure>\n\n\n\n<p>REFER\u00caNCIA:<br>[1] <a href=\"https:\/\/veja.abril.com.br\/coluna\/reinaldo\/o-mst-e-o-terrorismo-oficializado\/\">https:\/\/veja.abril.com.br\/coluna\/reinaldo\/o-mst-e-o-terrorismo-oficializado\/<\/a><\/p>\n","protected":false},"excerpt":{"rendered":"<p>Ato da vereadora pode ser considerado propaganda politica de grupo terrorista <a href=\"https:\/\/noticiasdefato.net\/?p=1151\" class=\"more-link\">Continuar lendo <span class=\"screen-reader-text\">VEREADORA DE ALFENAS USA BON\u00c9 DO MST EM ATIVIDADE ESCOLAR<\/span><\/a><\/p>\n","protected":false},"author":4,"featured_media":1152,"comment_status":"open","ping_status":"open","sticky":false,"template":"","format":"standard","meta":{"footnotes":""},"categories":[20],"tags":[],"class_list":["post-1151","post","type-post","status-publish","format-standard","has-post-thumbnail","hentry","category-educacao"],"yoast_head":"<!-- This site is optimized with the Yoast SEO plugin v23.2 - https:\/\/yoast.com\/wordpress\/plugins\/seo\/ -->\n<title>VEREADORA DE ALFENAS USA BON\u00c9 DO MST EM ATIVIDADE ESCOLAR - Not\u00edcias de Fato<\/title>\n<meta name=\"description\" content=\"Ato da vereadora pode ser considerado propaganda politica de grupo terrorista\" \/>\n<meta name=\"robots\" content=\"index, follow, max-snippet:-1, max-image-preview:large, max-video-preview:-1\" \/>\n<link rel=\"canonical\" href=\"https:\/\/noticiasdefato.net\/?p=1151\" \/>\n<meta property=\"og:locale\" content=\"pt_BR\" \/>\n<meta property=\"og:type\" content=\"article\" \/>\n<meta property=\"og:title\" content=\"VEREADORA DE ALFENAS USA BON\u00c9 DO MST EM ATIVIDADE ESCOLAR - Not\u00edcias de Fato\" \/>\n<meta property=\"og:description\" content=\"Ato da vereadora pode ser considerado propaganda politica de grupo terrorista\" \/>\n<meta property=\"og:url\" content=\"https:\/\/noticiasdefato.net\/?p=1151\" \/>\n<meta property=\"og:site_name\" content=\"Not\u00edcias de Fato\" \/>\n<meta property=\"article:publisher\" content=\"https:\/\/fb.com\/noticiasdefato.jornal\" \/>\n<meta property=\"article:published_time\" content=\"2024-04-25T18:08:02+00:00\" \/>\n<meta property=\"article:modified_time\" content=\"2024-05-01T14:10:19+00:00\" \/>\n<meta property=\"og:image\" content=\"https:\/\/noticiasdefato.net\/wp-content\/uploads\/2024\/04\/image-15.png\" \/>\n\t<meta property=\"og:image:width\" content=\"1077\" \/>\n\t<meta property=\"og:image:height\" content=\"1001\" \/>\n\t<meta property=\"og:image:type\" content=\"image\/png\" \/>\n<meta name=\"author\" content=\"Matheus Siqueira\" \/>\n<meta name=\"twitter:card\" content=\"summary_large_image\" \/>\n<meta name=\"twitter:creator\" content=\"@noticiasdefato_\" \/>\n<meta name=\"twitter:site\" content=\"@noticiasdefato_\" \/>\n<meta name=\"twitter:label1\" content=\"Escrito por\" \/>\n\t<meta name=\"twitter:data1\" content=\"Matheus Siqueira\" \/>\n\t<meta name=\"twitter:label2\" content=\"Est. tempo de leitura\" \/>\n\t<meta name=\"twitter:data2\" content=\"3 minutos\" \/>\n<script type=\"application\/ld+json\" class=\"yoast-schema-graph\">{\"@context\":\"https:\/\/schema.org\",\"@graph\":[{\"@type\":\"Article\",\"@id\":\"https:\/\/noticiasdefato.net\/?p=1151#article\",\"isPartOf\":{\"@id\":\"https:\/\/noticiasdefato.net\/?p=1151\"},\"author\":{\"name\":\"Matheus Siqueira\",\"@id\":\"https:\/\/noticiasdefato.net\/#\/schema\/person\/1d7c912e0f0b83cebaba8f3bab17775b\"},\"headline\":\"VEREADORA DE ALFENAS USA BON\u00c9 DO MST EM ATIVIDADE ESCOLAR\",\"datePublished\":\"2024-04-25T18:08:02+00:00\",\"dateModified\":\"2024-05-01T14:10:19+00:00\",\"mainEntityOfPage\":{\"@id\":\"https:\/\/noticiasdefato.net\/?p=1151\"},\"wordCount\":279,\"commentCount\":0,\"publisher\":{\"@id\":\"https:\/\/noticiasdefato.net\/#organization\"},\"image\":{\"@id\":\"https:\/\/noticiasdefato.net\/?p=1151#primaryimage\"},\"thumbnailUrl\":\"https:\/\/noticiasdefato.net\/wp-content\/uploads\/2024\/04\/image-15.png\",\"articleSection\":[\"Educa\u00e7\u00e3o\"],\"inLanguage\":\"pt-BR\",\"potentialAction\":[{\"@type\":\"CommentAction\",\"name\":\"Comment\",\"target\":[\"https:\/\/noticiasdefato.net\/?p=1151#respond\"]}]},{\"@type\":\"WebPage\",\"@id\":\"https:\/\/noticiasdefato.net\/?p=1151\",\"url\":\"https:\/\/noticiasdefato.net\/?p=1151\",\"name\":\"VEREADORA DE ALFENAS USA BON\u00c9 DO MST EM ATIVIDADE ESCOLAR - Not\u00edcias de Fato\",\"isPartOf\":{\"@id\":\"https:\/\/noticiasdefato.net\/#website\"},\"primaryImageOfPage\":{\"@id\":\"https:\/\/noticiasdefato.net\/?p=1151#primaryimage\"},\"image\":{\"@id\":\"https:\/\/noticiasdefato.net\/?p=1151#primaryimage\"},\"thumbnailUrl\":\"https:\/\/noticiasdefato.net\/wp-content\/uploads\/2024\/04\/image-15.png\",\"datePublished\":\"2024-04-25T18:08:02+00:00\",\"dateModified\":\"2024-05-01T14:10:19+00:00\",\"description\":\"Ato da vereadora pode ser considerado propaganda politica de grupo terrorista\",\"breadcrumb\":{\"@id\":\"https:\/\/noticiasdefato.net\/?p=1151#breadcrumb\"},\"inLanguage\":\"pt-BR\",\"potentialAction\":[{\"@type\":\"ReadAction\",\"target\":[\"https:\/\/noticiasdefato.net\/?p=1151\"]}]},{\"@type\":\"ImageObject\",\"inLanguage\":\"pt-BR\",\"@id\":\"https:\/\/noticiasdefato.net\/?p=1151#primaryimage\",\"url\":\"https:\/\/noticiasdefato.net\/wp-content\/uploads\/2024\/04\/image-15.png\",\"contentUrl\":\"https:\/\/noticiasdefato.net\/wp-content\/uploads\/2024\/04\/image-15.png\",\"width\":1077,\"height\":1001},{\"@type\":\"BreadcrumbList\",\"@id\":\"https:\/\/noticiasdefato.net\/?p=1151#breadcrumb\",\"itemListElement\":[{\"@type\":\"ListItem\",\"position\":1,\"name\":\"In\u00edcio\",\"item\":\"https:\/\/noticiasdefato.net\/\"},{\"@type\":\"ListItem\",\"position\":2,\"name\":\"VEREADORA DE ALFENAS USA BON\u00c9 DO MST EM ATIVIDADE ESCOLAR\"}]},{\"@type\":\"WebSite\",\"@id\":\"https:\/\/noticiasdefato.net\/#website\",\"url\":\"https:\/\/noticiasdefato.net\/\",\"name\":\"Not\u00edcias de Fato\",\"description\":\"Trabalhamos com honestidade, seriedade e com a verdade.\",\"publisher\":{\"@id\":\"https:\/\/noticiasdefato.net\/#organization\"},\"potentialAction\":[{\"@type\":\"SearchAction\",\"target\":{\"@type\":\"EntryPoint\",\"urlTemplate\":\"https:\/\/noticiasdefato.net\/?s={search_term_string}\"},\"query-input\":\"required name=search_term_string\"}],\"inLanguage\":\"pt-BR\"},{\"@type\":\"Organization\",\"@id\":\"https:\/\/noticiasdefato.net\/#organization\",\"name\":\"Not\u00edcias de Fato\",\"url\":\"https:\/\/noticiasdefato.net\/\",\"logo\":{\"@type\":\"ImageObject\",\"inLanguage\":\"pt-BR\",\"@id\":\"https:\/\/noticiasdefato.net\/#\/schema\/logo\/image\/\",\"url\":\"https:\/\/noticiasdefato.net\/wp-content\/uploads\/2024\/02\/cropped-logo_topo.png\",\"contentUrl\":\"https:\/\/noticiasdefato.net\/wp-content\/uploads\/2024\/02\/cropped-logo_topo.png\",\"width\":1948,\"height\":665,\"caption\":\"Not\u00edcias de Fato\"},\"image\":{\"@id\":\"https:\/\/noticiasdefato.net\/#\/schema\/logo\/image\/\"},\"sameAs\":[\"https:\/\/fb.com\/noticiasdefato.jornal\",\"https:\/\/x.com\/noticiasdefato_\",\"https:\/\/instagram.com\/noticiasdefato.jornal\",\"https:\/\/youtube.com\/@JornalNoticiasDeFato\"]},{\"@type\":\"Person\",\"@id\":\"https:\/\/noticiasdefato.net\/#\/schema\/person\/1d7c912e0f0b83cebaba8f3bab17775b\",\"name\":\"Matheus Siqueira\",\"image\":{\"@type\":\"ImageObject\",\"inLanguage\":\"pt-BR\",\"@id\":\"https:\/\/noticiasdefato.net\/#\/schema\/person\/image\/\",\"url\":\"https:\/\/secure.gravatar.com\/avatar\/21222216dfb8a3f41b24b18928071bfd2a698a98147b9a6bf1e1d9f988214d77?s=96&d=mm&r=g\",\"contentUrl\":\"https:\/\/secure.gravatar.com\/avatar\/21222216dfb8a3f41b24b18928071bfd2a698a98147b9a6bf1e1d9f988214d77?s=96&d=mm&r=g\",\"caption\":\"Matheus Siqueira\"},\"url\":\"https:\/\/noticiasdefato.net\/?author=4\"}]}<\/script>\n<!-- \/ Yoast SEO plugin. -->","yoast_head_json":{"title":"VEREADORA DE ALFENAS USA BON\u00c9 DO MST EM ATIVIDADE ESCOLAR - Not\u00edcias de Fato","description":"Ato da vereadora pode ser considerado propaganda politica de grupo terrorista","robots":{"index":"index","follow":"follow","max-snippet":"max-snippet:-1","max-image-preview":"max-image-preview:large","max-video-preview":"max-video-preview:-1"},"canonical":"https:\/\/noticiasdefato.net\/?p=1151","og_locale":"pt_BR","og_type":"article","og_title":"VEREADORA DE ALFENAS USA BON\u00c9 DO MST EM ATIVIDADE ESCOLAR - Not\u00edcias de Fato","og_description":"Ato da vereadora pode ser considerado propaganda politica de grupo terrorista","og_url":"https:\/\/noticiasdefato.net\/?p=1151","og_site_name":"Not\u00edcias de Fato","article_publisher":"https:\/\/fb.com\/noticiasdefato.jornal","article_published_time":"2024-04-25T18:08:02+00:00","article_modified_time":"2024-05-01T14:10:19+00:00","og_image":[{"width":1077,"height":1001,"url":"https:\/\/noticiasdefato.net\/wp-content\/uploads\/2024\/04\/image-15.png","type":"image\/png"}],"author":"Matheus Siqueira","twitter_card":"summary_large_image","twitter_creator":"@noticiasdefato_","twitter_site":"@noticiasdefato_","twitter_misc":{"Escrito por":"Matheus Siqueira","Est. tempo de leitura":"3 minutos"},"schema":{"@context":"https:\/\/schema.org","@graph":[{"@type":"Article","@id":"https:\/\/noticiasdefato.net\/?p=1151#article","isPartOf":{"@id":"https:\/\/noticiasdefato.net\/?p=1151"},"author":{"name":"Matheus Siqueira","@id":"https:\/\/noticiasdefato.net\/#\/schema\/person\/1d7c912e0f0b83cebaba8f3bab17775b"},"headline":"VEREADORA DE ALFENAS USA BON\u00c9 DO MST EM ATIVIDADE ESCOLAR","datePublished":"2024-04-25T18:08:02+00:00","dateModified":"2024-05-01T14:10:19+00:00","mainEntityOfPage":{"@id":"https:\/\/noticiasdefato.net\/?p=1151"},"wordCount":279,"commentCount":0,"publisher":{"@id":"https:\/\/noticiasdefato.net\/#organization"},"image":{"@id":"https:\/\/noticiasdefato.net\/?p=1151#primaryimage"},"thumbnailUrl":"https:\/\/noticiasdefato.net\/wp-content\/uploads\/2024\/04\/image-15.png","articleSection":["Educa\u00e7\u00e3o"],"inLanguage":"pt-BR","potentialAction":[{"@type":"CommentAction","name":"Comment","target":["https:\/\/noticiasdefato.net\/?p=1151#respond"]}]},{"@type":"WebPage","@id":"https:\/\/noticiasdefato.net\/?p=1151","url":"https:\/\/noticiasdefato.net\/?p=1151","name":"VEREADORA DE ALFENAS USA BON\u00c9 DO MST EM ATIVIDADE ESCOLAR - Not\u00edcias de Fato","isPartOf":{"@id":"https:\/\/noticiasdefato.net\/#website"},"primaryImageOfPage":{"@id":"https:\/\/noticiasdefato.net\/?p=1151#primaryimage"},"image":{"@id":"https:\/\/noticiasdefato.net\/?p=1151#primaryimage"},"thumbnailUrl":"https:\/\/noticiasdefato.net\/wp-content\/uploads\/2024\/04\/image-15.png","datePublished":"2024-04-25T18:08:02+00:00","dateModified":"2024-05-01T14:10:19+00:00","description":"Ato da vereadora pode ser considerado propaganda politica de grupo terrorista","breadcrumb":{"@id":"https:\/\/noticiasdefato.net\/?p=1151#breadcrumb"},"inLanguage":"pt-BR","potentialAction":[{"@type":"ReadAction","target":["https:\/\/noticiasdefato.net\/?p=1151"]}]},{"@type":"ImageObject","inLanguage":"pt-BR","@id":"https:\/\/noticiasdefato.net\/?p=1151#primaryimage","url":"https:\/\/noticiasdefato.net\/wp-content\/uploads\/2024\/04\/image-15.png","contentUrl":"https:\/\/noticiasdefato.net\/wp-content\/uploads\/2024\/04\/image-15.png","width":1077,"height":1001},{"@type":"BreadcrumbList","@id":"https:\/\/noticiasdefato.net\/?p=1151#breadcrumb","itemListElement":[{"@type":"ListItem","position":1,"name":"In\u00edcio","item":"https:\/\/noticiasdefato.net\/"},{"@type":"ListItem","position":2,"name":"VEREADORA DE ALFENAS USA BON\u00c9 DO MST EM ATIVIDADE ESCOLAR"}]},{"@type":"WebSite","@id":"https:\/\/noticiasdefato.net\/#website","url":"https:\/\/noticiasdefato.net\/","name":"Not\u00edcias de Fato","description":"Trabalhamos com honestidade, seriedade e com a verdade.","publisher":{"@id":"https:\/\/noticiasdefato.net\/#organization"},"potentialAction":[{"@type":"SearchAction","target":{"@type":"EntryPoint","urlTemplate":"https:\/\/noticiasdefato.net\/?s={search_term_string}"},"query-input":"required name=search_term_string"}],"inLanguage":"pt-BR"},{"@type":"Organization","@id":"https:\/\/noticiasdefato.net\/#organization","name":"Not\u00edcias de Fato","url":"https:\/\/noticiasdefato.net\/","logo":{"@type":"ImageObject","inLanguage":"pt-BR","@id":"https:\/\/noticiasdefato.net\/#\/schema\/logo\/image\/","url":"https:\/\/noticiasdefato.net\/wp-content\/uploads\/2024\/02\/cropped-logo_topo.png","contentUrl":"https:\/\/noticiasdefato.net\/wp-content\/uploads\/2024\/02\/cropped-logo_topo.png","width":1948,"height":665,"caption":"Not\u00edcias de Fato"},"image":{"@id":"https:\/\/noticiasdefato.net\/#\/schema\/logo\/image\/"},"sameAs":["https:\/\/fb.com\/noticiasdefato.jornal","https:\/\/x.com\/noticiasdefato_","https:\/\/instagram.com\/noticiasdefato.jornal","https:\/\/youtube.com\/@JornalNoticiasDeFato"]},{"@type":"Person","@id":"https:\/\/noticiasdefato.net\/#\/schema\/person\/1d7c912e0f0b83cebaba8f3bab17775b","name":"Matheus Siqueira","image":{"@type":"ImageObject","inLanguage":"pt-BR","@id":"https:\/\/noticiasdefato.net\/#\/schema\/person\/image\/","url":"https:\/\/secure.gravatar.com\/avatar\/21222216dfb8a3f41b24b18928071bfd2a698a98147b9a6bf1e1d9f988214d77?s=96&d=mm&r=g","contentUrl":"https:\/\/secure.gravatar.com\/avatar\/21222216dfb8a3f41b24b18928071bfd2a698a98147b9a6bf1e1d9f988214d77?s=96&d=mm&r=g","caption":"Matheus Siqueira"},"url":"https:\/\/noticiasdefato.net\/?author=4"}]}},"_links":{"self":[{"href":"https:\/\/noticiasdefato.net\/index.php?rest_route=\/wp\/v2\/posts\/1151","targetHints":{"allow":["GET"]}}],"collection":[{"href":"https:\/\/noticiasdefato.net\/index.php?rest_route=\/wp\/v2\/posts"}],"about":[{"href":"https:\/\/noticiasdefato.net\/index.php?rest_route=\/wp\/v2\/types\/post"}],"author":[{"embeddable":true,"href":"https:\/\/noticiasdefato.net\/index.php?rest_route=\/wp\/v2\/users\/4"}],"replies":[{"embeddable":true,"href":"https:\/\/noticiasdefato.net\/index.php?rest_route=%2Fwp%2Fv2%2Fcomments&post=1151"}],"version-history":[{"count":3,"href":"https:\/\/noticiasdefato.net\/index.php?rest_route=\/wp\/v2\/posts\/1151\/revisions"}],"predecessor-version":[{"id":1159,"href":"https:\/\/noticiasdefato.net\/index.php?rest_route=\/wp\/v2\/posts\/1151\/revisions\/1159"}],"wp:featuredmedia":[{"embeddable":true,"href":"https:\/\/noticiasdefato.net\/index.php?rest_route=\/wp\/v2\/media\/1152"}],"wp:attachment":[{"href":"https:\/\/noticiasdefato.net\/index.php?rest_route=%2Fwp%2Fv2%2Fmedia&parent=1151"}],"wp:term":[{"taxonomy":"category","embeddable":true,"href":"https:\/\/noticiasdefato.net\/index.php?rest_route=%2Fwp%2Fv2%2Fcategories&post=1151"},{"taxonomy":"post_tag","embeddable":true,"href":"https:\/\/noticiasdefato.net\/index.php?rest_route=%2Fwp%2Fv2%2Ftags&post=1151"}],"curies":[{"name":"wp","href":"https:\/\/api.w.org\/{rel}","templated":true}]}}