{"id":1160,"date":"2024-04-25T15:45:10","date_gmt":"2024-04-25T18:45:10","guid":{"rendered":"https:\/\/noticiasdefato.net\/?p=1160"},"modified":"2024-04-25T15:45:11","modified_gmt":"2024-04-25T18:45:11","slug":"nota-de-falecimento","status":"publish","type":"post","link":"https:\/\/noticiasdefato.net\/?p=1160","title":{"rendered":"NOTA DE FALECIMENTO"},"content":{"rendered":"<div class=\"wp-block-image\">\n<figure class=\"aligncenter size-full\"><img fetchpriority=\"high\" decoding=\"async\" width=\"218\" height=\"314\" src=\"https:\/\/noticiasdefato.net\/wp-content\/uploads\/2024\/04\/Sem-titulo-4.jpg\" alt=\"\" class=\"wp-image-1161\" srcset=\"https:\/\/noticiasdefato.net\/wp-content\/uploads\/2024\/04\/Sem-titulo-4.jpg 218w, https:\/\/noticiasdefato.net\/wp-content\/uploads\/2024\/04\/Sem-titulo-4-208x300.jpg 208w, https:\/\/noticiasdefato.net\/wp-content\/uploads\/2024\/04\/Sem-titulo-4-62x90.jpg 62w\" sizes=\"(max-width: 218px) 100vw, 218px\" \/><\/figure>\n<\/div>\n\n\n<p>Faleceu hoje, dia 25\/04\/2024 aos 76 anos o Sr OSMAIR CARLOS PESSOA (Pral\u00e9), filho de Arlindo Carlos Pessoa e Maria Aparecida de Souza, casado com a querida Margareth Pess\u00f4a, servidor p\u00fablico, ex- vereador de Alfenas, residente nesta cidade de Alfenas. Deixa filhos. O seu corpo est\u00e1 sendo velado no Vel\u00f3rio Municipal de Alfenas e, o seu sepultamento ser\u00e1 hoje \u00e0s 16h00 no Cemit\u00e9rio Local. \u00c0 fam\u00edlia enlutada meus sentimentos de solidariedade e, ao Osmair Carlos, o descanso eterno nos bra\u00e7os do Autor da Vida.<\/p>\n\n\n\n<ul class=\"wp-block-list\">\n<li>19\/11\/1947 + 25\/04\/2024<br>Gentileza do Grupo NOTA DE FALECIMENTO &#8211; ALFENAS-MG Fonte: Concei\u00e7\u00e3o Dos Anjos<br>( Funer\u00e1ria S\u00e3o Pedro).<\/li>\n<\/ul>\n","protected":false},"excerpt":{"rendered":"<p>Faleceu hoje, dia 25\/04\/2024 aos 76 anos o Sr OSMAIR CARLOS PESSOA (Pral\u00e9), filho de Arlindo Carlos Pessoa e Maria Aparecida de Souza, casado com a querida Margareth Pess\u00f4a, servidor p\u00fablico, ex- vereador de Alfenas, residente nesta cidade de Alfenas. Deixa filhos. O seu corpo est\u00e1 sendo velado no Vel\u00f3rio Municipal de Alfenas e, o seu sepultamento ser\u00e1 hoje \u00e0s 16h00 no Cemit\u00e9rio Local. \u00c0 &hellip; <a href=\"https:\/\/noticiasdefato.net\/?p=1160\" class=\"more-link\">Continuar lendo <span class=\"screen-reader-text\">NOTA DE FALECIMENTO<\/span><\/a><\/p>\n","protected":false},"author":1,"featured_media":0,"comment_status":"open","ping_status":"open","sticky":false,"template":"","format":"standard","meta":{"footnotes":""},"categories":[1],"tags":[],"class_list":["post-1160","post","type-post","status-publish","format-standard","hentry","category-geral"],"yoast_head":"<!-- This site is optimized with the Yoast SEO plugin v23.2 - https:\/\/yoast.com\/wordpress\/plugins\/seo\/ -->\n<title>NOTA DE FALECIMENTO - Not\u00edcias de Fato<\/title>\n<meta name=\"robots\" content=\"index, follow, max-snippet:-1, max-image-preview:large, max-video-preview:-1\" \/>\n<link rel=\"canonical\" href=\"https:\/\/noticiasdefato.net\/?p=1160\" \/>\n<meta property=\"og:locale\" content=\"pt_BR\" \/>\n<meta property=\"og:type\" content=\"article\" \/>\n<meta property=\"og:title\" content=\"NOTA DE FALECIMENTO - Not\u00edcias de Fato\" \/>\n<meta property=\"og:description\" content=\"Faleceu hoje, dia 25\/04\/2024 aos 76 anos o Sr OSMAIR CARLOS PESSOA (Pral\u00e9), filho de Arlindo Carlos Pessoa e Maria Aparecida de Souza, casado com a querida Margareth Pess\u00f4a, servidor p\u00fablico, ex- vereador de Alfenas, residente nesta cidade de Alfenas. Deixa filhos. O seu corpo est\u00e1 sendo velado no Vel\u00f3rio Municipal de Alfenas e, o seu sepultamento ser\u00e1 hoje \u00e0s 16h00 no Cemit\u00e9rio Local. \u00c0 &hellip;\" \/>\n<meta property=\"og:url\" content=\"https:\/\/noticiasdefato.net\/?p=1160\" \/>\n<meta property=\"og:site_name\" content=\"Not\u00edcias de Fato\" \/>\n<meta property=\"article:publisher\" content=\"https:\/\/fb.com\/noticiasdefato.jornal\" \/>\n<meta property=\"article:author\" content=\"http:\/\/fb.com\/\/noticiasdefato.jornal\" \/>\n<meta property=\"article:published_time\" content=\"2024-04-25T18:45:10+00:00\" \/>\n<meta property=\"article:modified_time\" content=\"2024-04-25T18:45:11+00:00\" \/>\n<meta property=\"og:image\" content=\"https:\/\/noticiasdefato.net\/wp-content\/uploads\/2024\/04\/Sem-titulo-4.jpg\" \/>\n<meta name=\"author\" content=\"Noticias de Fato\" \/>\n<meta name=\"twitter:card\" content=\"summary_large_image\" \/>\n<meta name=\"twitter:creator\" content=\"@https:\/\/twitter.com\/NoticiasDeFato_\" \/>\n<meta name=\"twitter:site\" content=\"@noticiasdefato_\" \/>\n<meta name=\"twitter:label1\" content=\"Escrito por\" \/>\n\t<meta name=\"twitter:data1\" content=\"Noticias de Fato\" \/>\n\t<meta name=\"twitter:label2\" content=\"Est. tempo de leitura\" \/>\n\t<meta name=\"twitter:data2\" content=\"1 minuto\" \/>\n<script type=\"application\/ld+json\" class=\"yoast-schema-graph\">{\"@context\":\"https:\/\/schema.org\",\"@graph\":[{\"@type\":\"Article\",\"@id\":\"https:\/\/noticiasdefato.net\/?p=1160#article\",\"isPartOf\":{\"@id\":\"https:\/\/noticiasdefato.net\/?p=1160\"},\"author\":{\"name\":\"Noticias de Fato\",\"@id\":\"https:\/\/noticiasdefato.net\/#\/schema\/person\/982ce60211d95acf059cd702aa260d08\"},\"headline\":\"NOTA DE FALECIMENTO\",\"datePublished\":\"2024-04-25T18:45:10+00:00\",\"dateModified\":\"2024-04-25T18:45:11+00:00\",\"mainEntityOfPage\":{\"@id\":\"https:\/\/noticiasdefato.net\/?p=1160\"},\"wordCount\":108,\"commentCount\":0,\"publisher\":{\"@id\":\"https:\/\/noticiasdefato.net\/#organization\"},\"image\":{\"@id\":\"https:\/\/noticiasdefato.net\/?p=1160#primaryimage\"},\"thumbnailUrl\":\"https:\/\/noticiasdefato.net\/wp-content\/uploads\/2024\/04\/Sem-titulo-4.jpg\",\"articleSection\":[\"Geral\"],\"inLanguage\":\"pt-BR\",\"potentialAction\":[{\"@type\":\"CommentAction\",\"name\":\"Comment\",\"target\":[\"https:\/\/noticiasdefato.net\/?p=1160#respond\"]}]},{\"@type\":\"WebPage\",\"@id\":\"https:\/\/noticiasdefato.net\/?p=1160\",\"url\":\"https:\/\/noticiasdefato.net\/?p=1160\",\"name\":\"NOTA DE FALECIMENTO - Not\u00edcias de Fato\",\"isPartOf\":{\"@id\":\"https:\/\/noticiasdefato.net\/#website\"},\"primaryImageOfPage\":{\"@id\":\"https:\/\/noticiasdefato.net\/?p=1160#primaryimage\"},\"image\":{\"@id\":\"https:\/\/noticiasdefato.net\/?p=1160#primaryimage\"},\"thumbnailUrl\":\"https:\/\/noticiasdefato.net\/wp-content\/uploads\/2024\/04\/Sem-titulo-4.jpg\",\"datePublished\":\"2024-04-25T18:45:10+00:00\",\"dateModified\":\"2024-04-25T18:45:11+00:00\",\"breadcrumb\":{\"@id\":\"https:\/\/noticiasdefato.net\/?p=1160#breadcrumb\"},\"inLanguage\":\"pt-BR\",\"potentialAction\":[{\"@type\":\"ReadAction\",\"target\":[\"https:\/\/noticiasdefato.net\/?p=1160\"]}]},{\"@type\":\"ImageObject\",\"inLanguage\":\"pt-BR\",\"@id\":\"https:\/\/noticiasdefato.net\/?p=1160#primaryimage\",\"url\":\"https:\/\/noticiasdefato.net\/wp-content\/uploads\/2024\/04\/Sem-titulo-4.jpg\",\"contentUrl\":\"https:\/\/noticiasdefato.net\/wp-content\/uploads\/2024\/04\/Sem-titulo-4.jpg\",\"width\":218,\"height\":314},{\"@type\":\"BreadcrumbList\",\"@id\":\"https:\/\/noticiasdefato.net\/?p=1160#breadcrumb\",\"itemListElement\":[{\"@type\":\"ListItem\",\"position\":1,\"name\":\"In\u00edcio\",\"item\":\"https:\/\/noticiasdefato.net\/\"},{\"@type\":\"ListItem\",\"position\":2,\"name\":\"NOTA DE FALECIMENTO\"}]},{\"@type\":\"WebSite\",\"@id\":\"https:\/\/noticiasdefato.net\/#website\",\"url\":\"https:\/\/noticiasdefato.net\/\",\"name\":\"Not\u00edcias de Fato\",\"description\":\"Trabalhamos com honestidade, seriedade e com a verdade.\",\"publisher\":{\"@id\":\"https:\/\/noticiasdefato.net\/#organization\"},\"potentialAction\":[{\"@type\":\"SearchAction\",\"target\":{\"@type\":\"EntryPoint\",\"urlTemplate\":\"https:\/\/noticiasdefato.net\/?s={search_term_string}\"},\"query-input\":\"required name=search_term_string\"}],\"inLanguage\":\"pt-BR\"},{\"@type\":\"Organization\",\"@id\":\"https:\/\/noticiasdefato.net\/#organization\",\"name\":\"Not\u00edcias de Fato\",\"url\":\"https:\/\/noticiasdefato.net\/\",\"logo\":{\"@type\":\"ImageObject\",\"inLanguage\":\"pt-BR\",\"@id\":\"https:\/\/noticiasdefato.net\/#\/schema\/logo\/image\/\",\"url\":\"https:\/\/noticiasdefato.net\/wp-content\/uploads\/2024\/02\/cropped-logo_topo.png\",\"contentUrl\":\"https:\/\/noticiasdefato.net\/wp-content\/uploads\/2024\/02\/cropped-logo_topo.png\",\"width\":1948,\"height\":665,\"caption\":\"Not\u00edcias de Fato\"},\"image\":{\"@id\":\"https:\/\/noticiasdefato.net\/#\/schema\/logo\/image\/\"},\"sameAs\":[\"https:\/\/fb.com\/noticiasdefato.jornal\",\"https:\/\/x.com\/noticiasdefato_\",\"https:\/\/instagram.com\/noticiasdefato.jornal\",\"https:\/\/youtube.com\/@JornalNoticiasDeFato\"]},{\"@type\":\"Person\",\"@id\":\"https:\/\/noticiasdefato.net\/#\/schema\/person\/982ce60211d95acf059cd702aa260d08\",\"name\":\"Noticias de Fato\",\"image\":{\"@type\":\"ImageObject\",\"inLanguage\":\"pt-BR\",\"@id\":\"https:\/\/noticiasdefato.net\/#\/schema\/person\/image\/\",\"url\":\"https:\/\/secure.gravatar.com\/avatar\/700227fab2316f0366a1b5d4988d10f847249cf13293450527ac9553c994611a?s=96&d=mm&r=g\",\"contentUrl\":\"https:\/\/secure.gravatar.com\/avatar\/700227fab2316f0366a1b5d4988d10f847249cf13293450527ac9553c994611a?s=96&d=mm&r=g\",\"caption\":\"Noticias de Fato\"},\"sameAs\":[\"https:\/\/noticiasdefato.net\",\"http:\/\/fb.com\/\/noticiasdefato.jornal\",\"https:\/\/x.com\/https:\/\/twitter.com\/NoticiasDeFato_\"],\"url\":\"https:\/\/noticiasdefato.net\/?author=1\"}]}<\/script>\n<!-- \/ Yoast SEO plugin. -->","yoast_head_json":{"title":"NOTA DE FALECIMENTO - Not\u00edcias de Fato","robots":{"index":"index","follow":"follow","max-snippet":"max-snippet:-1","max-image-preview":"max-image-preview:large","max-video-preview":"max-video-preview:-1"},"canonical":"https:\/\/noticiasdefato.net\/?p=1160","og_locale":"pt_BR","og_type":"article","og_title":"NOTA DE FALECIMENTO - Not\u00edcias de Fato","og_description":"Faleceu hoje, dia 25\/04\/2024 aos 76 anos o Sr OSMAIR CARLOS PESSOA (Pral\u00e9), filho de Arlindo Carlos Pessoa e Maria Aparecida de Souza, casado com a querida Margareth Pess\u00f4a, servidor p\u00fablico, ex- vereador de Alfenas, residente nesta cidade de Alfenas. Deixa filhos. O seu corpo est\u00e1 sendo velado no Vel\u00f3rio Municipal de Alfenas e, o seu sepultamento ser\u00e1 hoje \u00e0s 16h00 no Cemit\u00e9rio Local. \u00c0 &hellip;","og_url":"https:\/\/noticiasdefato.net\/?p=1160","og_site_name":"Not\u00edcias de Fato","article_publisher":"https:\/\/fb.com\/noticiasdefato.jornal","article_author":"http:\/\/fb.com\/\/noticiasdefato.jornal","article_published_time":"2024-04-25T18:45:10+00:00","article_modified_time":"2024-04-25T18:45:11+00:00","og_image":[{"url":"https:\/\/noticiasdefato.net\/wp-content\/uploads\/2024\/04\/Sem-titulo-4.jpg"}],"author":"Noticias de Fato","twitter_card":"summary_large_image","twitter_creator":"@https:\/\/twitter.com\/NoticiasDeFato_","twitter_site":"@noticiasdefato_","twitter_misc":{"Escrito por":"Noticias de Fato","Est. tempo de leitura":"1 minuto"},"schema":{"@context":"https:\/\/schema.org","@graph":[{"@type":"Article","@id":"https:\/\/noticiasdefato.net\/?p=1160#article","isPartOf":{"@id":"https:\/\/noticiasdefato.net\/?p=1160"},"author":{"name":"Noticias de Fato","@id":"https:\/\/noticiasdefato.net\/#\/schema\/person\/982ce60211d95acf059cd702aa260d08"},"headline":"NOTA DE FALECIMENTO","datePublished":"2024-04-25T18:45:10+00:00","dateModified":"2024-04-25T18:45:11+00:00","mainEntityOfPage":{"@id":"https:\/\/noticiasdefato.net\/?p=1160"},"wordCount":108,"commentCount":0,"publisher":{"@id":"https:\/\/noticiasdefato.net\/#organization"},"image":{"@id":"https:\/\/noticiasdefato.net\/?p=1160#primaryimage"},"thumbnailUrl":"https:\/\/noticiasdefato.net\/wp-content\/uploads\/2024\/04\/Sem-titulo-4.jpg","articleSection":["Geral"],"inLanguage":"pt-BR","potentialAction":[{"@type":"CommentAction","name":"Comment","target":["https:\/\/noticiasdefato.net\/?p=1160#respond"]}]},{"@type":"WebPage","@id":"https:\/\/noticiasdefato.net\/?p=1160","url":"https:\/\/noticiasdefato.net\/?p=1160","name":"NOTA DE FALECIMENTO - Not\u00edcias de Fato","isPartOf":{"@id":"https:\/\/noticiasdefato.net\/#website"},"primaryImageOfPage":{"@id":"https:\/\/noticiasdefato.net\/?p=1160#primaryimage"},"image":{"@id":"https:\/\/noticiasdefato.net\/?p=1160#primaryimage"},"thumbnailUrl":"https:\/\/noticiasdefato.net\/wp-content\/uploads\/2024\/04\/Sem-titulo-4.jpg","datePublished":"2024-04-25T18:45:10+00:00","dateModified":"2024-04-25T18:45:11+00:00","breadcrumb":{"@id":"https:\/\/noticiasdefato.net\/?p=1160#breadcrumb"},"inLanguage":"pt-BR","potentialAction":[{"@type":"ReadAction","target":["https:\/\/noticiasdefato.net\/?p=1160"]}]},{"@type":"ImageObject","inLanguage":"pt-BR","@id":"https:\/\/noticiasdefato.net\/?p=1160#primaryimage","url":"https:\/\/noticiasdefato.net\/wp-content\/uploads\/2024\/04\/Sem-titulo-4.jpg","contentUrl":"https:\/\/noticiasdefato.net\/wp-content\/uploads\/2024\/04\/Sem-titulo-4.jpg","width":218,"height":314},{"@type":"BreadcrumbList","@id":"https:\/\/noticiasdefato.net\/?p=1160#breadcrumb","itemListElement":[{"@type":"ListItem","position":1,"name":"In\u00edcio","item":"https:\/\/noticiasdefato.net\/"},{"@type":"ListItem","position":2,"name":"NOTA DE FALECIMENTO"}]},{"@type":"WebSite","@id":"https:\/\/noticiasdefato.net\/#website","url":"https:\/\/noticiasdefato.net\/","name":"Not\u00edcias de Fato","description":"Trabalhamos com honestidade, seriedade e com a verdade.","publisher":{"@id":"https:\/\/noticiasdefato.net\/#organization"},"potentialAction":[{"@type":"SearchAction","target":{"@type":"EntryPoint","urlTemplate":"https:\/\/noticiasdefato.net\/?s={search_term_string}"},"query-input":"required name=search_term_string"}],"inLanguage":"pt-BR"},{"@type":"Organization","@id":"https:\/\/noticiasdefato.net\/#organization","name":"Not\u00edcias de Fato","url":"https:\/\/noticiasdefato.net\/","logo":{"@type":"ImageObject","inLanguage":"pt-BR","@id":"https:\/\/noticiasdefato.net\/#\/schema\/logo\/image\/","url":"https:\/\/noticiasdefato.net\/wp-content\/uploads\/2024\/02\/cropped-logo_topo.png","contentUrl":"https:\/\/noticiasdefato.net\/wp-content\/uploads\/2024\/02\/cropped-logo_topo.png","width":1948,"height":665,"caption":"Not\u00edcias de Fato"},"image":{"@id":"https:\/\/noticiasdefato.net\/#\/schema\/logo\/image\/"},"sameAs":["https:\/\/fb.com\/noticiasdefato.jornal","https:\/\/x.com\/noticiasdefato_","https:\/\/instagram.com\/noticiasdefato.jornal","https:\/\/youtube.com\/@JornalNoticiasDeFato"]},{"@type":"Person","@id":"https:\/\/noticiasdefato.net\/#\/schema\/person\/982ce60211d95acf059cd702aa260d08","name":"Noticias de Fato","image":{"@type":"ImageObject","inLanguage":"pt-BR","@id":"https:\/\/noticiasdefato.net\/#\/schema\/person\/image\/","url":"https:\/\/secure.gravatar.com\/avatar\/700227fab2316f0366a1b5d4988d10f847249cf13293450527ac9553c994611a?s=96&d=mm&r=g","contentUrl":"https:\/\/secure.gravatar.com\/avatar\/700227fab2316f0366a1b5d4988d10f847249cf13293450527ac9553c994611a?s=96&d=mm&r=g","caption":"Noticias de Fato"},"sameAs":["https:\/\/noticiasdefato.net","http:\/\/fb.com\/\/noticiasdefato.jornal","https:\/\/x.com\/https:\/\/twitter.com\/NoticiasDeFato_"],"url":"https:\/\/noticiasdefato.net\/?author=1"}]}},"_links":{"self":[{"href":"https:\/\/noticiasdefato.net\/index.php?rest_route=\/wp\/v2\/posts\/1160","targetHints":{"allow":["GET"]}}],"collection":[{"href":"https:\/\/noticiasdefato.net\/index.php?rest_route=\/wp\/v2\/posts"}],"about":[{"href":"https:\/\/noticiasdefato.net\/index.php?rest_route=\/wp\/v2\/types\/post"}],"author":[{"embeddable":true,"href":"https:\/\/noticiasdefato.net\/index.php?rest_route=\/wp\/v2\/users\/1"}],"replies":[{"embeddable":true,"href":"https:\/\/noticiasdefato.net\/index.php?rest_route=%2Fwp%2Fv2%2Fcomments&post=1160"}],"version-history":[{"count":1,"href":"https:\/\/noticiasdefato.net\/index.php?rest_route=\/wp\/v2\/posts\/1160\/revisions"}],"predecessor-version":[{"id":1162,"href":"https:\/\/noticiasdefato.net\/index.php?rest_route=\/wp\/v2\/posts\/1160\/revisions\/1162"}],"wp:attachment":[{"href":"https:\/\/noticiasdefato.net\/index.php?rest_route=%2Fwp%2Fv2%2Fmedia&parent=1160"}],"wp:term":[{"taxonomy":"category","embeddable":true,"href":"https:\/\/noticiasdefato.net\/index.php?rest_route=%2Fwp%2Fv2%2Fcategories&post=1160"},{"taxonomy":"post_tag","embeddable":true,"href":"https:\/\/noticiasdefato.net\/index.php?rest_route=%2Fwp%2Fv2%2Ftags&post=1160"}],"curies":[{"name":"wp","href":"https:\/\/api.w.org\/{rel}","templated":true}]}}