{"id":1184,"date":"2024-04-30T16:56:22","date_gmt":"2024-04-30T19:56:22","guid":{"rendered":"https:\/\/noticiasdefato.net\/?p=1184"},"modified":"2024-04-30T16:56:23","modified_gmt":"2024-04-30T19:56:23","slug":"feriado-do-trabalho-veja-o-que-funciona","status":"publish","type":"post","link":"https:\/\/noticiasdefato.net\/?p=1184","title":{"rendered":"FERIADO DO TRABALHO, VEJA O QUE FUNCIONA"},"content":{"rendered":"\n<p>Amanh\u00e3 \u00e9 dia internacional do trabalho e a Prefeitura Municipal de Alfenas informa o funcionamento dos seus servi\u00e7os. De acordo com o Decreto Municipal N\u00ba3.510 publicado em 24 de novembro de 2023, n\u00e3o haver\u00e1 expediente no pr\u00e9dio administrativo da prefeitura.<\/p>\n\n\n\n<p>O atendimento volta normalmente no dia 02 de maio. Confira o que abre e fecha:<\/p>\n\n\n\n<p>Coleta de lixo: N\u00e3o funciona no dia 01 de maio.<\/p>\n\n\n\n<p>Feira Livre: A feira de quarta-feira acontece normalmente.<\/p>\n\n\n\n<p>Mercado Municipal n\u00e3o abriu hoje, no per\u00edodo da tarde pois passou por detetiza\u00e7\u00e3o e amanh\u00e3 dia 01 de maio n\u00e3o funcionar\u00e1.<\/p>\n\n\n\n<p>Balsa da Harmonia: N\u00e3o funciona em virtude de problemas no motor. A previs\u00e3o de retorno \u00e9 para o dia 03 de maio.<\/p>\n\n\n\n<p>Central de Medicamentos (CDM): N\u00e3o haver\u00e1 atendimento no dia 01 de maio. Retorna normalmente no dia 02 de maio.<\/p>\n\n\n\n<p>Vacina\u00e7\u00e3o Antirr\u00e1bica: Haver\u00e1 plant\u00e3o no dia 01 de maio das 10h \u00e1s 11h na Central de Vacinas (Pra\u00e7a Doutor Fausto Monteiro).<\/p>\n\n\n\n<p>Plant\u00e3o de Vacinas: Das 08h \u00e0s 16h no Ambulat\u00f3rio Aparecida. Ser\u00e3o realizados vacina\u00e7\u00e3o de rotina e Influenza.<\/p>\n\n\n\n<p>Fonte: ASCOM Prefeitura de Alfenas<\/p>\n","protected":false},"excerpt":{"rendered":"<p>Amanh\u00e3 \u00e9 dia internacional do trabalho e a Prefeitura Municipal de Alfenas informa o funcionamento dos seus servi\u00e7os <a href=\"https:\/\/noticiasdefato.net\/?p=1184\" class=\"more-link\">Continuar lendo <span class=\"screen-reader-text\">FERIADO DO TRABALHO, VEJA O QUE FUNCIONA<\/span><\/a><\/p>\n","protected":false},"author":1,"featured_media":1185,"comment_status":"open","ping_status":"open","sticky":false,"template":"","format":"standard","meta":{"footnotes":""},"categories":[1],"tags":[],"class_list":["post-1184","post","type-post","status-publish","format-standard","has-post-thumbnail","hentry","category-geral"],"yoast_head":"<!-- This site is optimized with the Yoast SEO plugin v23.2 - https:\/\/yoast.com\/wordpress\/plugins\/seo\/ -->\n<title>FERIADO DO TRABALHO, VEJA O QUE FUNCIONA - Not\u00edcias de Fato<\/title>\n<meta name=\"description\" content=\"Amanh\u00e3 \u00e9 dia internacional do trabalho e a Prefeitura Municipal de Alfenas informa o funcionamento dos seus servi\u00e7os\" \/>\n<meta name=\"robots\" content=\"index, follow, max-snippet:-1, max-image-preview:large, max-video-preview:-1\" \/>\n<link rel=\"canonical\" href=\"https:\/\/noticiasdefato.net\/?p=1184\" \/>\n<meta property=\"og:locale\" content=\"pt_BR\" \/>\n<meta property=\"og:type\" content=\"article\" \/>\n<meta property=\"og:title\" content=\"FERIADO DO TRABALHO, VEJA O QUE FUNCIONA - Not\u00edcias de Fato\" \/>\n<meta property=\"og:description\" content=\"Amanh\u00e3 \u00e9 dia internacional do trabalho e a Prefeitura Municipal de Alfenas informa o funcionamento dos seus servi\u00e7os\" \/>\n<meta property=\"og:url\" content=\"https:\/\/noticiasdefato.net\/?p=1184\" \/>\n<meta property=\"og:site_name\" content=\"Not\u00edcias de Fato\" \/>\n<meta property=\"article:publisher\" content=\"https:\/\/fb.com\/noticiasdefato.jornal\" \/>\n<meta property=\"article:author\" content=\"http:\/\/fb.com\/\/noticiasdefato.jornal\" \/>\n<meta property=\"article:published_time\" content=\"2024-04-30T19:56:22+00:00\" \/>\n<meta property=\"article:modified_time\" content=\"2024-04-30T19:56:23+00:00\" \/>\n<meta property=\"og:image\" content=\"https:\/\/noticiasdefato.net\/wp-content\/uploads\/2024\/04\/Sem-titulo-10.jpg\" \/>\n\t<meta property=\"og:image:width\" content=\"768\" \/>\n\t<meta property=\"og:image:height\" content=\"432\" \/>\n\t<meta property=\"og:image:type\" content=\"image\/jpeg\" \/>\n<meta name=\"author\" content=\"Noticias de Fato\" \/>\n<meta name=\"twitter:card\" content=\"summary_large_image\" \/>\n<meta name=\"twitter:creator\" content=\"@https:\/\/twitter.com\/NoticiasDeFato_\" \/>\n<meta name=\"twitter:site\" content=\"@noticiasdefato_\" \/>\n<meta name=\"twitter:label1\" content=\"Escrito por\" \/>\n\t<meta name=\"twitter:data1\" content=\"Noticias de Fato\" \/>\n\t<meta name=\"twitter:label2\" content=\"Est. tempo de leitura\" \/>\n\t<meta name=\"twitter:data2\" content=\"2 minutos\" \/>\n<script type=\"application\/ld+json\" class=\"yoast-schema-graph\">{\"@context\":\"https:\/\/schema.org\",\"@graph\":[{\"@type\":\"Article\",\"@id\":\"https:\/\/noticiasdefato.net\/?p=1184#article\",\"isPartOf\":{\"@id\":\"https:\/\/noticiasdefato.net\/?p=1184\"},\"author\":{\"name\":\"Noticias de Fato\",\"@id\":\"https:\/\/noticiasdefato.net\/#\/schema\/person\/982ce60211d95acf059cd702aa260d08\"},\"headline\":\"FERIADO DO TRABALHO, VEJA O QUE FUNCIONA\",\"datePublished\":\"2024-04-30T19:56:22+00:00\",\"dateModified\":\"2024-04-30T19:56:23+00:00\",\"mainEntityOfPage\":{\"@id\":\"https:\/\/noticiasdefato.net\/?p=1184\"},\"wordCount\":193,\"commentCount\":0,\"publisher\":{\"@id\":\"https:\/\/noticiasdefato.net\/#organization\"},\"image\":{\"@id\":\"https:\/\/noticiasdefato.net\/?p=1184#primaryimage\"},\"thumbnailUrl\":\"https:\/\/noticiasdefato.net\/wp-content\/uploads\/2024\/04\/Sem-titulo-10.jpg\",\"articleSection\":[\"Geral\"],\"inLanguage\":\"pt-BR\",\"potentialAction\":[{\"@type\":\"CommentAction\",\"name\":\"Comment\",\"target\":[\"https:\/\/noticiasdefato.net\/?p=1184#respond\"]}]},{\"@type\":\"WebPage\",\"@id\":\"https:\/\/noticiasdefato.net\/?p=1184\",\"url\":\"https:\/\/noticiasdefato.net\/?p=1184\",\"name\":\"FERIADO DO TRABALHO, VEJA O QUE FUNCIONA - Not\u00edcias de Fato\",\"isPartOf\":{\"@id\":\"https:\/\/noticiasdefato.net\/#website\"},\"primaryImageOfPage\":{\"@id\":\"https:\/\/noticiasdefato.net\/?p=1184#primaryimage\"},\"image\":{\"@id\":\"https:\/\/noticiasdefato.net\/?p=1184#primaryimage\"},\"thumbnailUrl\":\"https:\/\/noticiasdefato.net\/wp-content\/uploads\/2024\/04\/Sem-titulo-10.jpg\",\"datePublished\":\"2024-04-30T19:56:22+00:00\",\"dateModified\":\"2024-04-30T19:56:23+00:00\",\"description\":\"Amanh\u00e3 \u00e9 dia internacional do trabalho e a Prefeitura Municipal de Alfenas informa o funcionamento dos seus servi\u00e7os\",\"breadcrumb\":{\"@id\":\"https:\/\/noticiasdefato.net\/?p=1184#breadcrumb\"},\"inLanguage\":\"pt-BR\",\"potentialAction\":[{\"@type\":\"ReadAction\",\"target\":[\"https:\/\/noticiasdefato.net\/?p=1184\"]}]},{\"@type\":\"ImageObject\",\"inLanguage\":\"pt-BR\",\"@id\":\"https:\/\/noticiasdefato.net\/?p=1184#primaryimage\",\"url\":\"https:\/\/noticiasdefato.net\/wp-content\/uploads\/2024\/04\/Sem-titulo-10.jpg\",\"contentUrl\":\"https:\/\/noticiasdefato.net\/wp-content\/uploads\/2024\/04\/Sem-titulo-10.jpg\",\"width\":768,\"height\":432},{\"@type\":\"BreadcrumbList\",\"@id\":\"https:\/\/noticiasdefato.net\/?p=1184#breadcrumb\",\"itemListElement\":[{\"@type\":\"ListItem\",\"position\":1,\"name\":\"In\u00edcio\",\"item\":\"https:\/\/noticiasdefato.net\/\"},{\"@type\":\"ListItem\",\"position\":2,\"name\":\"FERIADO DO TRABALHO, VEJA O QUE FUNCIONA\"}]},{\"@type\":\"WebSite\",\"@id\":\"https:\/\/noticiasdefato.net\/#website\",\"url\":\"https:\/\/noticiasdefato.net\/\",\"name\":\"Not\u00edcias de Fato\",\"description\":\"Trabalhamos com honestidade, seriedade e com a verdade.\",\"publisher\":{\"@id\":\"https:\/\/noticiasdefato.net\/#organization\"},\"potentialAction\":[{\"@type\":\"SearchAction\",\"target\":{\"@type\":\"EntryPoint\",\"urlTemplate\":\"https:\/\/noticiasdefato.net\/?s={search_term_string}\"},\"query-input\":\"required name=search_term_string\"}],\"inLanguage\":\"pt-BR\"},{\"@type\":\"Organization\",\"@id\":\"https:\/\/noticiasdefato.net\/#organization\",\"name\":\"Not\u00edcias de Fato\",\"url\":\"https:\/\/noticiasdefato.net\/\",\"logo\":{\"@type\":\"ImageObject\",\"inLanguage\":\"pt-BR\",\"@id\":\"https:\/\/noticiasdefato.net\/#\/schema\/logo\/image\/\",\"url\":\"https:\/\/noticiasdefato.net\/wp-content\/uploads\/2024\/02\/cropped-logo_topo.png\",\"contentUrl\":\"https:\/\/noticiasdefato.net\/wp-content\/uploads\/2024\/02\/cropped-logo_topo.png\",\"width\":1948,\"height\":665,\"caption\":\"Not\u00edcias de Fato\"},\"image\":{\"@id\":\"https:\/\/noticiasdefato.net\/#\/schema\/logo\/image\/\"},\"sameAs\":[\"https:\/\/fb.com\/noticiasdefato.jornal\",\"https:\/\/x.com\/noticiasdefato_\",\"https:\/\/instagram.com\/noticiasdefato.jornal\",\"https:\/\/youtube.com\/@JornalNoticiasDeFato\"]},{\"@type\":\"Person\",\"@id\":\"https:\/\/noticiasdefato.net\/#\/schema\/person\/982ce60211d95acf059cd702aa260d08\",\"name\":\"Noticias de Fato\",\"image\":{\"@type\":\"ImageObject\",\"inLanguage\":\"pt-BR\",\"@id\":\"https:\/\/noticiasdefato.net\/#\/schema\/person\/image\/\",\"url\":\"https:\/\/secure.gravatar.com\/avatar\/700227fab2316f0366a1b5d4988d10f847249cf13293450527ac9553c994611a?s=96&d=mm&r=g\",\"contentUrl\":\"https:\/\/secure.gravatar.com\/avatar\/700227fab2316f0366a1b5d4988d10f847249cf13293450527ac9553c994611a?s=96&d=mm&r=g\",\"caption\":\"Noticias de Fato\"},\"sameAs\":[\"https:\/\/noticiasdefato.net\",\"http:\/\/fb.com\/\/noticiasdefato.jornal\",\"https:\/\/x.com\/https:\/\/twitter.com\/NoticiasDeFato_\"],\"url\":\"https:\/\/noticiasdefato.net\/?author=1\"}]}<\/script>\n<!-- \/ Yoast SEO plugin. -->","yoast_head_json":{"title":"FERIADO DO TRABALHO, VEJA O QUE FUNCIONA - Not\u00edcias de Fato","description":"Amanh\u00e3 \u00e9 dia internacional do trabalho e a Prefeitura Municipal de Alfenas informa o funcionamento dos seus servi\u00e7os","robots":{"index":"index","follow":"follow","max-snippet":"max-snippet:-1","max-image-preview":"max-image-preview:large","max-video-preview":"max-video-preview:-1"},"canonical":"https:\/\/noticiasdefato.net\/?p=1184","og_locale":"pt_BR","og_type":"article","og_title":"FERIADO DO TRABALHO, VEJA O QUE FUNCIONA - Not\u00edcias de Fato","og_description":"Amanh\u00e3 \u00e9 dia internacional do trabalho e a Prefeitura Municipal de Alfenas informa o funcionamento dos seus servi\u00e7os","og_url":"https:\/\/noticiasdefato.net\/?p=1184","og_site_name":"Not\u00edcias de Fato","article_publisher":"https:\/\/fb.com\/noticiasdefato.jornal","article_author":"http:\/\/fb.com\/\/noticiasdefato.jornal","article_published_time":"2024-04-30T19:56:22+00:00","article_modified_time":"2024-04-30T19:56:23+00:00","og_image":[{"width":768,"height":432,"url":"https:\/\/noticiasdefato.net\/wp-content\/uploads\/2024\/04\/Sem-titulo-10.jpg","type":"image\/jpeg"}],"author":"Noticias de Fato","twitter_card":"summary_large_image","twitter_creator":"@https:\/\/twitter.com\/NoticiasDeFato_","twitter_site":"@noticiasdefato_","twitter_misc":{"Escrito por":"Noticias de Fato","Est. tempo de leitura":"2 minutos"},"schema":{"@context":"https:\/\/schema.org","@graph":[{"@type":"Article","@id":"https:\/\/noticiasdefato.net\/?p=1184#article","isPartOf":{"@id":"https:\/\/noticiasdefato.net\/?p=1184"},"author":{"name":"Noticias de Fato","@id":"https:\/\/noticiasdefato.net\/#\/schema\/person\/982ce60211d95acf059cd702aa260d08"},"headline":"FERIADO DO TRABALHO, VEJA O QUE FUNCIONA","datePublished":"2024-04-30T19:56:22+00:00","dateModified":"2024-04-30T19:56:23+00:00","mainEntityOfPage":{"@id":"https:\/\/noticiasdefato.net\/?p=1184"},"wordCount":193,"commentCount":0,"publisher":{"@id":"https:\/\/noticiasdefato.net\/#organization"},"image":{"@id":"https:\/\/noticiasdefato.net\/?p=1184#primaryimage"},"thumbnailUrl":"https:\/\/noticiasdefato.net\/wp-content\/uploads\/2024\/04\/Sem-titulo-10.jpg","articleSection":["Geral"],"inLanguage":"pt-BR","potentialAction":[{"@type":"CommentAction","name":"Comment","target":["https:\/\/noticiasdefato.net\/?p=1184#respond"]}]},{"@type":"WebPage","@id":"https:\/\/noticiasdefato.net\/?p=1184","url":"https:\/\/noticiasdefato.net\/?p=1184","name":"FERIADO DO TRABALHO, VEJA O QUE FUNCIONA - Not\u00edcias de Fato","isPartOf":{"@id":"https:\/\/noticiasdefato.net\/#website"},"primaryImageOfPage":{"@id":"https:\/\/noticiasdefato.net\/?p=1184#primaryimage"},"image":{"@id":"https:\/\/noticiasdefato.net\/?p=1184#primaryimage"},"thumbnailUrl":"https:\/\/noticiasdefato.net\/wp-content\/uploads\/2024\/04\/Sem-titulo-10.jpg","datePublished":"2024-04-30T19:56:22+00:00","dateModified":"2024-04-30T19:56:23+00:00","description":"Amanh\u00e3 \u00e9 dia internacional do trabalho e a Prefeitura Municipal de Alfenas informa o funcionamento dos seus servi\u00e7os","breadcrumb":{"@id":"https:\/\/noticiasdefato.net\/?p=1184#breadcrumb"},"inLanguage":"pt-BR","potentialAction":[{"@type":"ReadAction","target":["https:\/\/noticiasdefato.net\/?p=1184"]}]},{"@type":"ImageObject","inLanguage":"pt-BR","@id":"https:\/\/noticiasdefato.net\/?p=1184#primaryimage","url":"https:\/\/noticiasdefato.net\/wp-content\/uploads\/2024\/04\/Sem-titulo-10.jpg","contentUrl":"https:\/\/noticiasdefato.net\/wp-content\/uploads\/2024\/04\/Sem-titulo-10.jpg","width":768,"height":432},{"@type":"BreadcrumbList","@id":"https:\/\/noticiasdefato.net\/?p=1184#breadcrumb","itemListElement":[{"@type":"ListItem","position":1,"name":"In\u00edcio","item":"https:\/\/noticiasdefato.net\/"},{"@type":"ListItem","position":2,"name":"FERIADO DO TRABALHO, VEJA O QUE FUNCIONA"}]},{"@type":"WebSite","@id":"https:\/\/noticiasdefato.net\/#website","url":"https:\/\/noticiasdefato.net\/","name":"Not\u00edcias de Fato","description":"Trabalhamos com honestidade, seriedade e com a verdade.","publisher":{"@id":"https:\/\/noticiasdefato.net\/#organization"},"potentialAction":[{"@type":"SearchAction","target":{"@type":"EntryPoint","urlTemplate":"https:\/\/noticiasdefato.net\/?s={search_term_string}"},"query-input":"required name=search_term_string"}],"inLanguage":"pt-BR"},{"@type":"Organization","@id":"https:\/\/noticiasdefato.net\/#organization","name":"Not\u00edcias de Fato","url":"https:\/\/noticiasdefato.net\/","logo":{"@type":"ImageObject","inLanguage":"pt-BR","@id":"https:\/\/noticiasdefato.net\/#\/schema\/logo\/image\/","url":"https:\/\/noticiasdefato.net\/wp-content\/uploads\/2024\/02\/cropped-logo_topo.png","contentUrl":"https:\/\/noticiasdefato.net\/wp-content\/uploads\/2024\/02\/cropped-logo_topo.png","width":1948,"height":665,"caption":"Not\u00edcias de Fato"},"image":{"@id":"https:\/\/noticiasdefato.net\/#\/schema\/logo\/image\/"},"sameAs":["https:\/\/fb.com\/noticiasdefato.jornal","https:\/\/x.com\/noticiasdefato_","https:\/\/instagram.com\/noticiasdefato.jornal","https:\/\/youtube.com\/@JornalNoticiasDeFato"]},{"@type":"Person","@id":"https:\/\/noticiasdefato.net\/#\/schema\/person\/982ce60211d95acf059cd702aa260d08","name":"Noticias de Fato","image":{"@type":"ImageObject","inLanguage":"pt-BR","@id":"https:\/\/noticiasdefato.net\/#\/schema\/person\/image\/","url":"https:\/\/secure.gravatar.com\/avatar\/700227fab2316f0366a1b5d4988d10f847249cf13293450527ac9553c994611a?s=96&d=mm&r=g","contentUrl":"https:\/\/secure.gravatar.com\/avatar\/700227fab2316f0366a1b5d4988d10f847249cf13293450527ac9553c994611a?s=96&d=mm&r=g","caption":"Noticias de Fato"},"sameAs":["https:\/\/noticiasdefato.net","http:\/\/fb.com\/\/noticiasdefato.jornal","https:\/\/x.com\/https:\/\/twitter.com\/NoticiasDeFato_"],"url":"https:\/\/noticiasdefato.net\/?author=1"}]}},"_links":{"self":[{"href":"https:\/\/noticiasdefato.net\/index.php?rest_route=\/wp\/v2\/posts\/1184","targetHints":{"allow":["GET"]}}],"collection":[{"href":"https:\/\/noticiasdefato.net\/index.php?rest_route=\/wp\/v2\/posts"}],"about":[{"href":"https:\/\/noticiasdefato.net\/index.php?rest_route=\/wp\/v2\/types\/post"}],"author":[{"embeddable":true,"href":"https:\/\/noticiasdefato.net\/index.php?rest_route=\/wp\/v2\/users\/1"}],"replies":[{"embeddable":true,"href":"https:\/\/noticiasdefato.net\/index.php?rest_route=%2Fwp%2Fv2%2Fcomments&post=1184"}],"version-history":[{"count":1,"href":"https:\/\/noticiasdefato.net\/index.php?rest_route=\/wp\/v2\/posts\/1184\/revisions"}],"predecessor-version":[{"id":1186,"href":"https:\/\/noticiasdefato.net\/index.php?rest_route=\/wp\/v2\/posts\/1184\/revisions\/1186"}],"wp:featuredmedia":[{"embeddable":true,"href":"https:\/\/noticiasdefato.net\/index.php?rest_route=\/wp\/v2\/media\/1185"}],"wp:attachment":[{"href":"https:\/\/noticiasdefato.net\/index.php?rest_route=%2Fwp%2Fv2%2Fmedia&parent=1184"}],"wp:term":[{"taxonomy":"category","embeddable":true,"href":"https:\/\/noticiasdefato.net\/index.php?rest_route=%2Fwp%2Fv2%2Fcategories&post=1184"},{"taxonomy":"post_tag","embeddable":true,"href":"https:\/\/noticiasdefato.net\/index.php?rest_route=%2Fwp%2Fv2%2Ftags&post=1184"}],"curies":[{"name":"wp","href":"https:\/\/api.w.org\/{rel}","templated":true}]}}