{"id":1204,"date":"2024-05-01T10:59:45","date_gmt":"2024-05-01T13:59:45","guid":{"rendered":"https:\/\/noticiasdefato.net\/?p=1204"},"modified":"2024-05-01T10:59:45","modified_gmt":"2024-05-01T13:59:45","slug":"balsa-da-harmonia-esta-parada","status":"publish","type":"post","link":"https:\/\/noticiasdefato.net\/?p=1204","title":{"rendered":"BALSA DA HARMONIA EST\u00c1 PARADA"},"content":{"rendered":"\n<p><em>A assessoria de comunica\u00e7\u00e3o da prefeitura de Alfenas comunica que a Balsa da Harmonia est\u00e1 paralisada em virtude de problemas no motor. A previs\u00e3o de retorno \u00e9 para o dia 03 de maio.<\/em><\/p>\n\n\n\n<p>O assunto foi coment\u00e1rio na reuni\u00e3o do legislativo de Alfenas,<br>realizada na segunda-feira, dia 30. Segundo populares, a embarca\u00e7\u00e3o parou de funcionar h\u00e1 3 dias, o que dificulta ainda mais a vida dos moradores do Barranco Alto e dos bairros vizinhos.<\/p>\n","protected":false},"excerpt":{"rendered":"<p>A assessoria de comunica\u00e7\u00e3o da prefeitura de Alfenas comunica que a Balsa da Harmonia est\u00e1 paralisada em virtude de problemas no motor. A previs\u00e3o de retorno \u00e9 para o dia 03 de maio. <a href=\"https:\/\/noticiasdefato.net\/?p=1204\" class=\"more-link\">Continuar lendo <span class=\"screen-reader-text\">BALSA DA HARMONIA EST\u00c1 PARADA<\/span><\/a><\/p>\n","protected":false},"author":3,"featured_media":1203,"comment_status":"open","ping_status":"open","sticky":false,"template":"","format":"standard","meta":{"footnotes":""},"categories":[1],"tags":[],"class_list":["post-1204","post","type-post","status-publish","format-standard","has-post-thumbnail","hentry","category-geral"],"yoast_head":"<!-- This site is optimized with the Yoast SEO plugin v23.2 - https:\/\/yoast.com\/wordpress\/plugins\/seo\/ -->\n<title>BALSA DA HARMONIA EST\u00c1 PARADA - Not\u00edcias de Fato<\/title>\n<meta name=\"description\" content=\"A assessoria de comunica\u00e7\u00e3o da prefeitura de Alfenas comunica que a Balsa da Harmonia est\u00e1 paralisada em virtude de problemas no motor. A previs\u00e3o de retorno \u00e9 para o dia 03 de maio.\" \/>\n<meta name=\"robots\" content=\"index, follow, max-snippet:-1, max-image-preview:large, max-video-preview:-1\" \/>\n<link rel=\"canonical\" href=\"https:\/\/noticiasdefato.net\/?p=1204\" \/>\n<meta property=\"og:locale\" content=\"pt_BR\" \/>\n<meta property=\"og:type\" content=\"article\" \/>\n<meta property=\"og:title\" content=\"BALSA DA HARMONIA EST\u00c1 PARADA - Not\u00edcias de Fato\" \/>\n<meta property=\"og:description\" content=\"A assessoria de comunica\u00e7\u00e3o da prefeitura de Alfenas comunica que a Balsa da Harmonia est\u00e1 paralisada em virtude de problemas no motor. A previs\u00e3o de retorno \u00e9 para o dia 03 de maio.\" \/>\n<meta property=\"og:url\" content=\"https:\/\/noticiasdefato.net\/?p=1204\" \/>\n<meta property=\"og:site_name\" content=\"Not\u00edcias de Fato\" \/>\n<meta property=\"article:publisher\" content=\"https:\/\/fb.com\/noticiasdefato.jornal\" \/>\n<meta property=\"article:published_time\" content=\"2024-05-01T13:59:45+00:00\" \/>\n<meta property=\"og:image\" content=\"https:\/\/noticiasdefato.net\/wp-content\/uploads\/2024\/05\/image-4.png\" \/>\n\t<meta property=\"og:image:width\" content=\"1509\" \/>\n\t<meta property=\"og:image:height\" content=\"427\" \/>\n\t<meta property=\"og:image:type\" content=\"image\/png\" \/>\n<meta name=\"author\" content=\"Thiago Eduardo\" \/>\n<meta name=\"twitter:card\" content=\"summary_large_image\" \/>\n<meta name=\"twitter:creator\" content=\"@noticiasdefato_\" \/>\n<meta name=\"twitter:site\" content=\"@noticiasdefato_\" \/>\n<meta name=\"twitter:label1\" content=\"Escrito por\" \/>\n\t<meta name=\"twitter:data1\" content=\"Thiago Eduardo\" \/>\n\t<meta name=\"twitter:label2\" content=\"Est. tempo de leitura\" \/>\n\t<meta name=\"twitter:data2\" content=\"1 minuto\" \/>\n<script type=\"application\/ld+json\" class=\"yoast-schema-graph\">{\"@context\":\"https:\/\/schema.org\",\"@graph\":[{\"@type\":\"Article\",\"@id\":\"https:\/\/noticiasdefato.net\/?p=1204#article\",\"isPartOf\":{\"@id\":\"https:\/\/noticiasdefato.net\/?p=1204\"},\"author\":{\"name\":\"Thiago Eduardo\",\"@id\":\"https:\/\/noticiasdefato.net\/#\/schema\/person\/991aa25c94399b45050a06ad540c702f\"},\"headline\":\"BALSA DA HARMONIA EST\u00c1 PARADA\",\"datePublished\":\"2024-05-01T13:59:45+00:00\",\"dateModified\":\"2024-05-01T13:59:45+00:00\",\"mainEntityOfPage\":{\"@id\":\"https:\/\/noticiasdefato.net\/?p=1204\"},\"wordCount\":80,\"commentCount\":0,\"publisher\":{\"@id\":\"https:\/\/noticiasdefato.net\/#organization\"},\"image\":{\"@id\":\"https:\/\/noticiasdefato.net\/?p=1204#primaryimage\"},\"thumbnailUrl\":\"https:\/\/noticiasdefato.net\/wp-content\/uploads\/2024\/05\/image-4.png\",\"articleSection\":[\"Geral\"],\"inLanguage\":\"pt-BR\",\"potentialAction\":[{\"@type\":\"CommentAction\",\"name\":\"Comment\",\"target\":[\"https:\/\/noticiasdefato.net\/?p=1204#respond\"]}]},{\"@type\":\"WebPage\",\"@id\":\"https:\/\/noticiasdefato.net\/?p=1204\",\"url\":\"https:\/\/noticiasdefato.net\/?p=1204\",\"name\":\"BALSA DA HARMONIA EST\u00c1 PARADA - Not\u00edcias de Fato\",\"isPartOf\":{\"@id\":\"https:\/\/noticiasdefato.net\/#website\"},\"primaryImageOfPage\":{\"@id\":\"https:\/\/noticiasdefato.net\/?p=1204#primaryimage\"},\"image\":{\"@id\":\"https:\/\/noticiasdefato.net\/?p=1204#primaryimage\"},\"thumbnailUrl\":\"https:\/\/noticiasdefato.net\/wp-content\/uploads\/2024\/05\/image-4.png\",\"datePublished\":\"2024-05-01T13:59:45+00:00\",\"dateModified\":\"2024-05-01T13:59:45+00:00\",\"description\":\"A assessoria de comunica\u00e7\u00e3o da prefeitura de Alfenas comunica que a Balsa da Harmonia est\u00e1 paralisada em virtude de problemas no motor. A previs\u00e3o de retorno \u00e9 para o dia 03 de maio.\",\"breadcrumb\":{\"@id\":\"https:\/\/noticiasdefato.net\/?p=1204#breadcrumb\"},\"inLanguage\":\"pt-BR\",\"potentialAction\":[{\"@type\":\"ReadAction\",\"target\":[\"https:\/\/noticiasdefato.net\/?p=1204\"]}]},{\"@type\":\"ImageObject\",\"inLanguage\":\"pt-BR\",\"@id\":\"https:\/\/noticiasdefato.net\/?p=1204#primaryimage\",\"url\":\"https:\/\/noticiasdefato.net\/wp-content\/uploads\/2024\/05\/image-4.png\",\"contentUrl\":\"https:\/\/noticiasdefato.net\/wp-content\/uploads\/2024\/05\/image-4.png\",\"width\":1509,\"height\":427},{\"@type\":\"BreadcrumbList\",\"@id\":\"https:\/\/noticiasdefato.net\/?p=1204#breadcrumb\",\"itemListElement\":[{\"@type\":\"ListItem\",\"position\":1,\"name\":\"In\u00edcio\",\"item\":\"https:\/\/noticiasdefato.net\/\"},{\"@type\":\"ListItem\",\"position\":2,\"name\":\"BALSA DA HARMONIA EST\u00c1 PARADA\"}]},{\"@type\":\"WebSite\",\"@id\":\"https:\/\/noticiasdefato.net\/#website\",\"url\":\"https:\/\/noticiasdefato.net\/\",\"name\":\"Not\u00edcias de Fato\",\"description\":\"Trabalhamos com honestidade, seriedade e com a verdade.\",\"publisher\":{\"@id\":\"https:\/\/noticiasdefato.net\/#organization\"},\"potentialAction\":[{\"@type\":\"SearchAction\",\"target\":{\"@type\":\"EntryPoint\",\"urlTemplate\":\"https:\/\/noticiasdefato.net\/?s={search_term_string}\"},\"query-input\":\"required name=search_term_string\"}],\"inLanguage\":\"pt-BR\"},{\"@type\":\"Organization\",\"@id\":\"https:\/\/noticiasdefato.net\/#organization\",\"name\":\"Not\u00edcias de Fato\",\"url\":\"https:\/\/noticiasdefato.net\/\",\"logo\":{\"@type\":\"ImageObject\",\"inLanguage\":\"pt-BR\",\"@id\":\"https:\/\/noticiasdefato.net\/#\/schema\/logo\/image\/\",\"url\":\"https:\/\/noticiasdefato.net\/wp-content\/uploads\/2024\/02\/cropped-logo_topo.png\",\"contentUrl\":\"https:\/\/noticiasdefato.net\/wp-content\/uploads\/2024\/02\/cropped-logo_topo.png\",\"width\":1948,\"height\":665,\"caption\":\"Not\u00edcias de Fato\"},\"image\":{\"@id\":\"https:\/\/noticiasdefato.net\/#\/schema\/logo\/image\/\"},\"sameAs\":[\"https:\/\/fb.com\/noticiasdefato.jornal\",\"https:\/\/x.com\/noticiasdefato_\",\"https:\/\/instagram.com\/noticiasdefato.jornal\",\"https:\/\/youtube.com\/@JornalNoticiasDeFato\"]},{\"@type\":\"Person\",\"@id\":\"https:\/\/noticiasdefato.net\/#\/schema\/person\/991aa25c94399b45050a06ad540c702f\",\"name\":\"Thiago Eduardo\",\"image\":{\"@type\":\"ImageObject\",\"inLanguage\":\"pt-BR\",\"@id\":\"https:\/\/noticiasdefato.net\/#\/schema\/person\/image\/\",\"url\":\"https:\/\/secure.gravatar.com\/avatar\/b565c072bf1bd0d79efe2c48ab82d1a8df93488df89f920926d6ea2e77d319ba?s=96&d=mm&r=g\",\"contentUrl\":\"https:\/\/secure.gravatar.com\/avatar\/b565c072bf1bd0d79efe2c48ab82d1a8df93488df89f920926d6ea2e77d319ba?s=96&d=mm&r=g\",\"caption\":\"Thiago Eduardo\"},\"url\":\"https:\/\/noticiasdefato.net\/?author=3\"}]}<\/script>\n<!-- \/ Yoast SEO plugin. -->","yoast_head_json":{"title":"BALSA DA HARMONIA EST\u00c1 PARADA - Not\u00edcias de Fato","description":"A assessoria de comunica\u00e7\u00e3o da prefeitura de Alfenas comunica que a Balsa da Harmonia est\u00e1 paralisada em virtude de problemas no motor. A previs\u00e3o de retorno \u00e9 para o dia 03 de maio.","robots":{"index":"index","follow":"follow","max-snippet":"max-snippet:-1","max-image-preview":"max-image-preview:large","max-video-preview":"max-video-preview:-1"},"canonical":"https:\/\/noticiasdefato.net\/?p=1204","og_locale":"pt_BR","og_type":"article","og_title":"BALSA DA HARMONIA EST\u00c1 PARADA - Not\u00edcias de Fato","og_description":"A assessoria de comunica\u00e7\u00e3o da prefeitura de Alfenas comunica que a Balsa da Harmonia est\u00e1 paralisada em virtude de problemas no motor. A previs\u00e3o de retorno \u00e9 para o dia 03 de maio.","og_url":"https:\/\/noticiasdefato.net\/?p=1204","og_site_name":"Not\u00edcias de Fato","article_publisher":"https:\/\/fb.com\/noticiasdefato.jornal","article_published_time":"2024-05-01T13:59:45+00:00","og_image":[{"width":1509,"height":427,"url":"https:\/\/noticiasdefato.net\/wp-content\/uploads\/2024\/05\/image-4.png","type":"image\/png"}],"author":"Thiago Eduardo","twitter_card":"summary_large_image","twitter_creator":"@noticiasdefato_","twitter_site":"@noticiasdefato_","twitter_misc":{"Escrito por":"Thiago Eduardo","Est. tempo de leitura":"1 minuto"},"schema":{"@context":"https:\/\/schema.org","@graph":[{"@type":"Article","@id":"https:\/\/noticiasdefato.net\/?p=1204#article","isPartOf":{"@id":"https:\/\/noticiasdefato.net\/?p=1204"},"author":{"name":"Thiago Eduardo","@id":"https:\/\/noticiasdefato.net\/#\/schema\/person\/991aa25c94399b45050a06ad540c702f"},"headline":"BALSA DA HARMONIA EST\u00c1 PARADA","datePublished":"2024-05-01T13:59:45+00:00","dateModified":"2024-05-01T13:59:45+00:00","mainEntityOfPage":{"@id":"https:\/\/noticiasdefato.net\/?p=1204"},"wordCount":80,"commentCount":0,"publisher":{"@id":"https:\/\/noticiasdefato.net\/#organization"},"image":{"@id":"https:\/\/noticiasdefato.net\/?p=1204#primaryimage"},"thumbnailUrl":"https:\/\/noticiasdefato.net\/wp-content\/uploads\/2024\/05\/image-4.png","articleSection":["Geral"],"inLanguage":"pt-BR","potentialAction":[{"@type":"CommentAction","name":"Comment","target":["https:\/\/noticiasdefato.net\/?p=1204#respond"]}]},{"@type":"WebPage","@id":"https:\/\/noticiasdefato.net\/?p=1204","url":"https:\/\/noticiasdefato.net\/?p=1204","name":"BALSA DA HARMONIA EST\u00c1 PARADA - Not\u00edcias de Fato","isPartOf":{"@id":"https:\/\/noticiasdefato.net\/#website"},"primaryImageOfPage":{"@id":"https:\/\/noticiasdefato.net\/?p=1204#primaryimage"},"image":{"@id":"https:\/\/noticiasdefato.net\/?p=1204#primaryimage"},"thumbnailUrl":"https:\/\/noticiasdefato.net\/wp-content\/uploads\/2024\/05\/image-4.png","datePublished":"2024-05-01T13:59:45+00:00","dateModified":"2024-05-01T13:59:45+00:00","description":"A assessoria de comunica\u00e7\u00e3o da prefeitura de Alfenas comunica que a Balsa da Harmonia est\u00e1 paralisada em virtude de problemas no motor. A previs\u00e3o de retorno \u00e9 para o dia 03 de maio.","breadcrumb":{"@id":"https:\/\/noticiasdefato.net\/?p=1204#breadcrumb"},"inLanguage":"pt-BR","potentialAction":[{"@type":"ReadAction","target":["https:\/\/noticiasdefato.net\/?p=1204"]}]},{"@type":"ImageObject","inLanguage":"pt-BR","@id":"https:\/\/noticiasdefato.net\/?p=1204#primaryimage","url":"https:\/\/noticiasdefato.net\/wp-content\/uploads\/2024\/05\/image-4.png","contentUrl":"https:\/\/noticiasdefato.net\/wp-content\/uploads\/2024\/05\/image-4.png","width":1509,"height":427},{"@type":"BreadcrumbList","@id":"https:\/\/noticiasdefato.net\/?p=1204#breadcrumb","itemListElement":[{"@type":"ListItem","position":1,"name":"In\u00edcio","item":"https:\/\/noticiasdefato.net\/"},{"@type":"ListItem","position":2,"name":"BALSA DA HARMONIA EST\u00c1 PARADA"}]},{"@type":"WebSite","@id":"https:\/\/noticiasdefato.net\/#website","url":"https:\/\/noticiasdefato.net\/","name":"Not\u00edcias de Fato","description":"Trabalhamos com honestidade, seriedade e com a verdade.","publisher":{"@id":"https:\/\/noticiasdefato.net\/#organization"},"potentialAction":[{"@type":"SearchAction","target":{"@type":"EntryPoint","urlTemplate":"https:\/\/noticiasdefato.net\/?s={search_term_string}"},"query-input":"required name=search_term_string"}],"inLanguage":"pt-BR"},{"@type":"Organization","@id":"https:\/\/noticiasdefato.net\/#organization","name":"Not\u00edcias de Fato","url":"https:\/\/noticiasdefato.net\/","logo":{"@type":"ImageObject","inLanguage":"pt-BR","@id":"https:\/\/noticiasdefato.net\/#\/schema\/logo\/image\/","url":"https:\/\/noticiasdefato.net\/wp-content\/uploads\/2024\/02\/cropped-logo_topo.png","contentUrl":"https:\/\/noticiasdefato.net\/wp-content\/uploads\/2024\/02\/cropped-logo_topo.png","width":1948,"height":665,"caption":"Not\u00edcias de Fato"},"image":{"@id":"https:\/\/noticiasdefato.net\/#\/schema\/logo\/image\/"},"sameAs":["https:\/\/fb.com\/noticiasdefato.jornal","https:\/\/x.com\/noticiasdefato_","https:\/\/instagram.com\/noticiasdefato.jornal","https:\/\/youtube.com\/@JornalNoticiasDeFato"]},{"@type":"Person","@id":"https:\/\/noticiasdefato.net\/#\/schema\/person\/991aa25c94399b45050a06ad540c702f","name":"Thiago Eduardo","image":{"@type":"ImageObject","inLanguage":"pt-BR","@id":"https:\/\/noticiasdefato.net\/#\/schema\/person\/image\/","url":"https:\/\/secure.gravatar.com\/avatar\/b565c072bf1bd0d79efe2c48ab82d1a8df93488df89f920926d6ea2e77d319ba?s=96&d=mm&r=g","contentUrl":"https:\/\/secure.gravatar.com\/avatar\/b565c072bf1bd0d79efe2c48ab82d1a8df93488df89f920926d6ea2e77d319ba?s=96&d=mm&r=g","caption":"Thiago Eduardo"},"url":"https:\/\/noticiasdefato.net\/?author=3"}]}},"_links":{"self":[{"href":"https:\/\/noticiasdefato.net\/index.php?rest_route=\/wp\/v2\/posts\/1204","targetHints":{"allow":["GET"]}}],"collection":[{"href":"https:\/\/noticiasdefato.net\/index.php?rest_route=\/wp\/v2\/posts"}],"about":[{"href":"https:\/\/noticiasdefato.net\/index.php?rest_route=\/wp\/v2\/types\/post"}],"author":[{"embeddable":true,"href":"https:\/\/noticiasdefato.net\/index.php?rest_route=\/wp\/v2\/users\/3"}],"replies":[{"embeddable":true,"href":"https:\/\/noticiasdefato.net\/index.php?rest_route=%2Fwp%2Fv2%2Fcomments&post=1204"}],"version-history":[{"count":1,"href":"https:\/\/noticiasdefato.net\/index.php?rest_route=\/wp\/v2\/posts\/1204\/revisions"}],"predecessor-version":[{"id":1205,"href":"https:\/\/noticiasdefato.net\/index.php?rest_route=\/wp\/v2\/posts\/1204\/revisions\/1205"}],"wp:featuredmedia":[{"embeddable":true,"href":"https:\/\/noticiasdefato.net\/index.php?rest_route=\/wp\/v2\/media\/1203"}],"wp:attachment":[{"href":"https:\/\/noticiasdefato.net\/index.php?rest_route=%2Fwp%2Fv2%2Fmedia&parent=1204"}],"wp:term":[{"taxonomy":"category","embeddable":true,"href":"https:\/\/noticiasdefato.net\/index.php?rest_route=%2Fwp%2Fv2%2Fcategories&post=1204"},{"taxonomy":"post_tag","embeddable":true,"href":"https:\/\/noticiasdefato.net\/index.php?rest_route=%2Fwp%2Fv2%2Ftags&post=1204"}],"curies":[{"name":"wp","href":"https:\/\/api.w.org\/{rel}","templated":true}]}}