{"id":1208,"date":"2024-05-01T11:14:48","date_gmt":"2024-05-01T14:14:48","guid":{"rendered":"https:\/\/noticiasdefato.net\/?p=1208"},"modified":"2024-05-01T11:14:48","modified_gmt":"2024-05-01T14:14:48","slug":"feriado-obras-na-rodovia","status":"publish","type":"post","link":"https:\/\/noticiasdefato.net\/?p=1208","title":{"rendered":"FERIADO: OBRAS NA RODOVIA"},"content":{"rendered":"\n<p><em>Aplicativo traz informa\u00e7\u00f5es sobre condi\u00e7\u00f5es de tr\u00e1fego nas rodovias<\/em><\/p>\n\n\n\n<p>A EPR Vias do Caf\u00e9, concession\u00e1ria respons\u00e1vel pelas obras nas rodovias da regi\u00e3o, comunica que amanh\u00e3, dia do trabalho, n\u00e3o haver\u00e1 opera\u00e7\u00e3o especial na pista. Como se trata de um feriado no meio da semana, e a empresa ainda n\u00e3o iniciou a opera\u00e7\u00e3o com atendimento em pista, n\u00e3o haver\u00e1 opera\u00e7\u00e3o especial, mas continuam os trabalhos, com a opera\u00e7\u00e3o pare e siga em alguns trechos.<\/p>\n\n\n\n<p>A Concession\u00e1ria tamb\u00e9m desmente boatos sobre poss\u00edvel in\u00edcio da cobran\u00e7a do ped\u00e1gio da MGC 491, entre Varginha e Tr\u00eas Cora\u00e7\u00f5es, que continua sem data para in\u00edcio da cobran\u00e7a.<\/p>\n\n\n\n<p>Esta semana, circulou nas redes sociais, falsa not\u00edcia de que o ped\u00e1gio da MGC 491, entre Varginha e Tr\u00eas Cora\u00e7\u00f5es, passaria a ser cobrado nesta quinta-feira, 02 de maio.<\/p>\n\n\n\n<p>A EPR Vias do Caf\u00e9, concession\u00e1ria respons\u00e1vel, desmente esses boatos e afirma que, at\u00e9 o momento, n\u00e3o h\u00e1 data definida para o in\u00edcio das opera\u00e7\u00f5es.<\/p>\n\n\n\n<p>Em nota, a empresa informou que a cobran\u00e7a da tarifa pode ser realizada at\u00e9 12 meses ap\u00f3s o in\u00edcio das atividades da concession\u00e1ria, que come\u00e7aram em outubro do ano passado. Sendo assim, a tarifa deve come\u00e7ar a ser cobrada at\u00e9 o m\u00eas de outubro deste ano, mas ainda n\u00e3o h\u00e1 uma data definida para o in\u00edcio da cobran\u00e7a.<\/p>\n\n\n\n<p>Confira a nota na \u00edntegra<br>A EPR Vias do Caf\u00e9 informa que a cobran\u00e7a de tarifa pode ser realizada at\u00e9 o 12\u00ba m\u00eas ap\u00f3s o in\u00edcio das atividades da concession\u00e1ria, por\u00e9m at\u00e9 o momento n\u00e3o h\u00e1 data definida para in\u00edcio da opera\u00e7\u00e3o.<br>Desde o in\u00edcio da administra\u00e7\u00e3o da concess\u00e3o em outubro de 2023, a concession\u00e1ria atua nos trabalhos iniciais que correspondem ao primeiro e ao segundo ano da concess\u00e3o, visando melhorar a qualidade das rodovias e a seguran\u00e7a dos usu\u00e1rios.<br>\u00c9 importante destacar que a data de in\u00edcio da cobran\u00e7a de tarifa ser\u00e1 amplamente divulgada e comunicada \u00e0 popula\u00e7\u00e3o.<\/p>\n\n\n\n<p><strong>APLICATIVO OFERECE INFORMA\u00c7\u00d5ES SOBRE TR\u00c1FEGO<\/strong><\/p>\n\n\n\n<p>A EPR Sul de Minas, respons\u00e1vel por administrar oito rodovias no sul do estado, agora conta com um novo canal de atendimento ao usu\u00e1rio e est\u00e1 no WhatsApp. Por meio do aplicativo de mensagens \u00e9 poss\u00edvel obter informa\u00e7\u00f5es sobre condi\u00e7\u00f5es de tr\u00e1fego e solicitar servi\u00e7os como aux\u00edlio mec\u00e2nico, resgate ou informar ocorr\u00eancias nas rodovias e saber mais obre o Freeflow \u2013 pra\u00e7a de ped\u00e1gio sem cancela que est\u00e1 em constru\u00e7\u00e3o na MG-459, em Monte Si\u00e3o. O n\u00famero de telefone \u00e9 0800 290 0459.<\/p>\n\n\n\n<p>Al\u00e9m do canal de mensagem, tamb\u00e9m est\u00e1 dispon\u00edvel ao usu\u00e1rio o atendimento via chat no site ww.eprsuldeminas.com.br.<br>O novo canal amplia o Servi\u00e7o de Atendimento ao Usu\u00e1rio (SAU) da Concession\u00e1ria, que j\u00e1 conta com o n\u00famero 0800 290 0459 para chamadas telef\u00f4nicas e totem de autoatendimento nas bases operacionais. \u201cA utiliza\u00e7\u00e3o de aplicativos de mensagens est\u00e1 cada vez mais frequente e ter dispon\u00edvel o acesso as informa\u00e7\u00f5es e pedido de socorro via WhatsApp facilitar\u00e1 o acesso dos usu\u00e1rios \u00e0 concession\u00e1ria. Por meios desses dois novos canais (chatboot e aplicativo), queremos aumentar as op\u00e7\u00f5es de atendimento\u201d, afirma a diretora da concession\u00e1ria \u2013 \u00c9rica Kawatake.<\/p>\n\n\n\n<p>No total, a EPR Sul de Minas tem cinco Bases de Atendimento ao Usu\u00e1rio e 19 equipamentos operacionais, sendo: quatro ambul\u00e2ncias, cinco viaturas de inspe\u00e7\u00e3o, seis guinchos, um guindauto, tr\u00eas caminh\u00f5es de combate a inc\u00eandio que s\u00e3o utilizados para atendimento a incidentes nos 454,3 km de malha vi\u00e1ria.<\/p>\n","protected":false},"excerpt":{"rendered":"<p>Aplicativo traz informa\u00e7\u00f5es sobre condi\u00e7\u00f5es de tr\u00e1fego nas rodovias <a href=\"https:\/\/noticiasdefato.net\/?p=1208\" class=\"more-link\">Continuar lendo <span class=\"screen-reader-text\">FERIADO: OBRAS NA RODOVIA<\/span><\/a><\/p>\n","protected":false},"author":3,"featured_media":1210,"comment_status":"open","ping_status":"open","sticky":false,"template":"","format":"standard","meta":{"footnotes":""},"categories":[1],"tags":[],"class_list":["post-1208","post","type-post","status-publish","format-standard","has-post-thumbnail","hentry","category-geral"],"yoast_head":"<!-- This site is optimized with the Yoast SEO plugin v23.2 - https:\/\/yoast.com\/wordpress\/plugins\/seo\/ -->\n<title>FERIADO: OBRAS NA RODOVIA - Not\u00edcias de Fato<\/title>\n<meta name=\"description\" content=\"Aplicativo traz informa\u00e7\u00f5es sobre condi\u00e7\u00f5es de tr\u00e1fego nas rodovias\" \/>\n<meta name=\"robots\" content=\"index, follow, max-snippet:-1, max-image-preview:large, max-video-preview:-1\" \/>\n<link rel=\"canonical\" href=\"https:\/\/noticiasdefato.net\/?p=1208\" \/>\n<meta property=\"og:locale\" content=\"pt_BR\" \/>\n<meta property=\"og:type\" content=\"article\" \/>\n<meta property=\"og:title\" content=\"FERIADO: OBRAS NA RODOVIA - Not\u00edcias de Fato\" \/>\n<meta property=\"og:description\" content=\"Aplicativo traz informa\u00e7\u00f5es sobre condi\u00e7\u00f5es de tr\u00e1fego nas rodovias\" \/>\n<meta property=\"og:url\" content=\"https:\/\/noticiasdefato.net\/?p=1208\" \/>\n<meta property=\"og:site_name\" content=\"Not\u00edcias de Fato\" \/>\n<meta property=\"article:publisher\" content=\"https:\/\/fb.com\/noticiasdefato.jornal\" \/>\n<meta property=\"article:published_time\" content=\"2024-05-01T14:14:48+00:00\" \/>\n<meta property=\"og:image\" content=\"https:\/\/noticiasdefato.net\/wp-content\/uploads\/2024\/05\/image-5.png\" \/>\n\t<meta property=\"og:image:width\" content=\"1321\" \/>\n\t<meta property=\"og:image:height\" content=\"422\" \/>\n\t<meta property=\"og:image:type\" content=\"image\/png\" \/>\n<meta name=\"author\" content=\"Thiago Eduardo\" \/>\n<meta name=\"twitter:card\" content=\"summary_large_image\" \/>\n<meta name=\"twitter:creator\" content=\"@noticiasdefato_\" \/>\n<meta name=\"twitter:site\" content=\"@noticiasdefato_\" \/>\n<meta name=\"twitter:label1\" content=\"Escrito por\" \/>\n\t<meta name=\"twitter:data1\" content=\"Thiago Eduardo\" \/>\n\t<meta name=\"twitter:label2\" content=\"Est. tempo de leitura\" \/>\n\t<meta name=\"twitter:data2\" content=\"4 minutos\" \/>\n<script type=\"application\/ld+json\" class=\"yoast-schema-graph\">{\"@context\":\"https:\/\/schema.org\",\"@graph\":[{\"@type\":\"Article\",\"@id\":\"https:\/\/noticiasdefato.net\/?p=1208#article\",\"isPartOf\":{\"@id\":\"https:\/\/noticiasdefato.net\/?p=1208\"},\"author\":{\"name\":\"Thiago Eduardo\",\"@id\":\"https:\/\/noticiasdefato.net\/#\/schema\/person\/991aa25c94399b45050a06ad540c702f\"},\"headline\":\"FERIADO: OBRAS NA RODOVIA\",\"datePublished\":\"2024-05-01T14:14:48+00:00\",\"dateModified\":\"2024-05-01T14:14:48+00:00\",\"mainEntityOfPage\":{\"@id\":\"https:\/\/noticiasdefato.net\/?p=1208\"},\"wordCount\":638,\"commentCount\":0,\"publisher\":{\"@id\":\"https:\/\/noticiasdefato.net\/#organization\"},\"image\":{\"@id\":\"https:\/\/noticiasdefato.net\/?p=1208#primaryimage\"},\"thumbnailUrl\":\"https:\/\/noticiasdefato.net\/wp-content\/uploads\/2024\/05\/image-5.png\",\"articleSection\":[\"Geral\"],\"inLanguage\":\"pt-BR\",\"potentialAction\":[{\"@type\":\"CommentAction\",\"name\":\"Comment\",\"target\":[\"https:\/\/noticiasdefato.net\/?p=1208#respond\"]}]},{\"@type\":\"WebPage\",\"@id\":\"https:\/\/noticiasdefato.net\/?p=1208\",\"url\":\"https:\/\/noticiasdefato.net\/?p=1208\",\"name\":\"FERIADO: OBRAS NA RODOVIA - Not\u00edcias de Fato\",\"isPartOf\":{\"@id\":\"https:\/\/noticiasdefato.net\/#website\"},\"primaryImageOfPage\":{\"@id\":\"https:\/\/noticiasdefato.net\/?p=1208#primaryimage\"},\"image\":{\"@id\":\"https:\/\/noticiasdefato.net\/?p=1208#primaryimage\"},\"thumbnailUrl\":\"https:\/\/noticiasdefato.net\/wp-content\/uploads\/2024\/05\/image-5.png\",\"datePublished\":\"2024-05-01T14:14:48+00:00\",\"dateModified\":\"2024-05-01T14:14:48+00:00\",\"description\":\"Aplicativo traz informa\u00e7\u00f5es sobre condi\u00e7\u00f5es de tr\u00e1fego nas rodovias\",\"breadcrumb\":{\"@id\":\"https:\/\/noticiasdefato.net\/?p=1208#breadcrumb\"},\"inLanguage\":\"pt-BR\",\"potentialAction\":[{\"@type\":\"ReadAction\",\"target\":[\"https:\/\/noticiasdefato.net\/?p=1208\"]}]},{\"@type\":\"ImageObject\",\"inLanguage\":\"pt-BR\",\"@id\":\"https:\/\/noticiasdefato.net\/?p=1208#primaryimage\",\"url\":\"https:\/\/noticiasdefato.net\/wp-content\/uploads\/2024\/05\/image-5.png\",\"contentUrl\":\"https:\/\/noticiasdefato.net\/wp-content\/uploads\/2024\/05\/image-5.png\",\"width\":1321,\"height\":422},{\"@type\":\"BreadcrumbList\",\"@id\":\"https:\/\/noticiasdefato.net\/?p=1208#breadcrumb\",\"itemListElement\":[{\"@type\":\"ListItem\",\"position\":1,\"name\":\"In\u00edcio\",\"item\":\"https:\/\/noticiasdefato.net\/\"},{\"@type\":\"ListItem\",\"position\":2,\"name\":\"FERIADO: OBRAS NA RODOVIA\"}]},{\"@type\":\"WebSite\",\"@id\":\"https:\/\/noticiasdefato.net\/#website\",\"url\":\"https:\/\/noticiasdefato.net\/\",\"name\":\"Not\u00edcias de Fato\",\"description\":\"Trabalhamos com honestidade, seriedade e com a verdade.\",\"publisher\":{\"@id\":\"https:\/\/noticiasdefato.net\/#organization\"},\"potentialAction\":[{\"@type\":\"SearchAction\",\"target\":{\"@type\":\"EntryPoint\",\"urlTemplate\":\"https:\/\/noticiasdefato.net\/?s={search_term_string}\"},\"query-input\":\"required name=search_term_string\"}],\"inLanguage\":\"pt-BR\"},{\"@type\":\"Organization\",\"@id\":\"https:\/\/noticiasdefato.net\/#organization\",\"name\":\"Not\u00edcias de Fato\",\"url\":\"https:\/\/noticiasdefato.net\/\",\"logo\":{\"@type\":\"ImageObject\",\"inLanguage\":\"pt-BR\",\"@id\":\"https:\/\/noticiasdefato.net\/#\/schema\/logo\/image\/\",\"url\":\"https:\/\/noticiasdefato.net\/wp-content\/uploads\/2024\/02\/cropped-logo_topo.png\",\"contentUrl\":\"https:\/\/noticiasdefato.net\/wp-content\/uploads\/2024\/02\/cropped-logo_topo.png\",\"width\":1948,\"height\":665,\"caption\":\"Not\u00edcias de Fato\"},\"image\":{\"@id\":\"https:\/\/noticiasdefato.net\/#\/schema\/logo\/image\/\"},\"sameAs\":[\"https:\/\/fb.com\/noticiasdefato.jornal\",\"https:\/\/x.com\/noticiasdefato_\",\"https:\/\/instagram.com\/noticiasdefato.jornal\",\"https:\/\/youtube.com\/@JornalNoticiasDeFato\"]},{\"@type\":\"Person\",\"@id\":\"https:\/\/noticiasdefato.net\/#\/schema\/person\/991aa25c94399b45050a06ad540c702f\",\"name\":\"Thiago Eduardo\",\"image\":{\"@type\":\"ImageObject\",\"inLanguage\":\"pt-BR\",\"@id\":\"https:\/\/noticiasdefato.net\/#\/schema\/person\/image\/\",\"url\":\"https:\/\/secure.gravatar.com\/avatar\/b565c072bf1bd0d79efe2c48ab82d1a8df93488df89f920926d6ea2e77d319ba?s=96&d=mm&r=g\",\"contentUrl\":\"https:\/\/secure.gravatar.com\/avatar\/b565c072bf1bd0d79efe2c48ab82d1a8df93488df89f920926d6ea2e77d319ba?s=96&d=mm&r=g\",\"caption\":\"Thiago Eduardo\"},\"url\":\"https:\/\/noticiasdefato.net\/?author=3\"}]}<\/script>\n<!-- \/ Yoast SEO plugin. -->","yoast_head_json":{"title":"FERIADO: OBRAS NA RODOVIA - Not\u00edcias de Fato","description":"Aplicativo traz informa\u00e7\u00f5es sobre condi\u00e7\u00f5es de tr\u00e1fego nas rodovias","robots":{"index":"index","follow":"follow","max-snippet":"max-snippet:-1","max-image-preview":"max-image-preview:large","max-video-preview":"max-video-preview:-1"},"canonical":"https:\/\/noticiasdefato.net\/?p=1208","og_locale":"pt_BR","og_type":"article","og_title":"FERIADO: OBRAS NA RODOVIA - Not\u00edcias de Fato","og_description":"Aplicativo traz informa\u00e7\u00f5es sobre condi\u00e7\u00f5es de tr\u00e1fego nas rodovias","og_url":"https:\/\/noticiasdefato.net\/?p=1208","og_site_name":"Not\u00edcias de Fato","article_publisher":"https:\/\/fb.com\/noticiasdefato.jornal","article_published_time":"2024-05-01T14:14:48+00:00","og_image":[{"width":1321,"height":422,"url":"https:\/\/noticiasdefato.net\/wp-content\/uploads\/2024\/05\/image-5.png","type":"image\/png"}],"author":"Thiago Eduardo","twitter_card":"summary_large_image","twitter_creator":"@noticiasdefato_","twitter_site":"@noticiasdefato_","twitter_misc":{"Escrito por":"Thiago Eduardo","Est. tempo de leitura":"4 minutos"},"schema":{"@context":"https:\/\/schema.org","@graph":[{"@type":"Article","@id":"https:\/\/noticiasdefato.net\/?p=1208#article","isPartOf":{"@id":"https:\/\/noticiasdefato.net\/?p=1208"},"author":{"name":"Thiago Eduardo","@id":"https:\/\/noticiasdefato.net\/#\/schema\/person\/991aa25c94399b45050a06ad540c702f"},"headline":"FERIADO: OBRAS NA RODOVIA","datePublished":"2024-05-01T14:14:48+00:00","dateModified":"2024-05-01T14:14:48+00:00","mainEntityOfPage":{"@id":"https:\/\/noticiasdefato.net\/?p=1208"},"wordCount":638,"commentCount":0,"publisher":{"@id":"https:\/\/noticiasdefato.net\/#organization"},"image":{"@id":"https:\/\/noticiasdefato.net\/?p=1208#primaryimage"},"thumbnailUrl":"https:\/\/noticiasdefato.net\/wp-content\/uploads\/2024\/05\/image-5.png","articleSection":["Geral"],"inLanguage":"pt-BR","potentialAction":[{"@type":"CommentAction","name":"Comment","target":["https:\/\/noticiasdefato.net\/?p=1208#respond"]}]},{"@type":"WebPage","@id":"https:\/\/noticiasdefato.net\/?p=1208","url":"https:\/\/noticiasdefato.net\/?p=1208","name":"FERIADO: OBRAS NA RODOVIA - Not\u00edcias de Fato","isPartOf":{"@id":"https:\/\/noticiasdefato.net\/#website"},"primaryImageOfPage":{"@id":"https:\/\/noticiasdefato.net\/?p=1208#primaryimage"},"image":{"@id":"https:\/\/noticiasdefato.net\/?p=1208#primaryimage"},"thumbnailUrl":"https:\/\/noticiasdefato.net\/wp-content\/uploads\/2024\/05\/image-5.png","datePublished":"2024-05-01T14:14:48+00:00","dateModified":"2024-05-01T14:14:48+00:00","description":"Aplicativo traz informa\u00e7\u00f5es sobre condi\u00e7\u00f5es de tr\u00e1fego nas rodovias","breadcrumb":{"@id":"https:\/\/noticiasdefato.net\/?p=1208#breadcrumb"},"inLanguage":"pt-BR","potentialAction":[{"@type":"ReadAction","target":["https:\/\/noticiasdefato.net\/?p=1208"]}]},{"@type":"ImageObject","inLanguage":"pt-BR","@id":"https:\/\/noticiasdefato.net\/?p=1208#primaryimage","url":"https:\/\/noticiasdefato.net\/wp-content\/uploads\/2024\/05\/image-5.png","contentUrl":"https:\/\/noticiasdefato.net\/wp-content\/uploads\/2024\/05\/image-5.png","width":1321,"height":422},{"@type":"BreadcrumbList","@id":"https:\/\/noticiasdefato.net\/?p=1208#breadcrumb","itemListElement":[{"@type":"ListItem","position":1,"name":"In\u00edcio","item":"https:\/\/noticiasdefato.net\/"},{"@type":"ListItem","position":2,"name":"FERIADO: OBRAS NA RODOVIA"}]},{"@type":"WebSite","@id":"https:\/\/noticiasdefato.net\/#website","url":"https:\/\/noticiasdefato.net\/","name":"Not\u00edcias de Fato","description":"Trabalhamos com honestidade, seriedade e com a verdade.","publisher":{"@id":"https:\/\/noticiasdefato.net\/#organization"},"potentialAction":[{"@type":"SearchAction","target":{"@type":"EntryPoint","urlTemplate":"https:\/\/noticiasdefato.net\/?s={search_term_string}"},"query-input":"required name=search_term_string"}],"inLanguage":"pt-BR"},{"@type":"Organization","@id":"https:\/\/noticiasdefato.net\/#organization","name":"Not\u00edcias de Fato","url":"https:\/\/noticiasdefato.net\/","logo":{"@type":"ImageObject","inLanguage":"pt-BR","@id":"https:\/\/noticiasdefato.net\/#\/schema\/logo\/image\/","url":"https:\/\/noticiasdefato.net\/wp-content\/uploads\/2024\/02\/cropped-logo_topo.png","contentUrl":"https:\/\/noticiasdefato.net\/wp-content\/uploads\/2024\/02\/cropped-logo_topo.png","width":1948,"height":665,"caption":"Not\u00edcias de Fato"},"image":{"@id":"https:\/\/noticiasdefato.net\/#\/schema\/logo\/image\/"},"sameAs":["https:\/\/fb.com\/noticiasdefato.jornal","https:\/\/x.com\/noticiasdefato_","https:\/\/instagram.com\/noticiasdefato.jornal","https:\/\/youtube.com\/@JornalNoticiasDeFato"]},{"@type":"Person","@id":"https:\/\/noticiasdefato.net\/#\/schema\/person\/991aa25c94399b45050a06ad540c702f","name":"Thiago Eduardo","image":{"@type":"ImageObject","inLanguage":"pt-BR","@id":"https:\/\/noticiasdefato.net\/#\/schema\/person\/image\/","url":"https:\/\/secure.gravatar.com\/avatar\/b565c072bf1bd0d79efe2c48ab82d1a8df93488df89f920926d6ea2e77d319ba?s=96&d=mm&r=g","contentUrl":"https:\/\/secure.gravatar.com\/avatar\/b565c072bf1bd0d79efe2c48ab82d1a8df93488df89f920926d6ea2e77d319ba?s=96&d=mm&r=g","caption":"Thiago Eduardo"},"url":"https:\/\/noticiasdefato.net\/?author=3"}]}},"_links":{"self":[{"href":"https:\/\/noticiasdefato.net\/index.php?rest_route=\/wp\/v2\/posts\/1208","targetHints":{"allow":["GET"]}}],"collection":[{"href":"https:\/\/noticiasdefato.net\/index.php?rest_route=\/wp\/v2\/posts"}],"about":[{"href":"https:\/\/noticiasdefato.net\/index.php?rest_route=\/wp\/v2\/types\/post"}],"author":[{"embeddable":true,"href":"https:\/\/noticiasdefato.net\/index.php?rest_route=\/wp\/v2\/users\/3"}],"replies":[{"embeddable":true,"href":"https:\/\/noticiasdefato.net\/index.php?rest_route=%2Fwp%2Fv2%2Fcomments&post=1208"}],"version-history":[{"count":1,"href":"https:\/\/noticiasdefato.net\/index.php?rest_route=\/wp\/v2\/posts\/1208\/revisions"}],"predecessor-version":[{"id":1211,"href":"https:\/\/noticiasdefato.net\/index.php?rest_route=\/wp\/v2\/posts\/1208\/revisions\/1211"}],"wp:featuredmedia":[{"embeddable":true,"href":"https:\/\/noticiasdefato.net\/index.php?rest_route=\/wp\/v2\/media\/1210"}],"wp:attachment":[{"href":"https:\/\/noticiasdefato.net\/index.php?rest_route=%2Fwp%2Fv2%2Fmedia&parent=1208"}],"wp:term":[{"taxonomy":"category","embeddable":true,"href":"https:\/\/noticiasdefato.net\/index.php?rest_route=%2Fwp%2Fv2%2Fcategories&post=1208"},{"taxonomy":"post_tag","embeddable":true,"href":"https:\/\/noticiasdefato.net\/index.php?rest_route=%2Fwp%2Fv2%2Ftags&post=1208"}],"curies":[{"name":"wp","href":"https:\/\/api.w.org\/{rel}","templated":true}]}}