{"id":1259,"date":"2024-05-07T09:24:26","date_gmt":"2024-05-07T12:24:26","guid":{"rendered":"https:\/\/noticiasdefato.net\/?p=1259"},"modified":"2024-06-27T12:06:53","modified_gmt":"2024-06-27T15:06:53","slug":"vereadores-de-alfenas-defendem-show-da-madona","status":"publish","type":"post","link":"https:\/\/noticiasdefato.net\/?p=1259","title":{"rendered":"VEREADORES DE ALFENAS DEFENDEM SHOW DA MADONA"},"content":{"rendered":"\n<p><em>Luciano Solar (PV) defende o uso de verbas p\u00fablicas para realiza\u00e7\u00e3o de shows desse tipo. J\u00e1 K\u00e1tia Goyat\u00e1 (PDT) defendeu a cantora que ela admiti ouvir desde \u201ccriancinha\u201d.<\/em><\/p>\n\n\n\n<p>Em ano eleitoral, vereadores de Alfenas se utilizam, mais uma vez, de assuntos nacionais e das redes sociais, para desviarem poss\u00edveis cr\u00edticas \u00e0s suas atua\u00e7\u00f5es.<\/p>\n\n\n\n<p>Na reuni\u00e3o de segunda-feira (6), os vereadores Luciano Solar (PV) e K\u00e1tia Goyat\u00e1 (PDT) usaram o plen\u00e1rio em defesa do show da cantora Madona, que ocorreu em Copacabana, RJ, neste s\u00e1bado (4).<\/p>\n\n\n\n<p>O show internacional foi pago com recursos p\u00fablicos e privados e transmitido por canal aberto. O evento aconteceu em espa\u00e7o p\u00fablico e teve diversas &#8220;performances er\u00f3ticas&#8221; e de vilip\u00eandio \u00e0 f\u00e9 crist\u00e3 , o que causou muitas cr\u00edticas na internet.<\/p>\n\n\n\n<p>Luciano Solar afirmou \u201crespeitar toda forma de express\u00e3o art\u00edstica\u201d e usou de argumentos puramente econ\u00f4micos para a defesa do show da cantora que, segundo ele mesmo, consumiu \u201c10 milh\u00f5es de reais da prefeitura, 10 milh\u00f5es do governo do estado\u201d e mais 50 milh\u00f5es da iniciativa privada. \u201c\u00c9 um show de visibilidade internacional (\u2026) pra eles saiu at\u00e9 barato o show, que projeta o Rio de Janeiro como destino tur\u00edstico. (\u2026) Turismo \u00e9 dinheiro na veia \u201c, justificou o vereador.<\/p>\n\n\n<div class=\"wp-block-image\">\n<figure class=\"aligncenter size-full is-resized\"><img fetchpriority=\"high\" decoding=\"async\" width=\"650\" height=\"873\" src=\"https:\/\/noticiasdefato.net\/wp-content\/uploads\/2024\/05\/image-8.png\" alt=\"\" class=\"wp-image-1261\" style=\"width:272px;height:auto\" srcset=\"https:\/\/noticiasdefato.net\/wp-content\/uploads\/2024\/05\/image-8.png 650w, https:\/\/noticiasdefato.net\/wp-content\/uploads\/2024\/05\/image-8-223x300.png 223w, https:\/\/noticiasdefato.net\/wp-content\/uploads\/2024\/05\/image-8-67x90.png 67w\" sizes=\"(max-width: 650px) 100vw, 650px\" \/><figcaption class=\"wp-element-caption\">Vereador Luciano Solar<\/figcaption><\/figure>\n<\/div>\n\n\n<p>Em seguida, Luciano Solar, que \u00e9 o respons\u00e1vel pela realiza\u00e7\u00e3o do Ecorock em Alfenas, evento que vai custar 300 mil reais em dinheiro p\u00fablico, com verbas do seu gabinete, se antecipou \u00e0s poss\u00edveis cr\u00edticas ao seu evento, atacando: \u201cJ\u00e1 \u2018t\u00f4\u2019 avisando aqui, porque vai aparecer gente dizendo: \u2018Ah o Solar gastou 300 mil reais no Ecorock\u2019. N\u00e3o gastei 300 mil; investi 300 mil e a cidade vai ter muito mais com retorno\u201d, bradou<\/p>\n\n\n\n<p>Ele tamb\u00e9m disparou cr\u00edticas ao que ele chama de direita\/liberal e recomendou para que estudem liberalismo econ\u00f4mico. \u201cVamos estudar um pouquinho mais, antes de falar besteira. Quem quer ser pol\u00edtico tem que ter essa no\u00e7\u00e3o. Tem que estudar pra n\u00e3o falar borracha\u201d, cutucou o vereador que tamb\u00e9m \u00e9 professor da rede p\u00fablica.<\/p>\n\n\n\n<p><strong>GENTE BOA OUVE MADONA<\/strong><\/p>\n\n\n<div class=\"wp-block-image\">\n<figure class=\"aligncenter size-large is-resized\"><img decoding=\"async\" width=\"575\" height=\"1024\" src=\"https:\/\/noticiasdefato.net\/wp-content\/uploads\/2024\/05\/image-10-575x1024.png\" alt=\"\" class=\"wp-image-1263\" style=\"width:271px;height:auto\" srcset=\"https:\/\/noticiasdefato.net\/wp-content\/uploads\/2024\/05\/image-10-575x1024.png 575w, https:\/\/noticiasdefato.net\/wp-content\/uploads\/2024\/05\/image-10-169x300.png 169w, https:\/\/noticiasdefato.net\/wp-content\/uploads\/2024\/05\/image-10-51x90.png 51w, https:\/\/noticiasdefato.net\/wp-content\/uploads\/2024\/05\/image-10.png 719w\" sizes=\"(max-width: 575px) 100vw, 575px\" \/><figcaption class=\"wp-element-caption\">Vereadora Katia Goyat\u00e1<\/figcaption><\/figure>\n<\/div>\n\n\n<p>Em defesa da cantora internacional e na tentativa de evitar cr\u00edticas aos shows que vir\u00e3o em Alfenas, a vereadora K\u00e1tia Goyat\u00e1 (PDT) saiu-se com o seguinte racioc\u00ednio: \u201cEu ouvi a Madona a minha vida inteira. Eu e minhas amigas. Madona tocou no meu anivers\u00e1rio de 15 anos, de 20, 25, de 30, 35, 40\u2026 Eu \u2018t\u00f4\u2019 com 55 anos e acho que me tornei uma boa pessoa. Ent\u00e3o, n\u00e3o foi ouvindo Madona, n\u00e9, que eu me tornei uma pessoa ruim.\u201d<\/p>\n","protected":false},"excerpt":{"rendered":"<p>Luciano Solar (PV) defende o uso de verbas p\u00fablicas para realiza\u00e7\u00e3o de shows desse tipo. J\u00e1 K\u00e1tia Goyat\u00e1 (PDT) defendeu a cantora que ela admiti ouvir desde \u201ccriancinha\u201d. <a href=\"https:\/\/noticiasdefato.net\/?p=1259\" class=\"more-link\">Continuar lendo <span class=\"screen-reader-text\">VEREADORES DE ALFENAS DEFENDEM SHOW DA MADONA<\/span><\/a><\/p>\n","protected":false},"author":1,"featured_media":1260,"comment_status":"open","ping_status":"open","sticky":false,"template":"","format":"standard","meta":{"footnotes":""},"categories":[18],"tags":[],"class_list":["post-1259","post","type-post","status-publish","format-standard","has-post-thumbnail","hentry","category-politica"],"yoast_head":"<!-- This site is optimized with the Yoast SEO plugin v23.2 - https:\/\/yoast.com\/wordpress\/plugins\/seo\/ -->\n<title>VEREADORES DE ALFENAS DEFENDEM SHOW DA MADONA - Not\u00edcias de Fato<\/title>\n<meta name=\"description\" content=\"Luciano Solar (PV) defende o uso de verbas p\u00fablicas para realiza\u00e7\u00e3o de shows desse tipo. J\u00e1 K\u00e1tia Goyat\u00e1 (PDT) defendeu a cantora que ela admiti ouvir desde \u201ccriancinha\u201d.\" \/>\n<meta name=\"robots\" content=\"index, follow, max-snippet:-1, max-image-preview:large, max-video-preview:-1\" \/>\n<link rel=\"canonical\" href=\"https:\/\/noticiasdefato.net\/?p=1259\" \/>\n<meta property=\"og:locale\" content=\"pt_BR\" \/>\n<meta property=\"og:type\" content=\"article\" \/>\n<meta property=\"og:title\" content=\"VEREADORES DE ALFENAS DEFENDEM SHOW DA MADONA - Not\u00edcias de Fato\" \/>\n<meta property=\"og:description\" content=\"Luciano Solar (PV) defende o uso de verbas p\u00fablicas para realiza\u00e7\u00e3o de shows desse tipo. J\u00e1 K\u00e1tia Goyat\u00e1 (PDT) defendeu a cantora que ela admiti ouvir desde \u201ccriancinha\u201d.\" \/>\n<meta property=\"og:url\" content=\"https:\/\/noticiasdefato.net\/?p=1259\" \/>\n<meta property=\"og:site_name\" content=\"Not\u00edcias de Fato\" \/>\n<meta property=\"article:publisher\" content=\"https:\/\/fb.com\/noticiasdefato.jornal\" \/>\n<meta property=\"article:author\" content=\"http:\/\/fb.com\/\/noticiasdefato.jornal\" \/>\n<meta property=\"article:published_time\" content=\"2024-05-07T12:24:26+00:00\" \/>\n<meta property=\"article:modified_time\" content=\"2024-06-27T15:06:53+00:00\" \/>\n<meta property=\"og:image\" content=\"https:\/\/noticiasdefato.net\/wp-content\/uploads\/2024\/05\/solar-katia.png\" \/>\n\t<meta property=\"og:image:width\" content=\"1580\" \/>\n\t<meta property=\"og:image:height\" content=\"560\" \/>\n\t<meta property=\"og:image:type\" content=\"image\/png\" \/>\n<meta name=\"author\" content=\"Noticias de Fato\" \/>\n<meta name=\"twitter:card\" content=\"summary_large_image\" \/>\n<meta name=\"twitter:creator\" content=\"@https:\/\/twitter.com\/NoticiasDeFato_\" \/>\n<meta name=\"twitter:site\" content=\"@noticiasdefato_\" \/>\n<meta name=\"twitter:label1\" content=\"Escrito por\" \/>\n\t<meta name=\"twitter:data1\" content=\"Noticias de Fato\" \/>\n\t<meta name=\"twitter:label2\" content=\"Est. tempo de leitura\" \/>\n\t<meta name=\"twitter:data2\" content=\"3 minutos\" \/>\n<script type=\"application\/ld+json\" class=\"yoast-schema-graph\">{\"@context\":\"https:\/\/schema.org\",\"@graph\":[{\"@type\":\"Article\",\"@id\":\"https:\/\/noticiasdefato.net\/?p=1259#article\",\"isPartOf\":{\"@id\":\"https:\/\/noticiasdefato.net\/?p=1259\"},\"author\":{\"name\":\"Noticias de Fato\",\"@id\":\"https:\/\/noticiasdefato.net\/#\/schema\/person\/982ce60211d95acf059cd702aa260d08\"},\"headline\":\"VEREADORES DE ALFENAS DEFENDEM SHOW DA MADONA\",\"datePublished\":\"2024-05-07T12:24:26+00:00\",\"dateModified\":\"2024-06-27T15:06:53+00:00\",\"mainEntityOfPage\":{\"@id\":\"https:\/\/noticiasdefato.net\/?p=1259\"},\"wordCount\":446,\"commentCount\":0,\"publisher\":{\"@id\":\"https:\/\/noticiasdefato.net\/#organization\"},\"image\":{\"@id\":\"https:\/\/noticiasdefato.net\/?p=1259#primaryimage\"},\"thumbnailUrl\":\"https:\/\/noticiasdefato.net\/wp-content\/uploads\/2024\/05\/solar-katia.png\",\"articleSection\":[\"Pol\u00edtica\"],\"inLanguage\":\"pt-BR\",\"potentialAction\":[{\"@type\":\"CommentAction\",\"name\":\"Comment\",\"target\":[\"https:\/\/noticiasdefato.net\/?p=1259#respond\"]}]},{\"@type\":\"WebPage\",\"@id\":\"https:\/\/noticiasdefato.net\/?p=1259\",\"url\":\"https:\/\/noticiasdefato.net\/?p=1259\",\"name\":\"VEREADORES DE ALFENAS DEFENDEM SHOW DA MADONA - Not\u00edcias de Fato\",\"isPartOf\":{\"@id\":\"https:\/\/noticiasdefato.net\/#website\"},\"primaryImageOfPage\":{\"@id\":\"https:\/\/noticiasdefato.net\/?p=1259#primaryimage\"},\"image\":{\"@id\":\"https:\/\/noticiasdefato.net\/?p=1259#primaryimage\"},\"thumbnailUrl\":\"https:\/\/noticiasdefato.net\/wp-content\/uploads\/2024\/05\/solar-katia.png\",\"datePublished\":\"2024-05-07T12:24:26+00:00\",\"dateModified\":\"2024-06-27T15:06:53+00:00\",\"description\":\"Luciano Solar (PV) defende o uso de verbas p\u00fablicas para realiza\u00e7\u00e3o de shows desse tipo. J\u00e1 K\u00e1tia Goyat\u00e1 (PDT) defendeu a cantora que ela admiti ouvir desde \u201ccriancinha\u201d.\",\"breadcrumb\":{\"@id\":\"https:\/\/noticiasdefato.net\/?p=1259#breadcrumb\"},\"inLanguage\":\"pt-BR\",\"potentialAction\":[{\"@type\":\"ReadAction\",\"target\":[\"https:\/\/noticiasdefato.net\/?p=1259\"]}]},{\"@type\":\"ImageObject\",\"inLanguage\":\"pt-BR\",\"@id\":\"https:\/\/noticiasdefato.net\/?p=1259#primaryimage\",\"url\":\"https:\/\/noticiasdefato.net\/wp-content\/uploads\/2024\/05\/solar-katia.png\",\"contentUrl\":\"https:\/\/noticiasdefato.net\/wp-content\/uploads\/2024\/05\/solar-katia.png\",\"width\":1580,\"height\":560},{\"@type\":\"BreadcrumbList\",\"@id\":\"https:\/\/noticiasdefato.net\/?p=1259#breadcrumb\",\"itemListElement\":[{\"@type\":\"ListItem\",\"position\":1,\"name\":\"In\u00edcio\",\"item\":\"https:\/\/noticiasdefato.net\/\"},{\"@type\":\"ListItem\",\"position\":2,\"name\":\"VEREADORES DE ALFENAS DEFENDEM SHOW DA MADONA\"}]},{\"@type\":\"WebSite\",\"@id\":\"https:\/\/noticiasdefato.net\/#website\",\"url\":\"https:\/\/noticiasdefato.net\/\",\"name\":\"Not\u00edcias de Fato\",\"description\":\"Trabalhamos com honestidade, seriedade e com a verdade.\",\"publisher\":{\"@id\":\"https:\/\/noticiasdefato.net\/#organization\"},\"potentialAction\":[{\"@type\":\"SearchAction\",\"target\":{\"@type\":\"EntryPoint\",\"urlTemplate\":\"https:\/\/noticiasdefato.net\/?s={search_term_string}\"},\"query-input\":\"required name=search_term_string\"}],\"inLanguage\":\"pt-BR\"},{\"@type\":\"Organization\",\"@id\":\"https:\/\/noticiasdefato.net\/#organization\",\"name\":\"Not\u00edcias de Fato\",\"url\":\"https:\/\/noticiasdefato.net\/\",\"logo\":{\"@type\":\"ImageObject\",\"inLanguage\":\"pt-BR\",\"@id\":\"https:\/\/noticiasdefato.net\/#\/schema\/logo\/image\/\",\"url\":\"https:\/\/noticiasdefato.net\/wp-content\/uploads\/2024\/02\/cropped-logo_topo.png\",\"contentUrl\":\"https:\/\/noticiasdefato.net\/wp-content\/uploads\/2024\/02\/cropped-logo_topo.png\",\"width\":1948,\"height\":665,\"caption\":\"Not\u00edcias de Fato\"},\"image\":{\"@id\":\"https:\/\/noticiasdefato.net\/#\/schema\/logo\/image\/\"},\"sameAs\":[\"https:\/\/fb.com\/noticiasdefato.jornal\",\"https:\/\/x.com\/noticiasdefato_\",\"https:\/\/instagram.com\/noticiasdefato.jornal\",\"https:\/\/youtube.com\/@JornalNoticiasDeFato\"]},{\"@type\":\"Person\",\"@id\":\"https:\/\/noticiasdefato.net\/#\/schema\/person\/982ce60211d95acf059cd702aa260d08\",\"name\":\"Noticias de Fato\",\"image\":{\"@type\":\"ImageObject\",\"inLanguage\":\"pt-BR\",\"@id\":\"https:\/\/noticiasdefato.net\/#\/schema\/person\/image\/\",\"url\":\"https:\/\/secure.gravatar.com\/avatar\/700227fab2316f0366a1b5d4988d10f847249cf13293450527ac9553c994611a?s=96&d=mm&r=g\",\"contentUrl\":\"https:\/\/secure.gravatar.com\/avatar\/700227fab2316f0366a1b5d4988d10f847249cf13293450527ac9553c994611a?s=96&d=mm&r=g\",\"caption\":\"Noticias de Fato\"},\"sameAs\":[\"https:\/\/noticiasdefato.net\",\"http:\/\/fb.com\/\/noticiasdefato.jornal\",\"https:\/\/x.com\/https:\/\/twitter.com\/NoticiasDeFato_\"],\"url\":\"https:\/\/noticiasdefato.net\/?author=1\"}]}<\/script>\n<!-- \/ Yoast SEO plugin. -->","yoast_head_json":{"title":"VEREADORES DE ALFENAS DEFENDEM SHOW DA MADONA - Not\u00edcias de Fato","description":"Luciano Solar (PV) defende o uso de verbas p\u00fablicas para realiza\u00e7\u00e3o de shows desse tipo. J\u00e1 K\u00e1tia Goyat\u00e1 (PDT) defendeu a cantora que ela admiti ouvir desde \u201ccriancinha\u201d.","robots":{"index":"index","follow":"follow","max-snippet":"max-snippet:-1","max-image-preview":"max-image-preview:large","max-video-preview":"max-video-preview:-1"},"canonical":"https:\/\/noticiasdefato.net\/?p=1259","og_locale":"pt_BR","og_type":"article","og_title":"VEREADORES DE ALFENAS DEFENDEM SHOW DA MADONA - Not\u00edcias de Fato","og_description":"Luciano Solar (PV) defende o uso de verbas p\u00fablicas para realiza\u00e7\u00e3o de shows desse tipo. J\u00e1 K\u00e1tia Goyat\u00e1 (PDT) defendeu a cantora que ela admiti ouvir desde \u201ccriancinha\u201d.","og_url":"https:\/\/noticiasdefato.net\/?p=1259","og_site_name":"Not\u00edcias de Fato","article_publisher":"https:\/\/fb.com\/noticiasdefato.jornal","article_author":"http:\/\/fb.com\/\/noticiasdefato.jornal","article_published_time":"2024-05-07T12:24:26+00:00","article_modified_time":"2024-06-27T15:06:53+00:00","og_image":[{"width":1580,"height":560,"url":"https:\/\/noticiasdefato.net\/wp-content\/uploads\/2024\/05\/solar-katia.png","type":"image\/png"}],"author":"Noticias de Fato","twitter_card":"summary_large_image","twitter_creator":"@https:\/\/twitter.com\/NoticiasDeFato_","twitter_site":"@noticiasdefato_","twitter_misc":{"Escrito por":"Noticias de Fato","Est. tempo de leitura":"3 minutos"},"schema":{"@context":"https:\/\/schema.org","@graph":[{"@type":"Article","@id":"https:\/\/noticiasdefato.net\/?p=1259#article","isPartOf":{"@id":"https:\/\/noticiasdefato.net\/?p=1259"},"author":{"name":"Noticias de Fato","@id":"https:\/\/noticiasdefato.net\/#\/schema\/person\/982ce60211d95acf059cd702aa260d08"},"headline":"VEREADORES DE ALFENAS DEFENDEM SHOW DA MADONA","datePublished":"2024-05-07T12:24:26+00:00","dateModified":"2024-06-27T15:06:53+00:00","mainEntityOfPage":{"@id":"https:\/\/noticiasdefato.net\/?p=1259"},"wordCount":446,"commentCount":0,"publisher":{"@id":"https:\/\/noticiasdefato.net\/#organization"},"image":{"@id":"https:\/\/noticiasdefato.net\/?p=1259#primaryimage"},"thumbnailUrl":"https:\/\/noticiasdefato.net\/wp-content\/uploads\/2024\/05\/solar-katia.png","articleSection":["Pol\u00edtica"],"inLanguage":"pt-BR","potentialAction":[{"@type":"CommentAction","name":"Comment","target":["https:\/\/noticiasdefato.net\/?p=1259#respond"]}]},{"@type":"WebPage","@id":"https:\/\/noticiasdefato.net\/?p=1259","url":"https:\/\/noticiasdefato.net\/?p=1259","name":"VEREADORES DE ALFENAS DEFENDEM SHOW DA MADONA - Not\u00edcias de Fato","isPartOf":{"@id":"https:\/\/noticiasdefato.net\/#website"},"primaryImageOfPage":{"@id":"https:\/\/noticiasdefato.net\/?p=1259#primaryimage"},"image":{"@id":"https:\/\/noticiasdefato.net\/?p=1259#primaryimage"},"thumbnailUrl":"https:\/\/noticiasdefato.net\/wp-content\/uploads\/2024\/05\/solar-katia.png","datePublished":"2024-05-07T12:24:26+00:00","dateModified":"2024-06-27T15:06:53+00:00","description":"Luciano Solar (PV) defende o uso de verbas p\u00fablicas para realiza\u00e7\u00e3o de shows desse tipo. J\u00e1 K\u00e1tia Goyat\u00e1 (PDT) defendeu a cantora que ela admiti ouvir desde \u201ccriancinha\u201d.","breadcrumb":{"@id":"https:\/\/noticiasdefato.net\/?p=1259#breadcrumb"},"inLanguage":"pt-BR","potentialAction":[{"@type":"ReadAction","target":["https:\/\/noticiasdefato.net\/?p=1259"]}]},{"@type":"ImageObject","inLanguage":"pt-BR","@id":"https:\/\/noticiasdefato.net\/?p=1259#primaryimage","url":"https:\/\/noticiasdefato.net\/wp-content\/uploads\/2024\/05\/solar-katia.png","contentUrl":"https:\/\/noticiasdefato.net\/wp-content\/uploads\/2024\/05\/solar-katia.png","width":1580,"height":560},{"@type":"BreadcrumbList","@id":"https:\/\/noticiasdefato.net\/?p=1259#breadcrumb","itemListElement":[{"@type":"ListItem","position":1,"name":"In\u00edcio","item":"https:\/\/noticiasdefato.net\/"},{"@type":"ListItem","position":2,"name":"VEREADORES DE ALFENAS DEFENDEM SHOW DA MADONA"}]},{"@type":"WebSite","@id":"https:\/\/noticiasdefato.net\/#website","url":"https:\/\/noticiasdefato.net\/","name":"Not\u00edcias de Fato","description":"Trabalhamos com honestidade, seriedade e com a verdade.","publisher":{"@id":"https:\/\/noticiasdefato.net\/#organization"},"potentialAction":[{"@type":"SearchAction","target":{"@type":"EntryPoint","urlTemplate":"https:\/\/noticiasdefato.net\/?s={search_term_string}"},"query-input":"required name=search_term_string"}],"inLanguage":"pt-BR"},{"@type":"Organization","@id":"https:\/\/noticiasdefato.net\/#organization","name":"Not\u00edcias de Fato","url":"https:\/\/noticiasdefato.net\/","logo":{"@type":"ImageObject","inLanguage":"pt-BR","@id":"https:\/\/noticiasdefato.net\/#\/schema\/logo\/image\/","url":"https:\/\/noticiasdefato.net\/wp-content\/uploads\/2024\/02\/cropped-logo_topo.png","contentUrl":"https:\/\/noticiasdefato.net\/wp-content\/uploads\/2024\/02\/cropped-logo_topo.png","width":1948,"height":665,"caption":"Not\u00edcias de Fato"},"image":{"@id":"https:\/\/noticiasdefato.net\/#\/schema\/logo\/image\/"},"sameAs":["https:\/\/fb.com\/noticiasdefato.jornal","https:\/\/x.com\/noticiasdefato_","https:\/\/instagram.com\/noticiasdefato.jornal","https:\/\/youtube.com\/@JornalNoticiasDeFato"]},{"@type":"Person","@id":"https:\/\/noticiasdefato.net\/#\/schema\/person\/982ce60211d95acf059cd702aa260d08","name":"Noticias de Fato","image":{"@type":"ImageObject","inLanguage":"pt-BR","@id":"https:\/\/noticiasdefato.net\/#\/schema\/person\/image\/","url":"https:\/\/secure.gravatar.com\/avatar\/700227fab2316f0366a1b5d4988d10f847249cf13293450527ac9553c994611a?s=96&d=mm&r=g","contentUrl":"https:\/\/secure.gravatar.com\/avatar\/700227fab2316f0366a1b5d4988d10f847249cf13293450527ac9553c994611a?s=96&d=mm&r=g","caption":"Noticias de Fato"},"sameAs":["https:\/\/noticiasdefato.net","http:\/\/fb.com\/\/noticiasdefato.jornal","https:\/\/x.com\/https:\/\/twitter.com\/NoticiasDeFato_"],"url":"https:\/\/noticiasdefato.net\/?author=1"}]}},"_links":{"self":[{"href":"https:\/\/noticiasdefato.net\/index.php?rest_route=\/wp\/v2\/posts\/1259","targetHints":{"allow":["GET"]}}],"collection":[{"href":"https:\/\/noticiasdefato.net\/index.php?rest_route=\/wp\/v2\/posts"}],"about":[{"href":"https:\/\/noticiasdefato.net\/index.php?rest_route=\/wp\/v2\/types\/post"}],"author":[{"embeddable":true,"href":"https:\/\/noticiasdefato.net\/index.php?rest_route=\/wp\/v2\/users\/1"}],"replies":[{"embeddable":true,"href":"https:\/\/noticiasdefato.net\/index.php?rest_route=%2Fwp%2Fv2%2Fcomments&post=1259"}],"version-history":[{"count":1,"href":"https:\/\/noticiasdefato.net\/index.php?rest_route=\/wp\/v2\/posts\/1259\/revisions"}],"predecessor-version":[{"id":1264,"href":"https:\/\/noticiasdefato.net\/index.php?rest_route=\/wp\/v2\/posts\/1259\/revisions\/1264"}],"wp:featuredmedia":[{"embeddable":true,"href":"https:\/\/noticiasdefato.net\/index.php?rest_route=\/wp\/v2\/media\/1260"}],"wp:attachment":[{"href":"https:\/\/noticiasdefato.net\/index.php?rest_route=%2Fwp%2Fv2%2Fmedia&parent=1259"}],"wp:term":[{"taxonomy":"category","embeddable":true,"href":"https:\/\/noticiasdefato.net\/index.php?rest_route=%2Fwp%2Fv2%2Fcategories&post=1259"},{"taxonomy":"post_tag","embeddable":true,"href":"https:\/\/noticiasdefato.net\/index.php?rest_route=%2Fwp%2Fv2%2Ftags&post=1259"}],"curies":[{"name":"wp","href":"https:\/\/api.w.org\/{rel}","templated":true}]}}