{"id":1265,"date":"2024-05-14T16:22:22","date_gmt":"2024-05-14T19:22:22","guid":{"rendered":"https:\/\/noticiasdefato.net\/?p=1265"},"modified":"2024-06-27T12:06:46","modified_gmt":"2024-06-27T15:06:46","slug":"pm-de-alfenas-tera-a-1a-viatura-semi-blindada","status":"publish","type":"post","link":"https:\/\/noticiasdefato.net\/?p=1265","title":{"rendered":"PM DE ALFENAS TER\u00c1 A 1\u00aa VIATURA SEMI BLINDADA"},"content":{"rendered":"\n<p><em>Cerim\u00f4nia de entrega do ve\u00edculo, ser\u00e1 na sexta-feira, 17, na sede do 64\u00b0 Batalh\u00e3o.<\/em><\/p>\n\n\n\n<p>Acontecer\u00e1 na sexta-feira, 17 um ato solene para a entrega de uma viatura semi blindada, ao 64\u00b0 batalh\u00e3o de Pol\u00edcia Militar de Alfenas.<\/p>\n\n\n\n<p>O novo ve\u00edculo veio para Alfenas, gra\u00e7as a uma indica\u00e7\u00e3o do deputado estadual, Emidinho Madeira, idealizador do Programa Mais Seguran\u00e7a no estado.<\/p>\n\n\n<div class=\"wp-block-image\">\n<figure class=\"aligncenter size-full\"><img fetchpriority=\"high\" decoding=\"async\" width=\"750\" height=\"885\" src=\"https:\/\/noticiasdefato.net\/wp-content\/uploads\/2024\/05\/WhatsApp-Image-2024-05-14-at-10.41.53_026cab8b.jpg\" alt=\"\" class=\"wp-image-1267\" srcset=\"https:\/\/noticiasdefato.net\/wp-content\/uploads\/2024\/05\/WhatsApp-Image-2024-05-14-at-10.41.53_026cab8b.jpg 750w, https:\/\/noticiasdefato.net\/wp-content\/uploads\/2024\/05\/WhatsApp-Image-2024-05-14-at-10.41.53_026cab8b-254x300.jpg 254w, https:\/\/noticiasdefato.net\/wp-content\/uploads\/2024\/05\/WhatsApp-Image-2024-05-14-at-10.41.53_026cab8b-76x90.jpg 76w\" sizes=\"(max-width: 750px) 100vw, 750px\" \/><\/figure>\n<\/div>\n\n\n<p>O ve\u00edculo, zero KM, \u00e9 um modelo Trailblaizer, avaliada em R$ 390 mil.<\/p>\n\n\n\n<p>A cerim\u00f4nia est\u00e1 prevista para come\u00e7ar \u00e0s 15h, na sede do batalh\u00e3o, que fica na rua Guimar\u00e3es Rosa, 151, bairro Vista Grande.<\/p>\n\n\n\n<p>Confira no link abaixo outras cidades que ser\u00e3o contemplas:<\/p>\n\n\n\n<p><a href=\"https:\/\/www.agenciaminas.mg.gov.br\/noticia\/policia-militar-ganha-reforco-de-112-novas-viaturas-2024-04-08-19-45-00-0300\">https:\/\/www.agenciaminas.mg.gov.br\/noticia\/policia-militar-ganha-reforco-de-112-novas-viaturas-2024-04-08-19-45-00-0300<\/a><\/p>\n","protected":false},"excerpt":{"rendered":"<p>Cerim\u00f4nia de entrega do ve\u00edculo, ser\u00e1 na sexta-feira, 17, na sede do 64\u00b0 Batalh\u00e3o. <a href=\"https:\/\/noticiasdefato.net\/?p=1265\" class=\"more-link\">Continuar lendo <span class=\"screen-reader-text\">PM DE ALFENAS TER\u00c1 A 1\u00aa VIATURA SEMI BLINDADA<\/span><\/a><\/p>\n","protected":false},"author":1,"featured_media":1266,"comment_status":"open","ping_status":"open","sticky":false,"template":"","format":"standard","meta":{"footnotes":""},"categories":[25],"tags":[],"class_list":["post-1265","post","type-post","status-publish","format-standard","has-post-thumbnail","hentry","category-policial"],"yoast_head":"<!-- This site is optimized with the Yoast SEO plugin v23.2 - https:\/\/yoast.com\/wordpress\/plugins\/seo\/ -->\n<title>PM DE ALFENAS TER\u00c1 A 1\u00aa VIATURA SEMI BLINDADA - Not\u00edcias de Fato<\/title>\n<meta name=\"description\" content=\"Cerim\u00f4nia de entrega do ve\u00edculo, ser\u00e1 na sexta-feira, 17, na sede do 64\u00b0 Batalh\u00e3o.\" \/>\n<meta name=\"robots\" content=\"index, follow, max-snippet:-1, max-image-preview:large, max-video-preview:-1\" \/>\n<link rel=\"canonical\" href=\"https:\/\/noticiasdefato.net\/?p=1265\" \/>\n<meta property=\"og:locale\" content=\"pt_BR\" \/>\n<meta property=\"og:type\" content=\"article\" \/>\n<meta property=\"og:title\" content=\"PM DE ALFENAS TER\u00c1 A 1\u00aa VIATURA SEMI BLINDADA - Not\u00edcias de Fato\" \/>\n<meta property=\"og:description\" content=\"Cerim\u00f4nia de entrega do ve\u00edculo, ser\u00e1 na sexta-feira, 17, na sede do 64\u00b0 Batalh\u00e3o.\" \/>\n<meta property=\"og:url\" content=\"https:\/\/noticiasdefato.net\/?p=1265\" \/>\n<meta property=\"og:site_name\" content=\"Not\u00edcias de Fato\" \/>\n<meta property=\"article:publisher\" content=\"https:\/\/fb.com\/noticiasdefato.jornal\" \/>\n<meta property=\"article:author\" content=\"http:\/\/fb.com\/\/noticiasdefato.jornal\" \/>\n<meta property=\"article:published_time\" content=\"2024-05-14T19:22:22+00:00\" \/>\n<meta property=\"article:modified_time\" content=\"2024-06-27T15:06:46+00:00\" \/>\n<meta property=\"og:image\" content=\"https:\/\/noticiasdefato.net\/wp-content\/uploads\/2024\/05\/WhatsApp-Image-2024-05-14-at-10.41.33_a33f4709.jpg\" \/>\n\t<meta property=\"og:image:width\" content=\"768\" \/>\n\t<meta property=\"og:image:height\" content=\"549\" \/>\n\t<meta property=\"og:image:type\" content=\"image\/jpeg\" \/>\n<meta name=\"author\" content=\"Noticias de Fato\" \/>\n<meta name=\"twitter:card\" content=\"summary_large_image\" \/>\n<meta name=\"twitter:creator\" content=\"@https:\/\/twitter.com\/NoticiasDeFato_\" \/>\n<meta name=\"twitter:site\" content=\"@noticiasdefato_\" \/>\n<meta name=\"twitter:label1\" content=\"Escrito por\" \/>\n\t<meta name=\"twitter:data1\" content=\"Noticias de Fato\" \/>\n\t<meta name=\"twitter:label2\" content=\"Est. tempo de leitura\" \/>\n\t<meta name=\"twitter:data2\" content=\"1 minuto\" \/>\n<script type=\"application\/ld+json\" class=\"yoast-schema-graph\">{\"@context\":\"https:\/\/schema.org\",\"@graph\":[{\"@type\":\"Article\",\"@id\":\"https:\/\/noticiasdefato.net\/?p=1265#article\",\"isPartOf\":{\"@id\":\"https:\/\/noticiasdefato.net\/?p=1265\"},\"author\":{\"name\":\"Noticias de Fato\",\"@id\":\"https:\/\/noticiasdefato.net\/#\/schema\/person\/982ce60211d95acf059cd702aa260d08\"},\"headline\":\"PM DE ALFENAS TER\u00c1 A 1\u00aa VIATURA SEMI BLINDADA\",\"datePublished\":\"2024-05-14T19:22:22+00:00\",\"dateModified\":\"2024-06-27T15:06:46+00:00\",\"mainEntityOfPage\":{\"@id\":\"https:\/\/noticiasdefato.net\/?p=1265\"},\"wordCount\":134,\"commentCount\":0,\"publisher\":{\"@id\":\"https:\/\/noticiasdefato.net\/#organization\"},\"image\":{\"@id\":\"https:\/\/noticiasdefato.net\/?p=1265#primaryimage\"},\"thumbnailUrl\":\"https:\/\/noticiasdefato.net\/wp-content\/uploads\/2024\/05\/WhatsApp-Image-2024-05-14-at-10.41.33_a33f4709.jpg\",\"articleSection\":[\"Policial\"],\"inLanguage\":\"pt-BR\",\"potentialAction\":[{\"@type\":\"CommentAction\",\"name\":\"Comment\",\"target\":[\"https:\/\/noticiasdefato.net\/?p=1265#respond\"]}]},{\"@type\":\"WebPage\",\"@id\":\"https:\/\/noticiasdefato.net\/?p=1265\",\"url\":\"https:\/\/noticiasdefato.net\/?p=1265\",\"name\":\"PM DE ALFENAS TER\u00c1 A 1\u00aa VIATURA SEMI BLINDADA - Not\u00edcias de Fato\",\"isPartOf\":{\"@id\":\"https:\/\/noticiasdefato.net\/#website\"},\"primaryImageOfPage\":{\"@id\":\"https:\/\/noticiasdefato.net\/?p=1265#primaryimage\"},\"image\":{\"@id\":\"https:\/\/noticiasdefato.net\/?p=1265#primaryimage\"},\"thumbnailUrl\":\"https:\/\/noticiasdefato.net\/wp-content\/uploads\/2024\/05\/WhatsApp-Image-2024-05-14-at-10.41.33_a33f4709.jpg\",\"datePublished\":\"2024-05-14T19:22:22+00:00\",\"dateModified\":\"2024-06-27T15:06:46+00:00\",\"description\":\"Cerim\u00f4nia de entrega do ve\u00edculo, ser\u00e1 na sexta-feira, 17, na sede do 64\u00b0 Batalh\u00e3o.\",\"breadcrumb\":{\"@id\":\"https:\/\/noticiasdefato.net\/?p=1265#breadcrumb\"},\"inLanguage\":\"pt-BR\",\"potentialAction\":[{\"@type\":\"ReadAction\",\"target\":[\"https:\/\/noticiasdefato.net\/?p=1265\"]}]},{\"@type\":\"ImageObject\",\"inLanguage\":\"pt-BR\",\"@id\":\"https:\/\/noticiasdefato.net\/?p=1265#primaryimage\",\"url\":\"https:\/\/noticiasdefato.net\/wp-content\/uploads\/2024\/05\/WhatsApp-Image-2024-05-14-at-10.41.33_a33f4709.jpg\",\"contentUrl\":\"https:\/\/noticiasdefato.net\/wp-content\/uploads\/2024\/05\/WhatsApp-Image-2024-05-14-at-10.41.33_a33f4709.jpg\",\"width\":768,\"height\":549},{\"@type\":\"BreadcrumbList\",\"@id\":\"https:\/\/noticiasdefato.net\/?p=1265#breadcrumb\",\"itemListElement\":[{\"@type\":\"ListItem\",\"position\":1,\"name\":\"In\u00edcio\",\"item\":\"https:\/\/noticiasdefato.net\/\"},{\"@type\":\"ListItem\",\"position\":2,\"name\":\"PM DE ALFENAS TER\u00c1 A 1\u00aa VIATURA SEMI BLINDADA\"}]},{\"@type\":\"WebSite\",\"@id\":\"https:\/\/noticiasdefato.net\/#website\",\"url\":\"https:\/\/noticiasdefato.net\/\",\"name\":\"Not\u00edcias de Fato\",\"description\":\"Trabalhamos com honestidade, seriedade e com a verdade.\",\"publisher\":{\"@id\":\"https:\/\/noticiasdefato.net\/#organization\"},\"potentialAction\":[{\"@type\":\"SearchAction\",\"target\":{\"@type\":\"EntryPoint\",\"urlTemplate\":\"https:\/\/noticiasdefato.net\/?s={search_term_string}\"},\"query-input\":\"required name=search_term_string\"}],\"inLanguage\":\"pt-BR\"},{\"@type\":\"Organization\",\"@id\":\"https:\/\/noticiasdefato.net\/#organization\",\"name\":\"Not\u00edcias de Fato\",\"url\":\"https:\/\/noticiasdefato.net\/\",\"logo\":{\"@type\":\"ImageObject\",\"inLanguage\":\"pt-BR\",\"@id\":\"https:\/\/noticiasdefato.net\/#\/schema\/logo\/image\/\",\"url\":\"https:\/\/noticiasdefato.net\/wp-content\/uploads\/2024\/02\/cropped-logo_topo.png\",\"contentUrl\":\"https:\/\/noticiasdefato.net\/wp-content\/uploads\/2024\/02\/cropped-logo_topo.png\",\"width\":1948,\"height\":665,\"caption\":\"Not\u00edcias de Fato\"},\"image\":{\"@id\":\"https:\/\/noticiasdefato.net\/#\/schema\/logo\/image\/\"},\"sameAs\":[\"https:\/\/fb.com\/noticiasdefato.jornal\",\"https:\/\/x.com\/noticiasdefato_\",\"https:\/\/instagram.com\/noticiasdefato.jornal\",\"https:\/\/youtube.com\/@JornalNoticiasDeFato\"]},{\"@type\":\"Person\",\"@id\":\"https:\/\/noticiasdefato.net\/#\/schema\/person\/982ce60211d95acf059cd702aa260d08\",\"name\":\"Noticias de Fato\",\"image\":{\"@type\":\"ImageObject\",\"inLanguage\":\"pt-BR\",\"@id\":\"https:\/\/noticiasdefato.net\/#\/schema\/person\/image\/\",\"url\":\"https:\/\/secure.gravatar.com\/avatar\/700227fab2316f0366a1b5d4988d10f847249cf13293450527ac9553c994611a?s=96&d=mm&r=g\",\"contentUrl\":\"https:\/\/secure.gravatar.com\/avatar\/700227fab2316f0366a1b5d4988d10f847249cf13293450527ac9553c994611a?s=96&d=mm&r=g\",\"caption\":\"Noticias de Fato\"},\"sameAs\":[\"https:\/\/noticiasdefato.net\",\"http:\/\/fb.com\/\/noticiasdefato.jornal\",\"https:\/\/x.com\/https:\/\/twitter.com\/NoticiasDeFato_\"],\"url\":\"https:\/\/noticiasdefato.net\/?author=1\"}]}<\/script>\n<!-- \/ Yoast SEO plugin. -->","yoast_head_json":{"title":"PM DE ALFENAS TER\u00c1 A 1\u00aa VIATURA SEMI BLINDADA - Not\u00edcias de Fato","description":"Cerim\u00f4nia de entrega do ve\u00edculo, ser\u00e1 na sexta-feira, 17, na sede do 64\u00b0 Batalh\u00e3o.","robots":{"index":"index","follow":"follow","max-snippet":"max-snippet:-1","max-image-preview":"max-image-preview:large","max-video-preview":"max-video-preview:-1"},"canonical":"https:\/\/noticiasdefato.net\/?p=1265","og_locale":"pt_BR","og_type":"article","og_title":"PM DE ALFENAS TER\u00c1 A 1\u00aa VIATURA SEMI BLINDADA - Not\u00edcias de Fato","og_description":"Cerim\u00f4nia de entrega do ve\u00edculo, ser\u00e1 na sexta-feira, 17, na sede do 64\u00b0 Batalh\u00e3o.","og_url":"https:\/\/noticiasdefato.net\/?p=1265","og_site_name":"Not\u00edcias de Fato","article_publisher":"https:\/\/fb.com\/noticiasdefato.jornal","article_author":"http:\/\/fb.com\/\/noticiasdefato.jornal","article_published_time":"2024-05-14T19:22:22+00:00","article_modified_time":"2024-06-27T15:06:46+00:00","og_image":[{"width":768,"height":549,"url":"https:\/\/noticiasdefato.net\/wp-content\/uploads\/2024\/05\/WhatsApp-Image-2024-05-14-at-10.41.33_a33f4709.jpg","type":"image\/jpeg"}],"author":"Noticias de Fato","twitter_card":"summary_large_image","twitter_creator":"@https:\/\/twitter.com\/NoticiasDeFato_","twitter_site":"@noticiasdefato_","twitter_misc":{"Escrito por":"Noticias de Fato","Est. tempo de leitura":"1 minuto"},"schema":{"@context":"https:\/\/schema.org","@graph":[{"@type":"Article","@id":"https:\/\/noticiasdefato.net\/?p=1265#article","isPartOf":{"@id":"https:\/\/noticiasdefato.net\/?p=1265"},"author":{"name":"Noticias de Fato","@id":"https:\/\/noticiasdefato.net\/#\/schema\/person\/982ce60211d95acf059cd702aa260d08"},"headline":"PM DE ALFENAS TER\u00c1 A 1\u00aa VIATURA SEMI BLINDADA","datePublished":"2024-05-14T19:22:22+00:00","dateModified":"2024-06-27T15:06:46+00:00","mainEntityOfPage":{"@id":"https:\/\/noticiasdefato.net\/?p=1265"},"wordCount":134,"commentCount":0,"publisher":{"@id":"https:\/\/noticiasdefato.net\/#organization"},"image":{"@id":"https:\/\/noticiasdefato.net\/?p=1265#primaryimage"},"thumbnailUrl":"https:\/\/noticiasdefato.net\/wp-content\/uploads\/2024\/05\/WhatsApp-Image-2024-05-14-at-10.41.33_a33f4709.jpg","articleSection":["Policial"],"inLanguage":"pt-BR","potentialAction":[{"@type":"CommentAction","name":"Comment","target":["https:\/\/noticiasdefato.net\/?p=1265#respond"]}]},{"@type":"WebPage","@id":"https:\/\/noticiasdefato.net\/?p=1265","url":"https:\/\/noticiasdefato.net\/?p=1265","name":"PM DE ALFENAS TER\u00c1 A 1\u00aa VIATURA SEMI BLINDADA - Not\u00edcias de Fato","isPartOf":{"@id":"https:\/\/noticiasdefato.net\/#website"},"primaryImageOfPage":{"@id":"https:\/\/noticiasdefato.net\/?p=1265#primaryimage"},"image":{"@id":"https:\/\/noticiasdefato.net\/?p=1265#primaryimage"},"thumbnailUrl":"https:\/\/noticiasdefato.net\/wp-content\/uploads\/2024\/05\/WhatsApp-Image-2024-05-14-at-10.41.33_a33f4709.jpg","datePublished":"2024-05-14T19:22:22+00:00","dateModified":"2024-06-27T15:06:46+00:00","description":"Cerim\u00f4nia de entrega do ve\u00edculo, ser\u00e1 na sexta-feira, 17, na sede do 64\u00b0 Batalh\u00e3o.","breadcrumb":{"@id":"https:\/\/noticiasdefato.net\/?p=1265#breadcrumb"},"inLanguage":"pt-BR","potentialAction":[{"@type":"ReadAction","target":["https:\/\/noticiasdefato.net\/?p=1265"]}]},{"@type":"ImageObject","inLanguage":"pt-BR","@id":"https:\/\/noticiasdefato.net\/?p=1265#primaryimage","url":"https:\/\/noticiasdefato.net\/wp-content\/uploads\/2024\/05\/WhatsApp-Image-2024-05-14-at-10.41.33_a33f4709.jpg","contentUrl":"https:\/\/noticiasdefato.net\/wp-content\/uploads\/2024\/05\/WhatsApp-Image-2024-05-14-at-10.41.33_a33f4709.jpg","width":768,"height":549},{"@type":"BreadcrumbList","@id":"https:\/\/noticiasdefato.net\/?p=1265#breadcrumb","itemListElement":[{"@type":"ListItem","position":1,"name":"In\u00edcio","item":"https:\/\/noticiasdefato.net\/"},{"@type":"ListItem","position":2,"name":"PM DE ALFENAS TER\u00c1 A 1\u00aa VIATURA SEMI BLINDADA"}]},{"@type":"WebSite","@id":"https:\/\/noticiasdefato.net\/#website","url":"https:\/\/noticiasdefato.net\/","name":"Not\u00edcias de Fato","description":"Trabalhamos com honestidade, seriedade e com a verdade.","publisher":{"@id":"https:\/\/noticiasdefato.net\/#organization"},"potentialAction":[{"@type":"SearchAction","target":{"@type":"EntryPoint","urlTemplate":"https:\/\/noticiasdefato.net\/?s={search_term_string}"},"query-input":"required name=search_term_string"}],"inLanguage":"pt-BR"},{"@type":"Organization","@id":"https:\/\/noticiasdefato.net\/#organization","name":"Not\u00edcias de Fato","url":"https:\/\/noticiasdefato.net\/","logo":{"@type":"ImageObject","inLanguage":"pt-BR","@id":"https:\/\/noticiasdefato.net\/#\/schema\/logo\/image\/","url":"https:\/\/noticiasdefato.net\/wp-content\/uploads\/2024\/02\/cropped-logo_topo.png","contentUrl":"https:\/\/noticiasdefato.net\/wp-content\/uploads\/2024\/02\/cropped-logo_topo.png","width":1948,"height":665,"caption":"Not\u00edcias de Fato"},"image":{"@id":"https:\/\/noticiasdefato.net\/#\/schema\/logo\/image\/"},"sameAs":["https:\/\/fb.com\/noticiasdefato.jornal","https:\/\/x.com\/noticiasdefato_","https:\/\/instagram.com\/noticiasdefato.jornal","https:\/\/youtube.com\/@JornalNoticiasDeFato"]},{"@type":"Person","@id":"https:\/\/noticiasdefato.net\/#\/schema\/person\/982ce60211d95acf059cd702aa260d08","name":"Noticias de Fato","image":{"@type":"ImageObject","inLanguage":"pt-BR","@id":"https:\/\/noticiasdefato.net\/#\/schema\/person\/image\/","url":"https:\/\/secure.gravatar.com\/avatar\/700227fab2316f0366a1b5d4988d10f847249cf13293450527ac9553c994611a?s=96&d=mm&r=g","contentUrl":"https:\/\/secure.gravatar.com\/avatar\/700227fab2316f0366a1b5d4988d10f847249cf13293450527ac9553c994611a?s=96&d=mm&r=g","caption":"Noticias de Fato"},"sameAs":["https:\/\/noticiasdefato.net","http:\/\/fb.com\/\/noticiasdefato.jornal","https:\/\/x.com\/https:\/\/twitter.com\/NoticiasDeFato_"],"url":"https:\/\/noticiasdefato.net\/?author=1"}]}},"_links":{"self":[{"href":"https:\/\/noticiasdefato.net\/index.php?rest_route=\/wp\/v2\/posts\/1265","targetHints":{"allow":["GET"]}}],"collection":[{"href":"https:\/\/noticiasdefato.net\/index.php?rest_route=\/wp\/v2\/posts"}],"about":[{"href":"https:\/\/noticiasdefato.net\/index.php?rest_route=\/wp\/v2\/types\/post"}],"author":[{"embeddable":true,"href":"https:\/\/noticiasdefato.net\/index.php?rest_route=\/wp\/v2\/users\/1"}],"replies":[{"embeddable":true,"href":"https:\/\/noticiasdefato.net\/index.php?rest_route=%2Fwp%2Fv2%2Fcomments&post=1265"}],"version-history":[{"count":2,"href":"https:\/\/noticiasdefato.net\/index.php?rest_route=\/wp\/v2\/posts\/1265\/revisions"}],"predecessor-version":[{"id":1269,"href":"https:\/\/noticiasdefato.net\/index.php?rest_route=\/wp\/v2\/posts\/1265\/revisions\/1269"}],"wp:featuredmedia":[{"embeddable":true,"href":"https:\/\/noticiasdefato.net\/index.php?rest_route=\/wp\/v2\/media\/1266"}],"wp:attachment":[{"href":"https:\/\/noticiasdefato.net\/index.php?rest_route=%2Fwp%2Fv2%2Fmedia&parent=1265"}],"wp:term":[{"taxonomy":"category","embeddable":true,"href":"https:\/\/noticiasdefato.net\/index.php?rest_route=%2Fwp%2Fv2%2Fcategories&post=1265"},{"taxonomy":"post_tag","embeddable":true,"href":"https:\/\/noticiasdefato.net\/index.php?rest_route=%2Fwp%2Fv2%2Ftags&post=1265"}],"curies":[{"name":"wp","href":"https:\/\/api.w.org\/{rel}","templated":true}]}}