{"id":1274,"date":"2024-05-16T17:45:27","date_gmt":"2024-05-16T20:45:27","guid":{"rendered":"https:\/\/noticiasdefato.net\/?p=1274"},"modified":"2024-06-27T12:06:38","modified_gmt":"2024-06-27T15:06:38","slug":"em-alfenas-senador-cleitinho-fiscaliza-possivel-crime-ambiental","status":"publish","type":"post","link":"https:\/\/noticiasdefato.net\/?p=1274","title":{"rendered":"EM ALFENAS: SENADOR CLEITINHO FISCALIZA POSS\u00cdVEL CRIME AMBIENTAL"},"content":{"rendered":"\n<p><em>O senador Cleiton Gontijo De Azevedo esteve em Alfenas hoje, 16. Ele chegou por volta das 15 horas e navegou as \u00e1guas da represa de furnas para fiscalizar poss\u00edvel crime ambiental.<\/em><\/p>\n\n\n\n<p>O senador tomou conhecimento de v\u00eddeos que circulam nas redes sociais e que denunciam uma tubula\u00e7\u00e3o da Copasa despejando esgoto, supostamente n\u00e3o tratado, na regi\u00e3o do N\u00e1utico.<\/p>\n\n\n\n<p>Os trabalhos do Senador foram acompanhados pela Pol\u00edcia Militar Ambiental que est\u00e1 colhendo amostras do local.<\/p>\n\n\n\n<figure class=\"wp-block-embed aligncenter is-type-video is-provider-youtube wp-block-embed-youtube wp-embed-aspect-16-9 wp-has-aspect-ratio\"><div class=\"wp-block-embed__wrapper\">\n<iframe title=\"EM ALFENAS: SENADOR CLEITINHO FISCALIZA POSS\u00cdVEL CRIME AMBIENTAL\" width=\"720\" height=\"405\" src=\"https:\/\/www.youtube.com\/embed\/6X_3PaKGVUU?feature=oembed\" frameborder=\"0\" allow=\"accelerometer; autoplay; clipboard-write; encrypted-media; gyroscope; picture-in-picture; web-share\" referrerpolicy=\"strict-origin-when-cross-origin\" allowfullscreen><\/iframe>\n<\/div><\/figure>\n\n\n\n<p>As investiga\u00e7\u00f5es est\u00e3o em andamento para checar a fonte do lan\u00e7amento e avaliar se h\u00e1 danos ambientais.<\/p>\n\n\n\n<p>O Senador avisou que vai entrar com notifica\u00e7\u00e3o junto ao minist\u00e9rio p\u00fablico e demais \u00f3rg\u00e3os competentes.<\/p>\n\n\n\n<p>Ele espera que, se constatado o crime ambiental, a Copasa seja multada.<\/p>\n\n\n\n<p>Cleitinho avisou tamb\u00e9m que tem projeto de lei, de sua autoria, para que cidades como Alfenas que n\u00e3o tenha o efetivo tratamento para que deixe de ser cobrada a tarifa de esgoto.<\/p>\n\n\n\n<p>A Pol\u00edcia Ambiental fez patrulhamento aqu\u00e1tico, colheu amostras da \u00e1gua e vai notificar&nbsp;a&nbsp;empresa.<\/p>\n","protected":false},"excerpt":{"rendered":"<p>O senador Cleiton Gontijo De Azevedo esteve em Alfenas hoje, 16. Ele chegou por volta das 15 horas e navegou as \u00e1guas da represa de furnas para fiscalizar poss\u00edvel crime ambiental. <a href=\"https:\/\/noticiasdefato.net\/?p=1274\" class=\"more-link\">Continuar lendo <span class=\"screen-reader-text\">EM ALFENAS: SENADOR CLEITINHO FISCALIZA POSS\u00cdVEL CRIME AMBIENTAL<\/span><\/a><\/p>\n","protected":false},"author":1,"featured_media":1275,"comment_status":"open","ping_status":"open","sticky":false,"template":"","format":"standard","meta":{"footnotes":""},"categories":[18],"tags":[],"class_list":["post-1274","post","type-post","status-publish","format-standard","has-post-thumbnail","hentry","category-politica"],"yoast_head":"<!-- This site is optimized with the Yoast SEO plugin v23.2 - https:\/\/yoast.com\/wordpress\/plugins\/seo\/ -->\n<title>EM ALFENAS: SENADOR CLEITINHO FISCALIZA POSS\u00cdVEL CRIME AMBIENTAL - Not\u00edcias de Fato<\/title>\n<meta name=\"description\" content=\"O senador Cleiton Gontijo De Azevedo esteve em Alfenas hoje, 16. Ele chegou por volta das 15 horas e navegou as \u00e1guas da represa de furnas para fiscalizar poss\u00edvel crime ambiental.\" \/>\n<meta name=\"robots\" content=\"index, follow, max-snippet:-1, max-image-preview:large, max-video-preview:-1\" \/>\n<link rel=\"canonical\" href=\"https:\/\/noticiasdefato.net\/?p=1274\" \/>\n<meta property=\"og:locale\" content=\"pt_BR\" \/>\n<meta property=\"og:type\" content=\"article\" \/>\n<meta property=\"og:title\" content=\"EM ALFENAS: SENADOR CLEITINHO FISCALIZA POSS\u00cdVEL CRIME AMBIENTAL - Not\u00edcias de Fato\" \/>\n<meta property=\"og:description\" content=\"O senador Cleiton Gontijo De Azevedo esteve em Alfenas hoje, 16. Ele chegou por volta das 15 horas e navegou as \u00e1guas da represa de furnas para fiscalizar poss\u00edvel crime ambiental.\" \/>\n<meta property=\"og:url\" content=\"https:\/\/noticiasdefato.net\/?p=1274\" \/>\n<meta property=\"og:site_name\" content=\"Not\u00edcias de Fato\" \/>\n<meta property=\"article:publisher\" content=\"https:\/\/fb.com\/noticiasdefato.jornal\" \/>\n<meta property=\"article:author\" content=\"http:\/\/fb.com\/\/noticiasdefato.jornal\" \/>\n<meta property=\"article:published_time\" content=\"2024-05-16T20:45:27+00:00\" \/>\n<meta property=\"article:modified_time\" content=\"2024-06-27T15:06:38+00:00\" \/>\n<meta property=\"og:image\" content=\"https:\/\/noticiasdefato.net\/wp-content\/uploads\/2024\/05\/image-12.png\" \/>\n\t<meta property=\"og:image:width\" content=\"492\" \/>\n\t<meta property=\"og:image:height\" content=\"452\" \/>\n\t<meta property=\"og:image:type\" content=\"image\/png\" \/>\n<meta name=\"author\" content=\"Noticias de Fato\" \/>\n<meta name=\"twitter:card\" content=\"summary_large_image\" \/>\n<meta name=\"twitter:creator\" content=\"@https:\/\/twitter.com\/NoticiasDeFato_\" \/>\n<meta name=\"twitter:site\" content=\"@noticiasdefato_\" \/>\n<meta name=\"twitter:label1\" content=\"Escrito por\" \/>\n\t<meta name=\"twitter:data1\" content=\"Noticias de Fato\" \/>\n\t<meta name=\"twitter:label2\" content=\"Est. tempo de leitura\" \/>\n\t<meta name=\"twitter:data2\" content=\"2 minutos\" \/>\n<script type=\"application\/ld+json\" class=\"yoast-schema-graph\">{\"@context\":\"https:\/\/schema.org\",\"@graph\":[{\"@type\":\"Article\",\"@id\":\"https:\/\/noticiasdefato.net\/?p=1274#article\",\"isPartOf\":{\"@id\":\"https:\/\/noticiasdefato.net\/?p=1274\"},\"author\":{\"name\":\"Noticias de Fato\",\"@id\":\"https:\/\/noticiasdefato.net\/#\/schema\/person\/982ce60211d95acf059cd702aa260d08\"},\"headline\":\"EM ALFENAS: SENADOR CLEITINHO FISCALIZA POSS\u00cdVEL CRIME AMBIENTAL\",\"datePublished\":\"2024-05-16T20:45:27+00:00\",\"dateModified\":\"2024-06-27T15:06:38+00:00\",\"mainEntityOfPage\":{\"@id\":\"https:\/\/noticiasdefato.net\/?p=1274\"},\"wordCount\":198,\"commentCount\":0,\"publisher\":{\"@id\":\"https:\/\/noticiasdefato.net\/#organization\"},\"image\":{\"@id\":\"https:\/\/noticiasdefato.net\/?p=1274#primaryimage\"},\"thumbnailUrl\":\"https:\/\/noticiasdefato.net\/wp-content\/uploads\/2024\/05\/image-12.png\",\"articleSection\":[\"Pol\u00edtica\"],\"inLanguage\":\"pt-BR\",\"potentialAction\":[{\"@type\":\"CommentAction\",\"name\":\"Comment\",\"target\":[\"https:\/\/noticiasdefato.net\/?p=1274#respond\"]}]},{\"@type\":\"WebPage\",\"@id\":\"https:\/\/noticiasdefato.net\/?p=1274\",\"url\":\"https:\/\/noticiasdefato.net\/?p=1274\",\"name\":\"EM ALFENAS: SENADOR CLEITINHO FISCALIZA POSS\u00cdVEL CRIME AMBIENTAL - Not\u00edcias de Fato\",\"isPartOf\":{\"@id\":\"https:\/\/noticiasdefato.net\/#website\"},\"primaryImageOfPage\":{\"@id\":\"https:\/\/noticiasdefato.net\/?p=1274#primaryimage\"},\"image\":{\"@id\":\"https:\/\/noticiasdefato.net\/?p=1274#primaryimage\"},\"thumbnailUrl\":\"https:\/\/noticiasdefato.net\/wp-content\/uploads\/2024\/05\/image-12.png\",\"datePublished\":\"2024-05-16T20:45:27+00:00\",\"dateModified\":\"2024-06-27T15:06:38+00:00\",\"description\":\"O senador Cleiton Gontijo De Azevedo esteve em Alfenas hoje, 16. Ele chegou por volta das 15 horas e navegou as \u00e1guas da represa de furnas para fiscalizar poss\u00edvel crime ambiental.\",\"breadcrumb\":{\"@id\":\"https:\/\/noticiasdefato.net\/?p=1274#breadcrumb\"},\"inLanguage\":\"pt-BR\",\"potentialAction\":[{\"@type\":\"ReadAction\",\"target\":[\"https:\/\/noticiasdefato.net\/?p=1274\"]}]},{\"@type\":\"ImageObject\",\"inLanguage\":\"pt-BR\",\"@id\":\"https:\/\/noticiasdefato.net\/?p=1274#primaryimage\",\"url\":\"https:\/\/noticiasdefato.net\/wp-content\/uploads\/2024\/05\/image-12.png\",\"contentUrl\":\"https:\/\/noticiasdefato.net\/wp-content\/uploads\/2024\/05\/image-12.png\",\"width\":492,\"height\":452},{\"@type\":\"BreadcrumbList\",\"@id\":\"https:\/\/noticiasdefato.net\/?p=1274#breadcrumb\",\"itemListElement\":[{\"@type\":\"ListItem\",\"position\":1,\"name\":\"In\u00edcio\",\"item\":\"https:\/\/noticiasdefato.net\/\"},{\"@type\":\"ListItem\",\"position\":2,\"name\":\"EM ALFENAS: SENADOR CLEITINHO FISCALIZA POSS\u00cdVEL CRIME AMBIENTAL\"}]},{\"@type\":\"WebSite\",\"@id\":\"https:\/\/noticiasdefato.net\/#website\",\"url\":\"https:\/\/noticiasdefato.net\/\",\"name\":\"Not\u00edcias de Fato\",\"description\":\"Trabalhamos com honestidade, seriedade e com a verdade.\",\"publisher\":{\"@id\":\"https:\/\/noticiasdefato.net\/#organization\"},\"potentialAction\":[{\"@type\":\"SearchAction\",\"target\":{\"@type\":\"EntryPoint\",\"urlTemplate\":\"https:\/\/noticiasdefato.net\/?s={search_term_string}\"},\"query-input\":\"required name=search_term_string\"}],\"inLanguage\":\"pt-BR\"},{\"@type\":\"Organization\",\"@id\":\"https:\/\/noticiasdefato.net\/#organization\",\"name\":\"Not\u00edcias de Fato\",\"url\":\"https:\/\/noticiasdefato.net\/\",\"logo\":{\"@type\":\"ImageObject\",\"inLanguage\":\"pt-BR\",\"@id\":\"https:\/\/noticiasdefato.net\/#\/schema\/logo\/image\/\",\"url\":\"https:\/\/noticiasdefato.net\/wp-content\/uploads\/2024\/02\/cropped-logo_topo.png\",\"contentUrl\":\"https:\/\/noticiasdefato.net\/wp-content\/uploads\/2024\/02\/cropped-logo_topo.png\",\"width\":1948,\"height\":665,\"caption\":\"Not\u00edcias de Fato\"},\"image\":{\"@id\":\"https:\/\/noticiasdefato.net\/#\/schema\/logo\/image\/\"},\"sameAs\":[\"https:\/\/fb.com\/noticiasdefato.jornal\",\"https:\/\/x.com\/noticiasdefato_\",\"https:\/\/instagram.com\/noticiasdefato.jornal\",\"https:\/\/youtube.com\/@JornalNoticiasDeFato\"]},{\"@type\":\"Person\",\"@id\":\"https:\/\/noticiasdefato.net\/#\/schema\/person\/982ce60211d95acf059cd702aa260d08\",\"name\":\"Noticias de Fato\",\"image\":{\"@type\":\"ImageObject\",\"inLanguage\":\"pt-BR\",\"@id\":\"https:\/\/noticiasdefato.net\/#\/schema\/person\/image\/\",\"url\":\"https:\/\/secure.gravatar.com\/avatar\/700227fab2316f0366a1b5d4988d10f847249cf13293450527ac9553c994611a?s=96&d=mm&r=g\",\"contentUrl\":\"https:\/\/secure.gravatar.com\/avatar\/700227fab2316f0366a1b5d4988d10f847249cf13293450527ac9553c994611a?s=96&d=mm&r=g\",\"caption\":\"Noticias de Fato\"},\"sameAs\":[\"https:\/\/noticiasdefato.net\",\"http:\/\/fb.com\/\/noticiasdefato.jornal\",\"https:\/\/x.com\/https:\/\/twitter.com\/NoticiasDeFato_\"],\"url\":\"https:\/\/noticiasdefato.net\/?author=1\"}]}<\/script>\n<!-- \/ Yoast SEO plugin. -->","yoast_head_json":{"title":"EM ALFENAS: SENADOR CLEITINHO FISCALIZA POSS\u00cdVEL CRIME AMBIENTAL - Not\u00edcias de Fato","description":"O senador Cleiton Gontijo De Azevedo esteve em Alfenas hoje, 16. Ele chegou por volta das 15 horas e navegou as \u00e1guas da represa de furnas para fiscalizar poss\u00edvel crime ambiental.","robots":{"index":"index","follow":"follow","max-snippet":"max-snippet:-1","max-image-preview":"max-image-preview:large","max-video-preview":"max-video-preview:-1"},"canonical":"https:\/\/noticiasdefato.net\/?p=1274","og_locale":"pt_BR","og_type":"article","og_title":"EM ALFENAS: SENADOR CLEITINHO FISCALIZA POSS\u00cdVEL CRIME AMBIENTAL - Not\u00edcias de Fato","og_description":"O senador Cleiton Gontijo De Azevedo esteve em Alfenas hoje, 16. Ele chegou por volta das 15 horas e navegou as \u00e1guas da represa de furnas para fiscalizar poss\u00edvel crime ambiental.","og_url":"https:\/\/noticiasdefato.net\/?p=1274","og_site_name":"Not\u00edcias de Fato","article_publisher":"https:\/\/fb.com\/noticiasdefato.jornal","article_author":"http:\/\/fb.com\/\/noticiasdefato.jornal","article_published_time":"2024-05-16T20:45:27+00:00","article_modified_time":"2024-06-27T15:06:38+00:00","og_image":[{"width":492,"height":452,"url":"https:\/\/noticiasdefato.net\/wp-content\/uploads\/2024\/05\/image-12.png","type":"image\/png"}],"author":"Noticias de Fato","twitter_card":"summary_large_image","twitter_creator":"@https:\/\/twitter.com\/NoticiasDeFato_","twitter_site":"@noticiasdefato_","twitter_misc":{"Escrito por":"Noticias de Fato","Est. tempo de leitura":"2 minutos"},"schema":{"@context":"https:\/\/schema.org","@graph":[{"@type":"Article","@id":"https:\/\/noticiasdefato.net\/?p=1274#article","isPartOf":{"@id":"https:\/\/noticiasdefato.net\/?p=1274"},"author":{"name":"Noticias de Fato","@id":"https:\/\/noticiasdefato.net\/#\/schema\/person\/982ce60211d95acf059cd702aa260d08"},"headline":"EM ALFENAS: SENADOR CLEITINHO FISCALIZA POSS\u00cdVEL CRIME AMBIENTAL","datePublished":"2024-05-16T20:45:27+00:00","dateModified":"2024-06-27T15:06:38+00:00","mainEntityOfPage":{"@id":"https:\/\/noticiasdefato.net\/?p=1274"},"wordCount":198,"commentCount":0,"publisher":{"@id":"https:\/\/noticiasdefato.net\/#organization"},"image":{"@id":"https:\/\/noticiasdefato.net\/?p=1274#primaryimage"},"thumbnailUrl":"https:\/\/noticiasdefato.net\/wp-content\/uploads\/2024\/05\/image-12.png","articleSection":["Pol\u00edtica"],"inLanguage":"pt-BR","potentialAction":[{"@type":"CommentAction","name":"Comment","target":["https:\/\/noticiasdefato.net\/?p=1274#respond"]}]},{"@type":"WebPage","@id":"https:\/\/noticiasdefato.net\/?p=1274","url":"https:\/\/noticiasdefato.net\/?p=1274","name":"EM ALFENAS: SENADOR CLEITINHO FISCALIZA POSS\u00cdVEL CRIME AMBIENTAL - Not\u00edcias de Fato","isPartOf":{"@id":"https:\/\/noticiasdefato.net\/#website"},"primaryImageOfPage":{"@id":"https:\/\/noticiasdefato.net\/?p=1274#primaryimage"},"image":{"@id":"https:\/\/noticiasdefato.net\/?p=1274#primaryimage"},"thumbnailUrl":"https:\/\/noticiasdefato.net\/wp-content\/uploads\/2024\/05\/image-12.png","datePublished":"2024-05-16T20:45:27+00:00","dateModified":"2024-06-27T15:06:38+00:00","description":"O senador Cleiton Gontijo De Azevedo esteve em Alfenas hoje, 16. Ele chegou por volta das 15 horas e navegou as \u00e1guas da represa de furnas para fiscalizar poss\u00edvel crime ambiental.","breadcrumb":{"@id":"https:\/\/noticiasdefato.net\/?p=1274#breadcrumb"},"inLanguage":"pt-BR","potentialAction":[{"@type":"ReadAction","target":["https:\/\/noticiasdefato.net\/?p=1274"]}]},{"@type":"ImageObject","inLanguage":"pt-BR","@id":"https:\/\/noticiasdefato.net\/?p=1274#primaryimage","url":"https:\/\/noticiasdefato.net\/wp-content\/uploads\/2024\/05\/image-12.png","contentUrl":"https:\/\/noticiasdefato.net\/wp-content\/uploads\/2024\/05\/image-12.png","width":492,"height":452},{"@type":"BreadcrumbList","@id":"https:\/\/noticiasdefato.net\/?p=1274#breadcrumb","itemListElement":[{"@type":"ListItem","position":1,"name":"In\u00edcio","item":"https:\/\/noticiasdefato.net\/"},{"@type":"ListItem","position":2,"name":"EM ALFENAS: SENADOR CLEITINHO FISCALIZA POSS\u00cdVEL CRIME AMBIENTAL"}]},{"@type":"WebSite","@id":"https:\/\/noticiasdefato.net\/#website","url":"https:\/\/noticiasdefato.net\/","name":"Not\u00edcias de Fato","description":"Trabalhamos com honestidade, seriedade e com a verdade.","publisher":{"@id":"https:\/\/noticiasdefato.net\/#organization"},"potentialAction":[{"@type":"SearchAction","target":{"@type":"EntryPoint","urlTemplate":"https:\/\/noticiasdefato.net\/?s={search_term_string}"},"query-input":"required name=search_term_string"}],"inLanguage":"pt-BR"},{"@type":"Organization","@id":"https:\/\/noticiasdefato.net\/#organization","name":"Not\u00edcias de Fato","url":"https:\/\/noticiasdefato.net\/","logo":{"@type":"ImageObject","inLanguage":"pt-BR","@id":"https:\/\/noticiasdefato.net\/#\/schema\/logo\/image\/","url":"https:\/\/noticiasdefato.net\/wp-content\/uploads\/2024\/02\/cropped-logo_topo.png","contentUrl":"https:\/\/noticiasdefato.net\/wp-content\/uploads\/2024\/02\/cropped-logo_topo.png","width":1948,"height":665,"caption":"Not\u00edcias de Fato"},"image":{"@id":"https:\/\/noticiasdefato.net\/#\/schema\/logo\/image\/"},"sameAs":["https:\/\/fb.com\/noticiasdefato.jornal","https:\/\/x.com\/noticiasdefato_","https:\/\/instagram.com\/noticiasdefato.jornal","https:\/\/youtube.com\/@JornalNoticiasDeFato"]},{"@type":"Person","@id":"https:\/\/noticiasdefato.net\/#\/schema\/person\/982ce60211d95acf059cd702aa260d08","name":"Noticias de Fato","image":{"@type":"ImageObject","inLanguage":"pt-BR","@id":"https:\/\/noticiasdefato.net\/#\/schema\/person\/image\/","url":"https:\/\/secure.gravatar.com\/avatar\/700227fab2316f0366a1b5d4988d10f847249cf13293450527ac9553c994611a?s=96&d=mm&r=g","contentUrl":"https:\/\/secure.gravatar.com\/avatar\/700227fab2316f0366a1b5d4988d10f847249cf13293450527ac9553c994611a?s=96&d=mm&r=g","caption":"Noticias de Fato"},"sameAs":["https:\/\/noticiasdefato.net","http:\/\/fb.com\/\/noticiasdefato.jornal","https:\/\/x.com\/https:\/\/twitter.com\/NoticiasDeFato_"],"url":"https:\/\/noticiasdefato.net\/?author=1"}]}},"_links":{"self":[{"href":"https:\/\/noticiasdefato.net\/index.php?rest_route=\/wp\/v2\/posts\/1274","targetHints":{"allow":["GET"]}}],"collection":[{"href":"https:\/\/noticiasdefato.net\/index.php?rest_route=\/wp\/v2\/posts"}],"about":[{"href":"https:\/\/noticiasdefato.net\/index.php?rest_route=\/wp\/v2\/types\/post"}],"author":[{"embeddable":true,"href":"https:\/\/noticiasdefato.net\/index.php?rest_route=\/wp\/v2\/users\/1"}],"replies":[{"embeddable":true,"href":"https:\/\/noticiasdefato.net\/index.php?rest_route=%2Fwp%2Fv2%2Fcomments&post=1274"}],"version-history":[{"count":1,"href":"https:\/\/noticiasdefato.net\/index.php?rest_route=\/wp\/v2\/posts\/1274\/revisions"}],"predecessor-version":[{"id":1276,"href":"https:\/\/noticiasdefato.net\/index.php?rest_route=\/wp\/v2\/posts\/1274\/revisions\/1276"}],"wp:featuredmedia":[{"embeddable":true,"href":"https:\/\/noticiasdefato.net\/index.php?rest_route=\/wp\/v2\/media\/1275"}],"wp:attachment":[{"href":"https:\/\/noticiasdefato.net\/index.php?rest_route=%2Fwp%2Fv2%2Fmedia&parent=1274"}],"wp:term":[{"taxonomy":"category","embeddable":true,"href":"https:\/\/noticiasdefato.net\/index.php?rest_route=%2Fwp%2Fv2%2Fcategories&post=1274"},{"taxonomy":"post_tag","embeddable":true,"href":"https:\/\/noticiasdefato.net\/index.php?rest_route=%2Fwp%2Fv2%2Ftags&post=1274"}],"curies":[{"name":"wp","href":"https:\/\/api.w.org\/{rel}","templated":true}]}}