{"id":1285,"date":"2024-05-29T09:26:30","date_gmt":"2024-05-29T12:26:30","guid":{"rendered":"https:\/\/noticiasdefato.net\/?p=1285"},"modified":"2024-06-27T12:09:32","modified_gmt":"2024-06-27T15:09:32","slug":"prefeitura-divulga-o-abre-e-fecha-do-feriado","status":"publish","type":"post","link":"https:\/\/noticiasdefato.net\/?p=1285","title":{"rendered":"PREFEITURA DIVULGA O ABRE E FECHA DO FERIADO"},"content":{"rendered":"\n<p><em>A Prefeitura Municipal de Alfenas informa o funcionamento dos servi\u00e7os municipais durante o feriado de Corpus Christi.<\/em><\/p>\n\n\n\n<p>De acordo com o Decreto Municipal N\u00ba3.510 publicado em 24 de novembro de 2023, n\u00e3o haver\u00e1 expediente no pr\u00e9dio administrativo da prefeitura, sendo o dia 31 recesso do servidor p\u00fablico municipal.<\/p>\n\n\n\n<p>O atendimento retorna normalmente no dia 03 de junho. Confira o que abre e fecha:<\/p>\n\n\n\n<p>Coleta de lixo: Funciona normalmente todos os dias.<\/p>\n\n\n\n<p>Feira Livre: Funciona normalmente.<\/p>\n\n\n\n<p>Mercado Municipal: No Dia 30 de maio funciona das 07h \u00e0s 12h. Nos outros dias funciona normalmente.<\/p>\n\n\n\n<p>Balsa da Harmonia: No feriado do dia 30 de maio funciona das 06h \u00e0s 19h. Nos outros dias funciona normalmente.<\/p>\n\n\n\n<p>Central de Medicamentos (CDM): N\u00e3o haver\u00e1 atendimento no dia 30 de maio. No Dia 31 de maio acontece plant\u00e3o de atendimento das 08h \u00e0s 12h.<\/p>\n\n\n\n<p>Vacina\u00e7\u00e3o Antirr\u00e1bica: Haver\u00e1 plant\u00e3o de atendimento nos dias 30 e 31 de maio e 01 de junho, das 10h \u00e0s 11h na Central de Vacinas (Pra\u00e7a Doutor Fausto Monteiro).<\/p>\n\n\n\n<p>Vacina\u00e7\u00e3o BCG: Plant\u00e3o de atendimento no dia 31 de maio das 13h \u00e0s 16h na Central de Vacinas (Pra\u00e7a Doutor Fausto Monteiro).<\/p>\n\n\n\n<p>Vacina\u00e7\u00e3o Influenza e Poliomielite: No domingo (02\/06) das 08h \u00e0s 12h na Central de Vacinas (Pra\u00e7a Doutor Fausto&nbsp;Monteiro).<\/p>\n","protected":false},"excerpt":{"rendered":"<p>A Prefeitura Municipal de Alfenas informa o funcionamento dos servi\u00e7os municipais durante o feriado de Corpus Christi. <a href=\"https:\/\/noticiasdefato.net\/?p=1285\" class=\"more-link\">Continuar lendo <span class=\"screen-reader-text\">PREFEITURA DIVULGA O ABRE E FECHA DO FERIADO<\/span><\/a><\/p>\n","protected":false},"author":1,"featured_media":1286,"comment_status":"open","ping_status":"open","sticky":false,"template":"","format":"standard","meta":{"footnotes":""},"categories":[1],"tags":[],"class_list":["post-1285","post","type-post","status-publish","format-standard","has-post-thumbnail","hentry","category-geral"],"yoast_head":"<!-- This site is optimized with the Yoast SEO plugin v23.2 - https:\/\/yoast.com\/wordpress\/plugins\/seo\/ -->\n<title>PREFEITURA DIVULGA O ABRE E FECHA DO FERIADO - Not\u00edcias de Fato<\/title>\n<meta name=\"description\" content=\"A Prefeitura Municipal de Alfenas informa o funcionamento dos servi\u00e7os municipais durante o feriado de Corpus Christi.\" \/>\n<meta name=\"robots\" content=\"index, follow, max-snippet:-1, max-image-preview:large, max-video-preview:-1\" \/>\n<link rel=\"canonical\" href=\"https:\/\/noticiasdefato.net\/?p=1285\" \/>\n<meta property=\"og:locale\" content=\"pt_BR\" \/>\n<meta property=\"og:type\" content=\"article\" \/>\n<meta property=\"og:title\" content=\"PREFEITURA DIVULGA O ABRE E FECHA DO FERIADO - Not\u00edcias de Fato\" \/>\n<meta property=\"og:description\" content=\"A Prefeitura Municipal de Alfenas informa o funcionamento dos servi\u00e7os municipais durante o feriado de Corpus Christi.\" \/>\n<meta property=\"og:url\" content=\"https:\/\/noticiasdefato.net\/?p=1285\" \/>\n<meta property=\"og:site_name\" content=\"Not\u00edcias de Fato\" \/>\n<meta property=\"article:publisher\" content=\"https:\/\/fb.com\/noticiasdefato.jornal\" \/>\n<meta property=\"article:author\" content=\"http:\/\/fb.com\/\/noticiasdefato.jornal\" \/>\n<meta property=\"article:published_time\" content=\"2024-05-29T12:26:30+00:00\" \/>\n<meta property=\"article:modified_time\" content=\"2024-06-27T15:09:32+00:00\" \/>\n<meta property=\"og:image\" content=\"https:\/\/noticiasdefato.net\/wp-content\/uploads\/2024\/05\/WhatsApp-Image-2024-05-29-at-08.23.38_64e3e4d8.jpg\" \/>\n\t<meta property=\"og:image:width\" content=\"812\" \/>\n\t<meta property=\"og:image:height\" content=\"540\" \/>\n\t<meta property=\"og:image:type\" content=\"image\/jpeg\" \/>\n<meta name=\"author\" content=\"Noticias de Fato\" \/>\n<meta name=\"twitter:card\" content=\"summary_large_image\" \/>\n<meta name=\"twitter:creator\" content=\"@https:\/\/twitter.com\/NoticiasDeFato_\" \/>\n<meta name=\"twitter:site\" content=\"@noticiasdefato_\" \/>\n<meta name=\"twitter:label1\" content=\"Escrito por\" \/>\n\t<meta name=\"twitter:data1\" content=\"Noticias de Fato\" \/>\n\t<meta name=\"twitter:label2\" content=\"Est. tempo de leitura\" \/>\n\t<meta name=\"twitter:data2\" content=\"2 minutos\" \/>\n<script type=\"application\/ld+json\" class=\"yoast-schema-graph\">{\"@context\":\"https:\/\/schema.org\",\"@graph\":[{\"@type\":\"Article\",\"@id\":\"https:\/\/noticiasdefato.net\/?p=1285#article\",\"isPartOf\":{\"@id\":\"https:\/\/noticiasdefato.net\/?p=1285\"},\"author\":{\"name\":\"Noticias de Fato\",\"@id\":\"https:\/\/noticiasdefato.net\/#\/schema\/person\/982ce60211d95acf059cd702aa260d08\"},\"headline\":\"PREFEITURA DIVULGA O ABRE E FECHA DO FERIADO\",\"datePublished\":\"2024-05-29T12:26:30+00:00\",\"dateModified\":\"2024-06-27T15:09:32+00:00\",\"mainEntityOfPage\":{\"@id\":\"https:\/\/noticiasdefato.net\/?p=1285\"},\"wordCount\":218,\"commentCount\":0,\"publisher\":{\"@id\":\"https:\/\/noticiasdefato.net\/#organization\"},\"image\":{\"@id\":\"https:\/\/noticiasdefato.net\/?p=1285#primaryimage\"},\"thumbnailUrl\":\"https:\/\/noticiasdefato.net\/wp-content\/uploads\/2024\/05\/WhatsApp-Image-2024-05-29-at-08.23.38_64e3e4d8.jpg\",\"articleSection\":[\"Geral\"],\"inLanguage\":\"pt-BR\",\"potentialAction\":[{\"@type\":\"CommentAction\",\"name\":\"Comment\",\"target\":[\"https:\/\/noticiasdefato.net\/?p=1285#respond\"]}]},{\"@type\":\"WebPage\",\"@id\":\"https:\/\/noticiasdefato.net\/?p=1285\",\"url\":\"https:\/\/noticiasdefato.net\/?p=1285\",\"name\":\"PREFEITURA DIVULGA O ABRE E FECHA DO FERIADO - Not\u00edcias de Fato\",\"isPartOf\":{\"@id\":\"https:\/\/noticiasdefato.net\/#website\"},\"primaryImageOfPage\":{\"@id\":\"https:\/\/noticiasdefato.net\/?p=1285#primaryimage\"},\"image\":{\"@id\":\"https:\/\/noticiasdefato.net\/?p=1285#primaryimage\"},\"thumbnailUrl\":\"https:\/\/noticiasdefato.net\/wp-content\/uploads\/2024\/05\/WhatsApp-Image-2024-05-29-at-08.23.38_64e3e4d8.jpg\",\"datePublished\":\"2024-05-29T12:26:30+00:00\",\"dateModified\":\"2024-06-27T15:09:32+00:00\",\"description\":\"A Prefeitura Municipal de Alfenas informa o funcionamento dos servi\u00e7os municipais durante o feriado de Corpus Christi.\",\"breadcrumb\":{\"@id\":\"https:\/\/noticiasdefato.net\/?p=1285#breadcrumb\"},\"inLanguage\":\"pt-BR\",\"potentialAction\":[{\"@type\":\"ReadAction\",\"target\":[\"https:\/\/noticiasdefato.net\/?p=1285\"]}]},{\"@type\":\"ImageObject\",\"inLanguage\":\"pt-BR\",\"@id\":\"https:\/\/noticiasdefato.net\/?p=1285#primaryimage\",\"url\":\"https:\/\/noticiasdefato.net\/wp-content\/uploads\/2024\/05\/WhatsApp-Image-2024-05-29-at-08.23.38_64e3e4d8.jpg\",\"contentUrl\":\"https:\/\/noticiasdefato.net\/wp-content\/uploads\/2024\/05\/WhatsApp-Image-2024-05-29-at-08.23.38_64e3e4d8.jpg\",\"width\":812,\"height\":540},{\"@type\":\"BreadcrumbList\",\"@id\":\"https:\/\/noticiasdefato.net\/?p=1285#breadcrumb\",\"itemListElement\":[{\"@type\":\"ListItem\",\"position\":1,\"name\":\"In\u00edcio\",\"item\":\"https:\/\/noticiasdefato.net\/\"},{\"@type\":\"ListItem\",\"position\":2,\"name\":\"PREFEITURA DIVULGA O ABRE E FECHA DO FERIADO\"}]},{\"@type\":\"WebSite\",\"@id\":\"https:\/\/noticiasdefato.net\/#website\",\"url\":\"https:\/\/noticiasdefato.net\/\",\"name\":\"Not\u00edcias de Fato\",\"description\":\"Trabalhamos com honestidade, seriedade e com a verdade.\",\"publisher\":{\"@id\":\"https:\/\/noticiasdefato.net\/#organization\"},\"potentialAction\":[{\"@type\":\"SearchAction\",\"target\":{\"@type\":\"EntryPoint\",\"urlTemplate\":\"https:\/\/noticiasdefato.net\/?s={search_term_string}\"},\"query-input\":\"required name=search_term_string\"}],\"inLanguage\":\"pt-BR\"},{\"@type\":\"Organization\",\"@id\":\"https:\/\/noticiasdefato.net\/#organization\",\"name\":\"Not\u00edcias de Fato\",\"url\":\"https:\/\/noticiasdefato.net\/\",\"logo\":{\"@type\":\"ImageObject\",\"inLanguage\":\"pt-BR\",\"@id\":\"https:\/\/noticiasdefato.net\/#\/schema\/logo\/image\/\",\"url\":\"https:\/\/noticiasdefato.net\/wp-content\/uploads\/2024\/02\/cropped-logo_topo.png\",\"contentUrl\":\"https:\/\/noticiasdefato.net\/wp-content\/uploads\/2024\/02\/cropped-logo_topo.png\",\"width\":1948,\"height\":665,\"caption\":\"Not\u00edcias de Fato\"},\"image\":{\"@id\":\"https:\/\/noticiasdefato.net\/#\/schema\/logo\/image\/\"},\"sameAs\":[\"https:\/\/fb.com\/noticiasdefato.jornal\",\"https:\/\/x.com\/noticiasdefato_\",\"https:\/\/instagram.com\/noticiasdefato.jornal\",\"https:\/\/youtube.com\/@JornalNoticiasDeFato\"]},{\"@type\":\"Person\",\"@id\":\"https:\/\/noticiasdefato.net\/#\/schema\/person\/982ce60211d95acf059cd702aa260d08\",\"name\":\"Noticias de Fato\",\"image\":{\"@type\":\"ImageObject\",\"inLanguage\":\"pt-BR\",\"@id\":\"https:\/\/noticiasdefato.net\/#\/schema\/person\/image\/\",\"url\":\"https:\/\/secure.gravatar.com\/avatar\/700227fab2316f0366a1b5d4988d10f847249cf13293450527ac9553c994611a?s=96&d=mm&r=g\",\"contentUrl\":\"https:\/\/secure.gravatar.com\/avatar\/700227fab2316f0366a1b5d4988d10f847249cf13293450527ac9553c994611a?s=96&d=mm&r=g\",\"caption\":\"Noticias de Fato\"},\"sameAs\":[\"https:\/\/noticiasdefato.net\",\"http:\/\/fb.com\/\/noticiasdefato.jornal\",\"https:\/\/x.com\/https:\/\/twitter.com\/NoticiasDeFato_\"],\"url\":\"https:\/\/noticiasdefato.net\/?author=1\"}]}<\/script>\n<!-- \/ Yoast SEO plugin. -->","yoast_head_json":{"title":"PREFEITURA DIVULGA O ABRE E FECHA DO FERIADO - Not\u00edcias de Fato","description":"A Prefeitura Municipal de Alfenas informa o funcionamento dos servi\u00e7os municipais durante o feriado de Corpus Christi.","robots":{"index":"index","follow":"follow","max-snippet":"max-snippet:-1","max-image-preview":"max-image-preview:large","max-video-preview":"max-video-preview:-1"},"canonical":"https:\/\/noticiasdefato.net\/?p=1285","og_locale":"pt_BR","og_type":"article","og_title":"PREFEITURA DIVULGA O ABRE E FECHA DO FERIADO - Not\u00edcias de Fato","og_description":"A Prefeitura Municipal de Alfenas informa o funcionamento dos servi\u00e7os municipais durante o feriado de Corpus Christi.","og_url":"https:\/\/noticiasdefato.net\/?p=1285","og_site_name":"Not\u00edcias de Fato","article_publisher":"https:\/\/fb.com\/noticiasdefato.jornal","article_author":"http:\/\/fb.com\/\/noticiasdefato.jornal","article_published_time":"2024-05-29T12:26:30+00:00","article_modified_time":"2024-06-27T15:09:32+00:00","og_image":[{"width":812,"height":540,"url":"https:\/\/noticiasdefato.net\/wp-content\/uploads\/2024\/05\/WhatsApp-Image-2024-05-29-at-08.23.38_64e3e4d8.jpg","type":"image\/jpeg"}],"author":"Noticias de Fato","twitter_card":"summary_large_image","twitter_creator":"@https:\/\/twitter.com\/NoticiasDeFato_","twitter_site":"@noticiasdefato_","twitter_misc":{"Escrito por":"Noticias de Fato","Est. tempo de leitura":"2 minutos"},"schema":{"@context":"https:\/\/schema.org","@graph":[{"@type":"Article","@id":"https:\/\/noticiasdefato.net\/?p=1285#article","isPartOf":{"@id":"https:\/\/noticiasdefato.net\/?p=1285"},"author":{"name":"Noticias de Fato","@id":"https:\/\/noticiasdefato.net\/#\/schema\/person\/982ce60211d95acf059cd702aa260d08"},"headline":"PREFEITURA DIVULGA O ABRE E FECHA DO FERIADO","datePublished":"2024-05-29T12:26:30+00:00","dateModified":"2024-06-27T15:09:32+00:00","mainEntityOfPage":{"@id":"https:\/\/noticiasdefato.net\/?p=1285"},"wordCount":218,"commentCount":0,"publisher":{"@id":"https:\/\/noticiasdefato.net\/#organization"},"image":{"@id":"https:\/\/noticiasdefato.net\/?p=1285#primaryimage"},"thumbnailUrl":"https:\/\/noticiasdefato.net\/wp-content\/uploads\/2024\/05\/WhatsApp-Image-2024-05-29-at-08.23.38_64e3e4d8.jpg","articleSection":["Geral"],"inLanguage":"pt-BR","potentialAction":[{"@type":"CommentAction","name":"Comment","target":["https:\/\/noticiasdefato.net\/?p=1285#respond"]}]},{"@type":"WebPage","@id":"https:\/\/noticiasdefato.net\/?p=1285","url":"https:\/\/noticiasdefato.net\/?p=1285","name":"PREFEITURA DIVULGA O ABRE E FECHA DO FERIADO - Not\u00edcias de Fato","isPartOf":{"@id":"https:\/\/noticiasdefato.net\/#website"},"primaryImageOfPage":{"@id":"https:\/\/noticiasdefato.net\/?p=1285#primaryimage"},"image":{"@id":"https:\/\/noticiasdefato.net\/?p=1285#primaryimage"},"thumbnailUrl":"https:\/\/noticiasdefato.net\/wp-content\/uploads\/2024\/05\/WhatsApp-Image-2024-05-29-at-08.23.38_64e3e4d8.jpg","datePublished":"2024-05-29T12:26:30+00:00","dateModified":"2024-06-27T15:09:32+00:00","description":"A Prefeitura Municipal de Alfenas informa o funcionamento dos servi\u00e7os municipais durante o feriado de Corpus Christi.","breadcrumb":{"@id":"https:\/\/noticiasdefato.net\/?p=1285#breadcrumb"},"inLanguage":"pt-BR","potentialAction":[{"@type":"ReadAction","target":["https:\/\/noticiasdefato.net\/?p=1285"]}]},{"@type":"ImageObject","inLanguage":"pt-BR","@id":"https:\/\/noticiasdefato.net\/?p=1285#primaryimage","url":"https:\/\/noticiasdefato.net\/wp-content\/uploads\/2024\/05\/WhatsApp-Image-2024-05-29-at-08.23.38_64e3e4d8.jpg","contentUrl":"https:\/\/noticiasdefato.net\/wp-content\/uploads\/2024\/05\/WhatsApp-Image-2024-05-29-at-08.23.38_64e3e4d8.jpg","width":812,"height":540},{"@type":"BreadcrumbList","@id":"https:\/\/noticiasdefato.net\/?p=1285#breadcrumb","itemListElement":[{"@type":"ListItem","position":1,"name":"In\u00edcio","item":"https:\/\/noticiasdefato.net\/"},{"@type":"ListItem","position":2,"name":"PREFEITURA DIVULGA O ABRE E FECHA DO FERIADO"}]},{"@type":"WebSite","@id":"https:\/\/noticiasdefato.net\/#website","url":"https:\/\/noticiasdefato.net\/","name":"Not\u00edcias de Fato","description":"Trabalhamos com honestidade, seriedade e com a verdade.","publisher":{"@id":"https:\/\/noticiasdefato.net\/#organization"},"potentialAction":[{"@type":"SearchAction","target":{"@type":"EntryPoint","urlTemplate":"https:\/\/noticiasdefato.net\/?s={search_term_string}"},"query-input":"required name=search_term_string"}],"inLanguage":"pt-BR"},{"@type":"Organization","@id":"https:\/\/noticiasdefato.net\/#organization","name":"Not\u00edcias de Fato","url":"https:\/\/noticiasdefato.net\/","logo":{"@type":"ImageObject","inLanguage":"pt-BR","@id":"https:\/\/noticiasdefato.net\/#\/schema\/logo\/image\/","url":"https:\/\/noticiasdefato.net\/wp-content\/uploads\/2024\/02\/cropped-logo_topo.png","contentUrl":"https:\/\/noticiasdefato.net\/wp-content\/uploads\/2024\/02\/cropped-logo_topo.png","width":1948,"height":665,"caption":"Not\u00edcias de Fato"},"image":{"@id":"https:\/\/noticiasdefato.net\/#\/schema\/logo\/image\/"},"sameAs":["https:\/\/fb.com\/noticiasdefato.jornal","https:\/\/x.com\/noticiasdefato_","https:\/\/instagram.com\/noticiasdefato.jornal","https:\/\/youtube.com\/@JornalNoticiasDeFato"]},{"@type":"Person","@id":"https:\/\/noticiasdefato.net\/#\/schema\/person\/982ce60211d95acf059cd702aa260d08","name":"Noticias de Fato","image":{"@type":"ImageObject","inLanguage":"pt-BR","@id":"https:\/\/noticiasdefato.net\/#\/schema\/person\/image\/","url":"https:\/\/secure.gravatar.com\/avatar\/700227fab2316f0366a1b5d4988d10f847249cf13293450527ac9553c994611a?s=96&d=mm&r=g","contentUrl":"https:\/\/secure.gravatar.com\/avatar\/700227fab2316f0366a1b5d4988d10f847249cf13293450527ac9553c994611a?s=96&d=mm&r=g","caption":"Noticias de Fato"},"sameAs":["https:\/\/noticiasdefato.net","http:\/\/fb.com\/\/noticiasdefato.jornal","https:\/\/x.com\/https:\/\/twitter.com\/NoticiasDeFato_"],"url":"https:\/\/noticiasdefato.net\/?author=1"}]}},"_links":{"self":[{"href":"https:\/\/noticiasdefato.net\/index.php?rest_route=\/wp\/v2\/posts\/1285","targetHints":{"allow":["GET"]}}],"collection":[{"href":"https:\/\/noticiasdefato.net\/index.php?rest_route=\/wp\/v2\/posts"}],"about":[{"href":"https:\/\/noticiasdefato.net\/index.php?rest_route=\/wp\/v2\/types\/post"}],"author":[{"embeddable":true,"href":"https:\/\/noticiasdefato.net\/index.php?rest_route=\/wp\/v2\/users\/1"}],"replies":[{"embeddable":true,"href":"https:\/\/noticiasdefato.net\/index.php?rest_route=%2Fwp%2Fv2%2Fcomments&post=1285"}],"version-history":[{"count":1,"href":"https:\/\/noticiasdefato.net\/index.php?rest_route=\/wp\/v2\/posts\/1285\/revisions"}],"predecessor-version":[{"id":1287,"href":"https:\/\/noticiasdefato.net\/index.php?rest_route=\/wp\/v2\/posts\/1285\/revisions\/1287"}],"wp:featuredmedia":[{"embeddable":true,"href":"https:\/\/noticiasdefato.net\/index.php?rest_route=\/wp\/v2\/media\/1286"}],"wp:attachment":[{"href":"https:\/\/noticiasdefato.net\/index.php?rest_route=%2Fwp%2Fv2%2Fmedia&parent=1285"}],"wp:term":[{"taxonomy":"category","embeddable":true,"href":"https:\/\/noticiasdefato.net\/index.php?rest_route=%2Fwp%2Fv2%2Fcategories&post=1285"},{"taxonomy":"post_tag","embeddable":true,"href":"https:\/\/noticiasdefato.net\/index.php?rest_route=%2Fwp%2Fv2%2Ftags&post=1285"}],"curies":[{"name":"wp","href":"https:\/\/api.w.org\/{rel}","templated":true}]}}