{"id":1288,"date":"2024-06-03T18:58:32","date_gmt":"2024-06-03T21:58:32","guid":{"rendered":"https:\/\/noticiasdefato.net\/?p=1288"},"modified":"2024-06-27T12:06:31","modified_gmt":"2024-06-27T15:06:31","slug":"epr-informa-interdicao-na-cmg-491-a-partir-de-amanha","status":"publish","type":"post","link":"https:\/\/noticiasdefato.net\/?p=1288","title":{"rendered":"EPR informa interdi\u00e7\u00e3o na CMG-491 a partir de amanh\u00e3"},"content":{"rendered":"\n<p>A EPR Vias do Caf\u00e9, informa interdi\u00e7\u00e3o tempor\u00e1ria no tr\u00e1fego da CMG-491 entre o km 241,4 e o km 244, em ambos os sentidos, a partir de amanh\u00e3, 04\/06 devido a execu\u00e7\u00e3o de obras de manuten\u00e7\u00e3o no pavimento nas vias marginais, que correspondem a fresagem descont\u00ednua e recomposi\u00e7\u00e3o.<\/p>\n\n\n\n<p>As interven\u00e7\u00f5es s\u00e3o necess\u00e1rias para garantir a seguran\u00e7a dos usu\u00e1rios e trabalhadores, devido a movimenta\u00e7\u00e3o de m\u00e1quinas pesadas no local. A previs\u00e3o de dura\u00e7\u00e3o das obras \u00e9 de aproximadamente seis dias, haver\u00e1 eventuais opera\u00e7\u00f5es pare e siga no local e ou interdi\u00e7\u00e3o total.<\/p>\n\n\n\n<p>Confira outros trechos da CMG-491 com trabalhos de manuten\u00e7\u00e3o no pavimento e bloqueios tempor\u00e1rios ao longo da semana:<\/p>\n\n\n\n<p><strong>CMG-491<\/strong><\/p>\n\n\n\n<p>Do km 4,6 ao km 259,9 \u2013 trechos entre Tr\u00eas Cora\u00e7\u00f5es e S\u00e3o Sebasti\u00e3o do Para\u00edso.<\/p>\n\n\n\n<p>Do km 185 ao km 200 em Fama.<\/p>\n\n\n\n<p>Do km 5 ao km 175 \u2013 trechos entre Monte Santo de Minas e S\u00e3o Sebasti\u00e3o do Para\u00edso.<\/p>\n\n\n\n<p>Do km 175,3 ao km 4,6 \u2013 trechos entre Alfenas e S\u00e3o Sebasti\u00e3o do Para\u00edso.<\/p>\n\n\n\n<p>Do km 121 ao km 125 em Monte Belo.<\/p>\n\n\n\n<p>Do km 227 ao km 240 \u2013 trechos entre El\u00f3i Mendes e Varginha.<\/p>\n\n\n\n<p>As rodovias BR-265, MG-167, CMG-369 e LMG-863 tamb\u00e9m recebem manuten\u00e7\u00e3o no pavimento com atividades de remendo localizado, implanta\u00e7\u00e3o de sinaliza\u00e7\u00e3o horizontal e vertical e de equipamentos de seguran\u00e7a nos seguintes trechos:<\/p>\n\n\n\n<p><strong>BR-265<\/strong><\/p>\n\n\n\n<p>Do km 338,4 ao km 403 \u2013 trechos entre Nepomuceno e Boa Esperan\u00e7a.<\/p>\n\n\n\n<p><strong>MG-167<\/strong><\/p>\n\n\n\n<p>Do km 0,0 ao km 43,8 \u2013 trechos entre Santana da Vargem e Varginha.<\/p>\n\n\n\n<p><strong>CMG-369<\/strong><\/p>\n\n\n\n<p>Do km 124,4 ao km 188,5 \u2013 entroncamento com a BR-265 em Alfenas.<\/p>\n\n\n\n<p><strong>LMG-863<\/strong><\/p>\n\n\n\n<p>Do km 0,0 ao km 5 \u2013 em Boa Esperan\u00e7a.<\/p>\n\n\n\n<p><em><strong>Aten\u00e7\u00e3o Motoristas!<\/strong><\/em><\/p>\n\n\n\n<p>As rodovias estar\u00e3o devidamente sinalizadas com placas indicando desvios e manobras a serem realizadas pelos motoristas, al\u00e9m da velocidade. Em locais onde h\u00e1 obras a velocidade permitida da via \u00e9 reduzida para 40km\/h.<\/p>\n\n\n\n<p>Todas as obras seguir\u00e3o o cronograma indicado em condi\u00e7\u00f5es normais de opera\u00e7\u00e3o e clima, com in\u00edcio \u00e0s 7h e o acesso a via totalmente liberado para o tr\u00e1fego diariamente ap\u00f3s a paralisa\u00e7\u00e3o das atividades \u00e0s 17h.<\/p>\n","protected":false},"excerpt":{"rendered":"<p>A EPR Vias do Caf\u00e9, informa interdi\u00e7\u00e3o tempor\u00e1ria no tr\u00e1fego da CMG-491 entre o km 241,4 e o km 244, em ambos os sentidos <a href=\"https:\/\/noticiasdefato.net\/?p=1288\" class=\"more-link\">Continuar lendo <span class=\"screen-reader-text\">EPR informa interdi\u00e7\u00e3o na CMG-491 a partir de amanh\u00e3<\/span><\/a><\/p>\n","protected":false},"author":1,"featured_media":1289,"comment_status":"open","ping_status":"open","sticky":false,"template":"","format":"standard","meta":{"footnotes":""},"categories":[1],"tags":[],"class_list":["post-1288","post","type-post","status-publish","format-standard","has-post-thumbnail","hentry","category-geral"],"yoast_head":"<!-- This site is optimized with the Yoast SEO plugin v23.2 - https:\/\/yoast.com\/wordpress\/plugins\/seo\/ -->\n<title>EPR informa interdi\u00e7\u00e3o na CMG-491 a partir de amanh\u00e3 - Not\u00edcias de Fato<\/title>\n<meta name=\"description\" content=\"A EPR Vias do Caf\u00e9, informa interdi\u00e7\u00e3o tempor\u00e1ria no tr\u00e1fego da CMG-491 entre o km 241,4 e o km 244, em ambos os sentidos\" \/>\n<meta name=\"robots\" content=\"index, follow, max-snippet:-1, max-image-preview:large, max-video-preview:-1\" \/>\n<link rel=\"canonical\" href=\"https:\/\/noticiasdefato.net\/?p=1288\" \/>\n<meta property=\"og:locale\" content=\"pt_BR\" \/>\n<meta property=\"og:type\" content=\"article\" \/>\n<meta property=\"og:title\" content=\"EPR informa interdi\u00e7\u00e3o na CMG-491 a partir de amanh\u00e3 - Not\u00edcias de Fato\" \/>\n<meta property=\"og:description\" content=\"A EPR Vias do Caf\u00e9, informa interdi\u00e7\u00e3o tempor\u00e1ria no tr\u00e1fego da CMG-491 entre o km 241,4 e o km 244, em ambos os sentidos\" \/>\n<meta property=\"og:url\" content=\"https:\/\/noticiasdefato.net\/?p=1288\" \/>\n<meta property=\"og:site_name\" content=\"Not\u00edcias de Fato\" \/>\n<meta property=\"article:publisher\" content=\"https:\/\/fb.com\/noticiasdefato.jornal\" \/>\n<meta property=\"article:author\" content=\"http:\/\/fb.com\/\/noticiasdefato.jornal\" \/>\n<meta property=\"article:published_time\" content=\"2024-06-03T21:58:32+00:00\" \/>\n<meta property=\"article:modified_time\" content=\"2024-06-27T15:06:31+00:00\" \/>\n<meta property=\"og:image\" content=\"https:\/\/noticiasdefato.net\/wp-content\/uploads\/2024\/06\/image.png\" \/>\n\t<meta property=\"og:image:width\" content=\"768\" \/>\n\t<meta property=\"og:image:height\" content=\"639\" \/>\n\t<meta property=\"og:image:type\" content=\"image\/png\" \/>\n<meta name=\"author\" content=\"Noticias de Fato\" \/>\n<meta name=\"twitter:card\" content=\"summary_large_image\" \/>\n<meta name=\"twitter:creator\" content=\"@https:\/\/twitter.com\/NoticiasDeFato_\" \/>\n<meta name=\"twitter:site\" content=\"@noticiasdefato_\" \/>\n<meta name=\"twitter:label1\" content=\"Escrito por\" \/>\n\t<meta name=\"twitter:data1\" content=\"Noticias de Fato\" \/>\n\t<meta name=\"twitter:label2\" content=\"Est. tempo de leitura\" \/>\n\t<meta name=\"twitter:data2\" content=\"3 minutos\" \/>\n<script type=\"application\/ld+json\" class=\"yoast-schema-graph\">{\"@context\":\"https:\/\/schema.org\",\"@graph\":[{\"@type\":\"Article\",\"@id\":\"https:\/\/noticiasdefato.net\/?p=1288#article\",\"isPartOf\":{\"@id\":\"https:\/\/noticiasdefato.net\/?p=1288\"},\"author\":{\"name\":\"Noticias de Fato\",\"@id\":\"https:\/\/noticiasdefato.net\/#\/schema\/person\/982ce60211d95acf059cd702aa260d08\"},\"headline\":\"EPR informa interdi\u00e7\u00e3o na CMG-491 a partir de amanh\u00e3\",\"datePublished\":\"2024-06-03T21:58:32+00:00\",\"dateModified\":\"2024-06-27T15:06:31+00:00\",\"mainEntityOfPage\":{\"@id\":\"https:\/\/noticiasdefato.net\/?p=1288\"},\"wordCount\":372,\"commentCount\":0,\"publisher\":{\"@id\":\"https:\/\/noticiasdefato.net\/#organization\"},\"image\":{\"@id\":\"https:\/\/noticiasdefato.net\/?p=1288#primaryimage\"},\"thumbnailUrl\":\"https:\/\/noticiasdefato.net\/wp-content\/uploads\/2024\/06\/image.png\",\"articleSection\":[\"Geral\"],\"inLanguage\":\"pt-BR\",\"potentialAction\":[{\"@type\":\"CommentAction\",\"name\":\"Comment\",\"target\":[\"https:\/\/noticiasdefato.net\/?p=1288#respond\"]}]},{\"@type\":\"WebPage\",\"@id\":\"https:\/\/noticiasdefato.net\/?p=1288\",\"url\":\"https:\/\/noticiasdefato.net\/?p=1288\",\"name\":\"EPR informa interdi\u00e7\u00e3o na CMG-491 a partir de amanh\u00e3 - Not\u00edcias de Fato\",\"isPartOf\":{\"@id\":\"https:\/\/noticiasdefato.net\/#website\"},\"primaryImageOfPage\":{\"@id\":\"https:\/\/noticiasdefato.net\/?p=1288#primaryimage\"},\"image\":{\"@id\":\"https:\/\/noticiasdefato.net\/?p=1288#primaryimage\"},\"thumbnailUrl\":\"https:\/\/noticiasdefato.net\/wp-content\/uploads\/2024\/06\/image.png\",\"datePublished\":\"2024-06-03T21:58:32+00:00\",\"dateModified\":\"2024-06-27T15:06:31+00:00\",\"description\":\"A EPR Vias do Caf\u00e9, informa interdi\u00e7\u00e3o tempor\u00e1ria no tr\u00e1fego da CMG-491 entre o km 241,4 e o km 244, em ambos os sentidos\",\"breadcrumb\":{\"@id\":\"https:\/\/noticiasdefato.net\/?p=1288#breadcrumb\"},\"inLanguage\":\"pt-BR\",\"potentialAction\":[{\"@type\":\"ReadAction\",\"target\":[\"https:\/\/noticiasdefato.net\/?p=1288\"]}]},{\"@type\":\"ImageObject\",\"inLanguage\":\"pt-BR\",\"@id\":\"https:\/\/noticiasdefato.net\/?p=1288#primaryimage\",\"url\":\"https:\/\/noticiasdefato.net\/wp-content\/uploads\/2024\/06\/image.png\",\"contentUrl\":\"https:\/\/noticiasdefato.net\/wp-content\/uploads\/2024\/06\/image.png\",\"width\":768,\"height\":639},{\"@type\":\"BreadcrumbList\",\"@id\":\"https:\/\/noticiasdefato.net\/?p=1288#breadcrumb\",\"itemListElement\":[{\"@type\":\"ListItem\",\"position\":1,\"name\":\"In\u00edcio\",\"item\":\"https:\/\/noticiasdefato.net\/\"},{\"@type\":\"ListItem\",\"position\":2,\"name\":\"EPR informa interdi\u00e7\u00e3o na CMG-491 a partir de amanh\u00e3\"}]},{\"@type\":\"WebSite\",\"@id\":\"https:\/\/noticiasdefato.net\/#website\",\"url\":\"https:\/\/noticiasdefato.net\/\",\"name\":\"Not\u00edcias de Fato\",\"description\":\"Trabalhamos com honestidade, seriedade e com a verdade.\",\"publisher\":{\"@id\":\"https:\/\/noticiasdefato.net\/#organization\"},\"potentialAction\":[{\"@type\":\"SearchAction\",\"target\":{\"@type\":\"EntryPoint\",\"urlTemplate\":\"https:\/\/noticiasdefato.net\/?s={search_term_string}\"},\"query-input\":\"required name=search_term_string\"}],\"inLanguage\":\"pt-BR\"},{\"@type\":\"Organization\",\"@id\":\"https:\/\/noticiasdefato.net\/#organization\",\"name\":\"Not\u00edcias de Fato\",\"url\":\"https:\/\/noticiasdefato.net\/\",\"logo\":{\"@type\":\"ImageObject\",\"inLanguage\":\"pt-BR\",\"@id\":\"https:\/\/noticiasdefato.net\/#\/schema\/logo\/image\/\",\"url\":\"https:\/\/noticiasdefato.net\/wp-content\/uploads\/2024\/02\/cropped-logo_topo.png\",\"contentUrl\":\"https:\/\/noticiasdefato.net\/wp-content\/uploads\/2024\/02\/cropped-logo_topo.png\",\"width\":1948,\"height\":665,\"caption\":\"Not\u00edcias de Fato\"},\"image\":{\"@id\":\"https:\/\/noticiasdefato.net\/#\/schema\/logo\/image\/\"},\"sameAs\":[\"https:\/\/fb.com\/noticiasdefato.jornal\",\"https:\/\/x.com\/noticiasdefato_\",\"https:\/\/instagram.com\/noticiasdefato.jornal\",\"https:\/\/youtube.com\/@JornalNoticiasDeFato\"]},{\"@type\":\"Person\",\"@id\":\"https:\/\/noticiasdefato.net\/#\/schema\/person\/982ce60211d95acf059cd702aa260d08\",\"name\":\"Noticias de Fato\",\"image\":{\"@type\":\"ImageObject\",\"inLanguage\":\"pt-BR\",\"@id\":\"https:\/\/noticiasdefato.net\/#\/schema\/person\/image\/\",\"url\":\"https:\/\/secure.gravatar.com\/avatar\/700227fab2316f0366a1b5d4988d10f847249cf13293450527ac9553c994611a?s=96&d=mm&r=g\",\"contentUrl\":\"https:\/\/secure.gravatar.com\/avatar\/700227fab2316f0366a1b5d4988d10f847249cf13293450527ac9553c994611a?s=96&d=mm&r=g\",\"caption\":\"Noticias de Fato\"},\"sameAs\":[\"https:\/\/noticiasdefato.net\",\"http:\/\/fb.com\/\/noticiasdefato.jornal\",\"https:\/\/x.com\/https:\/\/twitter.com\/NoticiasDeFato_\"],\"url\":\"https:\/\/noticiasdefato.net\/?author=1\"}]}<\/script>\n<!-- \/ Yoast SEO plugin. -->","yoast_head_json":{"title":"EPR informa interdi\u00e7\u00e3o na CMG-491 a partir de amanh\u00e3 - Not\u00edcias de Fato","description":"A EPR Vias do Caf\u00e9, informa interdi\u00e7\u00e3o tempor\u00e1ria no tr\u00e1fego da CMG-491 entre o km 241,4 e o km 244, em ambos os sentidos","robots":{"index":"index","follow":"follow","max-snippet":"max-snippet:-1","max-image-preview":"max-image-preview:large","max-video-preview":"max-video-preview:-1"},"canonical":"https:\/\/noticiasdefato.net\/?p=1288","og_locale":"pt_BR","og_type":"article","og_title":"EPR informa interdi\u00e7\u00e3o na CMG-491 a partir de amanh\u00e3 - Not\u00edcias de Fato","og_description":"A EPR Vias do Caf\u00e9, informa interdi\u00e7\u00e3o tempor\u00e1ria no tr\u00e1fego da CMG-491 entre o km 241,4 e o km 244, em ambos os sentidos","og_url":"https:\/\/noticiasdefato.net\/?p=1288","og_site_name":"Not\u00edcias de Fato","article_publisher":"https:\/\/fb.com\/noticiasdefato.jornal","article_author":"http:\/\/fb.com\/\/noticiasdefato.jornal","article_published_time":"2024-06-03T21:58:32+00:00","article_modified_time":"2024-06-27T15:06:31+00:00","og_image":[{"width":768,"height":639,"url":"https:\/\/noticiasdefato.net\/wp-content\/uploads\/2024\/06\/image.png","type":"image\/png"}],"author":"Noticias de Fato","twitter_card":"summary_large_image","twitter_creator":"@https:\/\/twitter.com\/NoticiasDeFato_","twitter_site":"@noticiasdefato_","twitter_misc":{"Escrito por":"Noticias de Fato","Est. tempo de leitura":"3 minutos"},"schema":{"@context":"https:\/\/schema.org","@graph":[{"@type":"Article","@id":"https:\/\/noticiasdefato.net\/?p=1288#article","isPartOf":{"@id":"https:\/\/noticiasdefato.net\/?p=1288"},"author":{"name":"Noticias de Fato","@id":"https:\/\/noticiasdefato.net\/#\/schema\/person\/982ce60211d95acf059cd702aa260d08"},"headline":"EPR informa interdi\u00e7\u00e3o na CMG-491 a partir de amanh\u00e3","datePublished":"2024-06-03T21:58:32+00:00","dateModified":"2024-06-27T15:06:31+00:00","mainEntityOfPage":{"@id":"https:\/\/noticiasdefato.net\/?p=1288"},"wordCount":372,"commentCount":0,"publisher":{"@id":"https:\/\/noticiasdefato.net\/#organization"},"image":{"@id":"https:\/\/noticiasdefato.net\/?p=1288#primaryimage"},"thumbnailUrl":"https:\/\/noticiasdefato.net\/wp-content\/uploads\/2024\/06\/image.png","articleSection":["Geral"],"inLanguage":"pt-BR","potentialAction":[{"@type":"CommentAction","name":"Comment","target":["https:\/\/noticiasdefato.net\/?p=1288#respond"]}]},{"@type":"WebPage","@id":"https:\/\/noticiasdefato.net\/?p=1288","url":"https:\/\/noticiasdefato.net\/?p=1288","name":"EPR informa interdi\u00e7\u00e3o na CMG-491 a partir de amanh\u00e3 - Not\u00edcias de Fato","isPartOf":{"@id":"https:\/\/noticiasdefato.net\/#website"},"primaryImageOfPage":{"@id":"https:\/\/noticiasdefato.net\/?p=1288#primaryimage"},"image":{"@id":"https:\/\/noticiasdefato.net\/?p=1288#primaryimage"},"thumbnailUrl":"https:\/\/noticiasdefato.net\/wp-content\/uploads\/2024\/06\/image.png","datePublished":"2024-06-03T21:58:32+00:00","dateModified":"2024-06-27T15:06:31+00:00","description":"A EPR Vias do Caf\u00e9, informa interdi\u00e7\u00e3o tempor\u00e1ria no tr\u00e1fego da CMG-491 entre o km 241,4 e o km 244, em ambos os sentidos","breadcrumb":{"@id":"https:\/\/noticiasdefato.net\/?p=1288#breadcrumb"},"inLanguage":"pt-BR","potentialAction":[{"@type":"ReadAction","target":["https:\/\/noticiasdefato.net\/?p=1288"]}]},{"@type":"ImageObject","inLanguage":"pt-BR","@id":"https:\/\/noticiasdefato.net\/?p=1288#primaryimage","url":"https:\/\/noticiasdefato.net\/wp-content\/uploads\/2024\/06\/image.png","contentUrl":"https:\/\/noticiasdefato.net\/wp-content\/uploads\/2024\/06\/image.png","width":768,"height":639},{"@type":"BreadcrumbList","@id":"https:\/\/noticiasdefato.net\/?p=1288#breadcrumb","itemListElement":[{"@type":"ListItem","position":1,"name":"In\u00edcio","item":"https:\/\/noticiasdefato.net\/"},{"@type":"ListItem","position":2,"name":"EPR informa interdi\u00e7\u00e3o na CMG-491 a partir de amanh\u00e3"}]},{"@type":"WebSite","@id":"https:\/\/noticiasdefato.net\/#website","url":"https:\/\/noticiasdefato.net\/","name":"Not\u00edcias de Fato","description":"Trabalhamos com honestidade, seriedade e com a verdade.","publisher":{"@id":"https:\/\/noticiasdefato.net\/#organization"},"potentialAction":[{"@type":"SearchAction","target":{"@type":"EntryPoint","urlTemplate":"https:\/\/noticiasdefato.net\/?s={search_term_string}"},"query-input":"required name=search_term_string"}],"inLanguage":"pt-BR"},{"@type":"Organization","@id":"https:\/\/noticiasdefato.net\/#organization","name":"Not\u00edcias de Fato","url":"https:\/\/noticiasdefato.net\/","logo":{"@type":"ImageObject","inLanguage":"pt-BR","@id":"https:\/\/noticiasdefato.net\/#\/schema\/logo\/image\/","url":"https:\/\/noticiasdefato.net\/wp-content\/uploads\/2024\/02\/cropped-logo_topo.png","contentUrl":"https:\/\/noticiasdefato.net\/wp-content\/uploads\/2024\/02\/cropped-logo_topo.png","width":1948,"height":665,"caption":"Not\u00edcias de Fato"},"image":{"@id":"https:\/\/noticiasdefato.net\/#\/schema\/logo\/image\/"},"sameAs":["https:\/\/fb.com\/noticiasdefato.jornal","https:\/\/x.com\/noticiasdefato_","https:\/\/instagram.com\/noticiasdefato.jornal","https:\/\/youtube.com\/@JornalNoticiasDeFato"]},{"@type":"Person","@id":"https:\/\/noticiasdefato.net\/#\/schema\/person\/982ce60211d95acf059cd702aa260d08","name":"Noticias de Fato","image":{"@type":"ImageObject","inLanguage":"pt-BR","@id":"https:\/\/noticiasdefato.net\/#\/schema\/person\/image\/","url":"https:\/\/secure.gravatar.com\/avatar\/700227fab2316f0366a1b5d4988d10f847249cf13293450527ac9553c994611a?s=96&d=mm&r=g","contentUrl":"https:\/\/secure.gravatar.com\/avatar\/700227fab2316f0366a1b5d4988d10f847249cf13293450527ac9553c994611a?s=96&d=mm&r=g","caption":"Noticias de Fato"},"sameAs":["https:\/\/noticiasdefato.net","http:\/\/fb.com\/\/noticiasdefato.jornal","https:\/\/x.com\/https:\/\/twitter.com\/NoticiasDeFato_"],"url":"https:\/\/noticiasdefato.net\/?author=1"}]}},"_links":{"self":[{"href":"https:\/\/noticiasdefato.net\/index.php?rest_route=\/wp\/v2\/posts\/1288","targetHints":{"allow":["GET"]}}],"collection":[{"href":"https:\/\/noticiasdefato.net\/index.php?rest_route=\/wp\/v2\/posts"}],"about":[{"href":"https:\/\/noticiasdefato.net\/index.php?rest_route=\/wp\/v2\/types\/post"}],"author":[{"embeddable":true,"href":"https:\/\/noticiasdefato.net\/index.php?rest_route=\/wp\/v2\/users\/1"}],"replies":[{"embeddable":true,"href":"https:\/\/noticiasdefato.net\/index.php?rest_route=%2Fwp%2Fv2%2Fcomments&post=1288"}],"version-history":[{"count":1,"href":"https:\/\/noticiasdefato.net\/index.php?rest_route=\/wp\/v2\/posts\/1288\/revisions"}],"predecessor-version":[{"id":1290,"href":"https:\/\/noticiasdefato.net\/index.php?rest_route=\/wp\/v2\/posts\/1288\/revisions\/1290"}],"wp:featuredmedia":[{"embeddable":true,"href":"https:\/\/noticiasdefato.net\/index.php?rest_route=\/wp\/v2\/media\/1289"}],"wp:attachment":[{"href":"https:\/\/noticiasdefato.net\/index.php?rest_route=%2Fwp%2Fv2%2Fmedia&parent=1288"}],"wp:term":[{"taxonomy":"category","embeddable":true,"href":"https:\/\/noticiasdefato.net\/index.php?rest_route=%2Fwp%2Fv2%2Fcategories&post=1288"},{"taxonomy":"post_tag","embeddable":true,"href":"https:\/\/noticiasdefato.net\/index.php?rest_route=%2Fwp%2Fv2%2Ftags&post=1288"}],"curies":[{"name":"wp","href":"https:\/\/api.w.org\/{rel}","templated":true}]}}