{"id":1291,"date":"2024-06-04T09:16:54","date_gmt":"2024-06-04T12:16:54","guid":{"rendered":"https:\/\/noticiasdefato.net\/?p=1291"},"modified":"2024-06-27T12:06:09","modified_gmt":"2024-06-27T15:06:09","slug":"monte-siao-pedagio-sem-cancela-comecou-hoje","status":"publish","type":"post","link":"https:\/\/noticiasdefato.net\/?p=1291","title":{"rendered":"MONTE SI\u00c3O: PED\u00c1GIO SEM CANCELA COME\u00c7OU HOJE"},"content":{"rendered":"\n<p>Come\u00e7ou desde a zero hora de hoje a funcionar o primeiro ped\u00e1gio sem cancela de Minas Gerais. O trecho onde est\u00e1 localizado o p\u00f3rtico da EPR Sul de Minas fica localizado no km 12,7 da MG-459, em Monte Si\u00e3o.<\/p>\n\n\n\n<p>A grande novidade deste modelo \u00e9 que o motorista n\u00e3o precisa parar para fazer o pagamento. A tecnologia implantada pela EPR Sul de Minas \u2013 respons\u00e1vel por administrar oito rodovias no sul do estado \u2013 permite a passagem dos ve\u00edculos em fluxo cont\u00ednuo com mais seguran\u00e7a e agilidade. A cobran\u00e7a da tarifa \u00e9 feita atrav\u00e9s da etiqueta eletr\u00f4nica (TAG) instalada nos para-brisas dos ve\u00edculos ou pela leitura das placas.<\/p>\n\n\n\n<p><strong>Como pagar o ped\u00e1gio sem cancela<\/strong><\/p>\n\n\n\n<p>Para facilitar o pagamento da tarifa, a recomenda\u00e7\u00e3o \u00e9 que os ve\u00edculos estejam com a etiqueta de cobran\u00e7a eletr\u00f4nica (TAG) previamente instalada no para-brisa, para que o valor seja faturado automaticamente. Empresas como Sem Parar, ConectCar, Veloe, Move Mais e Greenpass, assim como bancos, disponibilizam este servi\u00e7o por meio dos seus sites e aplicativos ou em pontos de venda.<\/p>\n\n\n\n<p>Al\u00e9m de trazer mais comodidade, a etiqueta eletr\u00f4nica ativa ainda gera descontos de at\u00e9 72% na tarifa para os condutores de ve\u00edculos leves e n\u00e3o precisa de cadastro junto \u00e0 concession\u00e1ria. O Desconto de Usu\u00e1rio Frequente (DUF) funciona da seguinte forma: a partir da segunda passagem do ve\u00edculo pelo p\u00f3rtico no mesmo trecho, dentro do mesmo m\u00eas, o desconto j\u00e1 come\u00e7a a ser aplicado, chegando ao valor m\u00e1ximo no 30\u00ba dia em que o motorista cruzar o trecho. Por exemplo: quem passar pela rodovia, no mesmo trecho, por 30 dias consecutivos, pagar\u00e1 a tarifa final de R$ 2,56 no fim do m\u00eas.<\/p>\n\n\n\n<p>O condutor que n\u00e3o tem a etiqueta de cobran\u00e7a eletr\u00f4nica (TAG) conta com outras alternativas para fazer o pagamento:<\/p>\n\n\n\n<p>No site da EPR Sul de Minas www.eprsuldeminas.com.br\/freeflow ou no aplicativo \u201cEPR Ped\u00e1gio Sem Cancela\u201d dispon\u00edvel para sistemas Android e IOS. Se o usu\u00e1rio optar pelo cadastro no site ou no app, al\u00e9m da comodidade de pagar sem sair de casa, ele ainda recebe alertas a cada passagem pelo p\u00f3rtico para acompanhar suas despesas.<\/p>\n\n\n\n<p>Se preferir, o motorista pode fazer o pagamento com cart\u00e3o ou pix na Base de Atendimento ao Usu\u00e1rio da EPR, localizada no km 53 da MG-290, pista sentido Borda da Mata; Posto Canel\u00e3o, no km 78,5 da MG-290, pista sentido Jacutinga; e Posto Petro Center, no km 19,8 da MG-459, em Monte Si\u00e3o.<\/p>\n\n\n\n<p>O usu\u00e1rio pode, ainda, pagar em dinheiro ou cart\u00e3o em qualquer uma das demais sete pra\u00e7as de ped\u00e1gio EPR Sul de Minas em opera\u00e7\u00e3o.<\/p>\n\n\n\n<p>Caso a tarifa n\u00e3o seja paga em at\u00e9 15 dias, ser\u00e1 considerada \u201cevas\u00e3o de ped\u00e1gio\u201d. O propriet\u00e1rio do ve\u00edculo receber\u00e1 multa de R$ 195,23, sendo este valor repassado ao Governo do estado. Tamb\u00e9m ser\u00e3o aplicados 5 pontos na Carteira Nacional de Habilita\u00e7\u00e3o (CNH).<\/p>\n\n\n\n<p>D\u00favidas?<\/p>\n\n\n\n<p>Em caso de d\u00favidas, os usu\u00e1rios podem entrar em contato com a EPR Sul de Minas pelo telefone 0800 290 0459. O canal de atendimento \u00e9 gratuito e est\u00e1 dispon\u00edvel&nbsp;24h&nbsp;por&nbsp;dia.<\/p>\n","protected":false},"excerpt":{"rendered":"<p>Come\u00e7ou desde a zero hora de hoje a funcionar o primeiro ped\u00e1gio sem cancela de Minas Gerais <a href=\"https:\/\/noticiasdefato.net\/?p=1291\" class=\"more-link\">Continuar lendo <span class=\"screen-reader-text\">MONTE SI\u00c3O: PED\u00c1GIO SEM CANCELA COME\u00c7OU HOJE<\/span><\/a><\/p>\n","protected":false},"author":1,"featured_media":1292,"comment_status":"open","ping_status":"open","sticky":false,"template":"","format":"standard","meta":{"footnotes":""},"categories":[1],"tags":[],"class_list":["post-1291","post","type-post","status-publish","format-standard","has-post-thumbnail","hentry","category-geral"],"yoast_head":"<!-- This site is optimized with the Yoast SEO plugin v23.2 - https:\/\/yoast.com\/wordpress\/plugins\/seo\/ -->\n<title>MONTE SI\u00c3O: PED\u00c1GIO SEM CANCELA COME\u00c7OU HOJE - Not\u00edcias de Fato<\/title>\n<meta name=\"description\" content=\"Come\u00e7ou desde a zero hora de hoje a funcionar o primeiro ped\u00e1gio sem cancela de Minas Gerais.\" \/>\n<meta name=\"robots\" content=\"index, follow, max-snippet:-1, max-image-preview:large, max-video-preview:-1\" \/>\n<link rel=\"canonical\" href=\"https:\/\/noticiasdefato.net\/?p=1291\" \/>\n<meta property=\"og:locale\" content=\"pt_BR\" \/>\n<meta property=\"og:type\" content=\"article\" \/>\n<meta property=\"og:title\" content=\"MONTE SI\u00c3O: PED\u00c1GIO SEM CANCELA COME\u00c7OU HOJE - Not\u00edcias de Fato\" \/>\n<meta property=\"og:description\" content=\"Come\u00e7ou desde a zero hora de hoje a funcionar o primeiro ped\u00e1gio sem cancela de Minas Gerais.\" \/>\n<meta property=\"og:url\" content=\"https:\/\/noticiasdefato.net\/?p=1291\" \/>\n<meta property=\"og:site_name\" content=\"Not\u00edcias de Fato\" \/>\n<meta property=\"article:publisher\" content=\"https:\/\/fb.com\/noticiasdefato.jornal\" \/>\n<meta property=\"article:author\" content=\"http:\/\/fb.com\/\/noticiasdefato.jornal\" \/>\n<meta property=\"article:published_time\" content=\"2024-06-04T12:16:54+00:00\" \/>\n<meta property=\"article:modified_time\" content=\"2024-06-27T15:06:09+00:00\" \/>\n<meta property=\"og:image\" content=\"https:\/\/noticiasdefato.net\/wp-content\/uploads\/2024\/06\/Imagem-do-WhatsApp-de-2024-06-04-as-07.22.37_a1ca4919.jpg\" \/>\n\t<meta property=\"og:image:width\" content=\"768\" \/>\n\t<meta property=\"og:image:height\" content=\"576\" \/>\n\t<meta property=\"og:image:type\" content=\"image\/jpeg\" \/>\n<meta name=\"author\" content=\"Noticias de Fato\" \/>\n<meta name=\"twitter:card\" content=\"summary_large_image\" \/>\n<meta name=\"twitter:creator\" content=\"@https:\/\/twitter.com\/NoticiasDeFato_\" \/>\n<meta name=\"twitter:site\" content=\"@noticiasdefato_\" \/>\n<meta name=\"twitter:label1\" content=\"Escrito por\" \/>\n\t<meta name=\"twitter:data1\" content=\"Noticias de Fato\" \/>\n\t<meta name=\"twitter:label2\" content=\"Est. tempo de leitura\" \/>\n\t<meta name=\"twitter:data2\" content=\"3 minutos\" \/>\n<script type=\"application\/ld+json\" class=\"yoast-schema-graph\">{\"@context\":\"https:\/\/schema.org\",\"@graph\":[{\"@type\":\"Article\",\"@id\":\"https:\/\/noticiasdefato.net\/?p=1291#article\",\"isPartOf\":{\"@id\":\"https:\/\/noticiasdefato.net\/?p=1291\"},\"author\":{\"name\":\"Noticias de Fato\",\"@id\":\"https:\/\/noticiasdefato.net\/#\/schema\/person\/982ce60211d95acf059cd702aa260d08\"},\"headline\":\"MONTE SI\u00c3O: PED\u00c1GIO SEM CANCELA COME\u00c7OU HOJE\",\"datePublished\":\"2024-06-04T12:16:54+00:00\",\"dateModified\":\"2024-06-27T15:06:09+00:00\",\"mainEntityOfPage\":{\"@id\":\"https:\/\/noticiasdefato.net\/?p=1291\"},\"wordCount\":558,\"commentCount\":0,\"publisher\":{\"@id\":\"https:\/\/noticiasdefato.net\/#organization\"},\"image\":{\"@id\":\"https:\/\/noticiasdefato.net\/?p=1291#primaryimage\"},\"thumbnailUrl\":\"https:\/\/noticiasdefato.net\/wp-content\/uploads\/2024\/06\/Imagem-do-WhatsApp-de-2024-06-04-as-07.22.37_a1ca4919.jpg\",\"articleSection\":[\"Geral\"],\"inLanguage\":\"pt-BR\",\"potentialAction\":[{\"@type\":\"CommentAction\",\"name\":\"Comment\",\"target\":[\"https:\/\/noticiasdefato.net\/?p=1291#respond\"]}]},{\"@type\":\"WebPage\",\"@id\":\"https:\/\/noticiasdefato.net\/?p=1291\",\"url\":\"https:\/\/noticiasdefato.net\/?p=1291\",\"name\":\"MONTE SI\u00c3O: PED\u00c1GIO SEM CANCELA COME\u00c7OU HOJE - Not\u00edcias de Fato\",\"isPartOf\":{\"@id\":\"https:\/\/noticiasdefato.net\/#website\"},\"primaryImageOfPage\":{\"@id\":\"https:\/\/noticiasdefato.net\/?p=1291#primaryimage\"},\"image\":{\"@id\":\"https:\/\/noticiasdefato.net\/?p=1291#primaryimage\"},\"thumbnailUrl\":\"https:\/\/noticiasdefato.net\/wp-content\/uploads\/2024\/06\/Imagem-do-WhatsApp-de-2024-06-04-as-07.22.37_a1ca4919.jpg\",\"datePublished\":\"2024-06-04T12:16:54+00:00\",\"dateModified\":\"2024-06-27T15:06:09+00:00\",\"description\":\"Come\u00e7ou desde a zero hora de hoje a funcionar o primeiro ped\u00e1gio sem cancela de Minas Gerais.\",\"breadcrumb\":{\"@id\":\"https:\/\/noticiasdefato.net\/?p=1291#breadcrumb\"},\"inLanguage\":\"pt-BR\",\"potentialAction\":[{\"@type\":\"ReadAction\",\"target\":[\"https:\/\/noticiasdefato.net\/?p=1291\"]}]},{\"@type\":\"ImageObject\",\"inLanguage\":\"pt-BR\",\"@id\":\"https:\/\/noticiasdefato.net\/?p=1291#primaryimage\",\"url\":\"https:\/\/noticiasdefato.net\/wp-content\/uploads\/2024\/06\/Imagem-do-WhatsApp-de-2024-06-04-as-07.22.37_a1ca4919.jpg\",\"contentUrl\":\"https:\/\/noticiasdefato.net\/wp-content\/uploads\/2024\/06\/Imagem-do-WhatsApp-de-2024-06-04-as-07.22.37_a1ca4919.jpg\",\"width\":768,\"height\":576},{\"@type\":\"BreadcrumbList\",\"@id\":\"https:\/\/noticiasdefato.net\/?p=1291#breadcrumb\",\"itemListElement\":[{\"@type\":\"ListItem\",\"position\":1,\"name\":\"In\u00edcio\",\"item\":\"https:\/\/noticiasdefato.net\/\"},{\"@type\":\"ListItem\",\"position\":2,\"name\":\"MONTE SI\u00c3O: PED\u00c1GIO SEM CANCELA COME\u00c7OU HOJE\"}]},{\"@type\":\"WebSite\",\"@id\":\"https:\/\/noticiasdefato.net\/#website\",\"url\":\"https:\/\/noticiasdefato.net\/\",\"name\":\"Not\u00edcias de Fato\",\"description\":\"Trabalhamos com honestidade, seriedade e com a verdade.\",\"publisher\":{\"@id\":\"https:\/\/noticiasdefato.net\/#organization\"},\"potentialAction\":[{\"@type\":\"SearchAction\",\"target\":{\"@type\":\"EntryPoint\",\"urlTemplate\":\"https:\/\/noticiasdefato.net\/?s={search_term_string}\"},\"query-input\":\"required name=search_term_string\"}],\"inLanguage\":\"pt-BR\"},{\"@type\":\"Organization\",\"@id\":\"https:\/\/noticiasdefato.net\/#organization\",\"name\":\"Not\u00edcias de Fato\",\"url\":\"https:\/\/noticiasdefato.net\/\",\"logo\":{\"@type\":\"ImageObject\",\"inLanguage\":\"pt-BR\",\"@id\":\"https:\/\/noticiasdefato.net\/#\/schema\/logo\/image\/\",\"url\":\"https:\/\/noticiasdefato.net\/wp-content\/uploads\/2024\/02\/cropped-logo_topo.png\",\"contentUrl\":\"https:\/\/noticiasdefato.net\/wp-content\/uploads\/2024\/02\/cropped-logo_topo.png\",\"width\":1948,\"height\":665,\"caption\":\"Not\u00edcias de Fato\"},\"image\":{\"@id\":\"https:\/\/noticiasdefato.net\/#\/schema\/logo\/image\/\"},\"sameAs\":[\"https:\/\/fb.com\/noticiasdefato.jornal\",\"https:\/\/x.com\/noticiasdefato_\",\"https:\/\/instagram.com\/noticiasdefato.jornal\",\"https:\/\/youtube.com\/@JornalNoticiasDeFato\"]},{\"@type\":\"Person\",\"@id\":\"https:\/\/noticiasdefato.net\/#\/schema\/person\/982ce60211d95acf059cd702aa260d08\",\"name\":\"Noticias de Fato\",\"image\":{\"@type\":\"ImageObject\",\"inLanguage\":\"pt-BR\",\"@id\":\"https:\/\/noticiasdefato.net\/#\/schema\/person\/image\/\",\"url\":\"https:\/\/secure.gravatar.com\/avatar\/700227fab2316f0366a1b5d4988d10f847249cf13293450527ac9553c994611a?s=96&d=mm&r=g\",\"contentUrl\":\"https:\/\/secure.gravatar.com\/avatar\/700227fab2316f0366a1b5d4988d10f847249cf13293450527ac9553c994611a?s=96&d=mm&r=g\",\"caption\":\"Noticias de Fato\"},\"sameAs\":[\"https:\/\/noticiasdefato.net\",\"http:\/\/fb.com\/\/noticiasdefato.jornal\",\"https:\/\/x.com\/https:\/\/twitter.com\/NoticiasDeFato_\"],\"url\":\"https:\/\/noticiasdefato.net\/?author=1\"}]}<\/script>\n<!-- \/ Yoast SEO plugin. -->","yoast_head_json":{"title":"MONTE SI\u00c3O: PED\u00c1GIO SEM CANCELA COME\u00c7OU HOJE - Not\u00edcias de Fato","description":"Come\u00e7ou desde a zero hora de hoje a funcionar o primeiro ped\u00e1gio sem cancela de Minas Gerais.","robots":{"index":"index","follow":"follow","max-snippet":"max-snippet:-1","max-image-preview":"max-image-preview:large","max-video-preview":"max-video-preview:-1"},"canonical":"https:\/\/noticiasdefato.net\/?p=1291","og_locale":"pt_BR","og_type":"article","og_title":"MONTE SI\u00c3O: PED\u00c1GIO SEM CANCELA COME\u00c7OU HOJE - Not\u00edcias de Fato","og_description":"Come\u00e7ou desde a zero hora de hoje a funcionar o primeiro ped\u00e1gio sem cancela de Minas Gerais.","og_url":"https:\/\/noticiasdefato.net\/?p=1291","og_site_name":"Not\u00edcias de Fato","article_publisher":"https:\/\/fb.com\/noticiasdefato.jornal","article_author":"http:\/\/fb.com\/\/noticiasdefato.jornal","article_published_time":"2024-06-04T12:16:54+00:00","article_modified_time":"2024-06-27T15:06:09+00:00","og_image":[{"width":768,"height":576,"url":"https:\/\/noticiasdefato.net\/wp-content\/uploads\/2024\/06\/Imagem-do-WhatsApp-de-2024-06-04-as-07.22.37_a1ca4919.jpg","type":"image\/jpeg"}],"author":"Noticias de Fato","twitter_card":"summary_large_image","twitter_creator":"@https:\/\/twitter.com\/NoticiasDeFato_","twitter_site":"@noticiasdefato_","twitter_misc":{"Escrito por":"Noticias de Fato","Est. tempo de leitura":"3 minutos"},"schema":{"@context":"https:\/\/schema.org","@graph":[{"@type":"Article","@id":"https:\/\/noticiasdefato.net\/?p=1291#article","isPartOf":{"@id":"https:\/\/noticiasdefato.net\/?p=1291"},"author":{"name":"Noticias de Fato","@id":"https:\/\/noticiasdefato.net\/#\/schema\/person\/982ce60211d95acf059cd702aa260d08"},"headline":"MONTE SI\u00c3O: PED\u00c1GIO SEM CANCELA COME\u00c7OU HOJE","datePublished":"2024-06-04T12:16:54+00:00","dateModified":"2024-06-27T15:06:09+00:00","mainEntityOfPage":{"@id":"https:\/\/noticiasdefato.net\/?p=1291"},"wordCount":558,"commentCount":0,"publisher":{"@id":"https:\/\/noticiasdefato.net\/#organization"},"image":{"@id":"https:\/\/noticiasdefato.net\/?p=1291#primaryimage"},"thumbnailUrl":"https:\/\/noticiasdefato.net\/wp-content\/uploads\/2024\/06\/Imagem-do-WhatsApp-de-2024-06-04-as-07.22.37_a1ca4919.jpg","articleSection":["Geral"],"inLanguage":"pt-BR","potentialAction":[{"@type":"CommentAction","name":"Comment","target":["https:\/\/noticiasdefato.net\/?p=1291#respond"]}]},{"@type":"WebPage","@id":"https:\/\/noticiasdefato.net\/?p=1291","url":"https:\/\/noticiasdefato.net\/?p=1291","name":"MONTE SI\u00c3O: PED\u00c1GIO SEM CANCELA COME\u00c7OU HOJE - Not\u00edcias de Fato","isPartOf":{"@id":"https:\/\/noticiasdefato.net\/#website"},"primaryImageOfPage":{"@id":"https:\/\/noticiasdefato.net\/?p=1291#primaryimage"},"image":{"@id":"https:\/\/noticiasdefato.net\/?p=1291#primaryimage"},"thumbnailUrl":"https:\/\/noticiasdefato.net\/wp-content\/uploads\/2024\/06\/Imagem-do-WhatsApp-de-2024-06-04-as-07.22.37_a1ca4919.jpg","datePublished":"2024-06-04T12:16:54+00:00","dateModified":"2024-06-27T15:06:09+00:00","description":"Come\u00e7ou desde a zero hora de hoje a funcionar o primeiro ped\u00e1gio sem cancela de Minas Gerais.","breadcrumb":{"@id":"https:\/\/noticiasdefato.net\/?p=1291#breadcrumb"},"inLanguage":"pt-BR","potentialAction":[{"@type":"ReadAction","target":["https:\/\/noticiasdefato.net\/?p=1291"]}]},{"@type":"ImageObject","inLanguage":"pt-BR","@id":"https:\/\/noticiasdefato.net\/?p=1291#primaryimage","url":"https:\/\/noticiasdefato.net\/wp-content\/uploads\/2024\/06\/Imagem-do-WhatsApp-de-2024-06-04-as-07.22.37_a1ca4919.jpg","contentUrl":"https:\/\/noticiasdefato.net\/wp-content\/uploads\/2024\/06\/Imagem-do-WhatsApp-de-2024-06-04-as-07.22.37_a1ca4919.jpg","width":768,"height":576},{"@type":"BreadcrumbList","@id":"https:\/\/noticiasdefato.net\/?p=1291#breadcrumb","itemListElement":[{"@type":"ListItem","position":1,"name":"In\u00edcio","item":"https:\/\/noticiasdefato.net\/"},{"@type":"ListItem","position":2,"name":"MONTE SI\u00c3O: PED\u00c1GIO SEM CANCELA COME\u00c7OU HOJE"}]},{"@type":"WebSite","@id":"https:\/\/noticiasdefato.net\/#website","url":"https:\/\/noticiasdefato.net\/","name":"Not\u00edcias de Fato","description":"Trabalhamos com honestidade, seriedade e com a verdade.","publisher":{"@id":"https:\/\/noticiasdefato.net\/#organization"},"potentialAction":[{"@type":"SearchAction","target":{"@type":"EntryPoint","urlTemplate":"https:\/\/noticiasdefato.net\/?s={search_term_string}"},"query-input":"required name=search_term_string"}],"inLanguage":"pt-BR"},{"@type":"Organization","@id":"https:\/\/noticiasdefato.net\/#organization","name":"Not\u00edcias de Fato","url":"https:\/\/noticiasdefato.net\/","logo":{"@type":"ImageObject","inLanguage":"pt-BR","@id":"https:\/\/noticiasdefato.net\/#\/schema\/logo\/image\/","url":"https:\/\/noticiasdefato.net\/wp-content\/uploads\/2024\/02\/cropped-logo_topo.png","contentUrl":"https:\/\/noticiasdefato.net\/wp-content\/uploads\/2024\/02\/cropped-logo_topo.png","width":1948,"height":665,"caption":"Not\u00edcias de Fato"},"image":{"@id":"https:\/\/noticiasdefato.net\/#\/schema\/logo\/image\/"},"sameAs":["https:\/\/fb.com\/noticiasdefato.jornal","https:\/\/x.com\/noticiasdefato_","https:\/\/instagram.com\/noticiasdefato.jornal","https:\/\/youtube.com\/@JornalNoticiasDeFato"]},{"@type":"Person","@id":"https:\/\/noticiasdefato.net\/#\/schema\/person\/982ce60211d95acf059cd702aa260d08","name":"Noticias de Fato","image":{"@type":"ImageObject","inLanguage":"pt-BR","@id":"https:\/\/noticiasdefato.net\/#\/schema\/person\/image\/","url":"https:\/\/secure.gravatar.com\/avatar\/700227fab2316f0366a1b5d4988d10f847249cf13293450527ac9553c994611a?s=96&d=mm&r=g","contentUrl":"https:\/\/secure.gravatar.com\/avatar\/700227fab2316f0366a1b5d4988d10f847249cf13293450527ac9553c994611a?s=96&d=mm&r=g","caption":"Noticias de Fato"},"sameAs":["https:\/\/noticiasdefato.net","http:\/\/fb.com\/\/noticiasdefato.jornal","https:\/\/x.com\/https:\/\/twitter.com\/NoticiasDeFato_"],"url":"https:\/\/noticiasdefato.net\/?author=1"}]}},"_links":{"self":[{"href":"https:\/\/noticiasdefato.net\/index.php?rest_route=\/wp\/v2\/posts\/1291","targetHints":{"allow":["GET"]}}],"collection":[{"href":"https:\/\/noticiasdefato.net\/index.php?rest_route=\/wp\/v2\/posts"}],"about":[{"href":"https:\/\/noticiasdefato.net\/index.php?rest_route=\/wp\/v2\/types\/post"}],"author":[{"embeddable":true,"href":"https:\/\/noticiasdefato.net\/index.php?rest_route=\/wp\/v2\/users\/1"}],"replies":[{"embeddable":true,"href":"https:\/\/noticiasdefato.net\/index.php?rest_route=%2Fwp%2Fv2%2Fcomments&post=1291"}],"version-history":[{"count":1,"href":"https:\/\/noticiasdefato.net\/index.php?rest_route=\/wp\/v2\/posts\/1291\/revisions"}],"predecessor-version":[{"id":1293,"href":"https:\/\/noticiasdefato.net\/index.php?rest_route=\/wp\/v2\/posts\/1291\/revisions\/1293"}],"wp:featuredmedia":[{"embeddable":true,"href":"https:\/\/noticiasdefato.net\/index.php?rest_route=\/wp\/v2\/media\/1292"}],"wp:attachment":[{"href":"https:\/\/noticiasdefato.net\/index.php?rest_route=%2Fwp%2Fv2%2Fmedia&parent=1291"}],"wp:term":[{"taxonomy":"category","embeddable":true,"href":"https:\/\/noticiasdefato.net\/index.php?rest_route=%2Fwp%2Fv2%2Fcategories&post=1291"},{"taxonomy":"post_tag","embeddable":true,"href":"https:\/\/noticiasdefato.net\/index.php?rest_route=%2Fwp%2Fv2%2Ftags&post=1291"}],"curies":[{"name":"wp","href":"https:\/\/api.w.org\/{rel}","templated":true}]}}