{"id":1295,"date":"2024-06-05T19:46:00","date_gmt":"2024-06-05T22:46:00","guid":{"rendered":"https:\/\/noticiasdefato.net\/?p=1295"},"modified":"2024-06-27T12:06:14","modified_gmt":"2024-06-27T15:06:14","slug":"27a-expocafe-em-tres-pontas","status":"publish","type":"post","link":"https:\/\/noticiasdefato.net\/?p=1295","title":{"rendered":"27\u00aa EXPOCAF\u00c9 EM TR\u00caS PONTAS"},"content":{"rendered":"\n<p><em>Tem in\u00edcio a 27\u00aa EXPOCAF\u00c9, que este ano \u00e9 realizada pela Cocatrel. O evento ter\u00e1 o aeroporto de Tr\u00eas Pontas como sua nova sede.<\/em><\/p>\n\n\n\n<p>De 4 a 6 de junho, a feira estar\u00e1 aberta ao p\u00fablico em geral, e haver\u00e1 o Simp\u00f3sio de Mecaniza\u00e7\u00e3o da Lavoura Cafeeira, em parceria com a UFLA, como j\u00e1 \u00e9 tradi\u00e7\u00e3o da EXPOCAF\u00c9. Esta \u00e9 a oportunidade para todos os entusiastas e profissionais da cafeicultura terem acesso ao que h\u00e1 de mais novo no mercado.<\/p>\n\n\n\n<p>O evento \u00e9 considerado a mais tradicional feira voltada para as especificidades da cafeicultura brasileira.<br>Mais de cem empresas expositoras j\u00e1 est\u00e3o confirmadas e expectativa \u00e9 movimentar neg\u00f3cios, com a comercializa\u00e7\u00e3o de m\u00e1quinas e venda de insumos. A expectativa \u00e9 que cerca de 40 mil pessoas passem pela feira nos tr\u00eas dias de evento.<\/p>\n\n\n\n<p>No primeiro dia do evento acontecer\u00e1 a d\u00e9cima terceira edi\u00e7\u00e3o do Simp\u00f3sio de Mecaniza\u00e7\u00e3o da Lavoura Cafeeira que tem como tema \u201cA reduzida disponibilidade de \u2018Trabalhadores Rurais\u2019 e os recursos da Mecaniza\u00e7\u00e3o\u201d.<br>A novidade deste ano \u00e9 a realiza\u00e7\u00e3o do 7\u00ba Encontro Mineiro de Cafeicultoras, que acontece na quinta-feira (6), \u00faltimo dia do evento, a partir das 13h.<br>O evento ser\u00e1 totalmente gratuito e as palestras v\u00e3o abordar temas relevantes e atuais para a cafeicultura.<br>Confira os detalhes das palestras do Simp\u00f3sio:<\/p>\n\n\n\n<ul class=\"wp-block-list\">\n<li>14h \u2013 Prof. Dr. Fabio Moreira da Silva \u2013 UFLA. A Evolu\u00e7\u00e3o da Mecaniza\u00e7\u00e3o da Cafeicultura em 25 anos da EXPOCAF\u00c9.<\/li>\n\n\n\n<li>15h \u2013 Prof. Dr. Anderson R. Rocha \u2013 UNICAMP. Intelig\u00eancia Artificial, Perspectivas e desafios para o profissional do futuro.<\/li>\n\n\n\n<li>16h \u2013 Eng. Agr\u00f4nomo Dr. Fabr\u00edcio Teixeira Andrade \u2013 CNA. Estrat\u00e9gias de atratividade das futuras gera\u00e7\u00f5es de profissionais da cafeicultura.<\/li>\n\n\n\n<li>17h \u2013 Dr. Vanusia Nogueira \u2013 OIC. Disponibilidade de recursos humanos, um posicionamento global.<\/li>\n<\/ul>\n\n\n\n<p>A Expocaf\u00e9 acontece das 8h \u00e0s 17h. O aeroporto fica na Avenida Ypiranga, no bairro Santana. Para participar, basta levar o documento de identifica\u00e7\u00e3o e fazer o credenciamento no local.<\/p>\n\n\n\n<p><strong>FONTES:<\/strong><\/p>\n\n\n\n<p><a href=\"http:\/\/www.expocafeoficial.com.br\/?fbclid=IwZXh0bgNhZW0CMTEAAR3S6y2MNok3Q90pg2pwiPQJufZhOVq9vyr-VMk9w8RfmDm9f6lfm3kQn18_aem_AbbkpNZ4ba0hiyY62-CaTuF4Iy4k-RYG5uKbKuL3X8MVSJSSSVvL42H8Qpxo10XYBeKCOUWRmIojUgfhHO_EWoCi\">http:\/\/www.expocafeoficial.com.br\/?fbclid=IwZXh0bgNhZW0CMTEAAR3S6y2MNok3Q90pg2pwiPQJufZhOVq9vyr-VMk9w8RfmDm9f6lfm3kQn18_aem_AbbkpNZ4ba0hiyY62-CaTuF4Iy4k-RYG5uKbKuL3X8MVSJSSSVvL42H8Qpxo10XYBeKCOUWRmIojUgfhHO_EWoCi<\/a><\/p>\n\n\n\n<p><a href=\"https:\/\/g1.globo.com\/google\/amp\/mg\/sul-de-minas\/noticia\/2024\/06\/04\/com-mudanca-de-local-tres-pontas-recebe-durante-tres-dias-a-27a-edicao-da-expocafe.ghtml\">https:\/\/g1.globo.com\/google\/amp\/mg\/sul-de-minas\/noticia\/2024\/06\/04\/com-mudanca-de-local-tres-pontas-recebe-durante-tres-dias-a-27a-edicao-da-expocafe.ghtml<\/a><\/p>\n","protected":false},"excerpt":{"rendered":"<p>Tem in\u00edcio a 27\u00aa EXPOCAF\u00c9, que este ano \u00e9 realizada pela Cocatrel. O evento ter\u00e1 o aeroporto de Tr\u00eas Pontas como sua nova sede. <a href=\"https:\/\/noticiasdefato.net\/?p=1295\" class=\"more-link\">Continuar lendo <span class=\"screen-reader-text\">27\u00aa EXPOCAF\u00c9 EM TR\u00caS PONTAS<\/span><\/a><\/p>\n","protected":false},"author":1,"featured_media":1296,"comment_status":"open","ping_status":"open","sticky":false,"template":"","format":"standard","meta":{"footnotes":""},"categories":[1],"tags":[],"class_list":["post-1295","post","type-post","status-publish","format-standard","has-post-thumbnail","hentry","category-geral"],"yoast_head":"<!-- This site is optimized with the Yoast SEO plugin v23.2 - https:\/\/yoast.com\/wordpress\/plugins\/seo\/ -->\n<title>27\u00aa EXPOCAF\u00c9 EM TR\u00caS PONTAS - Not\u00edcias de Fato<\/title>\n<meta name=\"description\" content=\"Tem in\u00edcio a 27\u00aa EXPOCAF\u00c9, que este ano \u00e9 realizada pela Cocatrel. O evento ter\u00e1 o aeroporto de Tr\u00eas Pontas como sua nova sede.\" \/>\n<meta name=\"robots\" content=\"index, follow, max-snippet:-1, max-image-preview:large, max-video-preview:-1\" \/>\n<link rel=\"canonical\" href=\"https:\/\/noticiasdefato.net\/?p=1295\" \/>\n<meta property=\"og:locale\" content=\"pt_BR\" \/>\n<meta property=\"og:type\" content=\"article\" \/>\n<meta property=\"og:title\" content=\"27\u00aa EXPOCAF\u00c9 EM TR\u00caS PONTAS - Not\u00edcias de Fato\" \/>\n<meta property=\"og:description\" content=\"Tem in\u00edcio a 27\u00aa EXPOCAF\u00c9, que este ano \u00e9 realizada pela Cocatrel. O evento ter\u00e1 o aeroporto de Tr\u00eas Pontas como sua nova sede.\" \/>\n<meta property=\"og:url\" content=\"https:\/\/noticiasdefato.net\/?p=1295\" \/>\n<meta property=\"og:site_name\" content=\"Not\u00edcias de Fato\" \/>\n<meta property=\"article:publisher\" content=\"https:\/\/fb.com\/noticiasdefato.jornal\" \/>\n<meta property=\"article:author\" content=\"http:\/\/fb.com\/\/noticiasdefato.jornal\" \/>\n<meta property=\"article:published_time\" content=\"2024-06-05T22:46:00+00:00\" \/>\n<meta property=\"article:modified_time\" content=\"2024-06-27T15:06:14+00:00\" \/>\n<meta property=\"og:image\" content=\"https:\/\/noticiasdefato.net\/wp-content\/uploads\/2024\/06\/image-1.png\" \/>\n\t<meta property=\"og:image:width\" content=\"1080\" \/>\n\t<meta property=\"og:image:height\" content=\"1080\" \/>\n\t<meta property=\"og:image:type\" content=\"image\/png\" \/>\n<meta name=\"author\" content=\"Noticias de Fato\" \/>\n<meta name=\"twitter:card\" content=\"summary_large_image\" \/>\n<meta name=\"twitter:creator\" content=\"@https:\/\/twitter.com\/NoticiasDeFato_\" \/>\n<meta name=\"twitter:site\" content=\"@noticiasdefato_\" \/>\n<meta name=\"twitter:label1\" content=\"Escrito por\" \/>\n\t<meta name=\"twitter:data1\" content=\"Noticias de Fato\" \/>\n\t<meta name=\"twitter:label2\" content=\"Est. tempo de leitura\" \/>\n\t<meta name=\"twitter:data2\" content=\"2 minutos\" \/>\n<script type=\"application\/ld+json\" class=\"yoast-schema-graph\">{\"@context\":\"https:\/\/schema.org\",\"@graph\":[{\"@type\":\"Article\",\"@id\":\"https:\/\/noticiasdefato.net\/?p=1295#article\",\"isPartOf\":{\"@id\":\"https:\/\/noticiasdefato.net\/?p=1295\"},\"author\":{\"name\":\"Noticias de Fato\",\"@id\":\"https:\/\/noticiasdefato.net\/#\/schema\/person\/982ce60211d95acf059cd702aa260d08\"},\"headline\":\"27\u00aa EXPOCAF\u00c9 EM TR\u00caS PONTAS\",\"datePublished\":\"2024-06-05T22:46:00+00:00\",\"dateModified\":\"2024-06-27T15:06:14+00:00\",\"mainEntityOfPage\":{\"@id\":\"https:\/\/noticiasdefato.net\/?p=1295\"},\"wordCount\":378,\"commentCount\":0,\"publisher\":{\"@id\":\"https:\/\/noticiasdefato.net\/#organization\"},\"image\":{\"@id\":\"https:\/\/noticiasdefato.net\/?p=1295#primaryimage\"},\"thumbnailUrl\":\"https:\/\/noticiasdefato.net\/wp-content\/uploads\/2024\/06\/image-1.png\",\"articleSection\":[\"Geral\"],\"inLanguage\":\"pt-BR\",\"potentialAction\":[{\"@type\":\"CommentAction\",\"name\":\"Comment\",\"target\":[\"https:\/\/noticiasdefato.net\/?p=1295#respond\"]}]},{\"@type\":\"WebPage\",\"@id\":\"https:\/\/noticiasdefato.net\/?p=1295\",\"url\":\"https:\/\/noticiasdefato.net\/?p=1295\",\"name\":\"27\u00aa EXPOCAF\u00c9 EM TR\u00caS PONTAS - Not\u00edcias de Fato\",\"isPartOf\":{\"@id\":\"https:\/\/noticiasdefato.net\/#website\"},\"primaryImageOfPage\":{\"@id\":\"https:\/\/noticiasdefato.net\/?p=1295#primaryimage\"},\"image\":{\"@id\":\"https:\/\/noticiasdefato.net\/?p=1295#primaryimage\"},\"thumbnailUrl\":\"https:\/\/noticiasdefato.net\/wp-content\/uploads\/2024\/06\/image-1.png\",\"datePublished\":\"2024-06-05T22:46:00+00:00\",\"dateModified\":\"2024-06-27T15:06:14+00:00\",\"description\":\"Tem in\u00edcio a 27\u00aa EXPOCAF\u00c9, que este ano \u00e9 realizada pela Cocatrel. O evento ter\u00e1 o aeroporto de Tr\u00eas Pontas como sua nova sede.\",\"breadcrumb\":{\"@id\":\"https:\/\/noticiasdefato.net\/?p=1295#breadcrumb\"},\"inLanguage\":\"pt-BR\",\"potentialAction\":[{\"@type\":\"ReadAction\",\"target\":[\"https:\/\/noticiasdefato.net\/?p=1295\"]}]},{\"@type\":\"ImageObject\",\"inLanguage\":\"pt-BR\",\"@id\":\"https:\/\/noticiasdefato.net\/?p=1295#primaryimage\",\"url\":\"https:\/\/noticiasdefato.net\/wp-content\/uploads\/2024\/06\/image-1.png\",\"contentUrl\":\"https:\/\/noticiasdefato.net\/wp-content\/uploads\/2024\/06\/image-1.png\",\"width\":1080,\"height\":1080},{\"@type\":\"BreadcrumbList\",\"@id\":\"https:\/\/noticiasdefato.net\/?p=1295#breadcrumb\",\"itemListElement\":[{\"@type\":\"ListItem\",\"position\":1,\"name\":\"In\u00edcio\",\"item\":\"https:\/\/noticiasdefato.net\/\"},{\"@type\":\"ListItem\",\"position\":2,\"name\":\"27\u00aa EXPOCAF\u00c9 EM TR\u00caS PONTAS\"}]},{\"@type\":\"WebSite\",\"@id\":\"https:\/\/noticiasdefato.net\/#website\",\"url\":\"https:\/\/noticiasdefato.net\/\",\"name\":\"Not\u00edcias de Fato\",\"description\":\"Trabalhamos com honestidade, seriedade e com a verdade.\",\"publisher\":{\"@id\":\"https:\/\/noticiasdefato.net\/#organization\"},\"potentialAction\":[{\"@type\":\"SearchAction\",\"target\":{\"@type\":\"EntryPoint\",\"urlTemplate\":\"https:\/\/noticiasdefato.net\/?s={search_term_string}\"},\"query-input\":\"required name=search_term_string\"}],\"inLanguage\":\"pt-BR\"},{\"@type\":\"Organization\",\"@id\":\"https:\/\/noticiasdefato.net\/#organization\",\"name\":\"Not\u00edcias de Fato\",\"url\":\"https:\/\/noticiasdefato.net\/\",\"logo\":{\"@type\":\"ImageObject\",\"inLanguage\":\"pt-BR\",\"@id\":\"https:\/\/noticiasdefato.net\/#\/schema\/logo\/image\/\",\"url\":\"https:\/\/noticiasdefato.net\/wp-content\/uploads\/2024\/02\/cropped-logo_topo.png\",\"contentUrl\":\"https:\/\/noticiasdefato.net\/wp-content\/uploads\/2024\/02\/cropped-logo_topo.png\",\"width\":1948,\"height\":665,\"caption\":\"Not\u00edcias de Fato\"},\"image\":{\"@id\":\"https:\/\/noticiasdefato.net\/#\/schema\/logo\/image\/\"},\"sameAs\":[\"https:\/\/fb.com\/noticiasdefato.jornal\",\"https:\/\/x.com\/noticiasdefato_\",\"https:\/\/instagram.com\/noticiasdefato.jornal\",\"https:\/\/youtube.com\/@JornalNoticiasDeFato\"]},{\"@type\":\"Person\",\"@id\":\"https:\/\/noticiasdefato.net\/#\/schema\/person\/982ce60211d95acf059cd702aa260d08\",\"name\":\"Noticias de Fato\",\"image\":{\"@type\":\"ImageObject\",\"inLanguage\":\"pt-BR\",\"@id\":\"https:\/\/noticiasdefato.net\/#\/schema\/person\/image\/\",\"url\":\"https:\/\/secure.gravatar.com\/avatar\/700227fab2316f0366a1b5d4988d10f847249cf13293450527ac9553c994611a?s=96&d=mm&r=g\",\"contentUrl\":\"https:\/\/secure.gravatar.com\/avatar\/700227fab2316f0366a1b5d4988d10f847249cf13293450527ac9553c994611a?s=96&d=mm&r=g\",\"caption\":\"Noticias de Fato\"},\"sameAs\":[\"https:\/\/noticiasdefato.net\",\"http:\/\/fb.com\/\/noticiasdefato.jornal\",\"https:\/\/x.com\/https:\/\/twitter.com\/NoticiasDeFato_\"],\"url\":\"https:\/\/noticiasdefato.net\/?author=1\"}]}<\/script>\n<!-- \/ Yoast SEO plugin. -->","yoast_head_json":{"title":"27\u00aa EXPOCAF\u00c9 EM TR\u00caS PONTAS - Not\u00edcias de Fato","description":"Tem in\u00edcio a 27\u00aa EXPOCAF\u00c9, que este ano \u00e9 realizada pela Cocatrel. O evento ter\u00e1 o aeroporto de Tr\u00eas Pontas como sua nova sede.","robots":{"index":"index","follow":"follow","max-snippet":"max-snippet:-1","max-image-preview":"max-image-preview:large","max-video-preview":"max-video-preview:-1"},"canonical":"https:\/\/noticiasdefato.net\/?p=1295","og_locale":"pt_BR","og_type":"article","og_title":"27\u00aa EXPOCAF\u00c9 EM TR\u00caS PONTAS - Not\u00edcias de Fato","og_description":"Tem in\u00edcio a 27\u00aa EXPOCAF\u00c9, que este ano \u00e9 realizada pela Cocatrel. O evento ter\u00e1 o aeroporto de Tr\u00eas Pontas como sua nova sede.","og_url":"https:\/\/noticiasdefato.net\/?p=1295","og_site_name":"Not\u00edcias de Fato","article_publisher":"https:\/\/fb.com\/noticiasdefato.jornal","article_author":"http:\/\/fb.com\/\/noticiasdefato.jornal","article_published_time":"2024-06-05T22:46:00+00:00","article_modified_time":"2024-06-27T15:06:14+00:00","og_image":[{"width":1080,"height":1080,"url":"https:\/\/noticiasdefato.net\/wp-content\/uploads\/2024\/06\/image-1.png","type":"image\/png"}],"author":"Noticias de Fato","twitter_card":"summary_large_image","twitter_creator":"@https:\/\/twitter.com\/NoticiasDeFato_","twitter_site":"@noticiasdefato_","twitter_misc":{"Escrito por":"Noticias de Fato","Est. tempo de leitura":"2 minutos"},"schema":{"@context":"https:\/\/schema.org","@graph":[{"@type":"Article","@id":"https:\/\/noticiasdefato.net\/?p=1295#article","isPartOf":{"@id":"https:\/\/noticiasdefato.net\/?p=1295"},"author":{"name":"Noticias de Fato","@id":"https:\/\/noticiasdefato.net\/#\/schema\/person\/982ce60211d95acf059cd702aa260d08"},"headline":"27\u00aa EXPOCAF\u00c9 EM TR\u00caS PONTAS","datePublished":"2024-06-05T22:46:00+00:00","dateModified":"2024-06-27T15:06:14+00:00","mainEntityOfPage":{"@id":"https:\/\/noticiasdefato.net\/?p=1295"},"wordCount":378,"commentCount":0,"publisher":{"@id":"https:\/\/noticiasdefato.net\/#organization"},"image":{"@id":"https:\/\/noticiasdefato.net\/?p=1295#primaryimage"},"thumbnailUrl":"https:\/\/noticiasdefato.net\/wp-content\/uploads\/2024\/06\/image-1.png","articleSection":["Geral"],"inLanguage":"pt-BR","potentialAction":[{"@type":"CommentAction","name":"Comment","target":["https:\/\/noticiasdefato.net\/?p=1295#respond"]}]},{"@type":"WebPage","@id":"https:\/\/noticiasdefato.net\/?p=1295","url":"https:\/\/noticiasdefato.net\/?p=1295","name":"27\u00aa EXPOCAF\u00c9 EM TR\u00caS PONTAS - Not\u00edcias de Fato","isPartOf":{"@id":"https:\/\/noticiasdefato.net\/#website"},"primaryImageOfPage":{"@id":"https:\/\/noticiasdefato.net\/?p=1295#primaryimage"},"image":{"@id":"https:\/\/noticiasdefato.net\/?p=1295#primaryimage"},"thumbnailUrl":"https:\/\/noticiasdefato.net\/wp-content\/uploads\/2024\/06\/image-1.png","datePublished":"2024-06-05T22:46:00+00:00","dateModified":"2024-06-27T15:06:14+00:00","description":"Tem in\u00edcio a 27\u00aa EXPOCAF\u00c9, que este ano \u00e9 realizada pela Cocatrel. O evento ter\u00e1 o aeroporto de Tr\u00eas Pontas como sua nova sede.","breadcrumb":{"@id":"https:\/\/noticiasdefato.net\/?p=1295#breadcrumb"},"inLanguage":"pt-BR","potentialAction":[{"@type":"ReadAction","target":["https:\/\/noticiasdefato.net\/?p=1295"]}]},{"@type":"ImageObject","inLanguage":"pt-BR","@id":"https:\/\/noticiasdefato.net\/?p=1295#primaryimage","url":"https:\/\/noticiasdefato.net\/wp-content\/uploads\/2024\/06\/image-1.png","contentUrl":"https:\/\/noticiasdefato.net\/wp-content\/uploads\/2024\/06\/image-1.png","width":1080,"height":1080},{"@type":"BreadcrumbList","@id":"https:\/\/noticiasdefato.net\/?p=1295#breadcrumb","itemListElement":[{"@type":"ListItem","position":1,"name":"In\u00edcio","item":"https:\/\/noticiasdefato.net\/"},{"@type":"ListItem","position":2,"name":"27\u00aa EXPOCAF\u00c9 EM TR\u00caS PONTAS"}]},{"@type":"WebSite","@id":"https:\/\/noticiasdefato.net\/#website","url":"https:\/\/noticiasdefato.net\/","name":"Not\u00edcias de Fato","description":"Trabalhamos com honestidade, seriedade e com a verdade.","publisher":{"@id":"https:\/\/noticiasdefato.net\/#organization"},"potentialAction":[{"@type":"SearchAction","target":{"@type":"EntryPoint","urlTemplate":"https:\/\/noticiasdefato.net\/?s={search_term_string}"},"query-input":"required name=search_term_string"}],"inLanguage":"pt-BR"},{"@type":"Organization","@id":"https:\/\/noticiasdefato.net\/#organization","name":"Not\u00edcias de Fato","url":"https:\/\/noticiasdefato.net\/","logo":{"@type":"ImageObject","inLanguage":"pt-BR","@id":"https:\/\/noticiasdefato.net\/#\/schema\/logo\/image\/","url":"https:\/\/noticiasdefato.net\/wp-content\/uploads\/2024\/02\/cropped-logo_topo.png","contentUrl":"https:\/\/noticiasdefato.net\/wp-content\/uploads\/2024\/02\/cropped-logo_topo.png","width":1948,"height":665,"caption":"Not\u00edcias de Fato"},"image":{"@id":"https:\/\/noticiasdefato.net\/#\/schema\/logo\/image\/"},"sameAs":["https:\/\/fb.com\/noticiasdefato.jornal","https:\/\/x.com\/noticiasdefato_","https:\/\/instagram.com\/noticiasdefato.jornal","https:\/\/youtube.com\/@JornalNoticiasDeFato"]},{"@type":"Person","@id":"https:\/\/noticiasdefato.net\/#\/schema\/person\/982ce60211d95acf059cd702aa260d08","name":"Noticias de Fato","image":{"@type":"ImageObject","inLanguage":"pt-BR","@id":"https:\/\/noticiasdefato.net\/#\/schema\/person\/image\/","url":"https:\/\/secure.gravatar.com\/avatar\/700227fab2316f0366a1b5d4988d10f847249cf13293450527ac9553c994611a?s=96&d=mm&r=g","contentUrl":"https:\/\/secure.gravatar.com\/avatar\/700227fab2316f0366a1b5d4988d10f847249cf13293450527ac9553c994611a?s=96&d=mm&r=g","caption":"Noticias de Fato"},"sameAs":["https:\/\/noticiasdefato.net","http:\/\/fb.com\/\/noticiasdefato.jornal","https:\/\/x.com\/https:\/\/twitter.com\/NoticiasDeFato_"],"url":"https:\/\/noticiasdefato.net\/?author=1"}]}},"_links":{"self":[{"href":"https:\/\/noticiasdefato.net\/index.php?rest_route=\/wp\/v2\/posts\/1295","targetHints":{"allow":["GET"]}}],"collection":[{"href":"https:\/\/noticiasdefato.net\/index.php?rest_route=\/wp\/v2\/posts"}],"about":[{"href":"https:\/\/noticiasdefato.net\/index.php?rest_route=\/wp\/v2\/types\/post"}],"author":[{"embeddable":true,"href":"https:\/\/noticiasdefato.net\/index.php?rest_route=\/wp\/v2\/users\/1"}],"replies":[{"embeddable":true,"href":"https:\/\/noticiasdefato.net\/index.php?rest_route=%2Fwp%2Fv2%2Fcomments&post=1295"}],"version-history":[{"count":1,"href":"https:\/\/noticiasdefato.net\/index.php?rest_route=\/wp\/v2\/posts\/1295\/revisions"}],"predecessor-version":[{"id":1297,"href":"https:\/\/noticiasdefato.net\/index.php?rest_route=\/wp\/v2\/posts\/1295\/revisions\/1297"}],"wp:featuredmedia":[{"embeddable":true,"href":"https:\/\/noticiasdefato.net\/index.php?rest_route=\/wp\/v2\/media\/1296"}],"wp:attachment":[{"href":"https:\/\/noticiasdefato.net\/index.php?rest_route=%2Fwp%2Fv2%2Fmedia&parent=1295"}],"wp:term":[{"taxonomy":"category","embeddable":true,"href":"https:\/\/noticiasdefato.net\/index.php?rest_route=%2Fwp%2Fv2%2Fcategories&post=1295"},{"taxonomy":"post_tag","embeddable":true,"href":"https:\/\/noticiasdefato.net\/index.php?rest_route=%2Fwp%2Fv2%2Ftags&post=1295"}],"curies":[{"name":"wp","href":"https:\/\/api.w.org\/{rel}","templated":true}]}}