{"id":1306,"date":"2024-06-07T00:21:21","date_gmt":"2024-06-07T03:21:21","guid":{"rendered":"https:\/\/noticiasdefato.net\/?p=1306"},"modified":"2024-06-27T12:05:19","modified_gmt":"2024-06-27T15:05:19","slug":"internos-transferidos-de-alfenas-denunciam-maus-tratos","status":"publish","type":"post","link":"https:\/\/noticiasdefato.net\/?p=1306","title":{"rendered":"INTERNOS, TRANSFERIDOS DE ALFENAS, DENUNCIAM MAUS TRATOS"},"content":{"rendered":"\n<p><em>Pacientes da PROESC s\u00e3o transferidos para Machado e denunciam at\u00e9 tortura em centro terap\u00eautico.<\/em><\/p>\n\n\n\n<p>Depois das den\u00fancias de desvios de recursos e do fechamento da Cl\u00ednica Projeto Esperan\u00e7a em Cristo Jesus, a PROESC de Alfenas, os pacientes que eram internos da cl\u00ednica foram transferidos para o Centro Terap\u00eautico Caminho de Luz, em Machado, onde denunciam terem sofrido maus-tratos e at\u00e9 tortura na nova cl\u00ednica.<\/p>\n\n\n\n<p>A reda\u00e7\u00e3o do Jornal Not\u00edcias de Fato &#8211; JNF recebeu, na noite do dia 06, v\u00eddeo e fotos dos internos e dos dirigentes do Centro Terap\u00eautico de Machado, dentro da Delegacia de Pol\u00edcia Civil de Machado, onde prestaram depoimentos durante toda a tarde e a noite.<\/p>\n\n\n\n<figure class=\"wp-block-embed is-type-video is-provider-youtube wp-block-embed-youtube wp-embed-aspect-16-9 wp-has-aspect-ratio\"><div class=\"wp-block-embed__wrapper\">\n<iframe title=\"INTERNOS, TRANSFERIDOS DE ALFENAS, DENUNCIAM MAUS TRATOS\" width=\"720\" height=\"405\" src=\"https:\/\/www.youtube.com\/embed\/547klwc34hI?feature=oembed\" frameborder=\"0\" allow=\"accelerometer; autoplay; clipboard-write; encrypted-media; gyroscope; picture-in-picture; web-share\" referrerpolicy=\"strict-origin-when-cross-origin\" allowfullscreen><\/iframe>\n<\/div><\/figure>\n\n\n\n<p>Uma mulher de Alfenas, D. O, conta que seu filho era interno da PROESC desde mar\u00e7o deste ano, mas que depois das den\u00fancias de desvios de dinheiro e do fechamento da PROESC pelo Minist\u00e9rio P\u00fablico, no dia 24 de maio, o filho foi transferido, compulsoriamente, para o Centro Terap\u00eautico de Machado.<\/p>\n\n\n\n<p>Segundo ela, os propriet\u00e1rios do Centro Terap\u00eautico de Machado alegam que \u201ca prefeitura de Alfenas n\u00e3o fez repasses para a transfer\u00eancia dos internos.\u201d<\/p>\n\n\n\n<p>Ela tamb\u00e9m conta que na cl\u00ednica de Machado, os internos n\u00e3o estavam recebendo<br>medicamentos de forma correta e que o filho apresentava ferimentos no corpo.<\/p>\n\n\n\n<p>Um Boletim de Ocorr\u00eancia relata que, no dia 06, a Pol\u00edcia Militar acompanhou os trabalhos da promotoria de Machado e da Vigil\u00e2ncia Sanit\u00e1ria para fiscalizar o Centro Terap\u00eautico Caminho de Luz, naquela cidade. L\u00e1, foram constatadas irregularidades sanit\u00e1rias, encontradas caixas de medicamentos controlados sem receitas m\u00e9dicas, blocos de receitas m\u00e9dicas em branco e outros apenas com carimbos do m\u00e9dico; al\u00e9m de objetos que, segundo os pacientes, eram usados para tortura.<\/p>\n\n\n\n<p>Em seus depoimentos, os pacientes de Alfenas relatam que, com o fechamento da PROESC, foram avisados de que seriam liberados para voltarem para suas casas, no entanto, isto n\u00e3o aconteceu e no dia 31 de maio, foram levados, compulsoriamente, para o Centro Terap\u00eautico de Machado.<\/p>\n\n\n\n<p>Os internos alegam que eram for\u00e7ados a tomarem rem\u00e9dios e que tamb\u00e9m eram levados para uma sala onde eram torturados. Ao tentarem fugir, muitos eram imobilizados e recebiam inje\u00e7\u00f5es com medicamentos para ficarem sedados, por uma enfermeira ou por qualquer outro funcion\u00e1rio.<\/p>\n\n\n\n<p>Funcion\u00e1rios e gerentes foram acusados de tortura f\u00edsica e psicol\u00f3gica.<\/p>\n\n\n\n<p>Ao perceber os relatos dos internos perante os PMs, um dos funcion\u00e1rios, que seria o gerente da cl\u00ednica, tentou fugir, mas foi pego pelos militares na rodovia de acesso \u00e0 Po\u00e7os de Caldas. Com ele havia: 11 folhas de cheque, um envelope contendo R$ 84 mil reais e comprovante de dep\u00f3sito banc\u00e1rio no valor de 16 mil reais em sua conta.<\/p>\n\n\n\n<p>Al\u00e9m disso, foram apreendidos pastas e documentos no local.<\/p>\n\n\n\n<p>Todos os funcion\u00e1rios e dirigentes do Centro Terap\u00eautico foram levados para a delegacia de Machado.<\/p>\n\n\n\n<p>Deixamos claro que, diante destas den\u00fancias que recebemos e dos relatos do Boletim de Ocorr\u00eancia, estamos abertos e aguardamos o pronunciamento do Prefeito de Alfenas, F\u00e1bio Marques Flor\u00eancio sobre estes fatos.<\/p>\n\n\n\n<p>Aguardamos respostas para os seguintes questionamentos:<\/p>\n\n\n\n<p>Quantos internos foram transferidos da PROESC de Alfenas?<\/p>\n\n\n\n<p>Como fica a situa\u00e7\u00e3o dos mesmos agora, depois destas den\u00fancias?<\/p>\n\n\n\n<p>Quais medidas ser\u00e3o adotadas em Alfenas sobre \u00e1lcool e drogas?<\/p>\n","protected":false},"excerpt":{"rendered":"<p>Pacientes da PROESC s\u00e3o transferidos para Machado e denunciam at\u00e9 tortura em centro terap\u00eautico. <a href=\"https:\/\/noticiasdefato.net\/?p=1306\" class=\"more-link\">Continuar lendo <span class=\"screen-reader-text\">INTERNOS, TRANSFERIDOS DE ALFENAS, DENUNCIAM MAUS TRATOS<\/span><\/a><\/p>\n","protected":false},"author":1,"featured_media":1307,"comment_status":"open","ping_status":"open","sticky":false,"template":"","format":"standard","meta":{"footnotes":""},"categories":[25],"tags":[],"class_list":["post-1306","post","type-post","status-publish","format-standard","has-post-thumbnail","hentry","category-policial"],"yoast_head":"<!-- This site is optimized with the Yoast SEO plugin v23.2 - https:\/\/yoast.com\/wordpress\/plugins\/seo\/ -->\n<title>INTERNOS, TRANSFERIDOS DE ALFENAS, DENUNCIAM MAUS TRATOS - Not\u00edcias de Fato<\/title>\n<meta name=\"description\" content=\"Pacientes da PROESC s\u00e3o transferidos para Machado e denunciam at\u00e9 tortura em centro terap\u00eautico.\" \/>\n<meta name=\"robots\" content=\"index, follow, max-snippet:-1, max-image-preview:large, max-video-preview:-1\" \/>\n<link rel=\"canonical\" href=\"https:\/\/noticiasdefato.net\/?p=1306\" \/>\n<meta property=\"og:locale\" content=\"pt_BR\" \/>\n<meta property=\"og:type\" content=\"article\" \/>\n<meta property=\"og:title\" content=\"INTERNOS, TRANSFERIDOS DE ALFENAS, DENUNCIAM MAUS TRATOS - Not\u00edcias de Fato\" \/>\n<meta property=\"og:description\" content=\"Pacientes da PROESC s\u00e3o transferidos para Machado e denunciam at\u00e9 tortura em centro terap\u00eautico.\" \/>\n<meta property=\"og:url\" content=\"https:\/\/noticiasdefato.net\/?p=1306\" \/>\n<meta property=\"og:site_name\" content=\"Not\u00edcias de Fato\" \/>\n<meta property=\"article:publisher\" content=\"https:\/\/fb.com\/noticiasdefato.jornal\" \/>\n<meta property=\"article:author\" content=\"http:\/\/fb.com\/\/noticiasdefato.jornal\" \/>\n<meta property=\"article:published_time\" content=\"2024-06-07T03:21:21+00:00\" \/>\n<meta property=\"article:modified_time\" content=\"2024-06-27T15:05:19+00:00\" \/>\n<meta property=\"og:image\" content=\"https:\/\/noticiasdefato.net\/wp-content\/uploads\/2024\/06\/image-4.png\" \/>\n\t<meta property=\"og:image:width\" content=\"1121\" \/>\n\t<meta property=\"og:image:height\" content=\"510\" \/>\n\t<meta property=\"og:image:type\" content=\"image\/png\" \/>\n<meta name=\"author\" content=\"Noticias de Fato\" \/>\n<meta name=\"twitter:card\" content=\"summary_large_image\" \/>\n<meta name=\"twitter:creator\" content=\"@https:\/\/twitter.com\/NoticiasDeFato_\" \/>\n<meta name=\"twitter:site\" content=\"@noticiasdefato_\" \/>\n<meta name=\"twitter:label1\" content=\"Escrito por\" \/>\n\t<meta name=\"twitter:data1\" content=\"Noticias de Fato\" \/>\n\t<meta name=\"twitter:label2\" content=\"Est. tempo de leitura\" \/>\n\t<meta name=\"twitter:data2\" content=\"4 minutos\" \/>\n<script type=\"application\/ld+json\" class=\"yoast-schema-graph\">{\"@context\":\"https:\/\/schema.org\",\"@graph\":[{\"@type\":\"Article\",\"@id\":\"https:\/\/noticiasdefato.net\/?p=1306#article\",\"isPartOf\":{\"@id\":\"https:\/\/noticiasdefato.net\/?p=1306\"},\"author\":{\"name\":\"Noticias de Fato\",\"@id\":\"https:\/\/noticiasdefato.net\/#\/schema\/person\/982ce60211d95acf059cd702aa260d08\"},\"headline\":\"INTERNOS, TRANSFERIDOS DE ALFENAS, DENUNCIAM MAUS TRATOS\",\"datePublished\":\"2024-06-07T03:21:21+00:00\",\"dateModified\":\"2024-06-27T15:05:19+00:00\",\"mainEntityOfPage\":{\"@id\":\"https:\/\/noticiasdefato.net\/?p=1306\"},\"wordCount\":592,\"commentCount\":1,\"publisher\":{\"@id\":\"https:\/\/noticiasdefato.net\/#organization\"},\"image\":{\"@id\":\"https:\/\/noticiasdefato.net\/?p=1306#primaryimage\"},\"thumbnailUrl\":\"https:\/\/noticiasdefato.net\/wp-content\/uploads\/2024\/06\/image-4.png\",\"articleSection\":[\"Policial\"],\"inLanguage\":\"pt-BR\",\"potentialAction\":[{\"@type\":\"CommentAction\",\"name\":\"Comment\",\"target\":[\"https:\/\/noticiasdefato.net\/?p=1306#respond\"]}]},{\"@type\":\"WebPage\",\"@id\":\"https:\/\/noticiasdefato.net\/?p=1306\",\"url\":\"https:\/\/noticiasdefato.net\/?p=1306\",\"name\":\"INTERNOS, TRANSFERIDOS DE ALFENAS, DENUNCIAM MAUS TRATOS - Not\u00edcias de Fato\",\"isPartOf\":{\"@id\":\"https:\/\/noticiasdefato.net\/#website\"},\"primaryImageOfPage\":{\"@id\":\"https:\/\/noticiasdefato.net\/?p=1306#primaryimage\"},\"image\":{\"@id\":\"https:\/\/noticiasdefato.net\/?p=1306#primaryimage\"},\"thumbnailUrl\":\"https:\/\/noticiasdefato.net\/wp-content\/uploads\/2024\/06\/image-4.png\",\"datePublished\":\"2024-06-07T03:21:21+00:00\",\"dateModified\":\"2024-06-27T15:05:19+00:00\",\"description\":\"Pacientes da PROESC s\u00e3o transferidos para Machado e denunciam at\u00e9 tortura em centro terap\u00eautico.\",\"breadcrumb\":{\"@id\":\"https:\/\/noticiasdefato.net\/?p=1306#breadcrumb\"},\"inLanguage\":\"pt-BR\",\"potentialAction\":[{\"@type\":\"ReadAction\",\"target\":[\"https:\/\/noticiasdefato.net\/?p=1306\"]}]},{\"@type\":\"ImageObject\",\"inLanguage\":\"pt-BR\",\"@id\":\"https:\/\/noticiasdefato.net\/?p=1306#primaryimage\",\"url\":\"https:\/\/noticiasdefato.net\/wp-content\/uploads\/2024\/06\/image-4.png\",\"contentUrl\":\"https:\/\/noticiasdefato.net\/wp-content\/uploads\/2024\/06\/image-4.png\",\"width\":1121,\"height\":510},{\"@type\":\"BreadcrumbList\",\"@id\":\"https:\/\/noticiasdefato.net\/?p=1306#breadcrumb\",\"itemListElement\":[{\"@type\":\"ListItem\",\"position\":1,\"name\":\"In\u00edcio\",\"item\":\"https:\/\/noticiasdefato.net\/\"},{\"@type\":\"ListItem\",\"position\":2,\"name\":\"INTERNOS, TRANSFERIDOS DE ALFENAS, DENUNCIAM MAUS TRATOS\"}]},{\"@type\":\"WebSite\",\"@id\":\"https:\/\/noticiasdefato.net\/#website\",\"url\":\"https:\/\/noticiasdefato.net\/\",\"name\":\"Not\u00edcias de Fato\",\"description\":\"Trabalhamos com honestidade, seriedade e com a verdade.\",\"publisher\":{\"@id\":\"https:\/\/noticiasdefato.net\/#organization\"},\"potentialAction\":[{\"@type\":\"SearchAction\",\"target\":{\"@type\":\"EntryPoint\",\"urlTemplate\":\"https:\/\/noticiasdefato.net\/?s={search_term_string}\"},\"query-input\":\"required name=search_term_string\"}],\"inLanguage\":\"pt-BR\"},{\"@type\":\"Organization\",\"@id\":\"https:\/\/noticiasdefato.net\/#organization\",\"name\":\"Not\u00edcias de Fato\",\"url\":\"https:\/\/noticiasdefato.net\/\",\"logo\":{\"@type\":\"ImageObject\",\"inLanguage\":\"pt-BR\",\"@id\":\"https:\/\/noticiasdefato.net\/#\/schema\/logo\/image\/\",\"url\":\"https:\/\/noticiasdefato.net\/wp-content\/uploads\/2024\/02\/cropped-logo_topo.png\",\"contentUrl\":\"https:\/\/noticiasdefato.net\/wp-content\/uploads\/2024\/02\/cropped-logo_topo.png\",\"width\":1948,\"height\":665,\"caption\":\"Not\u00edcias de Fato\"},\"image\":{\"@id\":\"https:\/\/noticiasdefato.net\/#\/schema\/logo\/image\/\"},\"sameAs\":[\"https:\/\/fb.com\/noticiasdefato.jornal\",\"https:\/\/x.com\/noticiasdefato_\",\"https:\/\/instagram.com\/noticiasdefato.jornal\",\"https:\/\/youtube.com\/@JornalNoticiasDeFato\"]},{\"@type\":\"Person\",\"@id\":\"https:\/\/noticiasdefato.net\/#\/schema\/person\/982ce60211d95acf059cd702aa260d08\",\"name\":\"Noticias de Fato\",\"image\":{\"@type\":\"ImageObject\",\"inLanguage\":\"pt-BR\",\"@id\":\"https:\/\/noticiasdefato.net\/#\/schema\/person\/image\/\",\"url\":\"https:\/\/secure.gravatar.com\/avatar\/700227fab2316f0366a1b5d4988d10f847249cf13293450527ac9553c994611a?s=96&d=mm&r=g\",\"contentUrl\":\"https:\/\/secure.gravatar.com\/avatar\/700227fab2316f0366a1b5d4988d10f847249cf13293450527ac9553c994611a?s=96&d=mm&r=g\",\"caption\":\"Noticias de Fato\"},\"sameAs\":[\"https:\/\/noticiasdefato.net\",\"http:\/\/fb.com\/\/noticiasdefato.jornal\",\"https:\/\/x.com\/https:\/\/twitter.com\/NoticiasDeFato_\"],\"url\":\"https:\/\/noticiasdefato.net\/?author=1\"}]}<\/script>\n<!-- \/ Yoast SEO plugin. -->","yoast_head_json":{"title":"INTERNOS, TRANSFERIDOS DE ALFENAS, DENUNCIAM MAUS TRATOS - Not\u00edcias de Fato","description":"Pacientes da PROESC s\u00e3o transferidos para Machado e denunciam at\u00e9 tortura em centro terap\u00eautico.","robots":{"index":"index","follow":"follow","max-snippet":"max-snippet:-1","max-image-preview":"max-image-preview:large","max-video-preview":"max-video-preview:-1"},"canonical":"https:\/\/noticiasdefato.net\/?p=1306","og_locale":"pt_BR","og_type":"article","og_title":"INTERNOS, TRANSFERIDOS DE ALFENAS, DENUNCIAM MAUS TRATOS - Not\u00edcias de Fato","og_description":"Pacientes da PROESC s\u00e3o transferidos para Machado e denunciam at\u00e9 tortura em centro terap\u00eautico.","og_url":"https:\/\/noticiasdefato.net\/?p=1306","og_site_name":"Not\u00edcias de Fato","article_publisher":"https:\/\/fb.com\/noticiasdefato.jornal","article_author":"http:\/\/fb.com\/\/noticiasdefato.jornal","article_published_time":"2024-06-07T03:21:21+00:00","article_modified_time":"2024-06-27T15:05:19+00:00","og_image":[{"width":1121,"height":510,"url":"https:\/\/noticiasdefato.net\/wp-content\/uploads\/2024\/06\/image-4.png","type":"image\/png"}],"author":"Noticias de Fato","twitter_card":"summary_large_image","twitter_creator":"@https:\/\/twitter.com\/NoticiasDeFato_","twitter_site":"@noticiasdefato_","twitter_misc":{"Escrito por":"Noticias de Fato","Est. tempo de leitura":"4 minutos"},"schema":{"@context":"https:\/\/schema.org","@graph":[{"@type":"Article","@id":"https:\/\/noticiasdefato.net\/?p=1306#article","isPartOf":{"@id":"https:\/\/noticiasdefato.net\/?p=1306"},"author":{"name":"Noticias de Fato","@id":"https:\/\/noticiasdefato.net\/#\/schema\/person\/982ce60211d95acf059cd702aa260d08"},"headline":"INTERNOS, TRANSFERIDOS DE ALFENAS, DENUNCIAM MAUS TRATOS","datePublished":"2024-06-07T03:21:21+00:00","dateModified":"2024-06-27T15:05:19+00:00","mainEntityOfPage":{"@id":"https:\/\/noticiasdefato.net\/?p=1306"},"wordCount":592,"commentCount":1,"publisher":{"@id":"https:\/\/noticiasdefato.net\/#organization"},"image":{"@id":"https:\/\/noticiasdefato.net\/?p=1306#primaryimage"},"thumbnailUrl":"https:\/\/noticiasdefato.net\/wp-content\/uploads\/2024\/06\/image-4.png","articleSection":["Policial"],"inLanguage":"pt-BR","potentialAction":[{"@type":"CommentAction","name":"Comment","target":["https:\/\/noticiasdefato.net\/?p=1306#respond"]}]},{"@type":"WebPage","@id":"https:\/\/noticiasdefato.net\/?p=1306","url":"https:\/\/noticiasdefato.net\/?p=1306","name":"INTERNOS, TRANSFERIDOS DE ALFENAS, DENUNCIAM MAUS TRATOS - Not\u00edcias de Fato","isPartOf":{"@id":"https:\/\/noticiasdefato.net\/#website"},"primaryImageOfPage":{"@id":"https:\/\/noticiasdefato.net\/?p=1306#primaryimage"},"image":{"@id":"https:\/\/noticiasdefato.net\/?p=1306#primaryimage"},"thumbnailUrl":"https:\/\/noticiasdefato.net\/wp-content\/uploads\/2024\/06\/image-4.png","datePublished":"2024-06-07T03:21:21+00:00","dateModified":"2024-06-27T15:05:19+00:00","description":"Pacientes da PROESC s\u00e3o transferidos para Machado e denunciam at\u00e9 tortura em centro terap\u00eautico.","breadcrumb":{"@id":"https:\/\/noticiasdefato.net\/?p=1306#breadcrumb"},"inLanguage":"pt-BR","potentialAction":[{"@type":"ReadAction","target":["https:\/\/noticiasdefato.net\/?p=1306"]}]},{"@type":"ImageObject","inLanguage":"pt-BR","@id":"https:\/\/noticiasdefato.net\/?p=1306#primaryimage","url":"https:\/\/noticiasdefato.net\/wp-content\/uploads\/2024\/06\/image-4.png","contentUrl":"https:\/\/noticiasdefato.net\/wp-content\/uploads\/2024\/06\/image-4.png","width":1121,"height":510},{"@type":"BreadcrumbList","@id":"https:\/\/noticiasdefato.net\/?p=1306#breadcrumb","itemListElement":[{"@type":"ListItem","position":1,"name":"In\u00edcio","item":"https:\/\/noticiasdefato.net\/"},{"@type":"ListItem","position":2,"name":"INTERNOS, TRANSFERIDOS DE ALFENAS, DENUNCIAM MAUS TRATOS"}]},{"@type":"WebSite","@id":"https:\/\/noticiasdefato.net\/#website","url":"https:\/\/noticiasdefato.net\/","name":"Not\u00edcias de Fato","description":"Trabalhamos com honestidade, seriedade e com a verdade.","publisher":{"@id":"https:\/\/noticiasdefato.net\/#organization"},"potentialAction":[{"@type":"SearchAction","target":{"@type":"EntryPoint","urlTemplate":"https:\/\/noticiasdefato.net\/?s={search_term_string}"},"query-input":"required name=search_term_string"}],"inLanguage":"pt-BR"},{"@type":"Organization","@id":"https:\/\/noticiasdefato.net\/#organization","name":"Not\u00edcias de Fato","url":"https:\/\/noticiasdefato.net\/","logo":{"@type":"ImageObject","inLanguage":"pt-BR","@id":"https:\/\/noticiasdefato.net\/#\/schema\/logo\/image\/","url":"https:\/\/noticiasdefato.net\/wp-content\/uploads\/2024\/02\/cropped-logo_topo.png","contentUrl":"https:\/\/noticiasdefato.net\/wp-content\/uploads\/2024\/02\/cropped-logo_topo.png","width":1948,"height":665,"caption":"Not\u00edcias de Fato"},"image":{"@id":"https:\/\/noticiasdefato.net\/#\/schema\/logo\/image\/"},"sameAs":["https:\/\/fb.com\/noticiasdefato.jornal","https:\/\/x.com\/noticiasdefato_","https:\/\/instagram.com\/noticiasdefato.jornal","https:\/\/youtube.com\/@JornalNoticiasDeFato"]},{"@type":"Person","@id":"https:\/\/noticiasdefato.net\/#\/schema\/person\/982ce60211d95acf059cd702aa260d08","name":"Noticias de Fato","image":{"@type":"ImageObject","inLanguage":"pt-BR","@id":"https:\/\/noticiasdefato.net\/#\/schema\/person\/image\/","url":"https:\/\/secure.gravatar.com\/avatar\/700227fab2316f0366a1b5d4988d10f847249cf13293450527ac9553c994611a?s=96&d=mm&r=g","contentUrl":"https:\/\/secure.gravatar.com\/avatar\/700227fab2316f0366a1b5d4988d10f847249cf13293450527ac9553c994611a?s=96&d=mm&r=g","caption":"Noticias de Fato"},"sameAs":["https:\/\/noticiasdefato.net","http:\/\/fb.com\/\/noticiasdefato.jornal","https:\/\/x.com\/https:\/\/twitter.com\/NoticiasDeFato_"],"url":"https:\/\/noticiasdefato.net\/?author=1"}]}},"_links":{"self":[{"href":"https:\/\/noticiasdefato.net\/index.php?rest_route=\/wp\/v2\/posts\/1306","targetHints":{"allow":["GET"]}}],"collection":[{"href":"https:\/\/noticiasdefato.net\/index.php?rest_route=\/wp\/v2\/posts"}],"about":[{"href":"https:\/\/noticiasdefato.net\/index.php?rest_route=\/wp\/v2\/types\/post"}],"author":[{"embeddable":true,"href":"https:\/\/noticiasdefato.net\/index.php?rest_route=\/wp\/v2\/users\/1"}],"replies":[{"embeddable":true,"href":"https:\/\/noticiasdefato.net\/index.php?rest_route=%2Fwp%2Fv2%2Fcomments&post=1306"}],"version-history":[{"count":1,"href":"https:\/\/noticiasdefato.net\/index.php?rest_route=\/wp\/v2\/posts\/1306\/revisions"}],"predecessor-version":[{"id":1308,"href":"https:\/\/noticiasdefato.net\/index.php?rest_route=\/wp\/v2\/posts\/1306\/revisions\/1308"}],"wp:featuredmedia":[{"embeddable":true,"href":"https:\/\/noticiasdefato.net\/index.php?rest_route=\/wp\/v2\/media\/1307"}],"wp:attachment":[{"href":"https:\/\/noticiasdefato.net\/index.php?rest_route=%2Fwp%2Fv2%2Fmedia&parent=1306"}],"wp:term":[{"taxonomy":"category","embeddable":true,"href":"https:\/\/noticiasdefato.net\/index.php?rest_route=%2Fwp%2Fv2%2Fcategories&post=1306"},{"taxonomy":"post_tag","embeddable":true,"href":"https:\/\/noticiasdefato.net\/index.php?rest_route=%2Fwp%2Fv2%2Ftags&post=1306"}],"curies":[{"name":"wp","href":"https:\/\/api.w.org\/{rel}","templated":true}]}}