{"id":1309,"date":"2024-06-11T09:10:41","date_gmt":"2024-06-11T12:10:41","guid":{"rendered":"https:\/\/noticiasdefato.net\/?p=1309"},"modified":"2024-07-01T14:45:21","modified_gmt":"2024-07-01T17:45:21","slug":"dengue-alfenas-e-a-segunda-cidade-com-mais-mortes","status":"publish","type":"post","link":"https:\/\/noticiasdefato.net\/?p=1309","title":{"rendered":"DENGUE: ALFENAS \u00c9 A SEGUNDA CIDADE COM MAIS MORTES"},"content":{"rendered":"\n<p><em>Em Alfenas j\u00e1 s\u00e3o 18 mortes pela doen\u00e7a.<\/em><\/p>\n\n\n<div class=\"wp-block-image\">\n<figure class=\"aligncenter size-full is-resized\"><img fetchpriority=\"high\" decoding=\"async\" width=\"750\" height=\"672\" src=\"https:\/\/noticiasdefato.net\/wp-content\/uploads\/2024\/06\/Imagem-do-WhatsApp-de-2024-06-11-as-08.51.59_f32f2ed5.jpg\" alt=\"\" class=\"wp-image-1310\" style=\"width:449px;height:auto\" srcset=\"https:\/\/noticiasdefato.net\/wp-content\/uploads\/2024\/06\/Imagem-do-WhatsApp-de-2024-06-11-as-08.51.59_f32f2ed5.jpg 750w, https:\/\/noticiasdefato.net\/wp-content\/uploads\/2024\/06\/Imagem-do-WhatsApp-de-2024-06-11-as-08.51.59_f32f2ed5-300x269.jpg 300w, https:\/\/noticiasdefato.net\/wp-content\/uploads\/2024\/06\/Imagem-do-WhatsApp-de-2024-06-11-as-08.51.59_f32f2ed5-100x90.jpg 100w\" sizes=\"(max-width: 750px) 100vw, 750px\" \/><\/figure>\n<\/div>\n\n\n<p>Dados divulgados pela Secretaria de Estado de Sa\u00fade (SES-MG) no Sul de Minas, e atualizados ontem, segunda-feira (10), apontam que houve 18 mortes por Dengue em Alfenas.<\/p>\n\n\n\n<p>A regi\u00e3o teve, nesta semana, +6 mortes confirmadas em Alfenas, +3 em Lavras e +2 em S\u00e3o Louren\u00e7o. Cruz\u00edlia e Varginha tamb\u00e9m tiveram uma morte confirmadas cada uma.<\/p>\n\n\n\n<figure class=\"wp-block-image size-full\"><img decoding=\"async\" width=\"260\" height=\"222\" src=\"https:\/\/noticiasdefato.net\/wp-content\/uploads\/2024\/06\/image-5.png\" alt=\"\" class=\"wp-image-1312\" srcset=\"https:\/\/noticiasdefato.net\/wp-content\/uploads\/2024\/06\/image-5.png 260w, https:\/\/noticiasdefato.net\/wp-content\/uploads\/2024\/06\/image-5-105x90.png 105w\" sizes=\"(max-width: 260px) 100vw, 260px\" \/><\/figure>\n\n\n\n<p>De acordo com a atualiza\u00e7\u00e3o, Varginha segue liderando o n\u00famero de mortes confirmadas pela doen\u00e7a na regi\u00e3o com 19 \u00f3bitos. Alfenas aparece na sequ\u00eancia com 18 e Campos Gerais tem 10.<\/p>\n\n\n\n<figure class=\"wp-block-image size-full is-resized\"><img decoding=\"async\" width=\"750\" height=\"746\" src=\"https:\/\/noticiasdefato.net\/wp-content\/uploads\/2024\/06\/Imagem-do-WhatsApp-de-2024-06-11-as-08.53.12_cc756391.jpg\" alt=\"\" class=\"wp-image-1313\" style=\"width:287px;height:auto\" srcset=\"https:\/\/noticiasdefato.net\/wp-content\/uploads\/2024\/06\/Imagem-do-WhatsApp-de-2024-06-11-as-08.53.12_cc756391.jpg 750w, https:\/\/noticiasdefato.net\/wp-content\/uploads\/2024\/06\/Imagem-do-WhatsApp-de-2024-06-11-as-08.53.12_cc756391-300x298.jpg 300w, https:\/\/noticiasdefato.net\/wp-content\/uploads\/2024\/06\/Imagem-do-WhatsApp-de-2024-06-11-as-08.53.12_cc756391-150x150.jpg 150w, https:\/\/noticiasdefato.net\/wp-content\/uploads\/2024\/06\/Imagem-do-WhatsApp-de-2024-06-11-as-08.53.12_cc756391-90x90.jpg 90w\" sizes=\"(max-width: 750px) 100vw, 750px\" \/><\/figure>\n\n\n\n<p>Apesar dos n\u00fameros demonstrarem uma tend\u00eancia de queda no n\u00famero de mortes registradas pela doen\u00e7a, o n\u00famero de casos ainda segue em alta.<br>Nesta semana, foram +9.189 confirma\u00e7\u00f5es de casos da doen\u00e7a na regi\u00e3o, o que representou uma alta de 6,1%. Com isso, o Sul de Minas chegou a 157.983 casos confirmados de dengue.<\/p>\n\n\n\n<p>Fonte: https:\/\/g1.globo.com\/mg\/sul-de-minas\/noticia\/2024\/06\/10\/mortes-confirmadas-por-dengue-sobem-para-128-no-sul-de-minas-que-registra-mais-9-mil-casos-veja-numeros-da-sua-cidade.ghtml<\/p>\n","protected":false},"excerpt":{"rendered":"<p>Em Alfenas j\u00e1 s\u00e3o 18 mortes pela doen\u00e7a. <a href=\"https:\/\/noticiasdefato.net\/?p=1309\" class=\"more-link\">Continuar lendo <span class=\"screen-reader-text\">DENGUE: ALFENAS \u00c9 A SEGUNDA CIDADE COM MAIS MORTES<\/span><\/a><\/p>\n","protected":false},"author":1,"featured_media":1282,"comment_status":"open","ping_status":"open","sticky":false,"template":"","format":"standard","meta":{"footnotes":""},"categories":[19],"tags":[],"class_list":["post-1309","post","type-post","status-publish","format-standard","has-post-thumbnail","hentry","category-saude"],"yoast_head":"<!-- This site is optimized with the Yoast SEO plugin v23.2 - https:\/\/yoast.com\/wordpress\/plugins\/seo\/ -->\n<title>DENGUE: ALFENAS \u00c9 A SEGUNDA CIDADE COM MAIS MORTES - Not\u00edcias de Fato<\/title>\n<meta name=\"description\" content=\"Em Alfenas j\u00e1 s\u00e3o 18 mortes pela doen\u00e7a.\" \/>\n<meta name=\"robots\" content=\"index, follow, max-snippet:-1, max-image-preview:large, max-video-preview:-1\" \/>\n<link rel=\"canonical\" href=\"https:\/\/noticiasdefato.net\/?p=1309\" \/>\n<meta property=\"og:locale\" content=\"pt_BR\" \/>\n<meta property=\"og:type\" content=\"article\" \/>\n<meta property=\"og:title\" content=\"DENGUE: ALFENAS \u00c9 A SEGUNDA CIDADE COM MAIS MORTES - Not\u00edcias de Fato\" \/>\n<meta property=\"og:description\" content=\"Em Alfenas j\u00e1 s\u00e3o 18 mortes pela doen\u00e7a.\" \/>\n<meta property=\"og:url\" content=\"https:\/\/noticiasdefato.net\/?p=1309\" \/>\n<meta property=\"og:site_name\" content=\"Not\u00edcias de Fato\" \/>\n<meta property=\"article:publisher\" content=\"https:\/\/fb.com\/noticiasdefato.jornal\" \/>\n<meta property=\"article:author\" content=\"http:\/\/fb.com\/\/noticiasdefato.jornal\" \/>\n<meta property=\"article:published_time\" content=\"2024-06-11T12:10:41+00:00\" \/>\n<meta property=\"article:modified_time\" content=\"2024-07-01T17:45:21+00:00\" \/>\n<meta property=\"og:image\" content=\"https:\/\/noticiasdefato.net\/wp-content\/uploads\/2024\/05\/WhatsApp-Image-2024-05-28-at-12.43.00_fd2b7b94.jpg\" \/>\n\t<meta property=\"og:image:width\" content=\"380\" \/>\n\t<meta property=\"og:image:height\" content=\"320\" \/>\n\t<meta property=\"og:image:type\" content=\"image\/jpeg\" \/>\n<meta name=\"author\" content=\"Noticias de Fato\" \/>\n<meta name=\"twitter:card\" content=\"summary_large_image\" \/>\n<meta name=\"twitter:creator\" content=\"@https:\/\/twitter.com\/NoticiasDeFato_\" \/>\n<meta name=\"twitter:site\" content=\"@noticiasdefato_\" \/>\n<meta name=\"twitter:label1\" content=\"Escrito por\" \/>\n\t<meta name=\"twitter:data1\" content=\"Noticias de Fato\" \/>\n\t<meta name=\"twitter:label2\" content=\"Est. tempo de leitura\" \/>\n\t<meta name=\"twitter:data2\" content=\"2 minutos\" \/>\n<script type=\"application\/ld+json\" class=\"yoast-schema-graph\">{\"@context\":\"https:\/\/schema.org\",\"@graph\":[{\"@type\":\"Article\",\"@id\":\"https:\/\/noticiasdefato.net\/?p=1309#article\",\"isPartOf\":{\"@id\":\"https:\/\/noticiasdefato.net\/?p=1309\"},\"author\":{\"name\":\"Noticias de Fato\",\"@id\":\"https:\/\/noticiasdefato.net\/#\/schema\/person\/982ce60211d95acf059cd702aa260d08\"},\"headline\":\"DENGUE: ALFENAS \u00c9 A SEGUNDA CIDADE COM MAIS MORTES\",\"datePublished\":\"2024-06-11T12:10:41+00:00\",\"dateModified\":\"2024-07-01T17:45:21+00:00\",\"mainEntityOfPage\":{\"@id\":\"https:\/\/noticiasdefato.net\/?p=1309\"},\"wordCount\":177,\"commentCount\":0,\"publisher\":{\"@id\":\"https:\/\/noticiasdefato.net\/#organization\"},\"image\":{\"@id\":\"https:\/\/noticiasdefato.net\/?p=1309#primaryimage\"},\"thumbnailUrl\":\"https:\/\/noticiasdefato.net\/wp-content\/uploads\/2024\/05\/WhatsApp-Image-2024-05-28-at-12.43.00_fd2b7b94.jpg\",\"articleSection\":[\"Sa\u00fade\"],\"inLanguage\":\"pt-BR\",\"potentialAction\":[{\"@type\":\"CommentAction\",\"name\":\"Comment\",\"target\":[\"https:\/\/noticiasdefato.net\/?p=1309#respond\"]}]},{\"@type\":\"WebPage\",\"@id\":\"https:\/\/noticiasdefato.net\/?p=1309\",\"url\":\"https:\/\/noticiasdefato.net\/?p=1309\",\"name\":\"DENGUE: ALFENAS \u00c9 A SEGUNDA CIDADE COM MAIS MORTES - Not\u00edcias de Fato\",\"isPartOf\":{\"@id\":\"https:\/\/noticiasdefato.net\/#website\"},\"primaryImageOfPage\":{\"@id\":\"https:\/\/noticiasdefato.net\/?p=1309#primaryimage\"},\"image\":{\"@id\":\"https:\/\/noticiasdefato.net\/?p=1309#primaryimage\"},\"thumbnailUrl\":\"https:\/\/noticiasdefato.net\/wp-content\/uploads\/2024\/05\/WhatsApp-Image-2024-05-28-at-12.43.00_fd2b7b94.jpg\",\"datePublished\":\"2024-06-11T12:10:41+00:00\",\"dateModified\":\"2024-07-01T17:45:21+00:00\",\"description\":\"Em Alfenas j\u00e1 s\u00e3o 18 mortes pela doen\u00e7a.\",\"breadcrumb\":{\"@id\":\"https:\/\/noticiasdefato.net\/?p=1309#breadcrumb\"},\"inLanguage\":\"pt-BR\",\"potentialAction\":[{\"@type\":\"ReadAction\",\"target\":[\"https:\/\/noticiasdefato.net\/?p=1309\"]}]},{\"@type\":\"ImageObject\",\"inLanguage\":\"pt-BR\",\"@id\":\"https:\/\/noticiasdefato.net\/?p=1309#primaryimage\",\"url\":\"https:\/\/noticiasdefato.net\/wp-content\/uploads\/2024\/05\/WhatsApp-Image-2024-05-28-at-12.43.00_fd2b7b94.jpg\",\"contentUrl\":\"https:\/\/noticiasdefato.net\/wp-content\/uploads\/2024\/05\/WhatsApp-Image-2024-05-28-at-12.43.00_fd2b7b94.jpg\",\"width\":380,\"height\":320},{\"@type\":\"BreadcrumbList\",\"@id\":\"https:\/\/noticiasdefato.net\/?p=1309#breadcrumb\",\"itemListElement\":[{\"@type\":\"ListItem\",\"position\":1,\"name\":\"In\u00edcio\",\"item\":\"https:\/\/noticiasdefato.net\/\"},{\"@type\":\"ListItem\",\"position\":2,\"name\":\"DENGUE: ALFENAS \u00c9 A SEGUNDA CIDADE COM MAIS MORTES\"}]},{\"@type\":\"WebSite\",\"@id\":\"https:\/\/noticiasdefato.net\/#website\",\"url\":\"https:\/\/noticiasdefato.net\/\",\"name\":\"Not\u00edcias de Fato\",\"description\":\"Trabalhamos com honestidade, seriedade e com a verdade.\",\"publisher\":{\"@id\":\"https:\/\/noticiasdefato.net\/#organization\"},\"potentialAction\":[{\"@type\":\"SearchAction\",\"target\":{\"@type\":\"EntryPoint\",\"urlTemplate\":\"https:\/\/noticiasdefato.net\/?s={search_term_string}\"},\"query-input\":\"required name=search_term_string\"}],\"inLanguage\":\"pt-BR\"},{\"@type\":\"Organization\",\"@id\":\"https:\/\/noticiasdefato.net\/#organization\",\"name\":\"Not\u00edcias de Fato\",\"url\":\"https:\/\/noticiasdefato.net\/\",\"logo\":{\"@type\":\"ImageObject\",\"inLanguage\":\"pt-BR\",\"@id\":\"https:\/\/noticiasdefato.net\/#\/schema\/logo\/image\/\",\"url\":\"https:\/\/noticiasdefato.net\/wp-content\/uploads\/2024\/02\/cropped-logo_topo.png\",\"contentUrl\":\"https:\/\/noticiasdefato.net\/wp-content\/uploads\/2024\/02\/cropped-logo_topo.png\",\"width\":1948,\"height\":665,\"caption\":\"Not\u00edcias de Fato\"},\"image\":{\"@id\":\"https:\/\/noticiasdefato.net\/#\/schema\/logo\/image\/\"},\"sameAs\":[\"https:\/\/fb.com\/noticiasdefato.jornal\",\"https:\/\/x.com\/noticiasdefato_\",\"https:\/\/instagram.com\/noticiasdefato.jornal\",\"https:\/\/youtube.com\/@JornalNoticiasDeFato\"]},{\"@type\":\"Person\",\"@id\":\"https:\/\/noticiasdefato.net\/#\/schema\/person\/982ce60211d95acf059cd702aa260d08\",\"name\":\"Noticias de Fato\",\"image\":{\"@type\":\"ImageObject\",\"inLanguage\":\"pt-BR\",\"@id\":\"https:\/\/noticiasdefato.net\/#\/schema\/person\/image\/\",\"url\":\"https:\/\/secure.gravatar.com\/avatar\/700227fab2316f0366a1b5d4988d10f847249cf13293450527ac9553c994611a?s=96&d=mm&r=g\",\"contentUrl\":\"https:\/\/secure.gravatar.com\/avatar\/700227fab2316f0366a1b5d4988d10f847249cf13293450527ac9553c994611a?s=96&d=mm&r=g\",\"caption\":\"Noticias de Fato\"},\"sameAs\":[\"https:\/\/noticiasdefato.net\",\"http:\/\/fb.com\/\/noticiasdefato.jornal\",\"https:\/\/x.com\/https:\/\/twitter.com\/NoticiasDeFato_\"],\"url\":\"https:\/\/noticiasdefato.net\/?author=1\"}]}<\/script>\n<!-- \/ Yoast SEO plugin. -->","yoast_head_json":{"title":"DENGUE: ALFENAS \u00c9 A SEGUNDA CIDADE COM MAIS MORTES - Not\u00edcias de Fato","description":"Em Alfenas j\u00e1 s\u00e3o 18 mortes pela doen\u00e7a.","robots":{"index":"index","follow":"follow","max-snippet":"max-snippet:-1","max-image-preview":"max-image-preview:large","max-video-preview":"max-video-preview:-1"},"canonical":"https:\/\/noticiasdefato.net\/?p=1309","og_locale":"pt_BR","og_type":"article","og_title":"DENGUE: ALFENAS \u00c9 A SEGUNDA CIDADE COM MAIS MORTES - Not\u00edcias de Fato","og_description":"Em Alfenas j\u00e1 s\u00e3o 18 mortes pela doen\u00e7a.","og_url":"https:\/\/noticiasdefato.net\/?p=1309","og_site_name":"Not\u00edcias de Fato","article_publisher":"https:\/\/fb.com\/noticiasdefato.jornal","article_author":"http:\/\/fb.com\/\/noticiasdefato.jornal","article_published_time":"2024-06-11T12:10:41+00:00","article_modified_time":"2024-07-01T17:45:21+00:00","og_image":[{"width":380,"height":320,"url":"https:\/\/noticiasdefato.net\/wp-content\/uploads\/2024\/05\/WhatsApp-Image-2024-05-28-at-12.43.00_fd2b7b94.jpg","type":"image\/jpeg"}],"author":"Noticias de Fato","twitter_card":"summary_large_image","twitter_creator":"@https:\/\/twitter.com\/NoticiasDeFato_","twitter_site":"@noticiasdefato_","twitter_misc":{"Escrito por":"Noticias de Fato","Est. tempo de leitura":"2 minutos"},"schema":{"@context":"https:\/\/schema.org","@graph":[{"@type":"Article","@id":"https:\/\/noticiasdefato.net\/?p=1309#article","isPartOf":{"@id":"https:\/\/noticiasdefato.net\/?p=1309"},"author":{"name":"Noticias de Fato","@id":"https:\/\/noticiasdefato.net\/#\/schema\/person\/982ce60211d95acf059cd702aa260d08"},"headline":"DENGUE: ALFENAS \u00c9 A SEGUNDA CIDADE COM MAIS MORTES","datePublished":"2024-06-11T12:10:41+00:00","dateModified":"2024-07-01T17:45:21+00:00","mainEntityOfPage":{"@id":"https:\/\/noticiasdefato.net\/?p=1309"},"wordCount":177,"commentCount":0,"publisher":{"@id":"https:\/\/noticiasdefato.net\/#organization"},"image":{"@id":"https:\/\/noticiasdefato.net\/?p=1309#primaryimage"},"thumbnailUrl":"https:\/\/noticiasdefato.net\/wp-content\/uploads\/2024\/05\/WhatsApp-Image-2024-05-28-at-12.43.00_fd2b7b94.jpg","articleSection":["Sa\u00fade"],"inLanguage":"pt-BR","potentialAction":[{"@type":"CommentAction","name":"Comment","target":["https:\/\/noticiasdefato.net\/?p=1309#respond"]}]},{"@type":"WebPage","@id":"https:\/\/noticiasdefato.net\/?p=1309","url":"https:\/\/noticiasdefato.net\/?p=1309","name":"DENGUE: ALFENAS \u00c9 A SEGUNDA CIDADE COM MAIS MORTES - Not\u00edcias de Fato","isPartOf":{"@id":"https:\/\/noticiasdefato.net\/#website"},"primaryImageOfPage":{"@id":"https:\/\/noticiasdefato.net\/?p=1309#primaryimage"},"image":{"@id":"https:\/\/noticiasdefato.net\/?p=1309#primaryimage"},"thumbnailUrl":"https:\/\/noticiasdefato.net\/wp-content\/uploads\/2024\/05\/WhatsApp-Image-2024-05-28-at-12.43.00_fd2b7b94.jpg","datePublished":"2024-06-11T12:10:41+00:00","dateModified":"2024-07-01T17:45:21+00:00","description":"Em Alfenas j\u00e1 s\u00e3o 18 mortes pela doen\u00e7a.","breadcrumb":{"@id":"https:\/\/noticiasdefato.net\/?p=1309#breadcrumb"},"inLanguage":"pt-BR","potentialAction":[{"@type":"ReadAction","target":["https:\/\/noticiasdefato.net\/?p=1309"]}]},{"@type":"ImageObject","inLanguage":"pt-BR","@id":"https:\/\/noticiasdefato.net\/?p=1309#primaryimage","url":"https:\/\/noticiasdefato.net\/wp-content\/uploads\/2024\/05\/WhatsApp-Image-2024-05-28-at-12.43.00_fd2b7b94.jpg","contentUrl":"https:\/\/noticiasdefato.net\/wp-content\/uploads\/2024\/05\/WhatsApp-Image-2024-05-28-at-12.43.00_fd2b7b94.jpg","width":380,"height":320},{"@type":"BreadcrumbList","@id":"https:\/\/noticiasdefato.net\/?p=1309#breadcrumb","itemListElement":[{"@type":"ListItem","position":1,"name":"In\u00edcio","item":"https:\/\/noticiasdefato.net\/"},{"@type":"ListItem","position":2,"name":"DENGUE: ALFENAS \u00c9 A SEGUNDA CIDADE COM MAIS MORTES"}]},{"@type":"WebSite","@id":"https:\/\/noticiasdefato.net\/#website","url":"https:\/\/noticiasdefato.net\/","name":"Not\u00edcias de Fato","description":"Trabalhamos com honestidade, seriedade e com a verdade.","publisher":{"@id":"https:\/\/noticiasdefato.net\/#organization"},"potentialAction":[{"@type":"SearchAction","target":{"@type":"EntryPoint","urlTemplate":"https:\/\/noticiasdefato.net\/?s={search_term_string}"},"query-input":"required name=search_term_string"}],"inLanguage":"pt-BR"},{"@type":"Organization","@id":"https:\/\/noticiasdefato.net\/#organization","name":"Not\u00edcias de Fato","url":"https:\/\/noticiasdefato.net\/","logo":{"@type":"ImageObject","inLanguage":"pt-BR","@id":"https:\/\/noticiasdefato.net\/#\/schema\/logo\/image\/","url":"https:\/\/noticiasdefato.net\/wp-content\/uploads\/2024\/02\/cropped-logo_topo.png","contentUrl":"https:\/\/noticiasdefato.net\/wp-content\/uploads\/2024\/02\/cropped-logo_topo.png","width":1948,"height":665,"caption":"Not\u00edcias de Fato"},"image":{"@id":"https:\/\/noticiasdefato.net\/#\/schema\/logo\/image\/"},"sameAs":["https:\/\/fb.com\/noticiasdefato.jornal","https:\/\/x.com\/noticiasdefato_","https:\/\/instagram.com\/noticiasdefato.jornal","https:\/\/youtube.com\/@JornalNoticiasDeFato"]},{"@type":"Person","@id":"https:\/\/noticiasdefato.net\/#\/schema\/person\/982ce60211d95acf059cd702aa260d08","name":"Noticias de Fato","image":{"@type":"ImageObject","inLanguage":"pt-BR","@id":"https:\/\/noticiasdefato.net\/#\/schema\/person\/image\/","url":"https:\/\/secure.gravatar.com\/avatar\/700227fab2316f0366a1b5d4988d10f847249cf13293450527ac9553c994611a?s=96&d=mm&r=g","contentUrl":"https:\/\/secure.gravatar.com\/avatar\/700227fab2316f0366a1b5d4988d10f847249cf13293450527ac9553c994611a?s=96&d=mm&r=g","caption":"Noticias de Fato"},"sameAs":["https:\/\/noticiasdefato.net","http:\/\/fb.com\/\/noticiasdefato.jornal","https:\/\/x.com\/https:\/\/twitter.com\/NoticiasDeFato_"],"url":"https:\/\/noticiasdefato.net\/?author=1"}]}},"_links":{"self":[{"href":"https:\/\/noticiasdefato.net\/index.php?rest_route=\/wp\/v2\/posts\/1309","targetHints":{"allow":["GET"]}}],"collection":[{"href":"https:\/\/noticiasdefato.net\/index.php?rest_route=\/wp\/v2\/posts"}],"about":[{"href":"https:\/\/noticiasdefato.net\/index.php?rest_route=\/wp\/v2\/types\/post"}],"author":[{"embeddable":true,"href":"https:\/\/noticiasdefato.net\/index.php?rest_route=\/wp\/v2\/users\/1"}],"replies":[{"embeddable":true,"href":"https:\/\/noticiasdefato.net\/index.php?rest_route=%2Fwp%2Fv2%2Fcomments&post=1309"}],"version-history":[{"count":1,"href":"https:\/\/noticiasdefato.net\/index.php?rest_route=\/wp\/v2\/posts\/1309\/revisions"}],"predecessor-version":[{"id":1314,"href":"https:\/\/noticiasdefato.net\/index.php?rest_route=\/wp\/v2\/posts\/1309\/revisions\/1314"}],"wp:featuredmedia":[{"embeddable":true,"href":"https:\/\/noticiasdefato.net\/index.php?rest_route=\/wp\/v2\/media\/1282"}],"wp:attachment":[{"href":"https:\/\/noticiasdefato.net\/index.php?rest_route=%2Fwp%2Fv2%2Fmedia&parent=1309"}],"wp:term":[{"taxonomy":"category","embeddable":true,"href":"https:\/\/noticiasdefato.net\/index.php?rest_route=%2Fwp%2Fv2%2Fcategories&post=1309"},{"taxonomy":"post_tag","embeddable":true,"href":"https:\/\/noticiasdefato.net\/index.php?rest_route=%2Fwp%2Fv2%2Ftags&post=1309"}],"curies":[{"name":"wp","href":"https:\/\/api.w.org\/{rel}","templated":true}]}}