{"id":1316,"date":"2024-06-19T22:40:02","date_gmt":"2024-06-20T01:40:02","guid":{"rendered":"https:\/\/noticiasdefato.net\/?p=1316"},"modified":"2024-07-01T14:45:11","modified_gmt":"2024-07-01T17:45:11","slug":"produtores-rurais-denunciam-excessos-em-fiscalizacao","status":"publish","type":"post","link":"https:\/\/noticiasdefato.net\/?p=1316","title":{"rendered":"Produtores Rurais denunciam excessos em Fiscaliza\u00e7\u00e3o"},"content":{"rendered":"\n<p><em>Fiscaliza\u00e7\u00e3o em conjunto com auditores e com a PRF foi alvo de cr\u00edticas<\/em><\/p>\n\n\n\n<p>Produtores Rurais do Sul de Minas foram alvos de uma fiscaliza\u00e7\u00e3o do Minist\u00e9rio do Trabalho, PRF e Auditores. A fiscaliza\u00e7\u00e3o gerou muitas cr\u00edticas por parte de parlamentares em uma sess\u00e3o na c\u00e2mara dos deputados em Bras\u00edlia.<\/p>\n\n\n\n<p>Os pequenos e m\u00e9dios produtores est\u00e3o &#8220;desnorteados e assustados com a fiscaliza\u00e7\u00e3o&#8221; que segundo informou parlamentares da bancada ruralista \u00e9 uma persegui\u00e7\u00e3o tanto aos produtores quanto aos trabalhadores que tanto trabalham para levar o sustento \u00e0s suas fam\u00edlias e movimentar a economia da regi\u00e3o.<\/p>\n\n\n\n<p>De acordo com o Deputado Federal Emidinho Madeira (PL), pessoas simples ter\u00e3o que prestar depoimento perante a justi\u00e7a, &#8220;pessoas que sequer sabem onde fica a justi\u00e7a de sua cidade&#8221;.<\/p>\n\n\n\n<p>Emidinho ainda disse que os fiscalizadores chegam armados com fuzil, intimidando os produtores, trabalhadores e crian\u00e7as.<\/p>\n\n\n\n<figure class=\"wp-block-embed is-type-video is-provider-youtube wp-block-embed-youtube wp-embed-aspect-4-3 wp-has-aspect-ratio\"><div class=\"wp-block-embed__wrapper\">\n<iframe title=\"Dep. Federal @emidinho_madeira defende produtores rurais ap\u00f3s supostos excessos em fiscaliza\u00e7\u00e3o\" width=\"720\" height=\"540\" src=\"https:\/\/www.youtube.com\/embed\/XFg7mGy466A?feature=oembed\" frameborder=\"0\" allow=\"accelerometer; autoplay; clipboard-write; encrypted-media; gyroscope; picture-in-picture; web-share\" referrerpolicy=\"strict-origin-when-cross-origin\" allowfullscreen><\/iframe>\n<\/div><figcaption class=\"wp-element-caption\">Discurso do deputado federal Emidinho Madeira em defesa dos produtores rurais do sul de Minas Gerais<\/figcaption><\/figure>\n\n\n\n<p>O Ministro da Agricultura, Carlos F\u00e1varo, se colocou a disposi\u00e7\u00e3o para vir pessoalmente at\u00e9 a regi\u00e3o para pacificar a situa\u00e7\u00e3o.<\/p>\n","protected":false},"excerpt":{"rendered":"<p>Fiscaliza\u00e7\u00e3o em conjunto com auditores e com a PRF foi alvo de cr\u00edticas <a href=\"https:\/\/noticiasdefato.net\/?p=1316\" class=\"more-link\">Continuar lendo <span class=\"screen-reader-text\">Produtores Rurais denunciam excessos em Fiscaliza\u00e7\u00e3o<\/span><\/a><\/p>\n","protected":false},"author":1,"featured_media":1317,"comment_status":"open","ping_status":"open","sticky":false,"template":"","format":"standard","meta":{"footnotes":""},"categories":[1],"tags":[],"class_list":["post-1316","post","type-post","status-publish","format-standard","has-post-thumbnail","hentry","category-geral"],"yoast_head":"<!-- This site is optimized with the Yoast SEO plugin v23.2 - https:\/\/yoast.com\/wordpress\/plugins\/seo\/ -->\n<title>Produtores Rurais denunciam excessos em Fiscaliza\u00e7\u00e3o - Not\u00edcias de Fato<\/title>\n<meta name=\"description\" content=\"Fiscaliza\u00e7\u00e3o em conjunto com auditores e com a PRF foi alvo de cr\u00edticas\" \/>\n<meta name=\"robots\" content=\"index, follow, max-snippet:-1, max-image-preview:large, max-video-preview:-1\" \/>\n<link rel=\"canonical\" href=\"https:\/\/noticiasdefato.net\/?p=1316\" \/>\n<meta property=\"og:locale\" content=\"pt_BR\" \/>\n<meta property=\"og:type\" content=\"article\" \/>\n<meta property=\"og:title\" content=\"Produtores Rurais denunciam excessos em Fiscaliza\u00e7\u00e3o - Not\u00edcias de Fato\" \/>\n<meta property=\"og:description\" content=\"Fiscaliza\u00e7\u00e3o em conjunto com auditores e com a PRF foi alvo de cr\u00edticas\" \/>\n<meta property=\"og:url\" content=\"https:\/\/noticiasdefato.net\/?p=1316\" \/>\n<meta property=\"og:site_name\" content=\"Not\u00edcias de Fato\" \/>\n<meta property=\"article:publisher\" content=\"https:\/\/fb.com\/noticiasdefato.jornal\" \/>\n<meta property=\"article:author\" content=\"http:\/\/fb.com\/\/noticiasdefato.jornal\" \/>\n<meta property=\"article:published_time\" content=\"2024-06-20T01:40:02+00:00\" \/>\n<meta property=\"article:modified_time\" content=\"2024-07-01T17:45:11+00:00\" \/>\n<meta property=\"og:image\" content=\"https:\/\/noticiasdefato.net\/wp-content\/uploads\/2024\/06\/image-6.png\" \/>\n\t<meta property=\"og:image:width\" content=\"626\" \/>\n\t<meta property=\"og:image:height\" content=\"417\" \/>\n\t<meta property=\"og:image:type\" content=\"image\/png\" \/>\n<meta name=\"author\" content=\"Noticias de Fato\" \/>\n<meta name=\"twitter:card\" content=\"summary_large_image\" \/>\n<meta name=\"twitter:creator\" content=\"@https:\/\/twitter.com\/NoticiasDeFato_\" \/>\n<meta name=\"twitter:site\" content=\"@noticiasdefato_\" \/>\n<meta name=\"twitter:label1\" content=\"Escrito por\" \/>\n\t<meta name=\"twitter:data1\" content=\"Noticias de Fato\" \/>\n\t<meta name=\"twitter:label2\" content=\"Est. tempo de leitura\" \/>\n\t<meta name=\"twitter:data2\" content=\"1 minuto\" \/>\n<script type=\"application\/ld+json\" class=\"yoast-schema-graph\">{\"@context\":\"https:\/\/schema.org\",\"@graph\":[{\"@type\":\"Article\",\"@id\":\"https:\/\/noticiasdefato.net\/?p=1316#article\",\"isPartOf\":{\"@id\":\"https:\/\/noticiasdefato.net\/?p=1316\"},\"author\":{\"name\":\"Noticias de Fato\",\"@id\":\"https:\/\/noticiasdefato.net\/#\/schema\/person\/982ce60211d95acf059cd702aa260d08\"},\"headline\":\"Produtores Rurais denunciam excessos em Fiscaliza\u00e7\u00e3o\",\"datePublished\":\"2024-06-20T01:40:02+00:00\",\"dateModified\":\"2024-07-01T17:45:11+00:00\",\"mainEntityOfPage\":{\"@id\":\"https:\/\/noticiasdefato.net\/?p=1316\"},\"wordCount\":209,\"commentCount\":0,\"publisher\":{\"@id\":\"https:\/\/noticiasdefato.net\/#organization\"},\"image\":{\"@id\":\"https:\/\/noticiasdefato.net\/?p=1316#primaryimage\"},\"thumbnailUrl\":\"https:\/\/noticiasdefato.net\/wp-content\/uploads\/2024\/06\/image-6.png\",\"articleSection\":[\"Geral\"],\"inLanguage\":\"pt-BR\",\"potentialAction\":[{\"@type\":\"CommentAction\",\"name\":\"Comment\",\"target\":[\"https:\/\/noticiasdefato.net\/?p=1316#respond\"]}]},{\"@type\":\"WebPage\",\"@id\":\"https:\/\/noticiasdefato.net\/?p=1316\",\"url\":\"https:\/\/noticiasdefato.net\/?p=1316\",\"name\":\"Produtores Rurais denunciam excessos em Fiscaliza\u00e7\u00e3o - Not\u00edcias de Fato\",\"isPartOf\":{\"@id\":\"https:\/\/noticiasdefato.net\/#website\"},\"primaryImageOfPage\":{\"@id\":\"https:\/\/noticiasdefato.net\/?p=1316#primaryimage\"},\"image\":{\"@id\":\"https:\/\/noticiasdefato.net\/?p=1316#primaryimage\"},\"thumbnailUrl\":\"https:\/\/noticiasdefato.net\/wp-content\/uploads\/2024\/06\/image-6.png\",\"datePublished\":\"2024-06-20T01:40:02+00:00\",\"dateModified\":\"2024-07-01T17:45:11+00:00\",\"description\":\"Fiscaliza\u00e7\u00e3o em conjunto com auditores e com a PRF foi alvo de cr\u00edticas\",\"breadcrumb\":{\"@id\":\"https:\/\/noticiasdefato.net\/?p=1316#breadcrumb\"},\"inLanguage\":\"pt-BR\",\"potentialAction\":[{\"@type\":\"ReadAction\",\"target\":[\"https:\/\/noticiasdefato.net\/?p=1316\"]}]},{\"@type\":\"ImageObject\",\"inLanguage\":\"pt-BR\",\"@id\":\"https:\/\/noticiasdefato.net\/?p=1316#primaryimage\",\"url\":\"https:\/\/noticiasdefato.net\/wp-content\/uploads\/2024\/06\/image-6.png\",\"contentUrl\":\"https:\/\/noticiasdefato.net\/wp-content\/uploads\/2024\/06\/image-6.png\",\"width\":626,\"height\":417},{\"@type\":\"BreadcrumbList\",\"@id\":\"https:\/\/noticiasdefato.net\/?p=1316#breadcrumb\",\"itemListElement\":[{\"@type\":\"ListItem\",\"position\":1,\"name\":\"In\u00edcio\",\"item\":\"https:\/\/noticiasdefato.net\/\"},{\"@type\":\"ListItem\",\"position\":2,\"name\":\"Produtores Rurais denunciam excessos em Fiscaliza\u00e7\u00e3o\"}]},{\"@type\":\"WebSite\",\"@id\":\"https:\/\/noticiasdefato.net\/#website\",\"url\":\"https:\/\/noticiasdefato.net\/\",\"name\":\"Not\u00edcias de Fato\",\"description\":\"Trabalhamos com honestidade, seriedade e com a verdade.\",\"publisher\":{\"@id\":\"https:\/\/noticiasdefato.net\/#organization\"},\"potentialAction\":[{\"@type\":\"SearchAction\",\"target\":{\"@type\":\"EntryPoint\",\"urlTemplate\":\"https:\/\/noticiasdefato.net\/?s={search_term_string}\"},\"query-input\":\"required name=search_term_string\"}],\"inLanguage\":\"pt-BR\"},{\"@type\":\"Organization\",\"@id\":\"https:\/\/noticiasdefato.net\/#organization\",\"name\":\"Not\u00edcias de Fato\",\"url\":\"https:\/\/noticiasdefato.net\/\",\"logo\":{\"@type\":\"ImageObject\",\"inLanguage\":\"pt-BR\",\"@id\":\"https:\/\/noticiasdefato.net\/#\/schema\/logo\/image\/\",\"url\":\"https:\/\/noticiasdefato.net\/wp-content\/uploads\/2024\/02\/cropped-logo_topo.png\",\"contentUrl\":\"https:\/\/noticiasdefato.net\/wp-content\/uploads\/2024\/02\/cropped-logo_topo.png\",\"width\":1948,\"height\":665,\"caption\":\"Not\u00edcias de Fato\"},\"image\":{\"@id\":\"https:\/\/noticiasdefato.net\/#\/schema\/logo\/image\/\"},\"sameAs\":[\"https:\/\/fb.com\/noticiasdefato.jornal\",\"https:\/\/x.com\/noticiasdefato_\",\"https:\/\/instagram.com\/noticiasdefato.jornal\",\"https:\/\/youtube.com\/@JornalNoticiasDeFato\"]},{\"@type\":\"Person\",\"@id\":\"https:\/\/noticiasdefato.net\/#\/schema\/person\/982ce60211d95acf059cd702aa260d08\",\"name\":\"Noticias de Fato\",\"image\":{\"@type\":\"ImageObject\",\"inLanguage\":\"pt-BR\",\"@id\":\"https:\/\/noticiasdefato.net\/#\/schema\/person\/image\/\",\"url\":\"https:\/\/secure.gravatar.com\/avatar\/700227fab2316f0366a1b5d4988d10f847249cf13293450527ac9553c994611a?s=96&d=mm&r=g\",\"contentUrl\":\"https:\/\/secure.gravatar.com\/avatar\/700227fab2316f0366a1b5d4988d10f847249cf13293450527ac9553c994611a?s=96&d=mm&r=g\",\"caption\":\"Noticias de Fato\"},\"sameAs\":[\"https:\/\/noticiasdefato.net\",\"http:\/\/fb.com\/\/noticiasdefato.jornal\",\"https:\/\/x.com\/https:\/\/twitter.com\/NoticiasDeFato_\"],\"url\":\"https:\/\/noticiasdefato.net\/?author=1\"}]}<\/script>\n<!-- \/ Yoast SEO plugin. -->","yoast_head_json":{"title":"Produtores Rurais denunciam excessos em Fiscaliza\u00e7\u00e3o - Not\u00edcias de Fato","description":"Fiscaliza\u00e7\u00e3o em conjunto com auditores e com a PRF foi alvo de cr\u00edticas","robots":{"index":"index","follow":"follow","max-snippet":"max-snippet:-1","max-image-preview":"max-image-preview:large","max-video-preview":"max-video-preview:-1"},"canonical":"https:\/\/noticiasdefato.net\/?p=1316","og_locale":"pt_BR","og_type":"article","og_title":"Produtores Rurais denunciam excessos em Fiscaliza\u00e7\u00e3o - Not\u00edcias de Fato","og_description":"Fiscaliza\u00e7\u00e3o em conjunto com auditores e com a PRF foi alvo de cr\u00edticas","og_url":"https:\/\/noticiasdefato.net\/?p=1316","og_site_name":"Not\u00edcias de Fato","article_publisher":"https:\/\/fb.com\/noticiasdefato.jornal","article_author":"http:\/\/fb.com\/\/noticiasdefato.jornal","article_published_time":"2024-06-20T01:40:02+00:00","article_modified_time":"2024-07-01T17:45:11+00:00","og_image":[{"width":626,"height":417,"url":"https:\/\/noticiasdefato.net\/wp-content\/uploads\/2024\/06\/image-6.png","type":"image\/png"}],"author":"Noticias de Fato","twitter_card":"summary_large_image","twitter_creator":"@https:\/\/twitter.com\/NoticiasDeFato_","twitter_site":"@noticiasdefato_","twitter_misc":{"Escrito por":"Noticias de Fato","Est. tempo de leitura":"1 minuto"},"schema":{"@context":"https:\/\/schema.org","@graph":[{"@type":"Article","@id":"https:\/\/noticiasdefato.net\/?p=1316#article","isPartOf":{"@id":"https:\/\/noticiasdefato.net\/?p=1316"},"author":{"name":"Noticias de Fato","@id":"https:\/\/noticiasdefato.net\/#\/schema\/person\/982ce60211d95acf059cd702aa260d08"},"headline":"Produtores Rurais denunciam excessos em Fiscaliza\u00e7\u00e3o","datePublished":"2024-06-20T01:40:02+00:00","dateModified":"2024-07-01T17:45:11+00:00","mainEntityOfPage":{"@id":"https:\/\/noticiasdefato.net\/?p=1316"},"wordCount":209,"commentCount":0,"publisher":{"@id":"https:\/\/noticiasdefato.net\/#organization"},"image":{"@id":"https:\/\/noticiasdefato.net\/?p=1316#primaryimage"},"thumbnailUrl":"https:\/\/noticiasdefato.net\/wp-content\/uploads\/2024\/06\/image-6.png","articleSection":["Geral"],"inLanguage":"pt-BR","potentialAction":[{"@type":"CommentAction","name":"Comment","target":["https:\/\/noticiasdefato.net\/?p=1316#respond"]}]},{"@type":"WebPage","@id":"https:\/\/noticiasdefato.net\/?p=1316","url":"https:\/\/noticiasdefato.net\/?p=1316","name":"Produtores Rurais denunciam excessos em Fiscaliza\u00e7\u00e3o - Not\u00edcias de Fato","isPartOf":{"@id":"https:\/\/noticiasdefato.net\/#website"},"primaryImageOfPage":{"@id":"https:\/\/noticiasdefato.net\/?p=1316#primaryimage"},"image":{"@id":"https:\/\/noticiasdefato.net\/?p=1316#primaryimage"},"thumbnailUrl":"https:\/\/noticiasdefato.net\/wp-content\/uploads\/2024\/06\/image-6.png","datePublished":"2024-06-20T01:40:02+00:00","dateModified":"2024-07-01T17:45:11+00:00","description":"Fiscaliza\u00e7\u00e3o em conjunto com auditores e com a PRF foi alvo de cr\u00edticas","breadcrumb":{"@id":"https:\/\/noticiasdefato.net\/?p=1316#breadcrumb"},"inLanguage":"pt-BR","potentialAction":[{"@type":"ReadAction","target":["https:\/\/noticiasdefato.net\/?p=1316"]}]},{"@type":"ImageObject","inLanguage":"pt-BR","@id":"https:\/\/noticiasdefato.net\/?p=1316#primaryimage","url":"https:\/\/noticiasdefato.net\/wp-content\/uploads\/2024\/06\/image-6.png","contentUrl":"https:\/\/noticiasdefato.net\/wp-content\/uploads\/2024\/06\/image-6.png","width":626,"height":417},{"@type":"BreadcrumbList","@id":"https:\/\/noticiasdefato.net\/?p=1316#breadcrumb","itemListElement":[{"@type":"ListItem","position":1,"name":"In\u00edcio","item":"https:\/\/noticiasdefato.net\/"},{"@type":"ListItem","position":2,"name":"Produtores Rurais denunciam excessos em Fiscaliza\u00e7\u00e3o"}]},{"@type":"WebSite","@id":"https:\/\/noticiasdefato.net\/#website","url":"https:\/\/noticiasdefato.net\/","name":"Not\u00edcias de Fato","description":"Trabalhamos com honestidade, seriedade e com a verdade.","publisher":{"@id":"https:\/\/noticiasdefato.net\/#organization"},"potentialAction":[{"@type":"SearchAction","target":{"@type":"EntryPoint","urlTemplate":"https:\/\/noticiasdefato.net\/?s={search_term_string}"},"query-input":"required name=search_term_string"}],"inLanguage":"pt-BR"},{"@type":"Organization","@id":"https:\/\/noticiasdefato.net\/#organization","name":"Not\u00edcias de Fato","url":"https:\/\/noticiasdefato.net\/","logo":{"@type":"ImageObject","inLanguage":"pt-BR","@id":"https:\/\/noticiasdefato.net\/#\/schema\/logo\/image\/","url":"https:\/\/noticiasdefato.net\/wp-content\/uploads\/2024\/02\/cropped-logo_topo.png","contentUrl":"https:\/\/noticiasdefato.net\/wp-content\/uploads\/2024\/02\/cropped-logo_topo.png","width":1948,"height":665,"caption":"Not\u00edcias de Fato"},"image":{"@id":"https:\/\/noticiasdefato.net\/#\/schema\/logo\/image\/"},"sameAs":["https:\/\/fb.com\/noticiasdefato.jornal","https:\/\/x.com\/noticiasdefato_","https:\/\/instagram.com\/noticiasdefato.jornal","https:\/\/youtube.com\/@JornalNoticiasDeFato"]},{"@type":"Person","@id":"https:\/\/noticiasdefato.net\/#\/schema\/person\/982ce60211d95acf059cd702aa260d08","name":"Noticias de Fato","image":{"@type":"ImageObject","inLanguage":"pt-BR","@id":"https:\/\/noticiasdefato.net\/#\/schema\/person\/image\/","url":"https:\/\/secure.gravatar.com\/avatar\/700227fab2316f0366a1b5d4988d10f847249cf13293450527ac9553c994611a?s=96&d=mm&r=g","contentUrl":"https:\/\/secure.gravatar.com\/avatar\/700227fab2316f0366a1b5d4988d10f847249cf13293450527ac9553c994611a?s=96&d=mm&r=g","caption":"Noticias de Fato"},"sameAs":["https:\/\/noticiasdefato.net","http:\/\/fb.com\/\/noticiasdefato.jornal","https:\/\/x.com\/https:\/\/twitter.com\/NoticiasDeFato_"],"url":"https:\/\/noticiasdefato.net\/?author=1"}]}},"_links":{"self":[{"href":"https:\/\/noticiasdefato.net\/index.php?rest_route=\/wp\/v2\/posts\/1316","targetHints":{"allow":["GET"]}}],"collection":[{"href":"https:\/\/noticiasdefato.net\/index.php?rest_route=\/wp\/v2\/posts"}],"about":[{"href":"https:\/\/noticiasdefato.net\/index.php?rest_route=\/wp\/v2\/types\/post"}],"author":[{"embeddable":true,"href":"https:\/\/noticiasdefato.net\/index.php?rest_route=\/wp\/v2\/users\/1"}],"replies":[{"embeddable":true,"href":"https:\/\/noticiasdefato.net\/index.php?rest_route=%2Fwp%2Fv2%2Fcomments&post=1316"}],"version-history":[{"count":2,"href":"https:\/\/noticiasdefato.net\/index.php?rest_route=\/wp\/v2\/posts\/1316\/revisions"}],"predecessor-version":[{"id":1320,"href":"https:\/\/noticiasdefato.net\/index.php?rest_route=\/wp\/v2\/posts\/1316\/revisions\/1320"}],"wp:featuredmedia":[{"embeddable":true,"href":"https:\/\/noticiasdefato.net\/index.php?rest_route=\/wp\/v2\/media\/1317"}],"wp:attachment":[{"href":"https:\/\/noticiasdefato.net\/index.php?rest_route=%2Fwp%2Fv2%2Fmedia&parent=1316"}],"wp:term":[{"taxonomy":"category","embeddable":true,"href":"https:\/\/noticiasdefato.net\/index.php?rest_route=%2Fwp%2Fv2%2Fcategories&post=1316"},{"taxonomy":"post_tag","embeddable":true,"href":"https:\/\/noticiasdefato.net\/index.php?rest_route=%2Fwp%2Fv2%2Ftags&post=1316"}],"curies":[{"name":"wp","href":"https:\/\/api.w.org\/{rel}","templated":true}]}}