{"id":1319,"date":"2024-06-19T22:46:18","date_gmt":"2024-06-20T01:46:18","guid":{"rendered":"https:\/\/noticiasdefato.net\/?p=1319"},"modified":"2024-07-31T11:18:51","modified_gmt":"2024-07-31T14:18:51","slug":"motoristas-terao-descontos-em-pedagios-do-sul-de-minas","status":"publish","type":"post","link":"https:\/\/noticiasdefato.net\/?p=1319","title":{"rendered":"Motoristas ter\u00e3o descontos em ped\u00e1gios do Sul de Minas"},"content":{"rendered":"\n<p><em>Vejam como solicitar benef\u00edcio na mat\u00e9ria.<\/em><\/p>\n\n\n\n<p>Usu\u00e1rios frequentes de rodovias Sul-Mineiras, onde ser\u00e3o instalados os novos postos de ped\u00e1gios ter\u00e3o descontos.<\/p>\n\n\n\n<p>De acordo com a EPR, empresa respons\u00e1vel pelos ped\u00e1gios, os usu\u00e1rios dever\u00e3o solicitar uma &#8220;TAG&#8221;, que ficar\u00e1 colada no ve\u00edculo para obter o desconto.<\/p>\n\n\n\n<p>Veja como solicitar: https:\/\/loja.semparar.com.br\/planos<\/p>\n\n\n\n<p>Mais informa\u00e7\u00f5es acesse: https:\/\/grupoepr.com.br\/epr-vias-do-cafe-apresenta-o-desconto-para-usuario-frequente-duf-nas-rodovias-concedidas\/<\/p>\n\n\n\n<figure class=\"wp-block-embed is-type-video is-provider-youtube wp-block-embed-youtube wp-embed-aspect-16-9 wp-has-aspect-ratio\"><div class=\"wp-block-embed__wrapper\">\n<iframe title=\"Como ter desconto nos ped\u00e1gios do sul de MG - Concession\u00e1ria EPR\" width=\"720\" height=\"405\" src=\"https:\/\/www.youtube.com\/embed\/prxh-u4r1UA?feature=oembed\" frameborder=\"0\" allow=\"accelerometer; autoplay; clipboard-write; encrypted-media; gyroscope; picture-in-picture; web-share\" referrerpolicy=\"strict-origin-when-cross-origin\" allowfullscreen><\/iframe>\n<\/div><\/figure>\n","protected":false},"excerpt":{"rendered":"<p>Vejam como solicitar benef\u00edcio na mat\u00e9ria. Usu\u00e1rios frequentes de rodovias Sul-Mineiras, onde ser\u00e3o instalados os novos postos de ped\u00e1gios ter\u00e3o descontos. De acordo com a EPR, empresa respons\u00e1vel pelos ped\u00e1gios, os usu\u00e1rios dever\u00e3o solicitar uma &#8220;TAG&#8221;, que ficar\u00e1 colada no ve\u00edculo para obter o desconto. Veja como solicitar: https:\/\/loja.semparar.com.br\/planos Mais informa\u00e7\u00f5es acesse: https:\/\/grupoepr.com.br\/epr-vias-do-cafe-apresenta-o-desconto-para-usuario-frequente-duf-nas-rodovias-concedidas\/ <a href=\"https:\/\/noticiasdefato.net\/?p=1319\" class=\"more-link\">Continuar lendo <span class=\"screen-reader-text\">Motoristas ter\u00e3o descontos em ped\u00e1gios do Sul de Minas<\/span><\/a><\/p>\n","protected":false},"author":1,"featured_media":1321,"comment_status":"open","ping_status":"open","sticky":false,"template":"","format":"standard","meta":{"footnotes":""},"categories":[1],"tags":[],"class_list":["post-1319","post","type-post","status-publish","format-standard","has-post-thumbnail","hentry","category-geral"],"yoast_head":"<!-- This site is optimized with the Yoast SEO plugin v23.2 - https:\/\/yoast.com\/wordpress\/plugins\/seo\/ -->\n<title>Motoristas ter\u00e3o descontos em ped\u00e1gios do Sul de Minas - Not\u00edcias de Fato<\/title>\n<meta name=\"robots\" content=\"index, follow, max-snippet:-1, max-image-preview:large, max-video-preview:-1\" \/>\n<link rel=\"canonical\" href=\"https:\/\/noticiasdefato.net\/?p=1319\" \/>\n<meta property=\"og:locale\" content=\"pt_BR\" \/>\n<meta property=\"og:type\" content=\"article\" \/>\n<meta property=\"og:title\" content=\"Motoristas ter\u00e3o descontos em ped\u00e1gios do Sul de Minas - Not\u00edcias de Fato\" \/>\n<meta property=\"og:description\" content=\"Vejam como solicitar benef\u00edcio na mat\u00e9ria. Usu\u00e1rios frequentes de rodovias Sul-Mineiras, onde ser\u00e3o instalados os novos postos de ped\u00e1gios ter\u00e3o descontos. De acordo com a EPR, empresa respons\u00e1vel pelos ped\u00e1gios, os usu\u00e1rios dever\u00e3o solicitar uma &#8220;TAG&#8221;, que ficar\u00e1 colada no ve\u00edculo para obter o desconto. Veja como solicitar: https:\/\/loja.semparar.com.br\/planos Mais informa\u00e7\u00f5es acesse: https:\/\/grupoepr.com.br\/epr-vias-do-cafe-apresenta-o-desconto-para-usuario-frequente-duf-nas-rodovias-concedidas\/\" \/>\n<meta property=\"og:url\" content=\"https:\/\/noticiasdefato.net\/?p=1319\" \/>\n<meta property=\"og:site_name\" content=\"Not\u00edcias de Fato\" \/>\n<meta property=\"article:publisher\" content=\"https:\/\/fb.com\/noticiasdefato.jornal\" \/>\n<meta property=\"article:author\" content=\"http:\/\/fb.com\/\/noticiasdefato.jornal\" \/>\n<meta property=\"article:published_time\" content=\"2024-06-20T01:46:18+00:00\" \/>\n<meta property=\"article:modified_time\" content=\"2024-07-31T14:18:51+00:00\" \/>\n<meta property=\"og:image\" content=\"https:\/\/noticiasdefato.net\/wp-content\/uploads\/2024\/06\/image-7.png\" \/>\n\t<meta property=\"og:image:width\" content=\"702\" \/>\n\t<meta property=\"og:image:height\" content=\"526\" \/>\n\t<meta property=\"og:image:type\" content=\"image\/png\" \/>\n<meta name=\"author\" content=\"Noticias de Fato\" \/>\n<meta name=\"twitter:card\" content=\"summary_large_image\" \/>\n<meta name=\"twitter:creator\" content=\"@https:\/\/twitter.com\/NoticiasDeFato_\" \/>\n<meta name=\"twitter:site\" content=\"@noticiasdefato_\" \/>\n<meta name=\"twitter:label1\" content=\"Escrito por\" \/>\n\t<meta name=\"twitter:data1\" content=\"Noticias de Fato\" \/>\n\t<meta name=\"twitter:label2\" content=\"Est. tempo de leitura\" \/>\n\t<meta name=\"twitter:data2\" content=\"1 minuto\" \/>\n<script type=\"application\/ld+json\" class=\"yoast-schema-graph\">{\"@context\":\"https:\/\/schema.org\",\"@graph\":[{\"@type\":\"Article\",\"@id\":\"https:\/\/noticiasdefato.net\/?p=1319#article\",\"isPartOf\":{\"@id\":\"https:\/\/noticiasdefato.net\/?p=1319\"},\"author\":{\"name\":\"Noticias de Fato\",\"@id\":\"https:\/\/noticiasdefato.net\/#\/schema\/person\/982ce60211d95acf059cd702aa260d08\"},\"headline\":\"Motoristas ter\u00e3o descontos em ped\u00e1gios do Sul de Minas\",\"datePublished\":\"2024-06-20T01:46:18+00:00\",\"dateModified\":\"2024-07-31T14:18:51+00:00\",\"mainEntityOfPage\":{\"@id\":\"https:\/\/noticiasdefato.net\/?p=1319\"},\"wordCount\":91,\"commentCount\":0,\"publisher\":{\"@id\":\"https:\/\/noticiasdefato.net\/#organization\"},\"image\":{\"@id\":\"https:\/\/noticiasdefato.net\/?p=1319#primaryimage\"},\"thumbnailUrl\":\"https:\/\/noticiasdefato.net\/wp-content\/uploads\/2024\/06\/image-7.png\",\"articleSection\":[\"Geral\"],\"inLanguage\":\"pt-BR\",\"potentialAction\":[{\"@type\":\"CommentAction\",\"name\":\"Comment\",\"target\":[\"https:\/\/noticiasdefato.net\/?p=1319#respond\"]}]},{\"@type\":\"WebPage\",\"@id\":\"https:\/\/noticiasdefato.net\/?p=1319\",\"url\":\"https:\/\/noticiasdefato.net\/?p=1319\",\"name\":\"Motoristas ter\u00e3o descontos em ped\u00e1gios do Sul de Minas - Not\u00edcias de Fato\",\"isPartOf\":{\"@id\":\"https:\/\/noticiasdefato.net\/#website\"},\"primaryImageOfPage\":{\"@id\":\"https:\/\/noticiasdefato.net\/?p=1319#primaryimage\"},\"image\":{\"@id\":\"https:\/\/noticiasdefato.net\/?p=1319#primaryimage\"},\"thumbnailUrl\":\"https:\/\/noticiasdefato.net\/wp-content\/uploads\/2024\/06\/image-7.png\",\"datePublished\":\"2024-06-20T01:46:18+00:00\",\"dateModified\":\"2024-07-31T14:18:51+00:00\",\"breadcrumb\":{\"@id\":\"https:\/\/noticiasdefato.net\/?p=1319#breadcrumb\"},\"inLanguage\":\"pt-BR\",\"potentialAction\":[{\"@type\":\"ReadAction\",\"target\":[\"https:\/\/noticiasdefato.net\/?p=1319\"]}]},{\"@type\":\"ImageObject\",\"inLanguage\":\"pt-BR\",\"@id\":\"https:\/\/noticiasdefato.net\/?p=1319#primaryimage\",\"url\":\"https:\/\/noticiasdefato.net\/wp-content\/uploads\/2024\/06\/image-7.png\",\"contentUrl\":\"https:\/\/noticiasdefato.net\/wp-content\/uploads\/2024\/06\/image-7.png\",\"width\":702,\"height\":526},{\"@type\":\"BreadcrumbList\",\"@id\":\"https:\/\/noticiasdefato.net\/?p=1319#breadcrumb\",\"itemListElement\":[{\"@type\":\"ListItem\",\"position\":1,\"name\":\"In\u00edcio\",\"item\":\"https:\/\/noticiasdefato.net\/\"},{\"@type\":\"ListItem\",\"position\":2,\"name\":\"Motoristas ter\u00e3o descontos em ped\u00e1gios do Sul de Minas\"}]},{\"@type\":\"WebSite\",\"@id\":\"https:\/\/noticiasdefato.net\/#website\",\"url\":\"https:\/\/noticiasdefato.net\/\",\"name\":\"Not\u00edcias de Fato\",\"description\":\"Trabalhamos com honestidade, seriedade e com a verdade.\",\"publisher\":{\"@id\":\"https:\/\/noticiasdefato.net\/#organization\"},\"potentialAction\":[{\"@type\":\"SearchAction\",\"target\":{\"@type\":\"EntryPoint\",\"urlTemplate\":\"https:\/\/noticiasdefato.net\/?s={search_term_string}\"},\"query-input\":\"required name=search_term_string\"}],\"inLanguage\":\"pt-BR\"},{\"@type\":\"Organization\",\"@id\":\"https:\/\/noticiasdefato.net\/#organization\",\"name\":\"Not\u00edcias de Fato\",\"url\":\"https:\/\/noticiasdefato.net\/\",\"logo\":{\"@type\":\"ImageObject\",\"inLanguage\":\"pt-BR\",\"@id\":\"https:\/\/noticiasdefato.net\/#\/schema\/logo\/image\/\",\"url\":\"https:\/\/noticiasdefato.net\/wp-content\/uploads\/2024\/02\/cropped-logo_topo.png\",\"contentUrl\":\"https:\/\/noticiasdefato.net\/wp-content\/uploads\/2024\/02\/cropped-logo_topo.png\",\"width\":1948,\"height\":665,\"caption\":\"Not\u00edcias de Fato\"},\"image\":{\"@id\":\"https:\/\/noticiasdefato.net\/#\/schema\/logo\/image\/\"},\"sameAs\":[\"https:\/\/fb.com\/noticiasdefato.jornal\",\"https:\/\/x.com\/noticiasdefato_\",\"https:\/\/instagram.com\/noticiasdefato.jornal\",\"https:\/\/youtube.com\/@JornalNoticiasDeFato\"]},{\"@type\":\"Person\",\"@id\":\"https:\/\/noticiasdefato.net\/#\/schema\/person\/982ce60211d95acf059cd702aa260d08\",\"name\":\"Noticias de Fato\",\"image\":{\"@type\":\"ImageObject\",\"inLanguage\":\"pt-BR\",\"@id\":\"https:\/\/noticiasdefato.net\/#\/schema\/person\/image\/\",\"url\":\"https:\/\/secure.gravatar.com\/avatar\/700227fab2316f0366a1b5d4988d10f847249cf13293450527ac9553c994611a?s=96&d=mm&r=g\",\"contentUrl\":\"https:\/\/secure.gravatar.com\/avatar\/700227fab2316f0366a1b5d4988d10f847249cf13293450527ac9553c994611a?s=96&d=mm&r=g\",\"caption\":\"Noticias de Fato\"},\"sameAs\":[\"https:\/\/noticiasdefato.net\",\"http:\/\/fb.com\/\/noticiasdefato.jornal\",\"https:\/\/x.com\/https:\/\/twitter.com\/NoticiasDeFato_\"],\"url\":\"https:\/\/noticiasdefato.net\/?author=1\"}]}<\/script>\n<!-- \/ Yoast SEO plugin. -->","yoast_head_json":{"title":"Motoristas ter\u00e3o descontos em ped\u00e1gios do Sul de Minas - Not\u00edcias de Fato","robots":{"index":"index","follow":"follow","max-snippet":"max-snippet:-1","max-image-preview":"max-image-preview:large","max-video-preview":"max-video-preview:-1"},"canonical":"https:\/\/noticiasdefato.net\/?p=1319","og_locale":"pt_BR","og_type":"article","og_title":"Motoristas ter\u00e3o descontos em ped\u00e1gios do Sul de Minas - Not\u00edcias de Fato","og_description":"Vejam como solicitar benef\u00edcio na mat\u00e9ria. Usu\u00e1rios frequentes de rodovias Sul-Mineiras, onde ser\u00e3o instalados os novos postos de ped\u00e1gios ter\u00e3o descontos. De acordo com a EPR, empresa respons\u00e1vel pelos ped\u00e1gios, os usu\u00e1rios dever\u00e3o solicitar uma &#8220;TAG&#8221;, que ficar\u00e1 colada no ve\u00edculo para obter o desconto. Veja como solicitar: https:\/\/loja.semparar.com.br\/planos Mais informa\u00e7\u00f5es acesse: https:\/\/grupoepr.com.br\/epr-vias-do-cafe-apresenta-o-desconto-para-usuario-frequente-duf-nas-rodovias-concedidas\/","og_url":"https:\/\/noticiasdefato.net\/?p=1319","og_site_name":"Not\u00edcias de Fato","article_publisher":"https:\/\/fb.com\/noticiasdefato.jornal","article_author":"http:\/\/fb.com\/\/noticiasdefato.jornal","article_published_time":"2024-06-20T01:46:18+00:00","article_modified_time":"2024-07-31T14:18:51+00:00","og_image":[{"width":702,"height":526,"url":"https:\/\/noticiasdefato.net\/wp-content\/uploads\/2024\/06\/image-7.png","type":"image\/png"}],"author":"Noticias de Fato","twitter_card":"summary_large_image","twitter_creator":"@https:\/\/twitter.com\/NoticiasDeFato_","twitter_site":"@noticiasdefato_","twitter_misc":{"Escrito por":"Noticias de Fato","Est. tempo de leitura":"1 minuto"},"schema":{"@context":"https:\/\/schema.org","@graph":[{"@type":"Article","@id":"https:\/\/noticiasdefato.net\/?p=1319#article","isPartOf":{"@id":"https:\/\/noticiasdefato.net\/?p=1319"},"author":{"name":"Noticias de Fato","@id":"https:\/\/noticiasdefato.net\/#\/schema\/person\/982ce60211d95acf059cd702aa260d08"},"headline":"Motoristas ter\u00e3o descontos em ped\u00e1gios do Sul de Minas","datePublished":"2024-06-20T01:46:18+00:00","dateModified":"2024-07-31T14:18:51+00:00","mainEntityOfPage":{"@id":"https:\/\/noticiasdefato.net\/?p=1319"},"wordCount":91,"commentCount":0,"publisher":{"@id":"https:\/\/noticiasdefato.net\/#organization"},"image":{"@id":"https:\/\/noticiasdefato.net\/?p=1319#primaryimage"},"thumbnailUrl":"https:\/\/noticiasdefato.net\/wp-content\/uploads\/2024\/06\/image-7.png","articleSection":["Geral"],"inLanguage":"pt-BR","potentialAction":[{"@type":"CommentAction","name":"Comment","target":["https:\/\/noticiasdefato.net\/?p=1319#respond"]}]},{"@type":"WebPage","@id":"https:\/\/noticiasdefato.net\/?p=1319","url":"https:\/\/noticiasdefato.net\/?p=1319","name":"Motoristas ter\u00e3o descontos em ped\u00e1gios do Sul de Minas - Not\u00edcias de Fato","isPartOf":{"@id":"https:\/\/noticiasdefato.net\/#website"},"primaryImageOfPage":{"@id":"https:\/\/noticiasdefato.net\/?p=1319#primaryimage"},"image":{"@id":"https:\/\/noticiasdefato.net\/?p=1319#primaryimage"},"thumbnailUrl":"https:\/\/noticiasdefato.net\/wp-content\/uploads\/2024\/06\/image-7.png","datePublished":"2024-06-20T01:46:18+00:00","dateModified":"2024-07-31T14:18:51+00:00","breadcrumb":{"@id":"https:\/\/noticiasdefato.net\/?p=1319#breadcrumb"},"inLanguage":"pt-BR","potentialAction":[{"@type":"ReadAction","target":["https:\/\/noticiasdefato.net\/?p=1319"]}]},{"@type":"ImageObject","inLanguage":"pt-BR","@id":"https:\/\/noticiasdefato.net\/?p=1319#primaryimage","url":"https:\/\/noticiasdefato.net\/wp-content\/uploads\/2024\/06\/image-7.png","contentUrl":"https:\/\/noticiasdefato.net\/wp-content\/uploads\/2024\/06\/image-7.png","width":702,"height":526},{"@type":"BreadcrumbList","@id":"https:\/\/noticiasdefato.net\/?p=1319#breadcrumb","itemListElement":[{"@type":"ListItem","position":1,"name":"In\u00edcio","item":"https:\/\/noticiasdefato.net\/"},{"@type":"ListItem","position":2,"name":"Motoristas ter\u00e3o descontos em ped\u00e1gios do Sul de Minas"}]},{"@type":"WebSite","@id":"https:\/\/noticiasdefato.net\/#website","url":"https:\/\/noticiasdefato.net\/","name":"Not\u00edcias de Fato","description":"Trabalhamos com honestidade, seriedade e com a verdade.","publisher":{"@id":"https:\/\/noticiasdefato.net\/#organization"},"potentialAction":[{"@type":"SearchAction","target":{"@type":"EntryPoint","urlTemplate":"https:\/\/noticiasdefato.net\/?s={search_term_string}"},"query-input":"required name=search_term_string"}],"inLanguage":"pt-BR"},{"@type":"Organization","@id":"https:\/\/noticiasdefato.net\/#organization","name":"Not\u00edcias de Fato","url":"https:\/\/noticiasdefato.net\/","logo":{"@type":"ImageObject","inLanguage":"pt-BR","@id":"https:\/\/noticiasdefato.net\/#\/schema\/logo\/image\/","url":"https:\/\/noticiasdefato.net\/wp-content\/uploads\/2024\/02\/cropped-logo_topo.png","contentUrl":"https:\/\/noticiasdefato.net\/wp-content\/uploads\/2024\/02\/cropped-logo_topo.png","width":1948,"height":665,"caption":"Not\u00edcias de Fato"},"image":{"@id":"https:\/\/noticiasdefato.net\/#\/schema\/logo\/image\/"},"sameAs":["https:\/\/fb.com\/noticiasdefato.jornal","https:\/\/x.com\/noticiasdefato_","https:\/\/instagram.com\/noticiasdefato.jornal","https:\/\/youtube.com\/@JornalNoticiasDeFato"]},{"@type":"Person","@id":"https:\/\/noticiasdefato.net\/#\/schema\/person\/982ce60211d95acf059cd702aa260d08","name":"Noticias de Fato","image":{"@type":"ImageObject","inLanguage":"pt-BR","@id":"https:\/\/noticiasdefato.net\/#\/schema\/person\/image\/","url":"https:\/\/secure.gravatar.com\/avatar\/700227fab2316f0366a1b5d4988d10f847249cf13293450527ac9553c994611a?s=96&d=mm&r=g","contentUrl":"https:\/\/secure.gravatar.com\/avatar\/700227fab2316f0366a1b5d4988d10f847249cf13293450527ac9553c994611a?s=96&d=mm&r=g","caption":"Noticias de Fato"},"sameAs":["https:\/\/noticiasdefato.net","http:\/\/fb.com\/\/noticiasdefato.jornal","https:\/\/x.com\/https:\/\/twitter.com\/NoticiasDeFato_"],"url":"https:\/\/noticiasdefato.net\/?author=1"}]}},"_links":{"self":[{"href":"https:\/\/noticiasdefato.net\/index.php?rest_route=\/wp\/v2\/posts\/1319","targetHints":{"allow":["GET"]}}],"collection":[{"href":"https:\/\/noticiasdefato.net\/index.php?rest_route=\/wp\/v2\/posts"}],"about":[{"href":"https:\/\/noticiasdefato.net\/index.php?rest_route=\/wp\/v2\/types\/post"}],"author":[{"embeddable":true,"href":"https:\/\/noticiasdefato.net\/index.php?rest_route=\/wp\/v2\/users\/1"}],"replies":[{"embeddable":true,"href":"https:\/\/noticiasdefato.net\/index.php?rest_route=%2Fwp%2Fv2%2Fcomments&post=1319"}],"version-history":[{"count":1,"href":"https:\/\/noticiasdefato.net\/index.php?rest_route=\/wp\/v2\/posts\/1319\/revisions"}],"predecessor-version":[{"id":1322,"href":"https:\/\/noticiasdefato.net\/index.php?rest_route=\/wp\/v2\/posts\/1319\/revisions\/1322"}],"wp:featuredmedia":[{"embeddable":true,"href":"https:\/\/noticiasdefato.net\/index.php?rest_route=\/wp\/v2\/media\/1321"}],"wp:attachment":[{"href":"https:\/\/noticiasdefato.net\/index.php?rest_route=%2Fwp%2Fv2%2Fmedia&parent=1319"}],"wp:term":[{"taxonomy":"category","embeddable":true,"href":"https:\/\/noticiasdefato.net\/index.php?rest_route=%2Fwp%2Fv2%2Fcategories&post=1319"},{"taxonomy":"post_tag","embeddable":true,"href":"https:\/\/noticiasdefato.net\/index.php?rest_route=%2Fwp%2Fv2%2Ftags&post=1319"}],"curies":[{"name":"wp","href":"https:\/\/api.w.org\/{rel}","templated":true}]}}