{"id":1324,"date":"2024-06-27T10:04:46","date_gmt":"2024-06-27T13:04:46","guid":{"rendered":"https:\/\/noticiasdefato.net\/?p=1324"},"modified":"2024-07-31T11:15:26","modified_gmt":"2024-07-31T14:15:26","slug":"vereadora-pede-relacao-de-servidores-de-alfenas","status":"publish","type":"post","link":"https:\/\/noticiasdefato.net\/?p=1324","title":{"rendered":"VEREADORA PEDE RELA\u00c7\u00c3O DE SERVIDORES DE ALFENAS"},"content":{"rendered":"\n<p><em>Prefeitura afirma ter 4.168 servidores, mais da metade n\u00e3o \u00e9 concursada<\/em>.<\/p>\n\n\n\n<p>A vereadora Teresa Suelene de Paula (PL) pediu \u00e0 prefeitura informa\u00e7\u00f5es sobre o n\u00famero de servidores p\u00fablicos de Alfenas. No Requerimento 10\/2024, a parlamentar fez diversos questionamentos, entre eles: o n\u00famero de cargos efetivos e comissionados ocupados; quantidade de servidores admitidos por meio de processo seletivo; atualiza\u00e7\u00e3o do site transpar\u00eancia e ainda quais as reais atividades desenvolvidas pelos servidores.<\/p>\n\n\n\n<p>A resposta encaminhada pelo chefe de gest\u00e3o de pessoas, Jo\u00e3o Batista Tomaz, revela que at\u00e9 o dia 31 de maio deste ano, a prefeitura registrou em seus quadros 1.948 funcion\u00e1rios efetivos e 2.220 servidores comissionados ou contratados por meio de processo seletivo. Ou seja, mais da metade do funcionalismo do munic\u00edpio n\u00e3o \u00e9 concursada.<\/p>\n\n\n\n<figure class=\"wp-block-image size-full\"><img fetchpriority=\"high\" decoding=\"async\" width=\"652\" height=\"286\" src=\"https:\/\/noticiasdefato.net\/wp-content\/uploads\/2024\/06\/image-12.png\" alt=\"\" class=\"wp-image-1329\" srcset=\"https:\/\/noticiasdefato.net\/wp-content\/uploads\/2024\/06\/image-12.png 652w, https:\/\/noticiasdefato.net\/wp-content\/uploads\/2024\/06\/image-12-300x132.png 300w, https:\/\/noticiasdefato.net\/wp-content\/uploads\/2024\/06\/image-12-205x90.png 205w\" sizes=\"(max-width: 652px) 100vw, 652px\" \/><\/figure>\n\n\n\n<p>O documento encaminhado pela prefeitura \u00e0 vereadora afirma que o portal da transpar\u00eancia est\u00e1 atualizado, mas n\u00e3o responde ao questionamento sobre as reais fun\u00e7\u00f5es de cada servidor.<\/p>\n\n\n\n<p>Nossa reda\u00e7\u00e3o acessou o portal da transpar\u00eancia da prefeitura de Alfenas, para conferir se o n\u00famero de servidores informado no requerimento coincide com o que est\u00e1 no portal da transpar\u00eancia. Por\u00e9m, aparentemente, h\u00e1 diverg\u00eancia tanto no total de funcion\u00e1rios, como na quantidade de comissionados, de modo que o n\u00famero apresentado no portal da transpar\u00eancia est\u00e1 inferior ao que foi informado na resposta\u00a0do\u00a0requerimento da vereadora.<\/p>\n\n\n\n<p>Como identificamos inconsist\u00eancia entre os n\u00fameros apresentados pela prefeitura na resposta ao requerimento da vereadora Teresa, enviamos os seguintes questionamentos \u00e0 Prefeitura de Alfenas:<\/p>\n\n\n\n<ul class=\"wp-block-list\">\n<li>Conceitualmente, qual \u00e9 a diferen\u00e7a entre &#8216;Servidores efetivos&#8217; e &#8216;Servidores\/empregados ativos&#8217; no portal da transpar\u00eancia?<\/li>\n\n\n\n<li>Por que o n\u00famero de servidores efetivos e o n\u00famero de servidores comissionados apresentado no portal da transpar\u00eancia nao coincide com os n\u00fameros fornecidos no requerimento de resposta \u00e0 vereadora\u00a0Teresa\u00a0? <\/li>\n<\/ul>\n\n\n\n<figure class=\"wp-block-image size-full\"><img decoding=\"async\" width=\"868\" height=\"176\" src=\"https:\/\/noticiasdefato.net\/wp-content\/uploads\/2024\/06\/image-10.png\" alt=\"\" class=\"wp-image-1327\" srcset=\"https:\/\/noticiasdefato.net\/wp-content\/uploads\/2024\/06\/image-10.png 868w, https:\/\/noticiasdefato.net\/wp-content\/uploads\/2024\/06\/image-10-300x61.png 300w, https:\/\/noticiasdefato.net\/wp-content\/uploads\/2024\/06\/image-10-768x156.png 768w, https:\/\/noticiasdefato.net\/wp-content\/uploads\/2024\/06\/image-10-400x81.png 400w\" sizes=\"(max-width: 868px) 100vw, 868px\" \/><\/figure>\n\n\n\n<figure class=\"wp-block-image size-full\"><img decoding=\"async\" width=\"867\" height=\"308\" src=\"https:\/\/noticiasdefato.net\/wp-content\/uploads\/2024\/06\/image-11.png\" alt=\"\" class=\"wp-image-1328\" srcset=\"https:\/\/noticiasdefato.net\/wp-content\/uploads\/2024\/06\/image-11.png 867w, https:\/\/noticiasdefato.net\/wp-content\/uploads\/2024\/06\/image-11-300x107.png 300w, https:\/\/noticiasdefato.net\/wp-content\/uploads\/2024\/06\/image-11-768x273.png 768w, https:\/\/noticiasdefato.net\/wp-content\/uploads\/2024\/06\/image-11-253x90.png 253w\" sizes=\"(max-width: 867px) 100vw, 867px\" \/><\/figure>\n\n\n\n<p><\/p>\n\n\n\n<p><strong>PARADOXO: 20 BAIRROS SEM LIMPEZA POR FALTA DE SERVIDORES<\/strong><\/p>\n\n\n\n<p>Os mais de 4 mil funcion\u00e1rios da prefeitura, entre eles concursados, comissionados e cargos pol\u00edticos, n\u00e3o t\u00eam dado retorno efetivo \u00e0 sociedade?<\/p>\n\n\n\n<p>Esta \u00e9 mais uma constata\u00e7\u00e3o poss\u00edvel gra\u00e7as a mais uma a\u00e7\u00e3o da vereadora Teresa (PL), que encaminhou outro requerimento, desta vez \u00e0 Secretaria de Meio Ambiente, solicitando informa\u00e7\u00f5es sobre os servidores da varri\u00e7\u00e3o.<\/p>\n\n\n\n<p>Segundo ela, por diversos bairros, como o Jardim Am\u00e9rica e adjac\u00eancias, \u201cn\u00e3o passa um varredor de rua\u201d, al\u00e9m de acumularem cal\u00e7adas e bueiros sujos, entupidos e cheios de mato. O secret\u00e1rio, Dionizio Jos\u00e9 da Silva, respons\u00e1vel pela manuten\u00e7\u00e3o e limpeza dos bairros, admitiu que 20 bairros na nossa cidade n\u00e3o t\u00eam varredor.<\/p>\n\n\n\n<p>A justificativa, segundo ele, \u00e9 que h\u00e1 necessidade de contrata\u00e7\u00e3o de mais profissionais para a limpeza, no entanto, a prefeitura s\u00f3 poder\u00e1 contratar por meio de concurso p\u00fablico, uma vez que a prefeitura firmou uma TAC- um termo de ajustamento de conduta junto ao Minist\u00e9rio P\u00fablico.<\/p>\n\n\n\n<p>A reda\u00e7\u00e3o do JNF encaminhou \u00e0 Secretaria de Coordena\u00e7\u00e3o do Prefeito, F\u00e1bio Marques Flor\u00eancio, perguntas referentes aos gastos com o funcionalismo:<\/p>\n\n\n\n<ul class=\"wp-block-list\">\n<li>Qual o percentual que esta folha com o funcionalismo ocupa nos custos do administrativo?<\/li>\n\n\n\n<li>H\u00e1 previs\u00e3o para a realiza\u00e7\u00e3o de novo concurso p\u00fablico?<\/li>\n<\/ul>\n\n\n\n<p><\/p>\n\n\n\n<p><strong>IRREGULARIDADES NAS CONTRATA\u00c7\u00d5ES<\/strong><\/p>\n\n\n\n<p>Em novembro de 2018, o Minist\u00e9rio P\u00fablico &#8211; MP instaurou inqu\u00e9rito e apontou irregularidades em contrata\u00e7\u00f5es na Prefeitura de Alfenas <strong>[1]<\/strong>. Uma delas \u00e9 que os cargos comissionados seriam atribui\u00e7\u00f5es t\u00e9cnicas ou administrativas, o que n\u00e3o justifica o v\u00ednculo de confian\u00e7a.<\/p>\n\n\n\n<p>Em janeiro de 2019, a prefeitura assinou um Termo de Ajustamento de Conduta &#8211; TAC e teve que demitir 150 funcion\u00e1rios em cargos de confian\u00e7a e substitu\u00ed-los por pessoas que passaram em concurso p\u00fablico de 2016.<\/p>\n\n\n\n<p><\/p>\n\n\n\n<p>Posteriormente, esta mat\u00e9ria poder\u00e1 ser atualizada com as respostas dos questionamentos enviados por e-mail, caso a prefeitura responda.<\/p>\n\n\n\n<p><em>REFER\u00caNCIAS<\/em><\/p>\n\n\n\n<p>[1] <a href=\"https:\/\/g1.globo.com\/mg\/sul-de-minas\/noticia\/2019\/01\/11\/por-recomendacao-do-ministerio-publico-prefeitura-de-alfenas-deve-demitir-150-funcionarios.ghtml\">https:\/\/g1.globo.com\/mg\/sul-de-minas\/noticia\/2019\/01\/11\/por-recomendacao-do-ministerio-publico-prefeitura-de-alfenas-deve-demitir-150-funcionarios.ghtml<\/a><\/p>\n","protected":false},"excerpt":{"rendered":"<p>Prefeitura afirma ter 4.168 servidores, mais da metade n\u00e3o \u00e9 concursada. <a href=\"https:\/\/noticiasdefato.net\/?p=1324\" class=\"more-link\">Continuar lendo <span class=\"screen-reader-text\">VEREADORA PEDE RELA\u00c7\u00c3O DE SERVIDORES DE ALFENAS<\/span><\/a><\/p>\n","protected":false},"author":1,"featured_media":942,"comment_status":"open","ping_status":"open","sticky":false,"template":"","format":"standard","meta":{"footnotes":""},"categories":[18],"tags":[],"class_list":["post-1324","post","type-post","status-publish","format-standard","has-post-thumbnail","hentry","category-politica"],"yoast_head":"<!-- This site is optimized with the Yoast SEO plugin v23.2 - https:\/\/yoast.com\/wordpress\/plugins\/seo\/ -->\n<title>VEREADORA PEDE RELA\u00c7\u00c3O DE SERVIDORES DE ALFENAS - Not\u00edcias de Fato<\/title>\n<meta name=\"description\" content=\"Prefeitura afirma ter 4.168 servidores, mais da metade n\u00e3o \u00e9 concursada.\" \/>\n<meta name=\"robots\" content=\"index, follow, max-snippet:-1, max-image-preview:large, max-video-preview:-1\" \/>\n<link rel=\"canonical\" href=\"https:\/\/noticiasdefato.net\/?p=1324\" \/>\n<meta property=\"og:locale\" content=\"pt_BR\" \/>\n<meta property=\"og:type\" content=\"article\" \/>\n<meta property=\"og:title\" content=\"VEREADORA PEDE RELA\u00c7\u00c3O DE SERVIDORES DE ALFENAS - Not\u00edcias de Fato\" \/>\n<meta property=\"og:description\" content=\"Prefeitura afirma ter 4.168 servidores, mais da metade n\u00e3o \u00e9 concursada.\" \/>\n<meta property=\"og:url\" content=\"https:\/\/noticiasdefato.net\/?p=1324\" \/>\n<meta property=\"og:site_name\" content=\"Not\u00edcias de Fato\" \/>\n<meta property=\"article:publisher\" content=\"https:\/\/fb.com\/noticiasdefato.jornal\" \/>\n<meta property=\"article:author\" content=\"http:\/\/fb.com\/\/noticiasdefato.jornal\" \/>\n<meta property=\"article:published_time\" content=\"2024-06-27T13:04:46+00:00\" \/>\n<meta property=\"article:modified_time\" content=\"2024-07-31T14:15:26+00:00\" \/>\n<meta property=\"og:image\" content=\"https:\/\/noticiasdefato.net\/wp-content\/uploads\/2024\/03\/Foto-Tereza-e1719493437668.png\" \/>\n\t<meta property=\"og:image:width\" content=\"854\" \/>\n\t<meta property=\"og:image:height\" content=\"466\" \/>\n\t<meta property=\"og:image:type\" content=\"image\/png\" \/>\n<meta name=\"author\" content=\"Noticias de Fato\" \/>\n<meta name=\"twitter:card\" content=\"summary_large_image\" \/>\n<meta name=\"twitter:creator\" content=\"@https:\/\/twitter.com\/NoticiasDeFato_\" \/>\n<meta name=\"twitter:site\" content=\"@noticiasdefato_\" \/>\n<meta name=\"twitter:label1\" content=\"Escrito por\" \/>\n\t<meta name=\"twitter:data1\" content=\"Noticias de Fato\" \/>\n\t<meta name=\"twitter:label2\" content=\"Est. tempo de leitura\" \/>\n\t<meta name=\"twitter:data2\" content=\"5 minutos\" \/>\n<script type=\"application\/ld+json\" class=\"yoast-schema-graph\">{\"@context\":\"https:\/\/schema.org\",\"@graph\":[{\"@type\":\"Article\",\"@id\":\"https:\/\/noticiasdefato.net\/?p=1324#article\",\"isPartOf\":{\"@id\":\"https:\/\/noticiasdefato.net\/?p=1324\"},\"author\":{\"name\":\"Noticias de Fato\",\"@id\":\"https:\/\/noticiasdefato.net\/#\/schema\/person\/982ce60211d95acf059cd702aa260d08\"},\"headline\":\"VEREADORA PEDE RELA\u00c7\u00c3O DE SERVIDORES DE ALFENAS\",\"datePublished\":\"2024-06-27T13:04:46+00:00\",\"dateModified\":\"2024-07-31T14:15:26+00:00\",\"mainEntityOfPage\":{\"@id\":\"https:\/\/noticiasdefato.net\/?p=1324\"},\"wordCount\":664,\"commentCount\":0,\"publisher\":{\"@id\":\"https:\/\/noticiasdefato.net\/#organization\"},\"image\":{\"@id\":\"https:\/\/noticiasdefato.net\/?p=1324#primaryimage\"},\"thumbnailUrl\":\"https:\/\/noticiasdefato.net\/wp-content\/uploads\/2024\/03\/Foto-Tereza-e1719493437668.png\",\"articleSection\":[\"Pol\u00edtica\"],\"inLanguage\":\"pt-BR\",\"potentialAction\":[{\"@type\":\"CommentAction\",\"name\":\"Comment\",\"target\":[\"https:\/\/noticiasdefato.net\/?p=1324#respond\"]}]},{\"@type\":\"WebPage\",\"@id\":\"https:\/\/noticiasdefato.net\/?p=1324\",\"url\":\"https:\/\/noticiasdefato.net\/?p=1324\",\"name\":\"VEREADORA PEDE RELA\u00c7\u00c3O DE SERVIDORES DE ALFENAS - Not\u00edcias de Fato\",\"isPartOf\":{\"@id\":\"https:\/\/noticiasdefato.net\/#website\"},\"primaryImageOfPage\":{\"@id\":\"https:\/\/noticiasdefato.net\/?p=1324#primaryimage\"},\"image\":{\"@id\":\"https:\/\/noticiasdefato.net\/?p=1324#primaryimage\"},\"thumbnailUrl\":\"https:\/\/noticiasdefato.net\/wp-content\/uploads\/2024\/03\/Foto-Tereza-e1719493437668.png\",\"datePublished\":\"2024-06-27T13:04:46+00:00\",\"dateModified\":\"2024-07-31T14:15:26+00:00\",\"description\":\"Prefeitura afirma ter 4.168 servidores, mais da metade n\u00e3o \u00e9 concursada.\",\"breadcrumb\":{\"@id\":\"https:\/\/noticiasdefato.net\/?p=1324#breadcrumb\"},\"inLanguage\":\"pt-BR\",\"potentialAction\":[{\"@type\":\"ReadAction\",\"target\":[\"https:\/\/noticiasdefato.net\/?p=1324\"]}]},{\"@type\":\"ImageObject\",\"inLanguage\":\"pt-BR\",\"@id\":\"https:\/\/noticiasdefato.net\/?p=1324#primaryimage\",\"url\":\"https:\/\/noticiasdefato.net\/wp-content\/uploads\/2024\/03\/Foto-Tereza-e1719493437668.png\",\"contentUrl\":\"https:\/\/noticiasdefato.net\/wp-content\/uploads\/2024\/03\/Foto-Tereza-e1719493437668.png\",\"width\":854,\"height\":466},{\"@type\":\"BreadcrumbList\",\"@id\":\"https:\/\/noticiasdefato.net\/?p=1324#breadcrumb\",\"itemListElement\":[{\"@type\":\"ListItem\",\"position\":1,\"name\":\"In\u00edcio\",\"item\":\"https:\/\/noticiasdefato.net\/\"},{\"@type\":\"ListItem\",\"position\":2,\"name\":\"VEREADORA PEDE RELA\u00c7\u00c3O DE SERVIDORES DE ALFENAS\"}]},{\"@type\":\"WebSite\",\"@id\":\"https:\/\/noticiasdefato.net\/#website\",\"url\":\"https:\/\/noticiasdefato.net\/\",\"name\":\"Not\u00edcias de Fato\",\"description\":\"Trabalhamos com honestidade, seriedade e com a verdade.\",\"publisher\":{\"@id\":\"https:\/\/noticiasdefato.net\/#organization\"},\"potentialAction\":[{\"@type\":\"SearchAction\",\"target\":{\"@type\":\"EntryPoint\",\"urlTemplate\":\"https:\/\/noticiasdefato.net\/?s={search_term_string}\"},\"query-input\":\"required name=search_term_string\"}],\"inLanguage\":\"pt-BR\"},{\"@type\":\"Organization\",\"@id\":\"https:\/\/noticiasdefato.net\/#organization\",\"name\":\"Not\u00edcias de Fato\",\"url\":\"https:\/\/noticiasdefato.net\/\",\"logo\":{\"@type\":\"ImageObject\",\"inLanguage\":\"pt-BR\",\"@id\":\"https:\/\/noticiasdefato.net\/#\/schema\/logo\/image\/\",\"url\":\"https:\/\/noticiasdefato.net\/wp-content\/uploads\/2024\/02\/cropped-logo_topo.png\",\"contentUrl\":\"https:\/\/noticiasdefato.net\/wp-content\/uploads\/2024\/02\/cropped-logo_topo.png\",\"width\":1948,\"height\":665,\"caption\":\"Not\u00edcias de Fato\"},\"image\":{\"@id\":\"https:\/\/noticiasdefato.net\/#\/schema\/logo\/image\/\"},\"sameAs\":[\"https:\/\/fb.com\/noticiasdefato.jornal\",\"https:\/\/x.com\/noticiasdefato_\",\"https:\/\/instagram.com\/noticiasdefato.jornal\",\"https:\/\/youtube.com\/@JornalNoticiasDeFato\"]},{\"@type\":\"Person\",\"@id\":\"https:\/\/noticiasdefato.net\/#\/schema\/person\/982ce60211d95acf059cd702aa260d08\",\"name\":\"Noticias de Fato\",\"image\":{\"@type\":\"ImageObject\",\"inLanguage\":\"pt-BR\",\"@id\":\"https:\/\/noticiasdefato.net\/#\/schema\/person\/image\/\",\"url\":\"https:\/\/secure.gravatar.com\/avatar\/700227fab2316f0366a1b5d4988d10f847249cf13293450527ac9553c994611a?s=96&d=mm&r=g\",\"contentUrl\":\"https:\/\/secure.gravatar.com\/avatar\/700227fab2316f0366a1b5d4988d10f847249cf13293450527ac9553c994611a?s=96&d=mm&r=g\",\"caption\":\"Noticias de Fato\"},\"sameAs\":[\"https:\/\/noticiasdefato.net\",\"http:\/\/fb.com\/\/noticiasdefato.jornal\",\"https:\/\/x.com\/https:\/\/twitter.com\/NoticiasDeFato_\"],\"url\":\"https:\/\/noticiasdefato.net\/?author=1\"}]}<\/script>\n<!-- \/ Yoast SEO plugin. -->","yoast_head_json":{"title":"VEREADORA PEDE RELA\u00c7\u00c3O DE SERVIDORES DE ALFENAS - Not\u00edcias de Fato","description":"Prefeitura afirma ter 4.168 servidores, mais da metade n\u00e3o \u00e9 concursada.","robots":{"index":"index","follow":"follow","max-snippet":"max-snippet:-1","max-image-preview":"max-image-preview:large","max-video-preview":"max-video-preview:-1"},"canonical":"https:\/\/noticiasdefato.net\/?p=1324","og_locale":"pt_BR","og_type":"article","og_title":"VEREADORA PEDE RELA\u00c7\u00c3O DE SERVIDORES DE ALFENAS - Not\u00edcias de Fato","og_description":"Prefeitura afirma ter 4.168 servidores, mais da metade n\u00e3o \u00e9 concursada.","og_url":"https:\/\/noticiasdefato.net\/?p=1324","og_site_name":"Not\u00edcias de Fato","article_publisher":"https:\/\/fb.com\/noticiasdefato.jornal","article_author":"http:\/\/fb.com\/\/noticiasdefato.jornal","article_published_time":"2024-06-27T13:04:46+00:00","article_modified_time":"2024-07-31T14:15:26+00:00","og_image":[{"width":854,"height":466,"url":"https:\/\/noticiasdefato.net\/wp-content\/uploads\/2024\/03\/Foto-Tereza-e1719493437668.png","type":"image\/png"}],"author":"Noticias de Fato","twitter_card":"summary_large_image","twitter_creator":"@https:\/\/twitter.com\/NoticiasDeFato_","twitter_site":"@noticiasdefato_","twitter_misc":{"Escrito por":"Noticias de Fato","Est. tempo de leitura":"5 minutos"},"schema":{"@context":"https:\/\/schema.org","@graph":[{"@type":"Article","@id":"https:\/\/noticiasdefato.net\/?p=1324#article","isPartOf":{"@id":"https:\/\/noticiasdefato.net\/?p=1324"},"author":{"name":"Noticias de Fato","@id":"https:\/\/noticiasdefato.net\/#\/schema\/person\/982ce60211d95acf059cd702aa260d08"},"headline":"VEREADORA PEDE RELA\u00c7\u00c3O DE SERVIDORES DE ALFENAS","datePublished":"2024-06-27T13:04:46+00:00","dateModified":"2024-07-31T14:15:26+00:00","mainEntityOfPage":{"@id":"https:\/\/noticiasdefato.net\/?p=1324"},"wordCount":664,"commentCount":0,"publisher":{"@id":"https:\/\/noticiasdefato.net\/#organization"},"image":{"@id":"https:\/\/noticiasdefato.net\/?p=1324#primaryimage"},"thumbnailUrl":"https:\/\/noticiasdefato.net\/wp-content\/uploads\/2024\/03\/Foto-Tereza-e1719493437668.png","articleSection":["Pol\u00edtica"],"inLanguage":"pt-BR","potentialAction":[{"@type":"CommentAction","name":"Comment","target":["https:\/\/noticiasdefato.net\/?p=1324#respond"]}]},{"@type":"WebPage","@id":"https:\/\/noticiasdefato.net\/?p=1324","url":"https:\/\/noticiasdefato.net\/?p=1324","name":"VEREADORA PEDE RELA\u00c7\u00c3O DE SERVIDORES DE ALFENAS - Not\u00edcias de Fato","isPartOf":{"@id":"https:\/\/noticiasdefato.net\/#website"},"primaryImageOfPage":{"@id":"https:\/\/noticiasdefato.net\/?p=1324#primaryimage"},"image":{"@id":"https:\/\/noticiasdefato.net\/?p=1324#primaryimage"},"thumbnailUrl":"https:\/\/noticiasdefato.net\/wp-content\/uploads\/2024\/03\/Foto-Tereza-e1719493437668.png","datePublished":"2024-06-27T13:04:46+00:00","dateModified":"2024-07-31T14:15:26+00:00","description":"Prefeitura afirma ter 4.168 servidores, mais da metade n\u00e3o \u00e9 concursada.","breadcrumb":{"@id":"https:\/\/noticiasdefato.net\/?p=1324#breadcrumb"},"inLanguage":"pt-BR","potentialAction":[{"@type":"ReadAction","target":["https:\/\/noticiasdefato.net\/?p=1324"]}]},{"@type":"ImageObject","inLanguage":"pt-BR","@id":"https:\/\/noticiasdefato.net\/?p=1324#primaryimage","url":"https:\/\/noticiasdefato.net\/wp-content\/uploads\/2024\/03\/Foto-Tereza-e1719493437668.png","contentUrl":"https:\/\/noticiasdefato.net\/wp-content\/uploads\/2024\/03\/Foto-Tereza-e1719493437668.png","width":854,"height":466},{"@type":"BreadcrumbList","@id":"https:\/\/noticiasdefato.net\/?p=1324#breadcrumb","itemListElement":[{"@type":"ListItem","position":1,"name":"In\u00edcio","item":"https:\/\/noticiasdefato.net\/"},{"@type":"ListItem","position":2,"name":"VEREADORA PEDE RELA\u00c7\u00c3O DE SERVIDORES DE ALFENAS"}]},{"@type":"WebSite","@id":"https:\/\/noticiasdefato.net\/#website","url":"https:\/\/noticiasdefato.net\/","name":"Not\u00edcias de Fato","description":"Trabalhamos com honestidade, seriedade e com a verdade.","publisher":{"@id":"https:\/\/noticiasdefato.net\/#organization"},"potentialAction":[{"@type":"SearchAction","target":{"@type":"EntryPoint","urlTemplate":"https:\/\/noticiasdefato.net\/?s={search_term_string}"},"query-input":"required name=search_term_string"}],"inLanguage":"pt-BR"},{"@type":"Organization","@id":"https:\/\/noticiasdefato.net\/#organization","name":"Not\u00edcias de Fato","url":"https:\/\/noticiasdefato.net\/","logo":{"@type":"ImageObject","inLanguage":"pt-BR","@id":"https:\/\/noticiasdefato.net\/#\/schema\/logo\/image\/","url":"https:\/\/noticiasdefato.net\/wp-content\/uploads\/2024\/02\/cropped-logo_topo.png","contentUrl":"https:\/\/noticiasdefato.net\/wp-content\/uploads\/2024\/02\/cropped-logo_topo.png","width":1948,"height":665,"caption":"Not\u00edcias de Fato"},"image":{"@id":"https:\/\/noticiasdefato.net\/#\/schema\/logo\/image\/"},"sameAs":["https:\/\/fb.com\/noticiasdefato.jornal","https:\/\/x.com\/noticiasdefato_","https:\/\/instagram.com\/noticiasdefato.jornal","https:\/\/youtube.com\/@JornalNoticiasDeFato"]},{"@type":"Person","@id":"https:\/\/noticiasdefato.net\/#\/schema\/person\/982ce60211d95acf059cd702aa260d08","name":"Noticias de Fato","image":{"@type":"ImageObject","inLanguage":"pt-BR","@id":"https:\/\/noticiasdefato.net\/#\/schema\/person\/image\/","url":"https:\/\/secure.gravatar.com\/avatar\/700227fab2316f0366a1b5d4988d10f847249cf13293450527ac9553c994611a?s=96&d=mm&r=g","contentUrl":"https:\/\/secure.gravatar.com\/avatar\/700227fab2316f0366a1b5d4988d10f847249cf13293450527ac9553c994611a?s=96&d=mm&r=g","caption":"Noticias de Fato"},"sameAs":["https:\/\/noticiasdefato.net","http:\/\/fb.com\/\/noticiasdefato.jornal","https:\/\/x.com\/https:\/\/twitter.com\/NoticiasDeFato_"],"url":"https:\/\/noticiasdefato.net\/?author=1"}]}},"_links":{"self":[{"href":"https:\/\/noticiasdefato.net\/index.php?rest_route=\/wp\/v2\/posts\/1324","targetHints":{"allow":["GET"]}}],"collection":[{"href":"https:\/\/noticiasdefato.net\/index.php?rest_route=\/wp\/v2\/posts"}],"about":[{"href":"https:\/\/noticiasdefato.net\/index.php?rest_route=\/wp\/v2\/types\/post"}],"author":[{"embeddable":true,"href":"https:\/\/noticiasdefato.net\/index.php?rest_route=\/wp\/v2\/users\/1"}],"replies":[{"embeddable":true,"href":"https:\/\/noticiasdefato.net\/index.php?rest_route=%2Fwp%2Fv2%2Fcomments&post=1324"}],"version-history":[{"count":2,"href":"https:\/\/noticiasdefato.net\/index.php?rest_route=\/wp\/v2\/posts\/1324\/revisions"}],"predecessor-version":[{"id":1331,"href":"https:\/\/noticiasdefato.net\/index.php?rest_route=\/wp\/v2\/posts\/1324\/revisions\/1331"}],"wp:featuredmedia":[{"embeddable":true,"href":"https:\/\/noticiasdefato.net\/index.php?rest_route=\/wp\/v2\/media\/942"}],"wp:attachment":[{"href":"https:\/\/noticiasdefato.net\/index.php?rest_route=%2Fwp%2Fv2%2Fmedia&parent=1324"}],"wp:term":[{"taxonomy":"category","embeddable":true,"href":"https:\/\/noticiasdefato.net\/index.php?rest_route=%2Fwp%2Fv2%2Fcategories&post=1324"},{"taxonomy":"post_tag","embeddable":true,"href":"https:\/\/noticiasdefato.net\/index.php?rest_route=%2Fwp%2Fv2%2Ftags&post=1324"}],"curies":[{"name":"wp","href":"https:\/\/api.w.org\/{rel}","templated":true}]}}