{"id":1332,"date":"2024-07-01T10:08:40","date_gmt":"2024-07-01T13:08:40","guid":{"rendered":"https:\/\/noticiasdefato.net\/?p=1332"},"modified":"2024-07-31T11:15:32","modified_gmt":"2024-07-31T14:15:32","slug":"reabertura-de-parque-municipal-a-toque-de-caixa","status":"publish","type":"post","link":"https:\/\/noticiasdefato.net\/?p=1332","title":{"rendered":"REABERTURA DE PARQUE MUNICIPAL A TOQUE DE CAIXA"},"content":{"rendered":"\n<p><em>Parque Municipal de Alfenas possui \u00e1reas em situa\u00e7\u00e3o deplor\u00e1vel. Segundo populares &#8220;est\u00e1 pior do que antes e est\u00e3o reabrindo por motivo eleitoreiro&#8221;.<\/em><\/p>\n\n\n\n<p>O Parque Municipal de Alfenas foi reaberto ao p\u00fablico \u00e0 partir deste s\u00e1bado, 29. Entretanto, o que chama a aten\u00e7\u00e3o \u00e9 a atual situa\u00e7\u00e3o do parque, que n\u00e3o est\u00e1 com as obras conclu\u00eddas.<\/p>\n\n\n\n<p>Nossa reda\u00e7\u00e3o recebeu um v\u00eddeo que mostra a situa\u00e7\u00e3o atual de uma das partes do parque. Neste v\u00eddeo, \u00e9 poss\u00edvel verificar que existe uma barreira f\u00edsica para impedir que as pessoas vejam o que est\u00e1 por tr\u00e1s dela, uma vergonha.<\/p>\n\n\n\n<p>Segundo um popular que nos forneceu o material visual e pediu para n\u00e3o ser identificado, o parque est\u00e1 sendo reaberto sem que as obras estejam conclu\u00eddas.<\/p>\n\n\n\n<p>&#8220;<strong>N\u00e3o tem nada pra se fazer l\u00e1 a n\u00e3o ser ver macacos ou andar na trilha. Est\u00e1 tudo abandonado. Sujo, deram um tapa s\u00f3 pra falar que iam\u00a0abrir\u00a0novamente.<\/strong>&#8220;<\/p>\n\n\n\n<figure class=\"wp-block-embed is-type-video is-provider-youtube wp-block-embed-youtube wp-embed-aspect-16-9 wp-has-aspect-ratio\"><div class=\"wp-block-embed__wrapper\">\n<iframe title=\"Parque Municipal de Alfenas aberto a toque de caixa\" width=\"720\" height=\"405\" src=\"https:\/\/www.youtube.com\/embed\/hK0mFzRMKSw?feature=oembed\" frameborder=\"0\" allow=\"accelerometer; autoplay; clipboard-write; encrypted-media; gyroscope; picture-in-picture; web-share\" referrerpolicy=\"strict-origin-when-cross-origin\" allowfullscreen><\/iframe>\n<\/div><\/figure>\n\n\n\n<p>Outro popular, que fez postagem em rede social, alega que est\u00e3o abrindo o parque a toque de caixa como projeto eleitoreiro do vereador Luciano Solar, uma vez que o vereador prometeu n\u00e3o disputar a reelei\u00e7\u00e3o caso o parque n\u00e3o fosse reaberto nessa legislatura.<\/p>\n\n\n\n<p>&#8220;<strong>O parque s\u00f3 est\u00e1 sendo reaberto porque o Luciano Solar prometeu n\u00e3o disputar reelei\u00e7\u00e3o se o parque n\u00e3o fosse reaberto no atual mandato dele. A\u00ed para n\u00e3o ter que cumprir a promessa, est\u00e1 reabrindo mesmo sem estar pronto.<\/strong>&#8220;<\/p>\n\n\n\n<p>Um dos coment\u00e1rios que recebemos sobre essa inaugura\u00e7\u00e3o diz que estavam bancando \u00f4nibus e comida &#8211; talvez para ter p\u00fablico na inaugura\u00e7\u00e3o:<\/p>\n\n\n\n<p>&#8220;<strong>O mo\u00e7o que anda com o cachorro da minha m\u00e3e falou que ia ter \u00f4nibus e\u00a0almo\u00e7o\u00a0de\u00a0gra\u00e7a<\/strong>.&#8221;<\/p>\n\n\n\n<p>Infelizmente, para a popula\u00e7\u00e3o Alfenense, o vereador Luciano Solar disse que o parque seria reaberto, mas n\u00e3o disse em que situa\u00e7\u00e3o isso ocorreria, ou seja, a toque de caixa e sem as obras conclu\u00eddas.<\/p>\n\n\n\n<p>O funcionamento do parque ao p\u00fablico ocorrer\u00e1 apenas aos domingos, das 10h \u00e0s 16h, e durante os dias de semana, o parque abrigar\u00e1 a Secretaria do Clima e Sustentabilidade. Isso pode remeter a interpreta\u00e7\u00e3o de que as obras v\u00e3o continuar ocorrendo, e que o p\u00fablico s\u00f3 ter\u00e1 acesso ao parque aos domingos, dia em que n\u00e3o est\u00e3o ocorrendo obras, levando a entender que no s\u00e1bado poder\u00e1 ser o dia de &#8220;limpar a bagun\u00e7a&#8221; das obras da semana, para receber o p\u00fablico no domingo.<\/p>\n\n\n\n<p><strong>Hist\u00f3rico nada favor\u00e1vel<\/strong><\/p>\n\n\n\n<p>Luciano Solar \u00e9 aquele vereador que se manifestou contrariamente a concess\u00e3o de reajuste salarial de 33% para os professores da rede municipal, concedido pelo Presidente Jair Bolsonaro. Entretanto, na \u00e9poca, ele foi at\u00e9 a capital estadual, Belo Horizonte, &#8216;brigar&#8217; para que o Governador Romeu Zema concedesse esse mesmo reajuste aos professores da rede estadual, quadro ao qual ele faz parte.<\/p>\n\n\n\n<p>Outra pol\u00eamica que envolve o vereador Luciano Solar est\u00e1 relacionada negativamente ao meio ambiente, que s\u00e3o os dados de desmatamento. Isso porque enquanto o Brasil era governado por Jair Bolsonaro, Luciano Solar parecia esquecer as pautas relacionadas a Alfenas, e fazia cr\u00edticas fortes ao ex-presidente pelos n\u00fameros do desmatamento em todas as reuni\u00f5es da c\u00e2mara. Entretanto, agora, durante o governo Lula, que foi apoiado por ele, est\u00e3o ocorrendo recordes de desmatamento, com queimadas na amaz\u00f4nia, no pantanal (quase 1000% de aumento), no cerrado e na mata atl\u00e2ntica. O vereador sequer se manifestou em alguma reuni\u00e3o plen\u00e1ria sobre o tema.<\/p>\n\n\n\n<figure class=\"wp-block-image size-large\"><img fetchpriority=\"high\" decoding=\"async\" width=\"1024\" height=\"1024\" src=\"https:\/\/noticiasdefato.net\/wp-content\/uploads\/2024\/07\/Imagem-do-WhatsApp-de-2024-07-01-as-17.10.31_163c4f41-1024x1024.jpg\" alt=\"\" class=\"wp-image-1377\" srcset=\"https:\/\/noticiasdefato.net\/wp-content\/uploads\/2024\/07\/Imagem-do-WhatsApp-de-2024-07-01-as-17.10.31_163c4f41-1024x1024.jpg 1024w, https:\/\/noticiasdefato.net\/wp-content\/uploads\/2024\/07\/Imagem-do-WhatsApp-de-2024-07-01-as-17.10.31_163c4f41-300x300.jpg 300w, https:\/\/noticiasdefato.net\/wp-content\/uploads\/2024\/07\/Imagem-do-WhatsApp-de-2024-07-01-as-17.10.31_163c4f41-150x150.jpg 150w, https:\/\/noticiasdefato.net\/wp-content\/uploads\/2024\/07\/Imagem-do-WhatsApp-de-2024-07-01-as-17.10.31_163c4f41-768x769.jpg 768w, https:\/\/noticiasdefato.net\/wp-content\/uploads\/2024\/07\/Imagem-do-WhatsApp-de-2024-07-01-as-17.10.31_163c4f41-90x90.jpg 90w, https:\/\/noticiasdefato.net\/wp-content\/uploads\/2024\/07\/Imagem-do-WhatsApp-de-2024-07-01-as-17.10.31_163c4f41.jpg 1079w\" sizes=\"(max-width: 1024px) 100vw, 1024px\" \/><\/figure>\n\n\n\n<p>Agora, com a reabertura do parque municipal de Alfenas, a toque de caixa, Luciano Solar demonstra, mais uma vez, que o meio ambiente parecer n\u00e3o ser pauta importante de seu mandato, mas, sim, uma narrativa que ele utiliza, quando necess\u00e1rio, para atingir o seu projeto pol\u00edtico pessoal.<\/p>\n\n\n\n<p>Vale lembrar que n\u00e3o \u00e9 apenas o uso eleitoreiro do meio ambiente que marca o vereador Luciano Solar. Recentemente, quando o vereador Guinho (PT) foi acusado de agredir a esposa dele, o vereador Luciano Solar s\u00f3 votou favoravelmente ao afastamento de Guinho por press\u00e3o popular n\u00e3o somente de advers\u00e1rios pol\u00edticos, como, tamb\u00e9m, da esquerda.<\/p>\n\n\n\n<p>Uma semana depois do afastamento de Guinho, o filho de Lula foi acusado pela esposa de t\u00ea-la agredido n\u00e3o s\u00f3 fisicamente, como psicologicamente. Naquela oportunidade, nossa reda\u00e7\u00e3o entrou em contato com o vereador Luciano Solar, por e-mail, pedindo um posicionamento, mas o e-mail jamais foi respondido. Tamb\u00e9m, na sess\u00e3o da c\u00e2mara que sucedeu esse epis\u00f3dio envolvendo o filho de Lula, Luciano Solar n\u00e3o registrou presen\u00e7a em plen\u00e1rio, alegando doen\u00e7a. Entretanto, com o advento do plen\u00e1rio virtual, questionamos por que o vereador n\u00e3o conectou remotamente, como fez em outras oportunidades?<\/p>\n\n\n\n<p>Na reuni\u00e3o plen\u00e1ria em quest\u00e3o, todos os vereadores acabaram se manifestando sobre o fato envolvendo o filho de Lula, uma vez que este jornal questionou todos os vereadores, atrav\u00e9s de e-mail, para escrever uma mat\u00e9ria sobre o assunto.<\/p>\n\n\n\n<p>Por fim, vale lembrar que Luciano Solar \u00e9 militante em favor da descriminaliza\u00e7\u00e3o de drogas como a maconha, ao ponto que seu o nome figura entre os representantes das &#8220;bancada da cannabis&#8221;.<\/p>\n\n\n\n<figure class=\"wp-block-image size-full\"><img decoding=\"async\" src=\"https:\/\/noticiasdefato.net\/wp-content\/uploads\/2024\/07\/image-1.png\" alt=\"\" class=\"wp-image-1334\"\/><\/figure>\n\n\n\n<p>  <\/p>\n","protected":false},"excerpt":{"rendered":"<p>Parque Municipal de Alfenas possui \u00e1reas em situa\u00e7\u00e3o deplor\u00e1vel. Segundo populares &#8220;est\u00e1 pior do que antes e est\u00e3o reabrindo por motivo eleitoreiro&#8221;. <a href=\"https:\/\/noticiasdefato.net\/?p=1332\" class=\"more-link\">Continuar lendo <span class=\"screen-reader-text\">REABERTURA DE PARQUE MUNICIPAL A TOQUE DE CAIXA<\/span><\/a><\/p>\n","protected":false},"author":1,"featured_media":1335,"comment_status":"open","ping_status":"open","sticky":false,"template":"","format":"standard","meta":{"footnotes":""},"categories":[1],"tags":[],"class_list":["post-1332","post","type-post","status-publish","format-standard","has-post-thumbnail","hentry","category-geral"],"yoast_head":"<!-- This site is optimized with the Yoast SEO plugin v23.2 - https:\/\/yoast.com\/wordpress\/plugins\/seo\/ -->\n<title>REABERTURA DE PARQUE MUNICIPAL A TOQUE DE CAIXA - Not\u00edcias de Fato<\/title>\n<meta name=\"description\" content=\"Parque Municipal de Alfenas possui \u00e1reas em situa\u00e7\u00e3o deplor\u00e1vel. Segundo populares &quot;est\u00e1 pior do que antes e est\u00e3o reabrindo por motivo eleitoreiro&quot;.\" \/>\n<meta name=\"robots\" content=\"index, follow, max-snippet:-1, max-image-preview:large, max-video-preview:-1\" \/>\n<link rel=\"canonical\" href=\"https:\/\/noticiasdefato.net\/?p=1332\" \/>\n<meta property=\"og:locale\" content=\"pt_BR\" \/>\n<meta property=\"og:type\" content=\"article\" \/>\n<meta property=\"og:title\" content=\"REABERTURA DE PARQUE MUNICIPAL A TOQUE DE CAIXA - Not\u00edcias de Fato\" \/>\n<meta property=\"og:description\" content=\"Parque Municipal de Alfenas possui \u00e1reas em situa\u00e7\u00e3o deplor\u00e1vel. Segundo populares &quot;est\u00e1 pior do que antes e est\u00e3o reabrindo por motivo eleitoreiro&quot;.\" \/>\n<meta property=\"og:url\" content=\"https:\/\/noticiasdefato.net\/?p=1332\" \/>\n<meta property=\"og:site_name\" content=\"Not\u00edcias de Fato\" \/>\n<meta property=\"article:publisher\" content=\"https:\/\/fb.com\/noticiasdefato.jornal\" \/>\n<meta property=\"article:author\" content=\"http:\/\/fb.com\/\/noticiasdefato.jornal\" \/>\n<meta property=\"article:published_time\" content=\"2024-07-01T13:08:40+00:00\" \/>\n<meta property=\"article:modified_time\" content=\"2024-07-31T14:15:32+00:00\" \/>\n<meta property=\"og:image\" content=\"https:\/\/noticiasdefato.net\/wp-content\/uploads\/2024\/07\/image-2.png\" \/>\n\t<meta property=\"og:image:width\" content=\"1660\" \/>\n\t<meta property=\"og:image:height\" content=\"338\" \/>\n\t<meta property=\"og:image:type\" content=\"image\/png\" \/>\n<meta name=\"author\" content=\"Noticias de Fato\" \/>\n<meta name=\"twitter:card\" content=\"summary_large_image\" \/>\n<meta name=\"twitter:creator\" content=\"@https:\/\/twitter.com\/NoticiasDeFato_\" \/>\n<meta name=\"twitter:site\" content=\"@noticiasdefato_\" \/>\n<meta name=\"twitter:label1\" content=\"Escrito por\" \/>\n\t<meta name=\"twitter:data1\" content=\"Noticias de Fato\" \/>\n\t<meta name=\"twitter:label2\" content=\"Est. tempo de leitura\" \/>\n\t<meta name=\"twitter:data2\" content=\"6 minutos\" \/>\n<script type=\"application\/ld+json\" class=\"yoast-schema-graph\">{\"@context\":\"https:\/\/schema.org\",\"@graph\":[{\"@type\":\"Article\",\"@id\":\"https:\/\/noticiasdefato.net\/?p=1332#article\",\"isPartOf\":{\"@id\":\"https:\/\/noticiasdefato.net\/?p=1332\"},\"author\":{\"name\":\"Noticias de Fato\",\"@id\":\"https:\/\/noticiasdefato.net\/#\/schema\/person\/982ce60211d95acf059cd702aa260d08\"},\"headline\":\"REABERTURA DE PARQUE MUNICIPAL A TOQUE DE CAIXA\",\"datePublished\":\"2024-07-01T13:08:40+00:00\",\"dateModified\":\"2024-07-31T14:15:32+00:00\",\"mainEntityOfPage\":{\"@id\":\"https:\/\/noticiasdefato.net\/?p=1332\"},\"wordCount\":907,\"commentCount\":0,\"publisher\":{\"@id\":\"https:\/\/noticiasdefato.net\/#organization\"},\"image\":{\"@id\":\"https:\/\/noticiasdefato.net\/?p=1332#primaryimage\"},\"thumbnailUrl\":\"https:\/\/noticiasdefato.net\/wp-content\/uploads\/2024\/07\/image-2.png\",\"articleSection\":[\"Geral\"],\"inLanguage\":\"pt-BR\",\"potentialAction\":[{\"@type\":\"CommentAction\",\"name\":\"Comment\",\"target\":[\"https:\/\/noticiasdefato.net\/?p=1332#respond\"]}]},{\"@type\":\"WebPage\",\"@id\":\"https:\/\/noticiasdefato.net\/?p=1332\",\"url\":\"https:\/\/noticiasdefato.net\/?p=1332\",\"name\":\"REABERTURA DE PARQUE MUNICIPAL A TOQUE DE CAIXA - Not\u00edcias de Fato\",\"isPartOf\":{\"@id\":\"https:\/\/noticiasdefato.net\/#website\"},\"primaryImageOfPage\":{\"@id\":\"https:\/\/noticiasdefato.net\/?p=1332#primaryimage\"},\"image\":{\"@id\":\"https:\/\/noticiasdefato.net\/?p=1332#primaryimage\"},\"thumbnailUrl\":\"https:\/\/noticiasdefato.net\/wp-content\/uploads\/2024\/07\/image-2.png\",\"datePublished\":\"2024-07-01T13:08:40+00:00\",\"dateModified\":\"2024-07-31T14:15:32+00:00\",\"description\":\"Parque Municipal de Alfenas possui \u00e1reas em situa\u00e7\u00e3o deplor\u00e1vel. Segundo populares \\\"est\u00e1 pior do que antes e est\u00e3o reabrindo por motivo eleitoreiro\\\".\",\"breadcrumb\":{\"@id\":\"https:\/\/noticiasdefato.net\/?p=1332#breadcrumb\"},\"inLanguage\":\"pt-BR\",\"potentialAction\":[{\"@type\":\"ReadAction\",\"target\":[\"https:\/\/noticiasdefato.net\/?p=1332\"]}]},{\"@type\":\"ImageObject\",\"inLanguage\":\"pt-BR\",\"@id\":\"https:\/\/noticiasdefato.net\/?p=1332#primaryimage\",\"url\":\"https:\/\/noticiasdefato.net\/wp-content\/uploads\/2024\/07\/image-2.png\",\"contentUrl\":\"https:\/\/noticiasdefato.net\/wp-content\/uploads\/2024\/07\/image-2.png\",\"width\":1660,\"height\":338},{\"@type\":\"BreadcrumbList\",\"@id\":\"https:\/\/noticiasdefato.net\/?p=1332#breadcrumb\",\"itemListElement\":[{\"@type\":\"ListItem\",\"position\":1,\"name\":\"In\u00edcio\",\"item\":\"https:\/\/noticiasdefato.net\/\"},{\"@type\":\"ListItem\",\"position\":2,\"name\":\"REABERTURA DE PARQUE MUNICIPAL A TOQUE DE CAIXA\"}]},{\"@type\":\"WebSite\",\"@id\":\"https:\/\/noticiasdefato.net\/#website\",\"url\":\"https:\/\/noticiasdefato.net\/\",\"name\":\"Not\u00edcias de Fato\",\"description\":\"Trabalhamos com honestidade, seriedade e com a verdade.\",\"publisher\":{\"@id\":\"https:\/\/noticiasdefato.net\/#organization\"},\"potentialAction\":[{\"@type\":\"SearchAction\",\"target\":{\"@type\":\"EntryPoint\",\"urlTemplate\":\"https:\/\/noticiasdefato.net\/?s={search_term_string}\"},\"query-input\":\"required name=search_term_string\"}],\"inLanguage\":\"pt-BR\"},{\"@type\":\"Organization\",\"@id\":\"https:\/\/noticiasdefato.net\/#organization\",\"name\":\"Not\u00edcias de Fato\",\"url\":\"https:\/\/noticiasdefato.net\/\",\"logo\":{\"@type\":\"ImageObject\",\"inLanguage\":\"pt-BR\",\"@id\":\"https:\/\/noticiasdefato.net\/#\/schema\/logo\/image\/\",\"url\":\"https:\/\/noticiasdefato.net\/wp-content\/uploads\/2024\/02\/cropped-logo_topo.png\",\"contentUrl\":\"https:\/\/noticiasdefato.net\/wp-content\/uploads\/2024\/02\/cropped-logo_topo.png\",\"width\":1948,\"height\":665,\"caption\":\"Not\u00edcias de Fato\"},\"image\":{\"@id\":\"https:\/\/noticiasdefato.net\/#\/schema\/logo\/image\/\"},\"sameAs\":[\"https:\/\/fb.com\/noticiasdefato.jornal\",\"https:\/\/x.com\/noticiasdefato_\",\"https:\/\/instagram.com\/noticiasdefato.jornal\",\"https:\/\/youtube.com\/@JornalNoticiasDeFato\"]},{\"@type\":\"Person\",\"@id\":\"https:\/\/noticiasdefato.net\/#\/schema\/person\/982ce60211d95acf059cd702aa260d08\",\"name\":\"Noticias de Fato\",\"image\":{\"@type\":\"ImageObject\",\"inLanguage\":\"pt-BR\",\"@id\":\"https:\/\/noticiasdefato.net\/#\/schema\/person\/image\/\",\"url\":\"https:\/\/secure.gravatar.com\/avatar\/700227fab2316f0366a1b5d4988d10f847249cf13293450527ac9553c994611a?s=96&d=mm&r=g\",\"contentUrl\":\"https:\/\/secure.gravatar.com\/avatar\/700227fab2316f0366a1b5d4988d10f847249cf13293450527ac9553c994611a?s=96&d=mm&r=g\",\"caption\":\"Noticias de Fato\"},\"sameAs\":[\"https:\/\/noticiasdefato.net\",\"http:\/\/fb.com\/\/noticiasdefato.jornal\",\"https:\/\/x.com\/https:\/\/twitter.com\/NoticiasDeFato_\"],\"url\":\"https:\/\/noticiasdefato.net\/?author=1\"}]}<\/script>\n<!-- \/ Yoast SEO plugin. -->","yoast_head_json":{"title":"REABERTURA DE PARQUE MUNICIPAL A TOQUE DE CAIXA - Not\u00edcias de Fato","description":"Parque Municipal de Alfenas possui \u00e1reas em situa\u00e7\u00e3o deplor\u00e1vel. Segundo populares \"est\u00e1 pior do que antes e est\u00e3o reabrindo por motivo eleitoreiro\".","robots":{"index":"index","follow":"follow","max-snippet":"max-snippet:-1","max-image-preview":"max-image-preview:large","max-video-preview":"max-video-preview:-1"},"canonical":"https:\/\/noticiasdefato.net\/?p=1332","og_locale":"pt_BR","og_type":"article","og_title":"REABERTURA DE PARQUE MUNICIPAL A TOQUE DE CAIXA - Not\u00edcias de Fato","og_description":"Parque Municipal de Alfenas possui \u00e1reas em situa\u00e7\u00e3o deplor\u00e1vel. Segundo populares \"est\u00e1 pior do que antes e est\u00e3o reabrindo por motivo eleitoreiro\".","og_url":"https:\/\/noticiasdefato.net\/?p=1332","og_site_name":"Not\u00edcias de Fato","article_publisher":"https:\/\/fb.com\/noticiasdefato.jornal","article_author":"http:\/\/fb.com\/\/noticiasdefato.jornal","article_published_time":"2024-07-01T13:08:40+00:00","article_modified_time":"2024-07-31T14:15:32+00:00","og_image":[{"width":1660,"height":338,"url":"https:\/\/noticiasdefato.net\/wp-content\/uploads\/2024\/07\/image-2.png","type":"image\/png"}],"author":"Noticias de Fato","twitter_card":"summary_large_image","twitter_creator":"@https:\/\/twitter.com\/NoticiasDeFato_","twitter_site":"@noticiasdefato_","twitter_misc":{"Escrito por":"Noticias de Fato","Est. tempo de leitura":"6 minutos"},"schema":{"@context":"https:\/\/schema.org","@graph":[{"@type":"Article","@id":"https:\/\/noticiasdefato.net\/?p=1332#article","isPartOf":{"@id":"https:\/\/noticiasdefato.net\/?p=1332"},"author":{"name":"Noticias de Fato","@id":"https:\/\/noticiasdefato.net\/#\/schema\/person\/982ce60211d95acf059cd702aa260d08"},"headline":"REABERTURA DE PARQUE MUNICIPAL A TOQUE DE CAIXA","datePublished":"2024-07-01T13:08:40+00:00","dateModified":"2024-07-31T14:15:32+00:00","mainEntityOfPage":{"@id":"https:\/\/noticiasdefato.net\/?p=1332"},"wordCount":907,"commentCount":0,"publisher":{"@id":"https:\/\/noticiasdefato.net\/#organization"},"image":{"@id":"https:\/\/noticiasdefato.net\/?p=1332#primaryimage"},"thumbnailUrl":"https:\/\/noticiasdefato.net\/wp-content\/uploads\/2024\/07\/image-2.png","articleSection":["Geral"],"inLanguage":"pt-BR","potentialAction":[{"@type":"CommentAction","name":"Comment","target":["https:\/\/noticiasdefato.net\/?p=1332#respond"]}]},{"@type":"WebPage","@id":"https:\/\/noticiasdefato.net\/?p=1332","url":"https:\/\/noticiasdefato.net\/?p=1332","name":"REABERTURA DE PARQUE MUNICIPAL A TOQUE DE CAIXA - Not\u00edcias de Fato","isPartOf":{"@id":"https:\/\/noticiasdefato.net\/#website"},"primaryImageOfPage":{"@id":"https:\/\/noticiasdefato.net\/?p=1332#primaryimage"},"image":{"@id":"https:\/\/noticiasdefato.net\/?p=1332#primaryimage"},"thumbnailUrl":"https:\/\/noticiasdefato.net\/wp-content\/uploads\/2024\/07\/image-2.png","datePublished":"2024-07-01T13:08:40+00:00","dateModified":"2024-07-31T14:15:32+00:00","description":"Parque Municipal de Alfenas possui \u00e1reas em situa\u00e7\u00e3o deplor\u00e1vel. Segundo populares \"est\u00e1 pior do que antes e est\u00e3o reabrindo por motivo eleitoreiro\".","breadcrumb":{"@id":"https:\/\/noticiasdefato.net\/?p=1332#breadcrumb"},"inLanguage":"pt-BR","potentialAction":[{"@type":"ReadAction","target":["https:\/\/noticiasdefato.net\/?p=1332"]}]},{"@type":"ImageObject","inLanguage":"pt-BR","@id":"https:\/\/noticiasdefato.net\/?p=1332#primaryimage","url":"https:\/\/noticiasdefato.net\/wp-content\/uploads\/2024\/07\/image-2.png","contentUrl":"https:\/\/noticiasdefato.net\/wp-content\/uploads\/2024\/07\/image-2.png","width":1660,"height":338},{"@type":"BreadcrumbList","@id":"https:\/\/noticiasdefato.net\/?p=1332#breadcrumb","itemListElement":[{"@type":"ListItem","position":1,"name":"In\u00edcio","item":"https:\/\/noticiasdefato.net\/"},{"@type":"ListItem","position":2,"name":"REABERTURA DE PARQUE MUNICIPAL A TOQUE DE CAIXA"}]},{"@type":"WebSite","@id":"https:\/\/noticiasdefato.net\/#website","url":"https:\/\/noticiasdefato.net\/","name":"Not\u00edcias de Fato","description":"Trabalhamos com honestidade, seriedade e com a verdade.","publisher":{"@id":"https:\/\/noticiasdefato.net\/#organization"},"potentialAction":[{"@type":"SearchAction","target":{"@type":"EntryPoint","urlTemplate":"https:\/\/noticiasdefato.net\/?s={search_term_string}"},"query-input":"required name=search_term_string"}],"inLanguage":"pt-BR"},{"@type":"Organization","@id":"https:\/\/noticiasdefato.net\/#organization","name":"Not\u00edcias de Fato","url":"https:\/\/noticiasdefato.net\/","logo":{"@type":"ImageObject","inLanguage":"pt-BR","@id":"https:\/\/noticiasdefato.net\/#\/schema\/logo\/image\/","url":"https:\/\/noticiasdefato.net\/wp-content\/uploads\/2024\/02\/cropped-logo_topo.png","contentUrl":"https:\/\/noticiasdefato.net\/wp-content\/uploads\/2024\/02\/cropped-logo_topo.png","width":1948,"height":665,"caption":"Not\u00edcias de Fato"},"image":{"@id":"https:\/\/noticiasdefato.net\/#\/schema\/logo\/image\/"},"sameAs":["https:\/\/fb.com\/noticiasdefato.jornal","https:\/\/x.com\/noticiasdefato_","https:\/\/instagram.com\/noticiasdefato.jornal","https:\/\/youtube.com\/@JornalNoticiasDeFato"]},{"@type":"Person","@id":"https:\/\/noticiasdefato.net\/#\/schema\/person\/982ce60211d95acf059cd702aa260d08","name":"Noticias de Fato","image":{"@type":"ImageObject","inLanguage":"pt-BR","@id":"https:\/\/noticiasdefato.net\/#\/schema\/person\/image\/","url":"https:\/\/secure.gravatar.com\/avatar\/700227fab2316f0366a1b5d4988d10f847249cf13293450527ac9553c994611a?s=96&d=mm&r=g","contentUrl":"https:\/\/secure.gravatar.com\/avatar\/700227fab2316f0366a1b5d4988d10f847249cf13293450527ac9553c994611a?s=96&d=mm&r=g","caption":"Noticias de Fato"},"sameAs":["https:\/\/noticiasdefato.net","http:\/\/fb.com\/\/noticiasdefato.jornal","https:\/\/x.com\/https:\/\/twitter.com\/NoticiasDeFato_"],"url":"https:\/\/noticiasdefato.net\/?author=1"}]}},"_links":{"self":[{"href":"https:\/\/noticiasdefato.net\/index.php?rest_route=\/wp\/v2\/posts\/1332","targetHints":{"allow":["GET"]}}],"collection":[{"href":"https:\/\/noticiasdefato.net\/index.php?rest_route=\/wp\/v2\/posts"}],"about":[{"href":"https:\/\/noticiasdefato.net\/index.php?rest_route=\/wp\/v2\/types\/post"}],"author":[{"embeddable":true,"href":"https:\/\/noticiasdefato.net\/index.php?rest_route=\/wp\/v2\/users\/1"}],"replies":[{"embeddable":true,"href":"https:\/\/noticiasdefato.net\/index.php?rest_route=%2Fwp%2Fv2%2Fcomments&post=1332"}],"version-history":[{"count":20,"href":"https:\/\/noticiasdefato.net\/index.php?rest_route=\/wp\/v2\/posts\/1332\/revisions"}],"predecessor-version":[{"id":1378,"href":"https:\/\/noticiasdefato.net\/index.php?rest_route=\/wp\/v2\/posts\/1332\/revisions\/1378"}],"wp:featuredmedia":[{"embeddable":true,"href":"https:\/\/noticiasdefato.net\/index.php?rest_route=\/wp\/v2\/media\/1335"}],"wp:attachment":[{"href":"https:\/\/noticiasdefato.net\/index.php?rest_route=%2Fwp%2Fv2%2Fmedia&parent=1332"}],"wp:term":[{"taxonomy":"category","embeddable":true,"href":"https:\/\/noticiasdefato.net\/index.php?rest_route=%2Fwp%2Fv2%2Fcategories&post=1332"},{"taxonomy":"post_tag","embeddable":true,"href":"https:\/\/noticiasdefato.net\/index.php?rest_route=%2Fwp%2Fv2%2Ftags&post=1332"}],"curies":[{"name":"wp","href":"https:\/\/api.w.org\/{rel}","templated":true}]}}