{"id":1356,"date":"2024-07-01T11:58:10","date_gmt":"2024-07-01T14:58:10","guid":{"rendered":"https:\/\/noticiasdefato.net\/?p=1356"},"modified":"2024-07-31T11:15:37","modified_gmt":"2024-07-31T14:15:37","slug":"ja-estragou-camara-paga-49-mil-para-reparo-de-veiculo","status":"publish","type":"post","link":"https:\/\/noticiasdefato.net\/?p=1356","title":{"rendered":"J\u00c1 ESTRAGOU? C\u00c2MARA PAGA 49 MIL PARA REPARO DE VE\u00cdCULO"},"content":{"rendered":"\n<p><em>C\u00e2mara Municipal de Alfenas contrata &#8220;conserto e manuten\u00e7\u00e3o&#8221; de ve\u00edculo oficial<em>, modelo 2021<\/em>. Valor total \u00e9 de 49 mil reais.<\/em><\/p>\n\n\n\n<p>O ve\u00edculo em quest\u00e3o foi adquirido novo, por R$ 168.500,00 (cento e sessenta e oito mil e quinhentos reais), em 01\/12\/2022, contrato n\u00famero 0028\/2022, sob a presid\u00eancia do vereador Jaime Daniel para levar vereadores na zona rural. O valor do reparo contratado pela C\u00e2mara Municipal de Alfenas, sob a presid\u00eancia de Carlinhos Vardem\u00e1, \u00e9 de 49 mil reais. Ou seja, quase 30% do valor total do ve\u00edculo novo.<\/p>\n\n\n\n<figure class=\"wp-block-image size-large\"><img fetchpriority=\"high\" decoding=\"async\" width=\"1024\" height=\"270\" src=\"https:\/\/noticiasdefato.net\/wp-content\/uploads\/2024\/07\/image-6-1024x270.png\" alt=\"\" class=\"wp-image-1361\" srcset=\"https:\/\/noticiasdefato.net\/wp-content\/uploads\/2024\/07\/image-6-1024x270.png 1024w, https:\/\/noticiasdefato.net\/wp-content\/uploads\/2024\/07\/image-6-300x79.png 300w, https:\/\/noticiasdefato.net\/wp-content\/uploads\/2024\/07\/image-6-768x203.png 768w, https:\/\/noticiasdefato.net\/wp-content\/uploads\/2024\/07\/image-6-341x90.png 341w, https:\/\/noticiasdefato.net\/wp-content\/uploads\/2024\/07\/image-6.png 1219w\" sizes=\"(max-width: 1024px) 100vw, 1024px\" \/><\/figure>\n\n\n\n<p>Apesar do valor assustar, o que mais chama a aten\u00e7\u00e3o \u00e9 que um ve\u00edculo t\u00e3o novo, ano-modelo 2021, com utiliza\u00e7\u00e3o sem muita exig\u00eancia mec\u00e2nica, tenha sofrido um dano t\u00e3o caro em t\u00e3o pouco tempo de uso. Abaixo, segue a rela\u00e7\u00e3o de pe\u00e7as envolvidas no servi\u00e7o prestado.<\/p>\n\n\n\n<figure class=\"wp-block-image size-large\"><img decoding=\"async\" width=\"1024\" height=\"240\" src=\"https:\/\/noticiasdefato.net\/wp-content\/uploads\/2024\/07\/image-3-1024x240.png\" alt=\"\" class=\"wp-image-1358\" srcset=\"https:\/\/noticiasdefato.net\/wp-content\/uploads\/2024\/07\/image-3-1024x240.png 1024w, https:\/\/noticiasdefato.net\/wp-content\/uploads\/2024\/07\/image-3-300x70.png 300w, https:\/\/noticiasdefato.net\/wp-content\/uploads\/2024\/07\/image-3-768x180.png 768w, https:\/\/noticiasdefato.net\/wp-content\/uploads\/2024\/07\/image-3-1536x361.png 1536w, https:\/\/noticiasdefato.net\/wp-content\/uploads\/2024\/07\/image-3-383x90.png 383w, https:\/\/noticiasdefato.net\/wp-content\/uploads\/2024\/07\/image-3.png 1912w\" sizes=\"(max-width: 1024px) 100vw, 1024px\" \/><\/figure>\n\n\n\n<p>Nossa reda\u00e7\u00e3o investigou com algumas fontes, que manteremos sigilo, e segundo informa\u00e7\u00f5es obtidas, o ve\u00edculo foi abastecido com combust\u00edvel errado. A caminhonete Fiat Toro \u00e9 movida a Gasolina, por\u00e9m, foi abastecida com Diesel, o que pode ter ocasionado um c\u00e1lcio hidr\u00e1ulico no motor. Entretanto, aguardamos um posicionamento oficial da C\u00e2mara Municipal para atualizar essa mat\u00e9ria. Os questionamentos que enviamos foram os seguintes:<\/p>\n\n\n\n<ul class=\"wp-block-list\">\n<li>Qual o defeito apresentado pelo ve\u00edculo para uma manuten\u00e7\u00e3o com custo de 49 mil reais?<\/li>\n\n\n\n<li>Em que ano esse ve\u00edculo foi adquirido?<\/li>\n\n\n\n<li>Qual a kilometragem do ve\u00edculo?<\/li>\n\n\n\n<li>Quais atividades s\u00e3o desempenhadas com a utiliza\u00e7\u00e3o&nbsp;do ve\u00edculo?<\/li>\n\n\n\n<li>O ve\u00edculo passa por manuten\u00e7\u00f5es regulares em conformidade com o manual t\u00e9cnico do ve\u00edculo? Se sim, onde elas&nbsp;s\u00e3o&nbsp;executadas?<\/li>\n<\/ul>\n\n\n\n<p>O endere\u00e7o eletr\u00f4nico para divulda\u00e7\u00e3o desta licita\u00e7\u00e3o \u00e9 o link a seguir, e as informa\u00e7\u00f5es da licita\u00e7\u00e3o em quest\u00e3o est\u00e3o dispon\u00edveis no portal da transpar\u00eancia da C\u00e2mara Municipal de Alfenas (http:\/\/transparencia.cmalfenas.mg.gov.br\/Licitacao), com processo n\u00famero 000002\/2024, e contrato n\u00famero 15000000344.<\/p>\n\n\n\n<p><a href=\"https:\/\/www.cmalfenas.mg.gov.br\/noticias\/aviso-de-dispensa-de-licitacao-empresa-para-conserto-e-manutencao-do-veiculo-oficial\">https:\/\/www.cmalfenas.mg.gov.br\/noticias\/aviso-de-dispensa-de-licitacao-empresa-para-conserto-e-manutencao-do-veiculo-oficial<\/a><\/p>\n","protected":false},"excerpt":{"rendered":"<p>C\u00e2mara Municipal de Alfenas contrata &#8220;conserto e manuten\u00e7\u00e3o&#8221; de ve\u00edculo oficial, modelo 2021. Valor total \u00e9 de 49 mil reais. <a href=\"https:\/\/noticiasdefato.net\/?p=1356\" class=\"more-link\">Continuar lendo <span class=\"screen-reader-text\">J\u00c1 ESTRAGOU? C\u00c2MARA PAGA 49 MIL PARA REPARO DE VE\u00cdCULO<\/span><\/a><\/p>\n","protected":false},"author":1,"featured_media":1359,"comment_status":"open","ping_status":"open","sticky":false,"template":"","format":"standard","meta":{"footnotes":""},"categories":[18],"tags":[],"class_list":["post-1356","post","type-post","status-publish","format-standard","has-post-thumbnail","hentry","category-politica"],"yoast_head":"<!-- This site is optimized with the Yoast SEO plugin v23.2 - https:\/\/yoast.com\/wordpress\/plugins\/seo\/ -->\n<title>J\u00c1 ESTRAGOU? C\u00c2MARA PAGA 49 MIL PARA REPARO DE VE\u00cdCULO - Not\u00edcias de Fato<\/title>\n<meta name=\"description\" content=\"C\u00e2mara Municipal de Alfenas contrata &quot;conserto e manuten\u00e7\u00e3o&quot; de ve\u00edculo oficial, modelo 2021. Valor total \u00e9 de 49 mil reais.\" \/>\n<meta name=\"robots\" content=\"index, follow, max-snippet:-1, max-image-preview:large, max-video-preview:-1\" \/>\n<link rel=\"canonical\" href=\"https:\/\/noticiasdefato.net\/?p=1356\" \/>\n<meta property=\"og:locale\" content=\"pt_BR\" \/>\n<meta property=\"og:type\" content=\"article\" \/>\n<meta property=\"og:title\" content=\"J\u00c1 ESTRAGOU? C\u00c2MARA PAGA 49 MIL PARA REPARO DE VE\u00cdCULO - Not\u00edcias de Fato\" \/>\n<meta property=\"og:description\" content=\"C\u00e2mara Municipal de Alfenas contrata &quot;conserto e manuten\u00e7\u00e3o&quot; de ve\u00edculo oficial, modelo 2021. Valor total \u00e9 de 49 mil reais.\" \/>\n<meta property=\"og:url\" content=\"https:\/\/noticiasdefato.net\/?p=1356\" \/>\n<meta property=\"og:site_name\" content=\"Not\u00edcias de Fato\" \/>\n<meta property=\"article:publisher\" content=\"https:\/\/fb.com\/noticiasdefato.jornal\" \/>\n<meta property=\"article:author\" content=\"http:\/\/fb.com\/\/noticiasdefato.jornal\" \/>\n<meta property=\"article:published_time\" content=\"2024-07-01T14:58:10+00:00\" \/>\n<meta property=\"article:modified_time\" content=\"2024-07-31T14:15:37+00:00\" \/>\n<meta property=\"og:image\" content=\"https:\/\/noticiasdefato.net\/wp-content\/uploads\/2024\/07\/image-4.png\" \/>\n\t<meta property=\"og:image:width\" content=\"1280\" \/>\n\t<meta property=\"og:image:height\" content=\"960\" \/>\n\t<meta property=\"og:image:type\" content=\"image\/png\" \/>\n<meta name=\"author\" content=\"Noticias de Fato\" \/>\n<meta name=\"twitter:card\" content=\"summary_large_image\" \/>\n<meta name=\"twitter:creator\" content=\"@https:\/\/twitter.com\/NoticiasDeFato_\" \/>\n<meta name=\"twitter:site\" content=\"@noticiasdefato_\" \/>\n<meta name=\"twitter:label1\" content=\"Escrito por\" \/>\n\t<meta name=\"twitter:data1\" content=\"Noticias de Fato\" \/>\n\t<meta name=\"twitter:label2\" content=\"Est. tempo de leitura\" \/>\n\t<meta name=\"twitter:data2\" content=\"3 minutos\" \/>\n<script type=\"application\/ld+json\" class=\"yoast-schema-graph\">{\"@context\":\"https:\/\/schema.org\",\"@graph\":[{\"@type\":\"Article\",\"@id\":\"https:\/\/noticiasdefato.net\/?p=1356#article\",\"isPartOf\":{\"@id\":\"https:\/\/noticiasdefato.net\/?p=1356\"},\"author\":{\"name\":\"Noticias de Fato\",\"@id\":\"https:\/\/noticiasdefato.net\/#\/schema\/person\/982ce60211d95acf059cd702aa260d08\"},\"headline\":\"J\u00c1 ESTRAGOU? C\u00c2MARA PAGA 49 MIL PARA REPARO DE VE\u00cdCULO\",\"datePublished\":\"2024-07-01T14:58:10+00:00\",\"dateModified\":\"2024-07-31T14:15:37+00:00\",\"mainEntityOfPage\":{\"@id\":\"https:\/\/noticiasdefato.net\/?p=1356\"},\"wordCount\":358,\"commentCount\":0,\"publisher\":{\"@id\":\"https:\/\/noticiasdefato.net\/#organization\"},\"image\":{\"@id\":\"https:\/\/noticiasdefato.net\/?p=1356#primaryimage\"},\"thumbnailUrl\":\"https:\/\/noticiasdefato.net\/wp-content\/uploads\/2024\/07\/image-4.png\",\"articleSection\":[\"Pol\u00edtica\"],\"inLanguage\":\"pt-BR\",\"potentialAction\":[{\"@type\":\"CommentAction\",\"name\":\"Comment\",\"target\":[\"https:\/\/noticiasdefato.net\/?p=1356#respond\"]}]},{\"@type\":\"WebPage\",\"@id\":\"https:\/\/noticiasdefato.net\/?p=1356\",\"url\":\"https:\/\/noticiasdefato.net\/?p=1356\",\"name\":\"J\u00c1 ESTRAGOU? C\u00c2MARA PAGA 49 MIL PARA REPARO DE VE\u00cdCULO - Not\u00edcias de Fato\",\"isPartOf\":{\"@id\":\"https:\/\/noticiasdefato.net\/#website\"},\"primaryImageOfPage\":{\"@id\":\"https:\/\/noticiasdefato.net\/?p=1356#primaryimage\"},\"image\":{\"@id\":\"https:\/\/noticiasdefato.net\/?p=1356#primaryimage\"},\"thumbnailUrl\":\"https:\/\/noticiasdefato.net\/wp-content\/uploads\/2024\/07\/image-4.png\",\"datePublished\":\"2024-07-01T14:58:10+00:00\",\"dateModified\":\"2024-07-31T14:15:37+00:00\",\"description\":\"C\u00e2mara Municipal de Alfenas contrata \\\"conserto e manuten\u00e7\u00e3o\\\" de ve\u00edculo oficial, modelo 2021. Valor total \u00e9 de 49 mil reais.\",\"breadcrumb\":{\"@id\":\"https:\/\/noticiasdefato.net\/?p=1356#breadcrumb\"},\"inLanguage\":\"pt-BR\",\"potentialAction\":[{\"@type\":\"ReadAction\",\"target\":[\"https:\/\/noticiasdefato.net\/?p=1356\"]}]},{\"@type\":\"ImageObject\",\"inLanguage\":\"pt-BR\",\"@id\":\"https:\/\/noticiasdefato.net\/?p=1356#primaryimage\",\"url\":\"https:\/\/noticiasdefato.net\/wp-content\/uploads\/2024\/07\/image-4.png\",\"contentUrl\":\"https:\/\/noticiasdefato.net\/wp-content\/uploads\/2024\/07\/image-4.png\",\"width\":1280,\"height\":960},{\"@type\":\"BreadcrumbList\",\"@id\":\"https:\/\/noticiasdefato.net\/?p=1356#breadcrumb\",\"itemListElement\":[{\"@type\":\"ListItem\",\"position\":1,\"name\":\"In\u00edcio\",\"item\":\"https:\/\/noticiasdefato.net\/\"},{\"@type\":\"ListItem\",\"position\":2,\"name\":\"J\u00c1 ESTRAGOU? C\u00c2MARA PAGA 49 MIL PARA REPARO DE VE\u00cdCULO\"}]},{\"@type\":\"WebSite\",\"@id\":\"https:\/\/noticiasdefato.net\/#website\",\"url\":\"https:\/\/noticiasdefato.net\/\",\"name\":\"Not\u00edcias de Fato\",\"description\":\"Trabalhamos com honestidade, seriedade e com a verdade.\",\"publisher\":{\"@id\":\"https:\/\/noticiasdefato.net\/#organization\"},\"potentialAction\":[{\"@type\":\"SearchAction\",\"target\":{\"@type\":\"EntryPoint\",\"urlTemplate\":\"https:\/\/noticiasdefato.net\/?s={search_term_string}\"},\"query-input\":\"required name=search_term_string\"}],\"inLanguage\":\"pt-BR\"},{\"@type\":\"Organization\",\"@id\":\"https:\/\/noticiasdefato.net\/#organization\",\"name\":\"Not\u00edcias de Fato\",\"url\":\"https:\/\/noticiasdefato.net\/\",\"logo\":{\"@type\":\"ImageObject\",\"inLanguage\":\"pt-BR\",\"@id\":\"https:\/\/noticiasdefato.net\/#\/schema\/logo\/image\/\",\"url\":\"https:\/\/noticiasdefato.net\/wp-content\/uploads\/2024\/02\/cropped-logo_topo.png\",\"contentUrl\":\"https:\/\/noticiasdefato.net\/wp-content\/uploads\/2024\/02\/cropped-logo_topo.png\",\"width\":1948,\"height\":665,\"caption\":\"Not\u00edcias de Fato\"},\"image\":{\"@id\":\"https:\/\/noticiasdefato.net\/#\/schema\/logo\/image\/\"},\"sameAs\":[\"https:\/\/fb.com\/noticiasdefato.jornal\",\"https:\/\/x.com\/noticiasdefato_\",\"https:\/\/instagram.com\/noticiasdefato.jornal\",\"https:\/\/youtube.com\/@JornalNoticiasDeFato\"]},{\"@type\":\"Person\",\"@id\":\"https:\/\/noticiasdefato.net\/#\/schema\/person\/982ce60211d95acf059cd702aa260d08\",\"name\":\"Noticias de Fato\",\"image\":{\"@type\":\"ImageObject\",\"inLanguage\":\"pt-BR\",\"@id\":\"https:\/\/noticiasdefato.net\/#\/schema\/person\/image\/\",\"url\":\"https:\/\/secure.gravatar.com\/avatar\/700227fab2316f0366a1b5d4988d10f847249cf13293450527ac9553c994611a?s=96&d=mm&r=g\",\"contentUrl\":\"https:\/\/secure.gravatar.com\/avatar\/700227fab2316f0366a1b5d4988d10f847249cf13293450527ac9553c994611a?s=96&d=mm&r=g\",\"caption\":\"Noticias de Fato\"},\"sameAs\":[\"https:\/\/noticiasdefato.net\",\"http:\/\/fb.com\/\/noticiasdefato.jornal\",\"https:\/\/x.com\/https:\/\/twitter.com\/NoticiasDeFato_\"],\"url\":\"https:\/\/noticiasdefato.net\/?author=1\"}]}<\/script>\n<!-- \/ Yoast SEO plugin. -->","yoast_head_json":{"title":"J\u00c1 ESTRAGOU? C\u00c2MARA PAGA 49 MIL PARA REPARO DE VE\u00cdCULO - Not\u00edcias de Fato","description":"C\u00e2mara Municipal de Alfenas contrata \"conserto e manuten\u00e7\u00e3o\" de ve\u00edculo oficial, modelo 2021. Valor total \u00e9 de 49 mil reais.","robots":{"index":"index","follow":"follow","max-snippet":"max-snippet:-1","max-image-preview":"max-image-preview:large","max-video-preview":"max-video-preview:-1"},"canonical":"https:\/\/noticiasdefato.net\/?p=1356","og_locale":"pt_BR","og_type":"article","og_title":"J\u00c1 ESTRAGOU? C\u00c2MARA PAGA 49 MIL PARA REPARO DE VE\u00cdCULO - Not\u00edcias de Fato","og_description":"C\u00e2mara Municipal de Alfenas contrata \"conserto e manuten\u00e7\u00e3o\" de ve\u00edculo oficial, modelo 2021. Valor total \u00e9 de 49 mil reais.","og_url":"https:\/\/noticiasdefato.net\/?p=1356","og_site_name":"Not\u00edcias de Fato","article_publisher":"https:\/\/fb.com\/noticiasdefato.jornal","article_author":"http:\/\/fb.com\/\/noticiasdefato.jornal","article_published_time":"2024-07-01T14:58:10+00:00","article_modified_time":"2024-07-31T14:15:37+00:00","og_image":[{"width":1280,"height":960,"url":"https:\/\/noticiasdefato.net\/wp-content\/uploads\/2024\/07\/image-4.png","type":"image\/png"}],"author":"Noticias de Fato","twitter_card":"summary_large_image","twitter_creator":"@https:\/\/twitter.com\/NoticiasDeFato_","twitter_site":"@noticiasdefato_","twitter_misc":{"Escrito por":"Noticias de Fato","Est. tempo de leitura":"3 minutos"},"schema":{"@context":"https:\/\/schema.org","@graph":[{"@type":"Article","@id":"https:\/\/noticiasdefato.net\/?p=1356#article","isPartOf":{"@id":"https:\/\/noticiasdefato.net\/?p=1356"},"author":{"name":"Noticias de Fato","@id":"https:\/\/noticiasdefato.net\/#\/schema\/person\/982ce60211d95acf059cd702aa260d08"},"headline":"J\u00c1 ESTRAGOU? C\u00c2MARA PAGA 49 MIL PARA REPARO DE VE\u00cdCULO","datePublished":"2024-07-01T14:58:10+00:00","dateModified":"2024-07-31T14:15:37+00:00","mainEntityOfPage":{"@id":"https:\/\/noticiasdefato.net\/?p=1356"},"wordCount":358,"commentCount":0,"publisher":{"@id":"https:\/\/noticiasdefato.net\/#organization"},"image":{"@id":"https:\/\/noticiasdefato.net\/?p=1356#primaryimage"},"thumbnailUrl":"https:\/\/noticiasdefato.net\/wp-content\/uploads\/2024\/07\/image-4.png","articleSection":["Pol\u00edtica"],"inLanguage":"pt-BR","potentialAction":[{"@type":"CommentAction","name":"Comment","target":["https:\/\/noticiasdefato.net\/?p=1356#respond"]}]},{"@type":"WebPage","@id":"https:\/\/noticiasdefato.net\/?p=1356","url":"https:\/\/noticiasdefato.net\/?p=1356","name":"J\u00c1 ESTRAGOU? C\u00c2MARA PAGA 49 MIL PARA REPARO DE VE\u00cdCULO - Not\u00edcias de Fato","isPartOf":{"@id":"https:\/\/noticiasdefato.net\/#website"},"primaryImageOfPage":{"@id":"https:\/\/noticiasdefato.net\/?p=1356#primaryimage"},"image":{"@id":"https:\/\/noticiasdefato.net\/?p=1356#primaryimage"},"thumbnailUrl":"https:\/\/noticiasdefato.net\/wp-content\/uploads\/2024\/07\/image-4.png","datePublished":"2024-07-01T14:58:10+00:00","dateModified":"2024-07-31T14:15:37+00:00","description":"C\u00e2mara Municipal de Alfenas contrata \"conserto e manuten\u00e7\u00e3o\" de ve\u00edculo oficial, modelo 2021. Valor total \u00e9 de 49 mil reais.","breadcrumb":{"@id":"https:\/\/noticiasdefato.net\/?p=1356#breadcrumb"},"inLanguage":"pt-BR","potentialAction":[{"@type":"ReadAction","target":["https:\/\/noticiasdefato.net\/?p=1356"]}]},{"@type":"ImageObject","inLanguage":"pt-BR","@id":"https:\/\/noticiasdefato.net\/?p=1356#primaryimage","url":"https:\/\/noticiasdefato.net\/wp-content\/uploads\/2024\/07\/image-4.png","contentUrl":"https:\/\/noticiasdefato.net\/wp-content\/uploads\/2024\/07\/image-4.png","width":1280,"height":960},{"@type":"BreadcrumbList","@id":"https:\/\/noticiasdefato.net\/?p=1356#breadcrumb","itemListElement":[{"@type":"ListItem","position":1,"name":"In\u00edcio","item":"https:\/\/noticiasdefato.net\/"},{"@type":"ListItem","position":2,"name":"J\u00c1 ESTRAGOU? C\u00c2MARA PAGA 49 MIL PARA REPARO DE VE\u00cdCULO"}]},{"@type":"WebSite","@id":"https:\/\/noticiasdefato.net\/#website","url":"https:\/\/noticiasdefato.net\/","name":"Not\u00edcias de Fato","description":"Trabalhamos com honestidade, seriedade e com a verdade.","publisher":{"@id":"https:\/\/noticiasdefato.net\/#organization"},"potentialAction":[{"@type":"SearchAction","target":{"@type":"EntryPoint","urlTemplate":"https:\/\/noticiasdefato.net\/?s={search_term_string}"},"query-input":"required name=search_term_string"}],"inLanguage":"pt-BR"},{"@type":"Organization","@id":"https:\/\/noticiasdefato.net\/#organization","name":"Not\u00edcias de Fato","url":"https:\/\/noticiasdefato.net\/","logo":{"@type":"ImageObject","inLanguage":"pt-BR","@id":"https:\/\/noticiasdefato.net\/#\/schema\/logo\/image\/","url":"https:\/\/noticiasdefato.net\/wp-content\/uploads\/2024\/02\/cropped-logo_topo.png","contentUrl":"https:\/\/noticiasdefato.net\/wp-content\/uploads\/2024\/02\/cropped-logo_topo.png","width":1948,"height":665,"caption":"Not\u00edcias de Fato"},"image":{"@id":"https:\/\/noticiasdefato.net\/#\/schema\/logo\/image\/"},"sameAs":["https:\/\/fb.com\/noticiasdefato.jornal","https:\/\/x.com\/noticiasdefato_","https:\/\/instagram.com\/noticiasdefato.jornal","https:\/\/youtube.com\/@JornalNoticiasDeFato"]},{"@type":"Person","@id":"https:\/\/noticiasdefato.net\/#\/schema\/person\/982ce60211d95acf059cd702aa260d08","name":"Noticias de Fato","image":{"@type":"ImageObject","inLanguage":"pt-BR","@id":"https:\/\/noticiasdefato.net\/#\/schema\/person\/image\/","url":"https:\/\/secure.gravatar.com\/avatar\/700227fab2316f0366a1b5d4988d10f847249cf13293450527ac9553c994611a?s=96&d=mm&r=g","contentUrl":"https:\/\/secure.gravatar.com\/avatar\/700227fab2316f0366a1b5d4988d10f847249cf13293450527ac9553c994611a?s=96&d=mm&r=g","caption":"Noticias de Fato"},"sameAs":["https:\/\/noticiasdefato.net","http:\/\/fb.com\/\/noticiasdefato.jornal","https:\/\/x.com\/https:\/\/twitter.com\/NoticiasDeFato_"],"url":"https:\/\/noticiasdefato.net\/?author=1"}]}},"_links":{"self":[{"href":"https:\/\/noticiasdefato.net\/index.php?rest_route=\/wp\/v2\/posts\/1356","targetHints":{"allow":["GET"]}}],"collection":[{"href":"https:\/\/noticiasdefato.net\/index.php?rest_route=\/wp\/v2\/posts"}],"about":[{"href":"https:\/\/noticiasdefato.net\/index.php?rest_route=\/wp\/v2\/types\/post"}],"author":[{"embeddable":true,"href":"https:\/\/noticiasdefato.net\/index.php?rest_route=\/wp\/v2\/users\/1"}],"replies":[{"embeddable":true,"href":"https:\/\/noticiasdefato.net\/index.php?rest_route=%2Fwp%2Fv2%2Fcomments&post=1356"}],"version-history":[{"count":6,"href":"https:\/\/noticiasdefato.net\/index.php?rest_route=\/wp\/v2\/posts\/1356\/revisions"}],"predecessor-version":[{"id":1376,"href":"https:\/\/noticiasdefato.net\/index.php?rest_route=\/wp\/v2\/posts\/1356\/revisions\/1376"}],"wp:featuredmedia":[{"embeddable":true,"href":"https:\/\/noticiasdefato.net\/index.php?rest_route=\/wp\/v2\/media\/1359"}],"wp:attachment":[{"href":"https:\/\/noticiasdefato.net\/index.php?rest_route=%2Fwp%2Fv2%2Fmedia&parent=1356"}],"wp:term":[{"taxonomy":"category","embeddable":true,"href":"https:\/\/noticiasdefato.net\/index.php?rest_route=%2Fwp%2Fv2%2Fcategories&post=1356"},{"taxonomy":"post_tag","embeddable":true,"href":"https:\/\/noticiasdefato.net\/index.php?rest_route=%2Fwp%2Fv2%2Ftags&post=1356"}],"curies":[{"name":"wp","href":"https:\/\/api.w.org\/{rel}","templated":true}]}}