{"id":1379,"date":"2024-07-02T14:40:26","date_gmt":"2024-07-02T17:40:26","guid":{"rendered":"https:\/\/noticiasdefato.net\/?p=1379"},"modified":"2024-07-02T14:51:33","modified_gmt":"2024-07-02T17:51:33","slug":"inaugurado-hospital-oncologico-samuel-libanio-de-pouso-alegre","status":"publish","type":"post","link":"https:\/\/noticiasdefato.net\/?p=1379","title":{"rendered":"Inaugurado Hospital Oncol\u00f3gico Samuel Lib\u00e2nio, de Pouso Alegre"},"content":{"rendered":"\n<p><em>Na primeira fileira estiveram ao lado de Rafael Sim\u00f5es o ex-deputado federal Bilac Pinto e o deputado federal Luiz Ovando.<\/em><\/p>\n\n\n\n<p>No \u00faltimo final de semana foi inaugurado o primeiro pavimento do Hospital Oncol\u00f3gico Samuel Lib\u00e2nio, em Pouso Alegre. As obras come\u00e7aram no fim de 2021 e a expectativa inicial era de que o pr\u00e9dio fosse conclu\u00eddo em abril de 2022.<\/p>\n\n\n\n<figure class=\"wp-block-image size-full\"><img fetchpriority=\"high\" decoding=\"async\" width=\"984\" height=\"655\" src=\"https:\/\/noticiasdefato.net\/wp-content\/uploads\/2024\/07\/image-7.png\" alt=\"\" class=\"wp-image-1380\" srcset=\"https:\/\/noticiasdefato.net\/wp-content\/uploads\/2024\/07\/image-7.png 984w, https:\/\/noticiasdefato.net\/wp-content\/uploads\/2024\/07\/image-7-300x200.png 300w, https:\/\/noticiasdefato.net\/wp-content\/uploads\/2024\/07\/image-7-768x511.png 768w, https:\/\/noticiasdefato.net\/wp-content\/uploads\/2024\/07\/image-7-135x90.png 135w\" sizes=\"(max-width: 984px) 100vw, 984px\" \/><\/figure>\n\n\n\n<p>O Hospital Oncol\u00f3gico Samuel Lib\u00e2nio come\u00e7ou a atender os pacientes a partir desta segunda-feira (1\u00ba). O espa\u00e7o tem capacidade m\u00e9dia de atendimento para 1,3 mil consultas diariamente, segundo dire\u00e7\u00e3o cl\u00ednica. A unidade deve receber diversos pacientes do SUS da regi\u00e3o, com possibilidade de atender 53 munic\u00edpios.<\/p>\n\n\n\n<figure class=\"wp-block-image size-full\"><img decoding=\"async\" width=\"984\" height=\"655\" src=\"https:\/\/noticiasdefato.net\/wp-content\/uploads\/2024\/07\/image-8.png\" alt=\"\" class=\"wp-image-1381\" srcset=\"https:\/\/noticiasdefato.net\/wp-content\/uploads\/2024\/07\/image-8.png 984w, https:\/\/noticiasdefato.net\/wp-content\/uploads\/2024\/07\/image-8-300x200.png 300w, https:\/\/noticiasdefato.net\/wp-content\/uploads\/2024\/07\/image-8-768x511.png 768w, https:\/\/noticiasdefato.net\/wp-content\/uploads\/2024\/07\/image-8-135x90.png 135w\" sizes=\"(max-width: 984px) 100vw, 984px\" \/><\/figure>\n\n\n\n<p>Inicialmente a unidade foi or\u00e7ada em R$ 30 milh\u00f5es, e o espa\u00e7o ter\u00e1 100 novos leitos para o tratamento de c\u00e2ncer na regi\u00e3o.<\/p>\n\n\n\n<p><strong>EVENTO DE INAUGURA\u00c7\u00c3O<\/strong><\/p>\n\n\n\n<p>Estiveram presentes na cerim\u00f4nia de inaugura\u00e7\u00e3o, na primeira fileira junto ao deputado federal Rafael Sim\u00f5es, o ex-deputado federal Bilac Pinto (direita da foto) e o deputado federal Luiz Ovando (esquerda da foto).<\/p>\n\n\n<div class=\"wp-block-image\">\n<figure class=\"aligncenter size-full\"><img decoding=\"async\" width=\"328\" height=\"215\" src=\"https:\/\/noticiasdefato.net\/wp-content\/uploads\/2024\/07\/image-10.png\" alt=\"\" class=\"wp-image-1383\" srcset=\"https:\/\/noticiasdefato.net\/wp-content\/uploads\/2024\/07\/image-10.png 328w, https:\/\/noticiasdefato.net\/wp-content\/uploads\/2024\/07\/image-10-300x197.png 300w, https:\/\/noticiasdefato.net\/wp-content\/uploads\/2024\/07\/image-10-137x90.png 137w\" sizes=\"(max-width: 328px) 100vw, 328px\" \/><\/figure>\n<\/div>\n\n\n<p><br>Tamb\u00e9m estiverem na primeira fileira do evento a deputada federal Rosangela Moro (esposa de S\u00e9rgio Moro) e Luiz Henrique Mandeta (demitido por Bolsonaro). Infelizmente nenhum pol\u00edtico da regi\u00e3o teve lugar na primeira fileira, o que demonstra a falta de prest\u00edgio dos pol\u00edticos de Alfenas, detentores de mandato ou n\u00e3o, em um evento de tamanha import\u00e2ncia para o sul de MG.<\/p>\n\n\n\n<p><strong>CHECAMOS &#8211; <em>FAKE NEWS<\/em> NAS REDES<\/strong><\/p>\n\n\n\n<p>Circula pelas redes sociais uma captura de tela (<em>print<\/em>), em que um pr\u00e9-candidato a vereador afirma estar representando Alfenas na primeira fileira do evento. Entretanto, gra\u00e7as a internet, pudemos verificar que se trata de uma <em>fakenews<\/em>. Isso p\u00f4de ser confirmado atrav\u00e9s de v\u00eddeo dispon\u00edvel na rede social do jornal PousoAlegre.NET. Aos 7:22 do <a href=\"https:\/\/youtu.be\/8RN_GkDX-nw?si=BxRWLrwIEuYaKbq2&amp;t=441\">v\u00eddeo<\/a> \u00e9 poss\u00edvel confirmar que quem esteve na primeira fileira ao lado do deputado federal Rafael Sim\u00f5es foi o deputado federal Luiz Ovando (destacado em c\u00edrculo na foto abaixo). O pr\u00e9-candidato a vereador que aparece no <em>print<\/em>, \u00e0 esquerda, apenas tirou uma foto com o deputado federal Rafael Sim\u00f5es, e devolveu o lugar a Luiz Ovando.<\/p>\n\n\n\n<figure class=\"wp-block-image size-large\"><img loading=\"lazy\" decoding=\"async\" width=\"1024\" height=\"539\" src=\"https:\/\/noticiasdefato.net\/wp-content\/uploads\/2024\/07\/image-12-1024x539.png\" alt=\"\" class=\"wp-image-1385\" srcset=\"https:\/\/noticiasdefato.net\/wp-content\/uploads\/2024\/07\/image-12-1024x539.png 1024w, https:\/\/noticiasdefato.net\/wp-content\/uploads\/2024\/07\/image-12-300x158.png 300w, https:\/\/noticiasdefato.net\/wp-content\/uploads\/2024\/07\/image-12-768x404.png 768w, https:\/\/noticiasdefato.net\/wp-content\/uploads\/2024\/07\/image-12-1536x809.png 1536w, https:\/\/noticiasdefato.net\/wp-content\/uploads\/2024\/07\/image-12-171x90.png 171w, https:\/\/noticiasdefato.net\/wp-content\/uploads\/2024\/07\/image-12.png 2000w\" sizes=\"(max-width: 1024px) 100vw, 1024px\" \/><\/figure>\n","protected":false},"excerpt":{"rendered":"<p>Na primeira fileira estiveram ao lado de Rafael Sim\u00f5es o ex-deputado federal Bilac Pinto (direita da foto) e o deputado federal Luiz Ovando (esquerda da foto). <a href=\"https:\/\/noticiasdefato.net\/?p=1379\" class=\"more-link\">Continuar lendo <span class=\"screen-reader-text\">Inaugurado Hospital Oncol\u00f3gico Samuel Lib\u00e2nio, de Pouso Alegre<\/span><\/a><\/p>\n","protected":false},"author":1,"featured_media":1384,"comment_status":"open","ping_status":"open","sticky":false,"template":"","format":"standard","meta":{"footnotes":""},"categories":[19],"tags":[],"class_list":["post-1379","post","type-post","status-publish","format-standard","has-post-thumbnail","hentry","category-saude"],"yoast_head":"<!-- This site is optimized with the Yoast SEO plugin v23.2 - https:\/\/yoast.com\/wordpress\/plugins\/seo\/ -->\n<title>Inaugurado Hospital Oncol\u00f3gico Samuel Lib\u00e2nio, de Pouso Alegre - Not\u00edcias de Fato<\/title>\n<meta name=\"description\" content=\"Na primeira fileira estiveram ao lado de Rafael Sim\u00f5es o ex-deputado federal Bilac Pinto (direita da foto) e o deputado federal Luiz Ovando (esquerda da foto).\" \/>\n<meta name=\"robots\" content=\"index, follow, max-snippet:-1, max-image-preview:large, max-video-preview:-1\" \/>\n<link rel=\"canonical\" href=\"https:\/\/noticiasdefato.net\/?p=1379\" \/>\n<meta property=\"og:locale\" content=\"pt_BR\" \/>\n<meta property=\"og:type\" content=\"article\" \/>\n<meta property=\"og:title\" content=\"Inaugurado Hospital Oncol\u00f3gico Samuel Lib\u00e2nio, de Pouso Alegre - Not\u00edcias de Fato\" \/>\n<meta property=\"og:description\" content=\"Na primeira fileira estiveram ao lado de Rafael Sim\u00f5es o ex-deputado federal Bilac Pinto (direita da foto) e o deputado federal Luiz Ovando (esquerda da foto).\" \/>\n<meta property=\"og:url\" content=\"https:\/\/noticiasdefato.net\/?p=1379\" \/>\n<meta property=\"og:site_name\" content=\"Not\u00edcias de Fato\" \/>\n<meta property=\"article:publisher\" content=\"https:\/\/fb.com\/noticiasdefato.jornal\" \/>\n<meta property=\"article:author\" content=\"http:\/\/fb.com\/\/noticiasdefato.jornal\" \/>\n<meta property=\"article:published_time\" content=\"2024-07-02T17:40:26+00:00\" \/>\n<meta property=\"article:modified_time\" content=\"2024-07-02T17:51:33+00:00\" \/>\n<meta property=\"og:image\" content=\"https:\/\/noticiasdefato.net\/wp-content\/uploads\/2024\/07\/image-11-e1719940766533.png\" \/>\n\t<meta property=\"og:image:width\" content=\"984\" \/>\n\t<meta property=\"og:image:height\" content=\"359\" \/>\n\t<meta property=\"og:image:type\" content=\"image\/png\" \/>\n<meta name=\"author\" content=\"Noticias de Fato\" \/>\n<meta name=\"twitter:card\" content=\"summary_large_image\" \/>\n<meta name=\"twitter:creator\" content=\"@https:\/\/twitter.com\/NoticiasDeFato_\" \/>\n<meta name=\"twitter:site\" content=\"@noticiasdefato_\" \/>\n<meta name=\"twitter:label1\" content=\"Escrito por\" \/>\n\t<meta name=\"twitter:data1\" content=\"Noticias de Fato\" \/>\n\t<meta name=\"twitter:label2\" content=\"Est. tempo de leitura\" \/>\n\t<meta name=\"twitter:data2\" content=\"3 minutos\" \/>\n<script type=\"application\/ld+json\" class=\"yoast-schema-graph\">{\"@context\":\"https:\/\/schema.org\",\"@graph\":[{\"@type\":\"Article\",\"@id\":\"https:\/\/noticiasdefato.net\/?p=1379#article\",\"isPartOf\":{\"@id\":\"https:\/\/noticiasdefato.net\/?p=1379\"},\"author\":{\"name\":\"Noticias de Fato\",\"@id\":\"https:\/\/noticiasdefato.net\/#\/schema\/person\/982ce60211d95acf059cd702aa260d08\"},\"headline\":\"Inaugurado Hospital Oncol\u00f3gico Samuel Lib\u00e2nio, de Pouso Alegre\",\"datePublished\":\"2024-07-02T17:40:26+00:00\",\"dateModified\":\"2024-07-02T17:51:33+00:00\",\"mainEntityOfPage\":{\"@id\":\"https:\/\/noticiasdefato.net\/?p=1379\"},\"wordCount\":384,\"commentCount\":0,\"publisher\":{\"@id\":\"https:\/\/noticiasdefato.net\/#organization\"},\"image\":{\"@id\":\"https:\/\/noticiasdefato.net\/?p=1379#primaryimage\"},\"thumbnailUrl\":\"https:\/\/noticiasdefato.net\/wp-content\/uploads\/2024\/07\/image-11-e1719940766533.png\",\"articleSection\":[\"Sa\u00fade\"],\"inLanguage\":\"pt-BR\",\"potentialAction\":[{\"@type\":\"CommentAction\",\"name\":\"Comment\",\"target\":[\"https:\/\/noticiasdefato.net\/?p=1379#respond\"]}]},{\"@type\":\"WebPage\",\"@id\":\"https:\/\/noticiasdefato.net\/?p=1379\",\"url\":\"https:\/\/noticiasdefato.net\/?p=1379\",\"name\":\"Inaugurado Hospital Oncol\u00f3gico Samuel Lib\u00e2nio, de Pouso Alegre - Not\u00edcias de Fato\",\"isPartOf\":{\"@id\":\"https:\/\/noticiasdefato.net\/#website\"},\"primaryImageOfPage\":{\"@id\":\"https:\/\/noticiasdefato.net\/?p=1379#primaryimage\"},\"image\":{\"@id\":\"https:\/\/noticiasdefato.net\/?p=1379#primaryimage\"},\"thumbnailUrl\":\"https:\/\/noticiasdefato.net\/wp-content\/uploads\/2024\/07\/image-11-e1719940766533.png\",\"datePublished\":\"2024-07-02T17:40:26+00:00\",\"dateModified\":\"2024-07-02T17:51:33+00:00\",\"description\":\"Na primeira fileira estiveram ao lado de Rafael Sim\u00f5es o ex-deputado federal Bilac Pinto (direita da foto) e o deputado federal Luiz Ovando (esquerda da foto).\",\"breadcrumb\":{\"@id\":\"https:\/\/noticiasdefato.net\/?p=1379#breadcrumb\"},\"inLanguage\":\"pt-BR\",\"potentialAction\":[{\"@type\":\"ReadAction\",\"target\":[\"https:\/\/noticiasdefato.net\/?p=1379\"]}]},{\"@type\":\"ImageObject\",\"inLanguage\":\"pt-BR\",\"@id\":\"https:\/\/noticiasdefato.net\/?p=1379#primaryimage\",\"url\":\"https:\/\/noticiasdefato.net\/wp-content\/uploads\/2024\/07\/image-11-e1719940766533.png\",\"contentUrl\":\"https:\/\/noticiasdefato.net\/wp-content\/uploads\/2024\/07\/image-11-e1719940766533.png\",\"width\":984,\"height\":359},{\"@type\":\"BreadcrumbList\",\"@id\":\"https:\/\/noticiasdefato.net\/?p=1379#breadcrumb\",\"itemListElement\":[{\"@type\":\"ListItem\",\"position\":1,\"name\":\"In\u00edcio\",\"item\":\"https:\/\/noticiasdefato.net\/\"},{\"@type\":\"ListItem\",\"position\":2,\"name\":\"Inaugurado Hospital Oncol\u00f3gico Samuel Lib\u00e2nio, de Pouso Alegre\"}]},{\"@type\":\"WebSite\",\"@id\":\"https:\/\/noticiasdefato.net\/#website\",\"url\":\"https:\/\/noticiasdefato.net\/\",\"name\":\"Not\u00edcias de Fato\",\"description\":\"Trabalhamos com honestidade, seriedade e com a verdade.\",\"publisher\":{\"@id\":\"https:\/\/noticiasdefato.net\/#organization\"},\"potentialAction\":[{\"@type\":\"SearchAction\",\"target\":{\"@type\":\"EntryPoint\",\"urlTemplate\":\"https:\/\/noticiasdefato.net\/?s={search_term_string}\"},\"query-input\":\"required name=search_term_string\"}],\"inLanguage\":\"pt-BR\"},{\"@type\":\"Organization\",\"@id\":\"https:\/\/noticiasdefato.net\/#organization\",\"name\":\"Not\u00edcias de Fato\",\"url\":\"https:\/\/noticiasdefato.net\/\",\"logo\":{\"@type\":\"ImageObject\",\"inLanguage\":\"pt-BR\",\"@id\":\"https:\/\/noticiasdefato.net\/#\/schema\/logo\/image\/\",\"url\":\"https:\/\/noticiasdefato.net\/wp-content\/uploads\/2024\/02\/cropped-logo_topo.png\",\"contentUrl\":\"https:\/\/noticiasdefato.net\/wp-content\/uploads\/2024\/02\/cropped-logo_topo.png\",\"width\":1948,\"height\":665,\"caption\":\"Not\u00edcias de Fato\"},\"image\":{\"@id\":\"https:\/\/noticiasdefato.net\/#\/schema\/logo\/image\/\"},\"sameAs\":[\"https:\/\/fb.com\/noticiasdefato.jornal\",\"https:\/\/x.com\/noticiasdefato_\",\"https:\/\/instagram.com\/noticiasdefato.jornal\",\"https:\/\/youtube.com\/@JornalNoticiasDeFato\"]},{\"@type\":\"Person\",\"@id\":\"https:\/\/noticiasdefato.net\/#\/schema\/person\/982ce60211d95acf059cd702aa260d08\",\"name\":\"Noticias de Fato\",\"image\":{\"@type\":\"ImageObject\",\"inLanguage\":\"pt-BR\",\"@id\":\"https:\/\/noticiasdefato.net\/#\/schema\/person\/image\/\",\"url\":\"https:\/\/secure.gravatar.com\/avatar\/700227fab2316f0366a1b5d4988d10f847249cf13293450527ac9553c994611a?s=96&d=mm&r=g\",\"contentUrl\":\"https:\/\/secure.gravatar.com\/avatar\/700227fab2316f0366a1b5d4988d10f847249cf13293450527ac9553c994611a?s=96&d=mm&r=g\",\"caption\":\"Noticias de Fato\"},\"sameAs\":[\"https:\/\/noticiasdefato.net\",\"http:\/\/fb.com\/\/noticiasdefato.jornal\",\"https:\/\/x.com\/https:\/\/twitter.com\/NoticiasDeFato_\"],\"url\":\"https:\/\/noticiasdefato.net\/?author=1\"}]}<\/script>\n<!-- \/ Yoast SEO plugin. -->","yoast_head_json":{"title":"Inaugurado Hospital Oncol\u00f3gico Samuel Lib\u00e2nio, de Pouso Alegre - Not\u00edcias de Fato","description":"Na primeira fileira estiveram ao lado de Rafael Sim\u00f5es o ex-deputado federal Bilac Pinto (direita da foto) e o deputado federal Luiz Ovando (esquerda da foto).","robots":{"index":"index","follow":"follow","max-snippet":"max-snippet:-1","max-image-preview":"max-image-preview:large","max-video-preview":"max-video-preview:-1"},"canonical":"https:\/\/noticiasdefato.net\/?p=1379","og_locale":"pt_BR","og_type":"article","og_title":"Inaugurado Hospital Oncol\u00f3gico Samuel Lib\u00e2nio, de Pouso Alegre - Not\u00edcias de Fato","og_description":"Na primeira fileira estiveram ao lado de Rafael Sim\u00f5es o ex-deputado federal Bilac Pinto (direita da foto) e o deputado federal Luiz Ovando (esquerda da foto).","og_url":"https:\/\/noticiasdefato.net\/?p=1379","og_site_name":"Not\u00edcias de Fato","article_publisher":"https:\/\/fb.com\/noticiasdefato.jornal","article_author":"http:\/\/fb.com\/\/noticiasdefato.jornal","article_published_time":"2024-07-02T17:40:26+00:00","article_modified_time":"2024-07-02T17:51:33+00:00","og_image":[{"width":984,"height":359,"url":"https:\/\/noticiasdefato.net\/wp-content\/uploads\/2024\/07\/image-11-e1719940766533.png","type":"image\/png"}],"author":"Noticias de Fato","twitter_card":"summary_large_image","twitter_creator":"@https:\/\/twitter.com\/NoticiasDeFato_","twitter_site":"@noticiasdefato_","twitter_misc":{"Escrito por":"Noticias de Fato","Est. tempo de leitura":"3 minutos"},"schema":{"@context":"https:\/\/schema.org","@graph":[{"@type":"Article","@id":"https:\/\/noticiasdefato.net\/?p=1379#article","isPartOf":{"@id":"https:\/\/noticiasdefato.net\/?p=1379"},"author":{"name":"Noticias de Fato","@id":"https:\/\/noticiasdefato.net\/#\/schema\/person\/982ce60211d95acf059cd702aa260d08"},"headline":"Inaugurado Hospital Oncol\u00f3gico Samuel Lib\u00e2nio, de Pouso Alegre","datePublished":"2024-07-02T17:40:26+00:00","dateModified":"2024-07-02T17:51:33+00:00","mainEntityOfPage":{"@id":"https:\/\/noticiasdefato.net\/?p=1379"},"wordCount":384,"commentCount":0,"publisher":{"@id":"https:\/\/noticiasdefato.net\/#organization"},"image":{"@id":"https:\/\/noticiasdefato.net\/?p=1379#primaryimage"},"thumbnailUrl":"https:\/\/noticiasdefato.net\/wp-content\/uploads\/2024\/07\/image-11-e1719940766533.png","articleSection":["Sa\u00fade"],"inLanguage":"pt-BR","potentialAction":[{"@type":"CommentAction","name":"Comment","target":["https:\/\/noticiasdefato.net\/?p=1379#respond"]}]},{"@type":"WebPage","@id":"https:\/\/noticiasdefato.net\/?p=1379","url":"https:\/\/noticiasdefato.net\/?p=1379","name":"Inaugurado Hospital Oncol\u00f3gico Samuel Lib\u00e2nio, de Pouso Alegre - Not\u00edcias de Fato","isPartOf":{"@id":"https:\/\/noticiasdefato.net\/#website"},"primaryImageOfPage":{"@id":"https:\/\/noticiasdefato.net\/?p=1379#primaryimage"},"image":{"@id":"https:\/\/noticiasdefato.net\/?p=1379#primaryimage"},"thumbnailUrl":"https:\/\/noticiasdefato.net\/wp-content\/uploads\/2024\/07\/image-11-e1719940766533.png","datePublished":"2024-07-02T17:40:26+00:00","dateModified":"2024-07-02T17:51:33+00:00","description":"Na primeira fileira estiveram ao lado de Rafael Sim\u00f5es o ex-deputado federal Bilac Pinto (direita da foto) e o deputado federal Luiz Ovando (esquerda da foto).","breadcrumb":{"@id":"https:\/\/noticiasdefato.net\/?p=1379#breadcrumb"},"inLanguage":"pt-BR","potentialAction":[{"@type":"ReadAction","target":["https:\/\/noticiasdefato.net\/?p=1379"]}]},{"@type":"ImageObject","inLanguage":"pt-BR","@id":"https:\/\/noticiasdefato.net\/?p=1379#primaryimage","url":"https:\/\/noticiasdefato.net\/wp-content\/uploads\/2024\/07\/image-11-e1719940766533.png","contentUrl":"https:\/\/noticiasdefato.net\/wp-content\/uploads\/2024\/07\/image-11-e1719940766533.png","width":984,"height":359},{"@type":"BreadcrumbList","@id":"https:\/\/noticiasdefato.net\/?p=1379#breadcrumb","itemListElement":[{"@type":"ListItem","position":1,"name":"In\u00edcio","item":"https:\/\/noticiasdefato.net\/"},{"@type":"ListItem","position":2,"name":"Inaugurado Hospital Oncol\u00f3gico Samuel Lib\u00e2nio, de Pouso Alegre"}]},{"@type":"WebSite","@id":"https:\/\/noticiasdefato.net\/#website","url":"https:\/\/noticiasdefato.net\/","name":"Not\u00edcias de Fato","description":"Trabalhamos com honestidade, seriedade e com a verdade.","publisher":{"@id":"https:\/\/noticiasdefato.net\/#organization"},"potentialAction":[{"@type":"SearchAction","target":{"@type":"EntryPoint","urlTemplate":"https:\/\/noticiasdefato.net\/?s={search_term_string}"},"query-input":"required name=search_term_string"}],"inLanguage":"pt-BR"},{"@type":"Organization","@id":"https:\/\/noticiasdefato.net\/#organization","name":"Not\u00edcias de Fato","url":"https:\/\/noticiasdefato.net\/","logo":{"@type":"ImageObject","inLanguage":"pt-BR","@id":"https:\/\/noticiasdefato.net\/#\/schema\/logo\/image\/","url":"https:\/\/noticiasdefato.net\/wp-content\/uploads\/2024\/02\/cropped-logo_topo.png","contentUrl":"https:\/\/noticiasdefato.net\/wp-content\/uploads\/2024\/02\/cropped-logo_topo.png","width":1948,"height":665,"caption":"Not\u00edcias de Fato"},"image":{"@id":"https:\/\/noticiasdefato.net\/#\/schema\/logo\/image\/"},"sameAs":["https:\/\/fb.com\/noticiasdefato.jornal","https:\/\/x.com\/noticiasdefato_","https:\/\/instagram.com\/noticiasdefato.jornal","https:\/\/youtube.com\/@JornalNoticiasDeFato"]},{"@type":"Person","@id":"https:\/\/noticiasdefato.net\/#\/schema\/person\/982ce60211d95acf059cd702aa260d08","name":"Noticias de Fato","image":{"@type":"ImageObject","inLanguage":"pt-BR","@id":"https:\/\/noticiasdefato.net\/#\/schema\/person\/image\/","url":"https:\/\/secure.gravatar.com\/avatar\/700227fab2316f0366a1b5d4988d10f847249cf13293450527ac9553c994611a?s=96&d=mm&r=g","contentUrl":"https:\/\/secure.gravatar.com\/avatar\/700227fab2316f0366a1b5d4988d10f847249cf13293450527ac9553c994611a?s=96&d=mm&r=g","caption":"Noticias de Fato"},"sameAs":["https:\/\/noticiasdefato.net","http:\/\/fb.com\/\/noticiasdefato.jornal","https:\/\/x.com\/https:\/\/twitter.com\/NoticiasDeFato_"],"url":"https:\/\/noticiasdefato.net\/?author=1"}]}},"_links":{"self":[{"href":"https:\/\/noticiasdefato.net\/index.php?rest_route=\/wp\/v2\/posts\/1379","targetHints":{"allow":["GET"]}}],"collection":[{"href":"https:\/\/noticiasdefato.net\/index.php?rest_route=\/wp\/v2\/posts"}],"about":[{"href":"https:\/\/noticiasdefato.net\/index.php?rest_route=\/wp\/v2\/types\/post"}],"author":[{"embeddable":true,"href":"https:\/\/noticiasdefato.net\/index.php?rest_route=\/wp\/v2\/users\/1"}],"replies":[{"embeddable":true,"href":"https:\/\/noticiasdefato.net\/index.php?rest_route=%2Fwp%2Fv2%2Fcomments&post=1379"}],"version-history":[{"count":2,"href":"https:\/\/noticiasdefato.net\/index.php?rest_route=\/wp\/v2\/posts\/1379\/revisions"}],"predecessor-version":[{"id":1387,"href":"https:\/\/noticiasdefato.net\/index.php?rest_route=\/wp\/v2\/posts\/1379\/revisions\/1387"}],"wp:featuredmedia":[{"embeddable":true,"href":"https:\/\/noticiasdefato.net\/index.php?rest_route=\/wp\/v2\/media\/1384"}],"wp:attachment":[{"href":"https:\/\/noticiasdefato.net\/index.php?rest_route=%2Fwp%2Fv2%2Fmedia&parent=1379"}],"wp:term":[{"taxonomy":"category","embeddable":true,"href":"https:\/\/noticiasdefato.net\/index.php?rest_route=%2Fwp%2Fv2%2Fcategories&post=1379"},{"taxonomy":"post_tag","embeddable":true,"href":"https:\/\/noticiasdefato.net\/index.php?rest_route=%2Fwp%2Fv2%2Ftags&post=1379"}],"curies":[{"name":"wp","href":"https:\/\/api.w.org\/{rel}","templated":true}]}}