{"id":1388,"date":"2024-07-03T08:30:33","date_gmt":"2024-07-03T11:30:33","guid":{"rendered":"https:\/\/noticiasdefato.net\/?p=1388"},"modified":"2024-07-31T11:15:43","modified_gmt":"2024-07-31T14:15:43","slug":"dengue-alfenas-tem-23-mortes-e-mais-de-11-mil-casos","status":"publish","type":"post","link":"https:\/\/noticiasdefato.net\/?p=1388","title":{"rendered":"DENGUE: ALFENAS TEM 23 MORTES E MAIS DE 11 MIL CASOS"},"content":{"rendered":"\n<p><em>Alfenas \u00e9 a segunda cidade da regi\u00e3o com mais mortes. Em todo o Sul de Minas o n\u00famero j\u00e1 chega a 159 mortes confirmadas<\/em>.<\/p>\n\n\n\n<p>A Secretaria de Estado de Sa\u00fade (SES-MG) informa que esta semana foram confirmadas mais sete mortes por dengue no sul de Minas.<\/p>\n\n\n\n<p>Alfenas registrou, 23 morres; 11.934 casos de dengue e 4 de Chikungunya.<\/p>\n\n\n\n<figure class=\"wp-block-image size-large\"><img fetchpriority=\"high\" decoding=\"async\" width=\"1024\" height=\"540\" src=\"https:\/\/noticiasdefato.net\/wp-content\/uploads\/2024\/07\/image-13-1024x540.png\" alt=\"\" class=\"wp-image-1390\" srcset=\"https:\/\/noticiasdefato.net\/wp-content\/uploads\/2024\/07\/image-13-1024x540.png 1024w, https:\/\/noticiasdefato.net\/wp-content\/uploads\/2024\/07\/image-13-300x158.png 300w, https:\/\/noticiasdefato.net\/wp-content\/uploads\/2024\/07\/image-13-768x405.png 768w, https:\/\/noticiasdefato.net\/wp-content\/uploads\/2024\/07\/image-13-171x90.png 171w, https:\/\/noticiasdefato.net\/wp-content\/uploads\/2024\/07\/image-13.png 1066w\" sizes=\"(max-width: 1024px) 100vw, 1024px\" \/><\/figure>\n\n\n\n<p>O n\u00famero de mortes confirmadas pela doen\u00e7a subiu para 159 na regi\u00e3o.<\/p>\n\n\n\n<p>Varginha tem o maior n\u00famero de mortes confirmadas pela doen\u00e7a, com 27, seguida por Alfenas, com 23, Campos Gerais (13), Passos e S\u00e3o Louren\u00e7o (9) e Campo Belo e Lavras (5) aparecem na sequ\u00eancia com o maior n\u00famero de confirma\u00e7\u00f5es\u00a0de\u00a0\u00f3bitos.<\/p>\n\n\n<div class=\"wp-block-image\">\n<figure class=\"aligncenter size-full is-resized\"><img decoding=\"async\" width=\"750\" height=\"785\" src=\"https:\/\/noticiasdefato.net\/wp-content\/uploads\/2024\/07\/Imagem-do-WhatsApp-de-2024-07-02-as-18.57.33_90f4cda8.jpg\" alt=\"\" class=\"wp-image-1389\" style=\"width:341px;height:auto\" srcset=\"https:\/\/noticiasdefato.net\/wp-content\/uploads\/2024\/07\/Imagem-do-WhatsApp-de-2024-07-02-as-18.57.33_90f4cda8.jpg 750w, https:\/\/noticiasdefato.net\/wp-content\/uploads\/2024\/07\/Imagem-do-WhatsApp-de-2024-07-02-as-18.57.33_90f4cda8-287x300.jpg 287w, https:\/\/noticiasdefato.net\/wp-content\/uploads\/2024\/07\/Imagem-do-WhatsApp-de-2024-07-02-as-18.57.33_90f4cda8-86x90.jpg 86w\" sizes=\"(max-width: 750px) 100vw, 750px\" \/><\/figure>\n<\/div>","protected":false},"excerpt":{"rendered":"<p>Alfenas \u00e9 a segunda cidade da regi\u00e3o com mais mortes. Em todo o Sul de Minas o n\u00famero j\u00e1 chega a 159 mortes confirmadas. <a href=\"https:\/\/noticiasdefato.net\/?p=1388\" class=\"more-link\">Continuar lendo <span class=\"screen-reader-text\">DENGUE: ALFENAS TEM 23 MORTES E MAIS DE 11 MIL CASOS<\/span><\/a><\/p>\n","protected":false},"author":1,"featured_media":1283,"comment_status":"open","ping_status":"open","sticky":false,"template":"","format":"standard","meta":{"footnotes":""},"categories":[19],"tags":[],"class_list":["post-1388","post","type-post","status-publish","format-standard","has-post-thumbnail","hentry","category-saude"],"yoast_head":"<!-- This site is optimized with the Yoast SEO plugin v23.2 - https:\/\/yoast.com\/wordpress\/plugins\/seo\/ -->\n<title>DENGUE: ALFENAS TEM 23 MORTES E MAIS DE 11 MIL CASOS - Not\u00edcias de Fato<\/title>\n<meta name=\"description\" content=\"Alfenas \u00e9 a segunda cidade da regi\u00e3o com mais mortes. Em todo o Sul de Minas o n\u00famero j\u00e1 chega a 159 mortes confirmadas.\" \/>\n<meta name=\"robots\" content=\"index, follow, max-snippet:-1, max-image-preview:large, max-video-preview:-1\" \/>\n<link rel=\"canonical\" href=\"https:\/\/noticiasdefato.net\/?p=1388\" \/>\n<meta property=\"og:locale\" content=\"pt_BR\" \/>\n<meta property=\"og:type\" content=\"article\" \/>\n<meta property=\"og:title\" content=\"DENGUE: ALFENAS TEM 23 MORTES E MAIS DE 11 MIL CASOS - Not\u00edcias de Fato\" \/>\n<meta property=\"og:description\" content=\"Alfenas \u00e9 a segunda cidade da regi\u00e3o com mais mortes. Em todo o Sul de Minas o n\u00famero j\u00e1 chega a 159 mortes confirmadas.\" \/>\n<meta property=\"og:url\" content=\"https:\/\/noticiasdefato.net\/?p=1388\" \/>\n<meta property=\"og:site_name\" content=\"Not\u00edcias de Fato\" \/>\n<meta property=\"article:publisher\" content=\"https:\/\/fb.com\/noticiasdefato.jornal\" \/>\n<meta property=\"article:author\" content=\"http:\/\/fb.com\/\/noticiasdefato.jornal\" \/>\n<meta property=\"article:published_time\" content=\"2024-07-03T11:30:33+00:00\" \/>\n<meta property=\"article:modified_time\" content=\"2024-07-31T14:15:43+00:00\" \/>\n<meta property=\"og:image\" content=\"https:\/\/noticiasdefato.net\/wp-content\/uploads\/2024\/05\/image-13.png\" \/>\n\t<meta property=\"og:image:width\" content=\"800\" \/>\n\t<meta property=\"og:image:height\" content=\"528\" \/>\n\t<meta property=\"og:image:type\" content=\"image\/png\" \/>\n<meta name=\"author\" content=\"Noticias de Fato\" \/>\n<meta name=\"twitter:card\" content=\"summary_large_image\" \/>\n<meta name=\"twitter:creator\" content=\"@https:\/\/twitter.com\/NoticiasDeFato_\" \/>\n<meta name=\"twitter:site\" content=\"@noticiasdefato_\" \/>\n<meta name=\"twitter:label1\" content=\"Escrito por\" \/>\n\t<meta name=\"twitter:data1\" content=\"Noticias de Fato\" \/>\n\t<meta name=\"twitter:label2\" content=\"Est. tempo de leitura\" \/>\n\t<meta name=\"twitter:data2\" content=\"2 minutos\" \/>\n<script type=\"application\/ld+json\" class=\"yoast-schema-graph\">{\"@context\":\"https:\/\/schema.org\",\"@graph\":[{\"@type\":\"Article\",\"@id\":\"https:\/\/noticiasdefato.net\/?p=1388#article\",\"isPartOf\":{\"@id\":\"https:\/\/noticiasdefato.net\/?p=1388\"},\"author\":{\"name\":\"Noticias de Fato\",\"@id\":\"https:\/\/noticiasdefato.net\/#\/schema\/person\/982ce60211d95acf059cd702aa260d08\"},\"headline\":\"DENGUE: ALFENAS TEM 23 MORTES E MAIS DE 11 MIL CASOS\",\"datePublished\":\"2024-07-03T11:30:33+00:00\",\"dateModified\":\"2024-07-31T14:15:43+00:00\",\"mainEntityOfPage\":{\"@id\":\"https:\/\/noticiasdefato.net\/?p=1388\"},\"wordCount\":123,\"commentCount\":0,\"publisher\":{\"@id\":\"https:\/\/noticiasdefato.net\/#organization\"},\"image\":{\"@id\":\"https:\/\/noticiasdefato.net\/?p=1388#primaryimage\"},\"thumbnailUrl\":\"https:\/\/noticiasdefato.net\/wp-content\/uploads\/2024\/05\/image-13.png\",\"articleSection\":[\"Sa\u00fade\"],\"inLanguage\":\"pt-BR\",\"potentialAction\":[{\"@type\":\"CommentAction\",\"name\":\"Comment\",\"target\":[\"https:\/\/noticiasdefato.net\/?p=1388#respond\"]}]},{\"@type\":\"WebPage\",\"@id\":\"https:\/\/noticiasdefato.net\/?p=1388\",\"url\":\"https:\/\/noticiasdefato.net\/?p=1388\",\"name\":\"DENGUE: ALFENAS TEM 23 MORTES E MAIS DE 11 MIL CASOS - Not\u00edcias de Fato\",\"isPartOf\":{\"@id\":\"https:\/\/noticiasdefato.net\/#website\"},\"primaryImageOfPage\":{\"@id\":\"https:\/\/noticiasdefato.net\/?p=1388#primaryimage\"},\"image\":{\"@id\":\"https:\/\/noticiasdefato.net\/?p=1388#primaryimage\"},\"thumbnailUrl\":\"https:\/\/noticiasdefato.net\/wp-content\/uploads\/2024\/05\/image-13.png\",\"datePublished\":\"2024-07-03T11:30:33+00:00\",\"dateModified\":\"2024-07-31T14:15:43+00:00\",\"description\":\"Alfenas \u00e9 a segunda cidade da regi\u00e3o com mais mortes. Em todo o Sul de Minas o n\u00famero j\u00e1 chega a 159 mortes confirmadas.\",\"breadcrumb\":{\"@id\":\"https:\/\/noticiasdefato.net\/?p=1388#breadcrumb\"},\"inLanguage\":\"pt-BR\",\"potentialAction\":[{\"@type\":\"ReadAction\",\"target\":[\"https:\/\/noticiasdefato.net\/?p=1388\"]}]},{\"@type\":\"ImageObject\",\"inLanguage\":\"pt-BR\",\"@id\":\"https:\/\/noticiasdefato.net\/?p=1388#primaryimage\",\"url\":\"https:\/\/noticiasdefato.net\/wp-content\/uploads\/2024\/05\/image-13.png\",\"contentUrl\":\"https:\/\/noticiasdefato.net\/wp-content\/uploads\/2024\/05\/image-13.png\",\"width\":800,\"height\":528},{\"@type\":\"BreadcrumbList\",\"@id\":\"https:\/\/noticiasdefato.net\/?p=1388#breadcrumb\",\"itemListElement\":[{\"@type\":\"ListItem\",\"position\":1,\"name\":\"In\u00edcio\",\"item\":\"https:\/\/noticiasdefato.net\/\"},{\"@type\":\"ListItem\",\"position\":2,\"name\":\"DENGUE: ALFENAS TEM 23 MORTES E MAIS DE 11 MIL CASOS\"}]},{\"@type\":\"WebSite\",\"@id\":\"https:\/\/noticiasdefato.net\/#website\",\"url\":\"https:\/\/noticiasdefato.net\/\",\"name\":\"Not\u00edcias de Fato\",\"description\":\"Trabalhamos com honestidade, seriedade e com a verdade.\",\"publisher\":{\"@id\":\"https:\/\/noticiasdefato.net\/#organization\"},\"potentialAction\":[{\"@type\":\"SearchAction\",\"target\":{\"@type\":\"EntryPoint\",\"urlTemplate\":\"https:\/\/noticiasdefato.net\/?s={search_term_string}\"},\"query-input\":\"required name=search_term_string\"}],\"inLanguage\":\"pt-BR\"},{\"@type\":\"Organization\",\"@id\":\"https:\/\/noticiasdefato.net\/#organization\",\"name\":\"Not\u00edcias de Fato\",\"url\":\"https:\/\/noticiasdefato.net\/\",\"logo\":{\"@type\":\"ImageObject\",\"inLanguage\":\"pt-BR\",\"@id\":\"https:\/\/noticiasdefato.net\/#\/schema\/logo\/image\/\",\"url\":\"https:\/\/noticiasdefato.net\/wp-content\/uploads\/2024\/02\/cropped-logo_topo.png\",\"contentUrl\":\"https:\/\/noticiasdefato.net\/wp-content\/uploads\/2024\/02\/cropped-logo_topo.png\",\"width\":1948,\"height\":665,\"caption\":\"Not\u00edcias de Fato\"},\"image\":{\"@id\":\"https:\/\/noticiasdefato.net\/#\/schema\/logo\/image\/\"},\"sameAs\":[\"https:\/\/fb.com\/noticiasdefato.jornal\",\"https:\/\/x.com\/noticiasdefato_\",\"https:\/\/instagram.com\/noticiasdefato.jornal\",\"https:\/\/youtube.com\/@JornalNoticiasDeFato\"]},{\"@type\":\"Person\",\"@id\":\"https:\/\/noticiasdefato.net\/#\/schema\/person\/982ce60211d95acf059cd702aa260d08\",\"name\":\"Noticias de Fato\",\"image\":{\"@type\":\"ImageObject\",\"inLanguage\":\"pt-BR\",\"@id\":\"https:\/\/noticiasdefato.net\/#\/schema\/person\/image\/\",\"url\":\"https:\/\/secure.gravatar.com\/avatar\/700227fab2316f0366a1b5d4988d10f847249cf13293450527ac9553c994611a?s=96&d=mm&r=g\",\"contentUrl\":\"https:\/\/secure.gravatar.com\/avatar\/700227fab2316f0366a1b5d4988d10f847249cf13293450527ac9553c994611a?s=96&d=mm&r=g\",\"caption\":\"Noticias de Fato\"},\"sameAs\":[\"https:\/\/noticiasdefato.net\",\"http:\/\/fb.com\/\/noticiasdefato.jornal\",\"https:\/\/x.com\/https:\/\/twitter.com\/NoticiasDeFato_\"],\"url\":\"https:\/\/noticiasdefato.net\/?author=1\"}]}<\/script>\n<!-- \/ Yoast SEO plugin. -->","yoast_head_json":{"title":"DENGUE: ALFENAS TEM 23 MORTES E MAIS DE 11 MIL CASOS - Not\u00edcias de Fato","description":"Alfenas \u00e9 a segunda cidade da regi\u00e3o com mais mortes. Em todo o Sul de Minas o n\u00famero j\u00e1 chega a 159 mortes confirmadas.","robots":{"index":"index","follow":"follow","max-snippet":"max-snippet:-1","max-image-preview":"max-image-preview:large","max-video-preview":"max-video-preview:-1"},"canonical":"https:\/\/noticiasdefato.net\/?p=1388","og_locale":"pt_BR","og_type":"article","og_title":"DENGUE: ALFENAS TEM 23 MORTES E MAIS DE 11 MIL CASOS - Not\u00edcias de Fato","og_description":"Alfenas \u00e9 a segunda cidade da regi\u00e3o com mais mortes. Em todo o Sul de Minas o n\u00famero j\u00e1 chega a 159 mortes confirmadas.","og_url":"https:\/\/noticiasdefato.net\/?p=1388","og_site_name":"Not\u00edcias de Fato","article_publisher":"https:\/\/fb.com\/noticiasdefato.jornal","article_author":"http:\/\/fb.com\/\/noticiasdefato.jornal","article_published_time":"2024-07-03T11:30:33+00:00","article_modified_time":"2024-07-31T14:15:43+00:00","og_image":[{"width":800,"height":528,"url":"https:\/\/noticiasdefato.net\/wp-content\/uploads\/2024\/05\/image-13.png","type":"image\/png"}],"author":"Noticias de Fato","twitter_card":"summary_large_image","twitter_creator":"@https:\/\/twitter.com\/NoticiasDeFato_","twitter_site":"@noticiasdefato_","twitter_misc":{"Escrito por":"Noticias de Fato","Est. tempo de leitura":"2 minutos"},"schema":{"@context":"https:\/\/schema.org","@graph":[{"@type":"Article","@id":"https:\/\/noticiasdefato.net\/?p=1388#article","isPartOf":{"@id":"https:\/\/noticiasdefato.net\/?p=1388"},"author":{"name":"Noticias de Fato","@id":"https:\/\/noticiasdefato.net\/#\/schema\/person\/982ce60211d95acf059cd702aa260d08"},"headline":"DENGUE: ALFENAS TEM 23 MORTES E MAIS DE 11 MIL CASOS","datePublished":"2024-07-03T11:30:33+00:00","dateModified":"2024-07-31T14:15:43+00:00","mainEntityOfPage":{"@id":"https:\/\/noticiasdefato.net\/?p=1388"},"wordCount":123,"commentCount":0,"publisher":{"@id":"https:\/\/noticiasdefato.net\/#organization"},"image":{"@id":"https:\/\/noticiasdefato.net\/?p=1388#primaryimage"},"thumbnailUrl":"https:\/\/noticiasdefato.net\/wp-content\/uploads\/2024\/05\/image-13.png","articleSection":["Sa\u00fade"],"inLanguage":"pt-BR","potentialAction":[{"@type":"CommentAction","name":"Comment","target":["https:\/\/noticiasdefato.net\/?p=1388#respond"]}]},{"@type":"WebPage","@id":"https:\/\/noticiasdefato.net\/?p=1388","url":"https:\/\/noticiasdefato.net\/?p=1388","name":"DENGUE: ALFENAS TEM 23 MORTES E MAIS DE 11 MIL CASOS - Not\u00edcias de Fato","isPartOf":{"@id":"https:\/\/noticiasdefato.net\/#website"},"primaryImageOfPage":{"@id":"https:\/\/noticiasdefato.net\/?p=1388#primaryimage"},"image":{"@id":"https:\/\/noticiasdefato.net\/?p=1388#primaryimage"},"thumbnailUrl":"https:\/\/noticiasdefato.net\/wp-content\/uploads\/2024\/05\/image-13.png","datePublished":"2024-07-03T11:30:33+00:00","dateModified":"2024-07-31T14:15:43+00:00","description":"Alfenas \u00e9 a segunda cidade da regi\u00e3o com mais mortes. Em todo o Sul de Minas o n\u00famero j\u00e1 chega a 159 mortes confirmadas.","breadcrumb":{"@id":"https:\/\/noticiasdefato.net\/?p=1388#breadcrumb"},"inLanguage":"pt-BR","potentialAction":[{"@type":"ReadAction","target":["https:\/\/noticiasdefato.net\/?p=1388"]}]},{"@type":"ImageObject","inLanguage":"pt-BR","@id":"https:\/\/noticiasdefato.net\/?p=1388#primaryimage","url":"https:\/\/noticiasdefato.net\/wp-content\/uploads\/2024\/05\/image-13.png","contentUrl":"https:\/\/noticiasdefato.net\/wp-content\/uploads\/2024\/05\/image-13.png","width":800,"height":528},{"@type":"BreadcrumbList","@id":"https:\/\/noticiasdefato.net\/?p=1388#breadcrumb","itemListElement":[{"@type":"ListItem","position":1,"name":"In\u00edcio","item":"https:\/\/noticiasdefato.net\/"},{"@type":"ListItem","position":2,"name":"DENGUE: ALFENAS TEM 23 MORTES E MAIS DE 11 MIL CASOS"}]},{"@type":"WebSite","@id":"https:\/\/noticiasdefato.net\/#website","url":"https:\/\/noticiasdefato.net\/","name":"Not\u00edcias de Fato","description":"Trabalhamos com honestidade, seriedade e com a verdade.","publisher":{"@id":"https:\/\/noticiasdefato.net\/#organization"},"potentialAction":[{"@type":"SearchAction","target":{"@type":"EntryPoint","urlTemplate":"https:\/\/noticiasdefato.net\/?s={search_term_string}"},"query-input":"required name=search_term_string"}],"inLanguage":"pt-BR"},{"@type":"Organization","@id":"https:\/\/noticiasdefato.net\/#organization","name":"Not\u00edcias de Fato","url":"https:\/\/noticiasdefato.net\/","logo":{"@type":"ImageObject","inLanguage":"pt-BR","@id":"https:\/\/noticiasdefato.net\/#\/schema\/logo\/image\/","url":"https:\/\/noticiasdefato.net\/wp-content\/uploads\/2024\/02\/cropped-logo_topo.png","contentUrl":"https:\/\/noticiasdefato.net\/wp-content\/uploads\/2024\/02\/cropped-logo_topo.png","width":1948,"height":665,"caption":"Not\u00edcias de Fato"},"image":{"@id":"https:\/\/noticiasdefato.net\/#\/schema\/logo\/image\/"},"sameAs":["https:\/\/fb.com\/noticiasdefato.jornal","https:\/\/x.com\/noticiasdefato_","https:\/\/instagram.com\/noticiasdefato.jornal","https:\/\/youtube.com\/@JornalNoticiasDeFato"]},{"@type":"Person","@id":"https:\/\/noticiasdefato.net\/#\/schema\/person\/982ce60211d95acf059cd702aa260d08","name":"Noticias de Fato","image":{"@type":"ImageObject","inLanguage":"pt-BR","@id":"https:\/\/noticiasdefato.net\/#\/schema\/person\/image\/","url":"https:\/\/secure.gravatar.com\/avatar\/700227fab2316f0366a1b5d4988d10f847249cf13293450527ac9553c994611a?s=96&d=mm&r=g","contentUrl":"https:\/\/secure.gravatar.com\/avatar\/700227fab2316f0366a1b5d4988d10f847249cf13293450527ac9553c994611a?s=96&d=mm&r=g","caption":"Noticias de Fato"},"sameAs":["https:\/\/noticiasdefato.net","http:\/\/fb.com\/\/noticiasdefato.jornal","https:\/\/x.com\/https:\/\/twitter.com\/NoticiasDeFato_"],"url":"https:\/\/noticiasdefato.net\/?author=1"}]}},"_links":{"self":[{"href":"https:\/\/noticiasdefato.net\/index.php?rest_route=\/wp\/v2\/posts\/1388","targetHints":{"allow":["GET"]}}],"collection":[{"href":"https:\/\/noticiasdefato.net\/index.php?rest_route=\/wp\/v2\/posts"}],"about":[{"href":"https:\/\/noticiasdefato.net\/index.php?rest_route=\/wp\/v2\/types\/post"}],"author":[{"embeddable":true,"href":"https:\/\/noticiasdefato.net\/index.php?rest_route=\/wp\/v2\/users\/1"}],"replies":[{"embeddable":true,"href":"https:\/\/noticiasdefato.net\/index.php?rest_route=%2Fwp%2Fv2%2Fcomments&post=1388"}],"version-history":[{"count":1,"href":"https:\/\/noticiasdefato.net\/index.php?rest_route=\/wp\/v2\/posts\/1388\/revisions"}],"predecessor-version":[{"id":1391,"href":"https:\/\/noticiasdefato.net\/index.php?rest_route=\/wp\/v2\/posts\/1388\/revisions\/1391"}],"wp:featuredmedia":[{"embeddable":true,"href":"https:\/\/noticiasdefato.net\/index.php?rest_route=\/wp\/v2\/media\/1283"}],"wp:attachment":[{"href":"https:\/\/noticiasdefato.net\/index.php?rest_route=%2Fwp%2Fv2%2Fmedia&parent=1388"}],"wp:term":[{"taxonomy":"category","embeddable":true,"href":"https:\/\/noticiasdefato.net\/index.php?rest_route=%2Fwp%2Fv2%2Fcategories&post=1388"},{"taxonomy":"post_tag","embeddable":true,"href":"https:\/\/noticiasdefato.net\/index.php?rest_route=%2Fwp%2Fv2%2Ftags&post=1388"}],"curies":[{"name":"wp","href":"https:\/\/api.w.org\/{rel}","templated":true}]}}