{"id":1393,"date":"2024-07-08T09:24:04","date_gmt":"2024-07-08T12:24:04","guid":{"rendered":"https:\/\/noticiasdefato.net\/?p=1393"},"modified":"2024-07-31T11:15:47","modified_gmt":"2024-07-31T14:15:47","slug":"eleicoes-comecam-proibicoes-a-gestores-publicos","status":"publish","type":"post","link":"https:\/\/noticiasdefato.net\/?p=1393","title":{"rendered":"ELEI\u00c7\u00d5ES: COME\u00c7AM PROIBI\u00c7\u00d5ES A GESTORES P\u00daBLICOS"},"content":{"rendered":"\n<p><em>Medidas querem evitar favorecimento a determinadas pr\u00e9-candidaturas, fortalecendo a igualdade entre os concorrentes na\u00a0disputa de outubro.<\/em><\/p>\n\n\n\n<p>Desde s\u00e1bado, 6\/7, entramos na marca dos tr\u00eas meses que antecedem o primeiro turno das elei\u00e7\u00f5es municipais, e tamb\u00e9m teve in\u00edcio uma s\u00e9rie de proibi\u00e7\u00f5es aos gestores e agentes p\u00fablicos municipais previstas na Lei 9.504\/1997 (Lei das Elei\u00e7\u00f5es). A legisla\u00e7\u00e3o impede, por exemplo, o uso da m\u00e1quina p\u00fablica para favorecer candidatos \u00e0s elei\u00e7\u00f5es municipais de outubro, entre elas a contrata\u00e7\u00e3o e demiss\u00e3o de servidores.<\/p>\n\n\n\n<p>\u00c9 vedado tamb\u00e9m a inaugura\u00e7\u00e3o de obras p\u00fablicas e publicidade institucional de governantes.<\/p>\n\n\n\n<p>Confira algumas dessas regras que est\u00e3o valendo desde ontem, s\u00e1bado, 6 de julho. Fique informado e ajude a fiscalizar.<\/p>\n\n\n\n<p><strong>NOMEA\u00c7\u00c3O DE SERVIDORES<br><\/strong>A partir do pr\u00f3ximo s\u00e1bado, dia 6 de julho \u2013 tr\u00eas meses antes do pleito, os agentes p\u00fablicos n\u00e3o podem nomear, contratar ou demitir servidores p\u00fablicos por justa causa.<br><em>Exce\u00e7\u00e3o <\/em>\u2013 A lei abre exce\u00e7\u00e3o para nomea\u00e7\u00e3o e exonera\u00e7\u00e3o de pessoas que exercem fun\u00e7\u00e3o comissionada e a contrata\u00e7\u00e3o de natureza emergencial para garantir o funcionamento de servi\u00e7os p\u00fablicos essenciais.<\/p>\n\n\n\n<p><br><strong>CONCURSOS P\u00daBLICOS<\/strong><br>A nomea\u00e7\u00e3o de servidores aprovados em concurso p\u00fablico s\u00f3 pode ocorrer se o resultado do concurso for homologado no m\u00e1ximo at\u00e9 6 de julho.<br><\/p>\n\n\n\n<p><strong>RECURSOS (VERBAS)<\/strong><br>Outra proibi\u00e7\u00e3o aos agentes \u00e9 a realiza\u00e7\u00e3o de transfer\u00eancia volunt\u00e1ria de recursos do governo federal aos estados e munic\u00edpios. O dinheiro s\u00f3 pode ser enviado para execu\u00e7\u00e3o de obras que j\u00e1 est\u00e3o em andamento, ou para atender situa\u00e7\u00f5es de calamidade p\u00fablica.<\/p>\n\n\n\n<p><br><strong>PUBLICIDADE ESTATAL<\/strong><br>Tamb\u00e9m fica proibida autoriza\u00e7\u00e3o para realiza\u00e7\u00e3o de publicidade institucional de programas de governo, vedando ainda pronunciamentos oficiais em cadeia de r\u00e1dio e televis\u00e3o e a divulga\u00e7\u00e3o de nomes de candidatos em sites oficiais, que s\u00f3 podem ocorrer sob autoriza\u00e7\u00e3o da Justi\u00e7a Eleitoral.<\/p>\n\n\n\n<p><br><strong>INAUGURA\u00c7\u00c3O DE OBRAS<\/strong><br>A legisla\u00e7\u00e3o eleitoral pro\u00edbe tamb\u00e9m a participa\u00e7\u00e3o de pr\u00e9-candidatos e candidatos em inaugura\u00e7\u00f5es de obras p\u00fablicas.<\/p>\n\n\n\n<p><br><strong>QUADRO RESUMIDO DE CONDUTAS VEDADAS<\/strong><\/p>\n\n\n\n<p>Fonte: https:\/\/www.tre-ba.jus.br\/comunicacao\/noticias\/2024\/Julho\/eleicoes-2024-confira-as-restricoes-previstas-no-calendario-eleitoral-a-partir-de-06-de-julho<\/p>\n","protected":false},"excerpt":{"rendered":"<p>Medidas querem evitar favorecimento a determinadas pr\u00e9-candidaturas, fortalecendo a igualdade entre os concorrentes na\u00a0disputa de outubro.<br \/>\n <a href=\"https:\/\/noticiasdefato.net\/?p=1393\" class=\"more-link\">Continuar lendo <span class=\"screen-reader-text\">ELEI\u00c7\u00d5ES: COME\u00c7AM PROIBI\u00c7\u00d5ES A GESTORES P\u00daBLICOS<\/span><\/a><\/p>\n","protected":false},"author":1,"featured_media":1394,"comment_status":"open","ping_status":"open","sticky":false,"template":"","format":"standard","meta":{"footnotes":""},"categories":[18],"tags":[],"class_list":["post-1393","post","type-post","status-publish","format-standard","has-post-thumbnail","hentry","category-politica"],"yoast_head":"<!-- This site is optimized with the Yoast SEO plugin v23.2 - https:\/\/yoast.com\/wordpress\/plugins\/seo\/ -->\n<title>ELEI\u00c7\u00d5ES: COME\u00c7AM PROIBI\u00c7\u00d5ES A GESTORES P\u00daBLICOS - Not\u00edcias de Fato<\/title>\n<meta name=\"description\" content=\"Medidas querem evitar favorecimento a determinadas pr\u00e9-candidaturas, fortalecendo a igualdade entre os concorrentes na\u00a0disputa de outubro.\" \/>\n<meta name=\"robots\" content=\"index, follow, max-snippet:-1, max-image-preview:large, max-video-preview:-1\" \/>\n<link rel=\"canonical\" href=\"https:\/\/noticiasdefato.net\/?p=1393\" \/>\n<meta property=\"og:locale\" content=\"pt_BR\" \/>\n<meta property=\"og:type\" content=\"article\" \/>\n<meta property=\"og:title\" content=\"ELEI\u00c7\u00d5ES: COME\u00c7AM PROIBI\u00c7\u00d5ES A GESTORES P\u00daBLICOS - Not\u00edcias de Fato\" \/>\n<meta property=\"og:description\" content=\"Medidas querem evitar favorecimento a determinadas pr\u00e9-candidaturas, fortalecendo a igualdade entre os concorrentes na\u00a0disputa de outubro.\" \/>\n<meta property=\"og:url\" content=\"https:\/\/noticiasdefato.net\/?p=1393\" \/>\n<meta property=\"og:site_name\" content=\"Not\u00edcias de Fato\" \/>\n<meta property=\"article:publisher\" content=\"https:\/\/fb.com\/noticiasdefato.jornal\" \/>\n<meta property=\"article:author\" content=\"http:\/\/fb.com\/\/noticiasdefato.jornal\" \/>\n<meta property=\"article:published_time\" content=\"2024-07-08T12:24:04+00:00\" \/>\n<meta property=\"article:modified_time\" content=\"2024-07-31T14:15:47+00:00\" \/>\n<meta property=\"og:image\" content=\"https:\/\/noticiasdefato.net\/wp-content\/uploads\/2024\/07\/image-14.png\" \/>\n\t<meta property=\"og:image:width\" content=\"965\" \/>\n\t<meta property=\"og:image:height\" content=\"398\" \/>\n\t<meta property=\"og:image:type\" content=\"image\/png\" \/>\n<meta name=\"author\" content=\"Noticias de Fato\" \/>\n<meta name=\"twitter:card\" content=\"summary_large_image\" \/>\n<meta name=\"twitter:creator\" content=\"@https:\/\/twitter.com\/NoticiasDeFato_\" \/>\n<meta name=\"twitter:site\" content=\"@noticiasdefato_\" \/>\n<meta name=\"twitter:label1\" content=\"Escrito por\" \/>\n\t<meta name=\"twitter:data1\" content=\"Noticias de Fato\" \/>\n\t<meta name=\"twitter:label2\" content=\"Est. tempo de leitura\" \/>\n\t<meta name=\"twitter:data2\" content=\"2 minutos\" \/>\n<script type=\"application\/ld+json\" class=\"yoast-schema-graph\">{\"@context\":\"https:\/\/schema.org\",\"@graph\":[{\"@type\":\"Article\",\"@id\":\"https:\/\/noticiasdefato.net\/?p=1393#article\",\"isPartOf\":{\"@id\":\"https:\/\/noticiasdefato.net\/?p=1393\"},\"author\":{\"name\":\"Noticias de Fato\",\"@id\":\"https:\/\/noticiasdefato.net\/#\/schema\/person\/982ce60211d95acf059cd702aa260d08\"},\"headline\":\"ELEI\u00c7\u00d5ES: COME\u00c7AM PROIBI\u00c7\u00d5ES A GESTORES P\u00daBLICOS\",\"datePublished\":\"2024-07-08T12:24:04+00:00\",\"dateModified\":\"2024-07-31T14:15:47+00:00\",\"mainEntityOfPage\":{\"@id\":\"https:\/\/noticiasdefato.net\/?p=1393\"},\"wordCount\":390,\"commentCount\":0,\"publisher\":{\"@id\":\"https:\/\/noticiasdefato.net\/#organization\"},\"image\":{\"@id\":\"https:\/\/noticiasdefato.net\/?p=1393#primaryimage\"},\"thumbnailUrl\":\"https:\/\/noticiasdefato.net\/wp-content\/uploads\/2024\/07\/image-14.png\",\"articleSection\":[\"Pol\u00edtica\"],\"inLanguage\":\"pt-BR\",\"potentialAction\":[{\"@type\":\"CommentAction\",\"name\":\"Comment\",\"target\":[\"https:\/\/noticiasdefato.net\/?p=1393#respond\"]}]},{\"@type\":\"WebPage\",\"@id\":\"https:\/\/noticiasdefato.net\/?p=1393\",\"url\":\"https:\/\/noticiasdefato.net\/?p=1393\",\"name\":\"ELEI\u00c7\u00d5ES: COME\u00c7AM PROIBI\u00c7\u00d5ES A GESTORES P\u00daBLICOS - Not\u00edcias de Fato\",\"isPartOf\":{\"@id\":\"https:\/\/noticiasdefato.net\/#website\"},\"primaryImageOfPage\":{\"@id\":\"https:\/\/noticiasdefato.net\/?p=1393#primaryimage\"},\"image\":{\"@id\":\"https:\/\/noticiasdefato.net\/?p=1393#primaryimage\"},\"thumbnailUrl\":\"https:\/\/noticiasdefato.net\/wp-content\/uploads\/2024\/07\/image-14.png\",\"datePublished\":\"2024-07-08T12:24:04+00:00\",\"dateModified\":\"2024-07-31T14:15:47+00:00\",\"description\":\"Medidas querem evitar favorecimento a determinadas pr\u00e9-candidaturas, fortalecendo a igualdade entre os concorrentes na\u00a0disputa de outubro.\",\"breadcrumb\":{\"@id\":\"https:\/\/noticiasdefato.net\/?p=1393#breadcrumb\"},\"inLanguage\":\"pt-BR\",\"potentialAction\":[{\"@type\":\"ReadAction\",\"target\":[\"https:\/\/noticiasdefato.net\/?p=1393\"]}]},{\"@type\":\"ImageObject\",\"inLanguage\":\"pt-BR\",\"@id\":\"https:\/\/noticiasdefato.net\/?p=1393#primaryimage\",\"url\":\"https:\/\/noticiasdefato.net\/wp-content\/uploads\/2024\/07\/image-14.png\",\"contentUrl\":\"https:\/\/noticiasdefato.net\/wp-content\/uploads\/2024\/07\/image-14.png\",\"width\":965,\"height\":398},{\"@type\":\"BreadcrumbList\",\"@id\":\"https:\/\/noticiasdefato.net\/?p=1393#breadcrumb\",\"itemListElement\":[{\"@type\":\"ListItem\",\"position\":1,\"name\":\"In\u00edcio\",\"item\":\"https:\/\/noticiasdefato.net\/\"},{\"@type\":\"ListItem\",\"position\":2,\"name\":\"ELEI\u00c7\u00d5ES: COME\u00c7AM PROIBI\u00c7\u00d5ES A GESTORES P\u00daBLICOS\"}]},{\"@type\":\"WebSite\",\"@id\":\"https:\/\/noticiasdefato.net\/#website\",\"url\":\"https:\/\/noticiasdefato.net\/\",\"name\":\"Not\u00edcias de Fato\",\"description\":\"Trabalhamos com honestidade, seriedade e com a verdade.\",\"publisher\":{\"@id\":\"https:\/\/noticiasdefato.net\/#organization\"},\"potentialAction\":[{\"@type\":\"SearchAction\",\"target\":{\"@type\":\"EntryPoint\",\"urlTemplate\":\"https:\/\/noticiasdefato.net\/?s={search_term_string}\"},\"query-input\":\"required name=search_term_string\"}],\"inLanguage\":\"pt-BR\"},{\"@type\":\"Organization\",\"@id\":\"https:\/\/noticiasdefato.net\/#organization\",\"name\":\"Not\u00edcias de Fato\",\"url\":\"https:\/\/noticiasdefato.net\/\",\"logo\":{\"@type\":\"ImageObject\",\"inLanguage\":\"pt-BR\",\"@id\":\"https:\/\/noticiasdefato.net\/#\/schema\/logo\/image\/\",\"url\":\"https:\/\/noticiasdefato.net\/wp-content\/uploads\/2024\/02\/cropped-logo_topo.png\",\"contentUrl\":\"https:\/\/noticiasdefato.net\/wp-content\/uploads\/2024\/02\/cropped-logo_topo.png\",\"width\":1948,\"height\":665,\"caption\":\"Not\u00edcias de Fato\"},\"image\":{\"@id\":\"https:\/\/noticiasdefato.net\/#\/schema\/logo\/image\/\"},\"sameAs\":[\"https:\/\/fb.com\/noticiasdefato.jornal\",\"https:\/\/x.com\/noticiasdefato_\",\"https:\/\/instagram.com\/noticiasdefato.jornal\",\"https:\/\/youtube.com\/@JornalNoticiasDeFato\"]},{\"@type\":\"Person\",\"@id\":\"https:\/\/noticiasdefato.net\/#\/schema\/person\/982ce60211d95acf059cd702aa260d08\",\"name\":\"Noticias de Fato\",\"image\":{\"@type\":\"ImageObject\",\"inLanguage\":\"pt-BR\",\"@id\":\"https:\/\/noticiasdefato.net\/#\/schema\/person\/image\/\",\"url\":\"https:\/\/secure.gravatar.com\/avatar\/700227fab2316f0366a1b5d4988d10f847249cf13293450527ac9553c994611a?s=96&d=mm&r=g\",\"contentUrl\":\"https:\/\/secure.gravatar.com\/avatar\/700227fab2316f0366a1b5d4988d10f847249cf13293450527ac9553c994611a?s=96&d=mm&r=g\",\"caption\":\"Noticias de Fato\"},\"sameAs\":[\"https:\/\/noticiasdefato.net\",\"http:\/\/fb.com\/\/noticiasdefato.jornal\",\"https:\/\/x.com\/https:\/\/twitter.com\/NoticiasDeFato_\"],\"url\":\"https:\/\/noticiasdefato.net\/?author=1\"}]}<\/script>\n<!-- \/ Yoast SEO plugin. -->","yoast_head_json":{"title":"ELEI\u00c7\u00d5ES: COME\u00c7AM PROIBI\u00c7\u00d5ES A GESTORES P\u00daBLICOS - Not\u00edcias de Fato","description":"Medidas querem evitar favorecimento a determinadas pr\u00e9-candidaturas, fortalecendo a igualdade entre os concorrentes na\u00a0disputa de outubro.","robots":{"index":"index","follow":"follow","max-snippet":"max-snippet:-1","max-image-preview":"max-image-preview:large","max-video-preview":"max-video-preview:-1"},"canonical":"https:\/\/noticiasdefato.net\/?p=1393","og_locale":"pt_BR","og_type":"article","og_title":"ELEI\u00c7\u00d5ES: COME\u00c7AM PROIBI\u00c7\u00d5ES A GESTORES P\u00daBLICOS - Not\u00edcias de Fato","og_description":"Medidas querem evitar favorecimento a determinadas pr\u00e9-candidaturas, fortalecendo a igualdade entre os concorrentes na\u00a0disputa de outubro.","og_url":"https:\/\/noticiasdefato.net\/?p=1393","og_site_name":"Not\u00edcias de Fato","article_publisher":"https:\/\/fb.com\/noticiasdefato.jornal","article_author":"http:\/\/fb.com\/\/noticiasdefato.jornal","article_published_time":"2024-07-08T12:24:04+00:00","article_modified_time":"2024-07-31T14:15:47+00:00","og_image":[{"width":965,"height":398,"url":"https:\/\/noticiasdefato.net\/wp-content\/uploads\/2024\/07\/image-14.png","type":"image\/png"}],"author":"Noticias de Fato","twitter_card":"summary_large_image","twitter_creator":"@https:\/\/twitter.com\/NoticiasDeFato_","twitter_site":"@noticiasdefato_","twitter_misc":{"Escrito por":"Noticias de Fato","Est. tempo de leitura":"2 minutos"},"schema":{"@context":"https:\/\/schema.org","@graph":[{"@type":"Article","@id":"https:\/\/noticiasdefato.net\/?p=1393#article","isPartOf":{"@id":"https:\/\/noticiasdefato.net\/?p=1393"},"author":{"name":"Noticias de Fato","@id":"https:\/\/noticiasdefato.net\/#\/schema\/person\/982ce60211d95acf059cd702aa260d08"},"headline":"ELEI\u00c7\u00d5ES: COME\u00c7AM PROIBI\u00c7\u00d5ES A GESTORES P\u00daBLICOS","datePublished":"2024-07-08T12:24:04+00:00","dateModified":"2024-07-31T14:15:47+00:00","mainEntityOfPage":{"@id":"https:\/\/noticiasdefato.net\/?p=1393"},"wordCount":390,"commentCount":0,"publisher":{"@id":"https:\/\/noticiasdefato.net\/#organization"},"image":{"@id":"https:\/\/noticiasdefato.net\/?p=1393#primaryimage"},"thumbnailUrl":"https:\/\/noticiasdefato.net\/wp-content\/uploads\/2024\/07\/image-14.png","articleSection":["Pol\u00edtica"],"inLanguage":"pt-BR","potentialAction":[{"@type":"CommentAction","name":"Comment","target":["https:\/\/noticiasdefato.net\/?p=1393#respond"]}]},{"@type":"WebPage","@id":"https:\/\/noticiasdefato.net\/?p=1393","url":"https:\/\/noticiasdefato.net\/?p=1393","name":"ELEI\u00c7\u00d5ES: COME\u00c7AM PROIBI\u00c7\u00d5ES A GESTORES P\u00daBLICOS - Not\u00edcias de Fato","isPartOf":{"@id":"https:\/\/noticiasdefato.net\/#website"},"primaryImageOfPage":{"@id":"https:\/\/noticiasdefato.net\/?p=1393#primaryimage"},"image":{"@id":"https:\/\/noticiasdefato.net\/?p=1393#primaryimage"},"thumbnailUrl":"https:\/\/noticiasdefato.net\/wp-content\/uploads\/2024\/07\/image-14.png","datePublished":"2024-07-08T12:24:04+00:00","dateModified":"2024-07-31T14:15:47+00:00","description":"Medidas querem evitar favorecimento a determinadas pr\u00e9-candidaturas, fortalecendo a igualdade entre os concorrentes na\u00a0disputa de outubro.","breadcrumb":{"@id":"https:\/\/noticiasdefato.net\/?p=1393#breadcrumb"},"inLanguage":"pt-BR","potentialAction":[{"@type":"ReadAction","target":["https:\/\/noticiasdefato.net\/?p=1393"]}]},{"@type":"ImageObject","inLanguage":"pt-BR","@id":"https:\/\/noticiasdefato.net\/?p=1393#primaryimage","url":"https:\/\/noticiasdefato.net\/wp-content\/uploads\/2024\/07\/image-14.png","contentUrl":"https:\/\/noticiasdefato.net\/wp-content\/uploads\/2024\/07\/image-14.png","width":965,"height":398},{"@type":"BreadcrumbList","@id":"https:\/\/noticiasdefato.net\/?p=1393#breadcrumb","itemListElement":[{"@type":"ListItem","position":1,"name":"In\u00edcio","item":"https:\/\/noticiasdefato.net\/"},{"@type":"ListItem","position":2,"name":"ELEI\u00c7\u00d5ES: COME\u00c7AM PROIBI\u00c7\u00d5ES A GESTORES P\u00daBLICOS"}]},{"@type":"WebSite","@id":"https:\/\/noticiasdefato.net\/#website","url":"https:\/\/noticiasdefato.net\/","name":"Not\u00edcias de Fato","description":"Trabalhamos com honestidade, seriedade e com a verdade.","publisher":{"@id":"https:\/\/noticiasdefato.net\/#organization"},"potentialAction":[{"@type":"SearchAction","target":{"@type":"EntryPoint","urlTemplate":"https:\/\/noticiasdefato.net\/?s={search_term_string}"},"query-input":"required name=search_term_string"}],"inLanguage":"pt-BR"},{"@type":"Organization","@id":"https:\/\/noticiasdefato.net\/#organization","name":"Not\u00edcias de Fato","url":"https:\/\/noticiasdefato.net\/","logo":{"@type":"ImageObject","inLanguage":"pt-BR","@id":"https:\/\/noticiasdefato.net\/#\/schema\/logo\/image\/","url":"https:\/\/noticiasdefato.net\/wp-content\/uploads\/2024\/02\/cropped-logo_topo.png","contentUrl":"https:\/\/noticiasdefato.net\/wp-content\/uploads\/2024\/02\/cropped-logo_topo.png","width":1948,"height":665,"caption":"Not\u00edcias de Fato"},"image":{"@id":"https:\/\/noticiasdefato.net\/#\/schema\/logo\/image\/"},"sameAs":["https:\/\/fb.com\/noticiasdefato.jornal","https:\/\/x.com\/noticiasdefato_","https:\/\/instagram.com\/noticiasdefato.jornal","https:\/\/youtube.com\/@JornalNoticiasDeFato"]},{"@type":"Person","@id":"https:\/\/noticiasdefato.net\/#\/schema\/person\/982ce60211d95acf059cd702aa260d08","name":"Noticias de Fato","image":{"@type":"ImageObject","inLanguage":"pt-BR","@id":"https:\/\/noticiasdefato.net\/#\/schema\/person\/image\/","url":"https:\/\/secure.gravatar.com\/avatar\/700227fab2316f0366a1b5d4988d10f847249cf13293450527ac9553c994611a?s=96&d=mm&r=g","contentUrl":"https:\/\/secure.gravatar.com\/avatar\/700227fab2316f0366a1b5d4988d10f847249cf13293450527ac9553c994611a?s=96&d=mm&r=g","caption":"Noticias de Fato"},"sameAs":["https:\/\/noticiasdefato.net","http:\/\/fb.com\/\/noticiasdefato.jornal","https:\/\/x.com\/https:\/\/twitter.com\/NoticiasDeFato_"],"url":"https:\/\/noticiasdefato.net\/?author=1"}]}},"_links":{"self":[{"href":"https:\/\/noticiasdefato.net\/index.php?rest_route=\/wp\/v2\/posts\/1393","targetHints":{"allow":["GET"]}}],"collection":[{"href":"https:\/\/noticiasdefato.net\/index.php?rest_route=\/wp\/v2\/posts"}],"about":[{"href":"https:\/\/noticiasdefato.net\/index.php?rest_route=\/wp\/v2\/types\/post"}],"author":[{"embeddable":true,"href":"https:\/\/noticiasdefato.net\/index.php?rest_route=\/wp\/v2\/users\/1"}],"replies":[{"embeddable":true,"href":"https:\/\/noticiasdefato.net\/index.php?rest_route=%2Fwp%2Fv2%2Fcomments&post=1393"}],"version-history":[{"count":1,"href":"https:\/\/noticiasdefato.net\/index.php?rest_route=\/wp\/v2\/posts\/1393\/revisions"}],"predecessor-version":[{"id":1395,"href":"https:\/\/noticiasdefato.net\/index.php?rest_route=\/wp\/v2\/posts\/1393\/revisions\/1395"}],"wp:featuredmedia":[{"embeddable":true,"href":"https:\/\/noticiasdefato.net\/index.php?rest_route=\/wp\/v2\/media\/1394"}],"wp:attachment":[{"href":"https:\/\/noticiasdefato.net\/index.php?rest_route=%2Fwp%2Fv2%2Fmedia&parent=1393"}],"wp:term":[{"taxonomy":"category","embeddable":true,"href":"https:\/\/noticiasdefato.net\/index.php?rest_route=%2Fwp%2Fv2%2Fcategories&post=1393"},{"taxonomy":"post_tag","embeddable":true,"href":"https:\/\/noticiasdefato.net\/index.php?rest_route=%2Fwp%2Fv2%2Ftags&post=1393"}],"curies":[{"name":"wp","href":"https:\/\/api.w.org\/{rel}","templated":true}]}}