{"id":1406,"date":"2024-07-16T08:11:15","date_gmt":"2024-07-16T11:11:15","guid":{"rendered":"https:\/\/noticiasdefato.net\/?p=1406"},"modified":"2024-07-31T11:15:56","modified_gmt":"2024-07-31T14:15:56","slug":"pedagio-alfenas-areado-cobranca-comeca-dia-26","status":"publish","type":"post","link":"https:\/\/noticiasdefato.net\/?p=1406","title":{"rendered":"PED\u00c1GIO ALFENAS\/AREADO: COBRAN\u00c7A COME\u00c7A DIA 26"},"content":{"rendered":"\n<p><em>A tarifa ser\u00e1 de R$14,30 para ve\u00edculos de passeio e R$7,15 para motocicletas. A cobran\u00e7a ter\u00e1 in\u00edcio a partir de 0h do dia 26\/07.<\/em><\/p>\n\n\n\n<p>A EPR Vias do Caf\u00e9, concession\u00e1ria respons\u00e1vel pela administra\u00e7\u00e3o das rodovias no sul de Minas, entre elas a CMG-491, informa que come\u00e7ou hoje a \u201copera\u00e7\u00e3o educativa\u201d com o objetivo de informar os usu\u00e1rios sobre o in\u00edcio da cobran\u00e7a da tarifa, que vai valer a partir da zero hora da sexta-feira, dia 26 julho.<\/p>\n\n\n\n<p>O valor da tarifa, estabelecido em edital, praticado em todas as pra\u00e7as do Lote 3 \u2013 Varginha-Furnas, ser\u00e1 de R$14,30 para ve\u00edculos de passeio e R$7,15 para motocicletas, conforme previsto no contrato de concess\u00e3o.<\/p>\n\n\n\n<p><strong>DESCONTOS PARA USU\u00c1RIOS FREQUENTES<\/strong><\/p>\n\n\n\n<p>O desconto de usu\u00e1rio frequente, o DUF \u00e9 um mecanismo de descontos progressivos, disponibilizado para condutores de ve\u00edculos leves (dois eixos), que optarem pela passagem na via autom\u00e1tica com TAG.<br>Na primeira passagem pelo ped\u00e1gio ser\u00e1 cobrado o valor integral da tarifa. A&nbsp;partir da segunda passagem do ve\u00edculo pela via autom\u00e1tica na mesma pra\u00e7a, dentro do mesmo m\u00eas, o desconto j\u00e1 come\u00e7a a ser aplicado, chegando ao valor m\u00e1ximo no 30\u00ba dia em que o motorista cruzar o trecho. Os descontos s\u00e3o distintos em cada pra\u00e7a e podem chegar a at\u00e9 92%.<br>O uso da TAG \u00e9 a forma mais pr\u00e1tica de pagamento da tarifa. Empresas como&nbsp;Sem Parar, ConectCar, Veloe, Move Mais, Greenpass e institui\u00e7\u00f5es financeiras, disponibilizam a etiqueta eletr\u00f4nica por meio dos seus sites e aplicativos.<br>Al\u00e9m do DUF, tamb\u00e9m estar\u00e3o dispon\u00edveis aos usu\u00e1rios as formas de pagamento via cart\u00e3o de cr\u00e9dito ou d\u00e9bito, vale ped\u00e1gio e dinheiro.<\/p>\n\n\n\n<p><strong>ORIENTA\u00c7\u00d5ES<\/strong><\/p>\n\n\n\n<p>A&nbsp;concession\u00e1ria&nbsp;refor\u00e7a a import\u00e2ncia de respeitar \u00e0 sinaliza\u00e7\u00e3o e o limite de velocidade m\u00e1xima permitida nas pra\u00e7as de (40 km\/h), al\u00e9m da dist\u00e2ncia de seguran\u00e7a de (30 metros) que deve ser respeitada entre os ve\u00edculos.<br>Os motoristas devem ficar atentos \u00e0 sinaliza\u00e7\u00e3o, para utilizarem as pistas adequadas.<br>As faixas exclusivas para pagamento autom\u00e1tico, est\u00e3o acess\u00edveis aos usu\u00e1rios que j\u00e1 possuem o dispositivo eletr\u00f4nico (TAG), instalado no ve\u00edculo.<br>\u00c9 importante refor\u00e7ar que para o sistema realizar a leitura da TAG de forma correta, o dispositivo deve estar devidamente instalado e do motorista deve respeitar a sinaliza\u00e7\u00e3o indicada nas pra\u00e7as, assim como a velocidade permitida e a dist\u00e2ncia do ve\u00edculo \u00e0 frente.<br>No caso do pagamento nas cabines manuais, \u00e9 recomend\u00e1vel que os usu\u00e1rios tenham o dinheiro ou cart\u00e3o de d\u00e9bito e cr\u00e9dito de f\u00e1cil acesso para agilizar o atendimento e evitar reten\u00e7\u00f5es.<br>Em caso de d\u00favidas ou para solicita\u00e7\u00e3o de atendimento pr\u00e9-hospitalar ou mec\u00e2nico, os usu\u00e1rios da rodovia devem ligar para o telefone 0800 265 0491. A liga\u00e7\u00e3o \u00e9 gratuita e o servi\u00e7o est\u00e1 dispon\u00edvel 24 horas, todos os dias.<\/p>\n\n\n\n<p><strong>INVESTIMENTO<\/strong><\/p>\n\n\n\n<p>O valor da tarifa \u00e9 pr\u00e9-estabelecido em edital de licita\u00e7\u00e3o pelo poder concedente, para viabilizar os investimentos previstos ao longo do contrato de concess\u00e3o e garantir a realiza\u00e7\u00e3o do pacote de investimentos ao longo de 30 anos, que contemplam a execu\u00e7\u00e3o de 7,64km de duplica\u00e7\u00e3o na CMG-491, constru\u00e7\u00e3o de 236,35km de acostamentos, implanta\u00e7\u00e3o de faixas adicionais, constru\u00e7\u00e3o de vias marginais, melhorias em acessos, adequa\u00e7\u00f5es de OAE\u2019s, dispositivos de retornos, travessias de pedestres, pontos de \u00f4nibus, al\u00e9m de recupera\u00e7\u00e3o e constante manuten\u00e7\u00e3o do pavimento, drenagem, sinaliza\u00e7\u00e3o e outros elementos para ampliar e garantir a seguran\u00e7a dos usu\u00e1rios.<br>Desde o in\u00edcio da administra\u00e7\u00e3o do contrato em outubro de 2023, a concession\u00e1ria j\u00e1 investiu mais de 300 milh\u00f5es em melhorias nas rodovias concedidas. Os investimentos incluem mais de 600km em corre\u00e7\u00f5es funcionais no pavimento, 1.640km de limpeza de vegeta\u00e7\u00e3o (ro\u00e7ada), manuten\u00e7\u00e3o e implanta\u00e7\u00e3o de mais de 20 mil metros de defensas met\u00e1licas, refor\u00e7o em 622km de faixa de sinaliza\u00e7\u00e3o horizontal e instala\u00e7\u00e3o de mais de 4 mil dispositivos de sinaliza\u00e7\u00e3o vertical (Placas), limpeza de 1.506 km de dispositivos de drenagens das rodovias, manuten\u00e7\u00e3o em 32 estruturas do tipo pontes e viadutos, entre outros avan\u00e7os. Essas iniciativas fazem parte dos trabalhos iniciais de recupera\u00e7\u00e3o das rodovias e amplia\u00e7\u00e3o do conforto e trafegabilidade&nbsp;dos&nbsp;condutores.<\/p>\n","protected":false},"excerpt":{"rendered":"<p>A tarifa ser\u00e1 de R$14,30 para ve\u00edculos de passeio e R$7,15 para motocicletas. A cobran\u00e7a ter\u00e1 in\u00edcio a partir de 0h do dia 26\/07. <a href=\"https:\/\/noticiasdefato.net\/?p=1406\" class=\"more-link\">Continuar lendo <span class=\"screen-reader-text\">PED\u00c1GIO ALFENAS\/AREADO: COBRAN\u00c7A COME\u00c7A DIA 26<\/span><\/a><\/p>\n","protected":false},"author":1,"featured_media":1407,"comment_status":"open","ping_status":"open","sticky":false,"template":"","format":"standard","meta":{"footnotes":""},"categories":[1],"tags":[],"class_list":["post-1406","post","type-post","status-publish","format-standard","has-post-thumbnail","hentry","category-geral"],"yoast_head":"<!-- This site is optimized with the Yoast SEO plugin v23.2 - https:\/\/yoast.com\/wordpress\/plugins\/seo\/ -->\n<title>PED\u00c1GIO ALFENAS\/AREADO: COBRAN\u00c7A COME\u00c7A DIA 26 - Not\u00edcias de Fato<\/title>\n<meta name=\"description\" content=\"A tarifa ser\u00e1 de R$14,30 para ve\u00edculos de passeio e R$7,15 para motocicletas. A cobran\u00e7a ter\u00e1 in\u00edcio a partir de 0h do dia 26\/07.\" \/>\n<meta name=\"robots\" content=\"index, follow, max-snippet:-1, max-image-preview:large, max-video-preview:-1\" \/>\n<link rel=\"canonical\" href=\"https:\/\/noticiasdefato.net\/?p=1406\" \/>\n<meta property=\"og:locale\" content=\"pt_BR\" \/>\n<meta property=\"og:type\" content=\"article\" \/>\n<meta property=\"og:title\" content=\"PED\u00c1GIO ALFENAS\/AREADO: COBRAN\u00c7A COME\u00c7A DIA 26 - Not\u00edcias de Fato\" \/>\n<meta property=\"og:description\" content=\"A tarifa ser\u00e1 de R$14,30 para ve\u00edculos de passeio e R$7,15 para motocicletas. A cobran\u00e7a ter\u00e1 in\u00edcio a partir de 0h do dia 26\/07.\" \/>\n<meta property=\"og:url\" content=\"https:\/\/noticiasdefato.net\/?p=1406\" \/>\n<meta property=\"og:site_name\" content=\"Not\u00edcias de Fato\" \/>\n<meta property=\"article:publisher\" content=\"https:\/\/fb.com\/noticiasdefato.jornal\" \/>\n<meta property=\"article:author\" content=\"http:\/\/fb.com\/\/noticiasdefato.jornal\" \/>\n<meta property=\"article:published_time\" content=\"2024-07-16T11:11:15+00:00\" \/>\n<meta property=\"article:modified_time\" content=\"2024-07-31T14:15:56+00:00\" \/>\n<meta property=\"og:image\" content=\"https:\/\/noticiasdefato.net\/wp-content\/uploads\/2024\/07\/Imagem-do-WhatsApp-de-2024-07-16-as-07.12.02_eeb8ced1.jpg\" \/>\n\t<meta property=\"og:image:width\" content=\"768\" \/>\n\t<meta property=\"og:image:height\" content=\"512\" \/>\n\t<meta property=\"og:image:type\" content=\"image\/jpeg\" \/>\n<meta name=\"author\" content=\"Noticias de Fato\" \/>\n<meta name=\"twitter:card\" content=\"summary_large_image\" \/>\n<meta name=\"twitter:creator\" content=\"@https:\/\/twitter.com\/NoticiasDeFato_\" \/>\n<meta name=\"twitter:site\" content=\"@noticiasdefato_\" \/>\n<meta name=\"twitter:label1\" content=\"Escrito por\" \/>\n\t<meta name=\"twitter:data1\" content=\"Noticias de Fato\" \/>\n\t<meta name=\"twitter:label2\" content=\"Est. tempo de leitura\" \/>\n\t<meta name=\"twitter:data2\" content=\"4 minutos\" \/>\n<script type=\"application\/ld+json\" class=\"yoast-schema-graph\">{\"@context\":\"https:\/\/schema.org\",\"@graph\":[{\"@type\":\"Article\",\"@id\":\"https:\/\/noticiasdefato.net\/?p=1406#article\",\"isPartOf\":{\"@id\":\"https:\/\/noticiasdefato.net\/?p=1406\"},\"author\":{\"name\":\"Noticias de Fato\",\"@id\":\"https:\/\/noticiasdefato.net\/#\/schema\/person\/982ce60211d95acf059cd702aa260d08\"},\"headline\":\"PED\u00c1GIO ALFENAS\/AREADO: COBRAN\u00c7A COME\u00c7A DIA 26\",\"datePublished\":\"2024-07-16T11:11:15+00:00\",\"dateModified\":\"2024-07-31T14:15:56+00:00\",\"mainEntityOfPage\":{\"@id\":\"https:\/\/noticiasdefato.net\/?p=1406\"},\"wordCount\":758,\"commentCount\":0,\"publisher\":{\"@id\":\"https:\/\/noticiasdefato.net\/#organization\"},\"image\":{\"@id\":\"https:\/\/noticiasdefato.net\/?p=1406#primaryimage\"},\"thumbnailUrl\":\"https:\/\/noticiasdefato.net\/wp-content\/uploads\/2024\/07\/Imagem-do-WhatsApp-de-2024-07-16-as-07.12.02_eeb8ced1.jpg\",\"articleSection\":[\"Geral\"],\"inLanguage\":\"pt-BR\",\"potentialAction\":[{\"@type\":\"CommentAction\",\"name\":\"Comment\",\"target\":[\"https:\/\/noticiasdefato.net\/?p=1406#respond\"]}]},{\"@type\":\"WebPage\",\"@id\":\"https:\/\/noticiasdefato.net\/?p=1406\",\"url\":\"https:\/\/noticiasdefato.net\/?p=1406\",\"name\":\"PED\u00c1GIO ALFENAS\/AREADO: COBRAN\u00c7A COME\u00c7A DIA 26 - Not\u00edcias de Fato\",\"isPartOf\":{\"@id\":\"https:\/\/noticiasdefato.net\/#website\"},\"primaryImageOfPage\":{\"@id\":\"https:\/\/noticiasdefato.net\/?p=1406#primaryimage\"},\"image\":{\"@id\":\"https:\/\/noticiasdefato.net\/?p=1406#primaryimage\"},\"thumbnailUrl\":\"https:\/\/noticiasdefato.net\/wp-content\/uploads\/2024\/07\/Imagem-do-WhatsApp-de-2024-07-16-as-07.12.02_eeb8ced1.jpg\",\"datePublished\":\"2024-07-16T11:11:15+00:00\",\"dateModified\":\"2024-07-31T14:15:56+00:00\",\"description\":\"A tarifa ser\u00e1 de R$14,30 para ve\u00edculos de passeio e R$7,15 para motocicletas. A cobran\u00e7a ter\u00e1 in\u00edcio a partir de 0h do dia 26\/07.\",\"breadcrumb\":{\"@id\":\"https:\/\/noticiasdefato.net\/?p=1406#breadcrumb\"},\"inLanguage\":\"pt-BR\",\"potentialAction\":[{\"@type\":\"ReadAction\",\"target\":[\"https:\/\/noticiasdefato.net\/?p=1406\"]}]},{\"@type\":\"ImageObject\",\"inLanguage\":\"pt-BR\",\"@id\":\"https:\/\/noticiasdefato.net\/?p=1406#primaryimage\",\"url\":\"https:\/\/noticiasdefato.net\/wp-content\/uploads\/2024\/07\/Imagem-do-WhatsApp-de-2024-07-16-as-07.12.02_eeb8ced1.jpg\",\"contentUrl\":\"https:\/\/noticiasdefato.net\/wp-content\/uploads\/2024\/07\/Imagem-do-WhatsApp-de-2024-07-16-as-07.12.02_eeb8ced1.jpg\",\"width\":768,\"height\":512},{\"@type\":\"BreadcrumbList\",\"@id\":\"https:\/\/noticiasdefato.net\/?p=1406#breadcrumb\",\"itemListElement\":[{\"@type\":\"ListItem\",\"position\":1,\"name\":\"In\u00edcio\",\"item\":\"https:\/\/noticiasdefato.net\/\"},{\"@type\":\"ListItem\",\"position\":2,\"name\":\"PED\u00c1GIO ALFENAS\/AREADO: COBRAN\u00c7A COME\u00c7A DIA 26\"}]},{\"@type\":\"WebSite\",\"@id\":\"https:\/\/noticiasdefato.net\/#website\",\"url\":\"https:\/\/noticiasdefato.net\/\",\"name\":\"Not\u00edcias de Fato\",\"description\":\"Trabalhamos com honestidade, seriedade e com a verdade.\",\"publisher\":{\"@id\":\"https:\/\/noticiasdefato.net\/#organization\"},\"potentialAction\":[{\"@type\":\"SearchAction\",\"target\":{\"@type\":\"EntryPoint\",\"urlTemplate\":\"https:\/\/noticiasdefato.net\/?s={search_term_string}\"},\"query-input\":\"required name=search_term_string\"}],\"inLanguage\":\"pt-BR\"},{\"@type\":\"Organization\",\"@id\":\"https:\/\/noticiasdefato.net\/#organization\",\"name\":\"Not\u00edcias de Fato\",\"url\":\"https:\/\/noticiasdefato.net\/\",\"logo\":{\"@type\":\"ImageObject\",\"inLanguage\":\"pt-BR\",\"@id\":\"https:\/\/noticiasdefato.net\/#\/schema\/logo\/image\/\",\"url\":\"https:\/\/noticiasdefato.net\/wp-content\/uploads\/2024\/02\/cropped-logo_topo.png\",\"contentUrl\":\"https:\/\/noticiasdefato.net\/wp-content\/uploads\/2024\/02\/cropped-logo_topo.png\",\"width\":1948,\"height\":665,\"caption\":\"Not\u00edcias de Fato\"},\"image\":{\"@id\":\"https:\/\/noticiasdefato.net\/#\/schema\/logo\/image\/\"},\"sameAs\":[\"https:\/\/fb.com\/noticiasdefato.jornal\",\"https:\/\/x.com\/noticiasdefato_\",\"https:\/\/instagram.com\/noticiasdefato.jornal\",\"https:\/\/youtube.com\/@JornalNoticiasDeFato\"]},{\"@type\":\"Person\",\"@id\":\"https:\/\/noticiasdefato.net\/#\/schema\/person\/982ce60211d95acf059cd702aa260d08\",\"name\":\"Noticias de Fato\",\"image\":{\"@type\":\"ImageObject\",\"inLanguage\":\"pt-BR\",\"@id\":\"https:\/\/noticiasdefato.net\/#\/schema\/person\/image\/\",\"url\":\"https:\/\/secure.gravatar.com\/avatar\/700227fab2316f0366a1b5d4988d10f847249cf13293450527ac9553c994611a?s=96&d=mm&r=g\",\"contentUrl\":\"https:\/\/secure.gravatar.com\/avatar\/700227fab2316f0366a1b5d4988d10f847249cf13293450527ac9553c994611a?s=96&d=mm&r=g\",\"caption\":\"Noticias de Fato\"},\"sameAs\":[\"https:\/\/noticiasdefato.net\",\"http:\/\/fb.com\/\/noticiasdefato.jornal\",\"https:\/\/x.com\/https:\/\/twitter.com\/NoticiasDeFato_\"],\"url\":\"https:\/\/noticiasdefato.net\/?author=1\"}]}<\/script>\n<!-- \/ Yoast SEO plugin. -->","yoast_head_json":{"title":"PED\u00c1GIO ALFENAS\/AREADO: COBRAN\u00c7A COME\u00c7A DIA 26 - Not\u00edcias de Fato","description":"A tarifa ser\u00e1 de R$14,30 para ve\u00edculos de passeio e R$7,15 para motocicletas. A cobran\u00e7a ter\u00e1 in\u00edcio a partir de 0h do dia 26\/07.","robots":{"index":"index","follow":"follow","max-snippet":"max-snippet:-1","max-image-preview":"max-image-preview:large","max-video-preview":"max-video-preview:-1"},"canonical":"https:\/\/noticiasdefato.net\/?p=1406","og_locale":"pt_BR","og_type":"article","og_title":"PED\u00c1GIO ALFENAS\/AREADO: COBRAN\u00c7A COME\u00c7A DIA 26 - Not\u00edcias de Fato","og_description":"A tarifa ser\u00e1 de R$14,30 para ve\u00edculos de passeio e R$7,15 para motocicletas. A cobran\u00e7a ter\u00e1 in\u00edcio a partir de 0h do dia 26\/07.","og_url":"https:\/\/noticiasdefato.net\/?p=1406","og_site_name":"Not\u00edcias de Fato","article_publisher":"https:\/\/fb.com\/noticiasdefato.jornal","article_author":"http:\/\/fb.com\/\/noticiasdefato.jornal","article_published_time":"2024-07-16T11:11:15+00:00","article_modified_time":"2024-07-31T14:15:56+00:00","og_image":[{"width":768,"height":512,"url":"https:\/\/noticiasdefato.net\/wp-content\/uploads\/2024\/07\/Imagem-do-WhatsApp-de-2024-07-16-as-07.12.02_eeb8ced1.jpg","type":"image\/jpeg"}],"author":"Noticias de Fato","twitter_card":"summary_large_image","twitter_creator":"@https:\/\/twitter.com\/NoticiasDeFato_","twitter_site":"@noticiasdefato_","twitter_misc":{"Escrito por":"Noticias de Fato","Est. tempo de leitura":"4 minutos"},"schema":{"@context":"https:\/\/schema.org","@graph":[{"@type":"Article","@id":"https:\/\/noticiasdefato.net\/?p=1406#article","isPartOf":{"@id":"https:\/\/noticiasdefato.net\/?p=1406"},"author":{"name":"Noticias de Fato","@id":"https:\/\/noticiasdefato.net\/#\/schema\/person\/982ce60211d95acf059cd702aa260d08"},"headline":"PED\u00c1GIO ALFENAS\/AREADO: COBRAN\u00c7A COME\u00c7A DIA 26","datePublished":"2024-07-16T11:11:15+00:00","dateModified":"2024-07-31T14:15:56+00:00","mainEntityOfPage":{"@id":"https:\/\/noticiasdefato.net\/?p=1406"},"wordCount":758,"commentCount":0,"publisher":{"@id":"https:\/\/noticiasdefato.net\/#organization"},"image":{"@id":"https:\/\/noticiasdefato.net\/?p=1406#primaryimage"},"thumbnailUrl":"https:\/\/noticiasdefato.net\/wp-content\/uploads\/2024\/07\/Imagem-do-WhatsApp-de-2024-07-16-as-07.12.02_eeb8ced1.jpg","articleSection":["Geral"],"inLanguage":"pt-BR","potentialAction":[{"@type":"CommentAction","name":"Comment","target":["https:\/\/noticiasdefato.net\/?p=1406#respond"]}]},{"@type":"WebPage","@id":"https:\/\/noticiasdefato.net\/?p=1406","url":"https:\/\/noticiasdefato.net\/?p=1406","name":"PED\u00c1GIO ALFENAS\/AREADO: COBRAN\u00c7A COME\u00c7A DIA 26 - Not\u00edcias de Fato","isPartOf":{"@id":"https:\/\/noticiasdefato.net\/#website"},"primaryImageOfPage":{"@id":"https:\/\/noticiasdefato.net\/?p=1406#primaryimage"},"image":{"@id":"https:\/\/noticiasdefato.net\/?p=1406#primaryimage"},"thumbnailUrl":"https:\/\/noticiasdefato.net\/wp-content\/uploads\/2024\/07\/Imagem-do-WhatsApp-de-2024-07-16-as-07.12.02_eeb8ced1.jpg","datePublished":"2024-07-16T11:11:15+00:00","dateModified":"2024-07-31T14:15:56+00:00","description":"A tarifa ser\u00e1 de R$14,30 para ve\u00edculos de passeio e R$7,15 para motocicletas. A cobran\u00e7a ter\u00e1 in\u00edcio a partir de 0h do dia 26\/07.","breadcrumb":{"@id":"https:\/\/noticiasdefato.net\/?p=1406#breadcrumb"},"inLanguage":"pt-BR","potentialAction":[{"@type":"ReadAction","target":["https:\/\/noticiasdefato.net\/?p=1406"]}]},{"@type":"ImageObject","inLanguage":"pt-BR","@id":"https:\/\/noticiasdefato.net\/?p=1406#primaryimage","url":"https:\/\/noticiasdefato.net\/wp-content\/uploads\/2024\/07\/Imagem-do-WhatsApp-de-2024-07-16-as-07.12.02_eeb8ced1.jpg","contentUrl":"https:\/\/noticiasdefato.net\/wp-content\/uploads\/2024\/07\/Imagem-do-WhatsApp-de-2024-07-16-as-07.12.02_eeb8ced1.jpg","width":768,"height":512},{"@type":"BreadcrumbList","@id":"https:\/\/noticiasdefato.net\/?p=1406#breadcrumb","itemListElement":[{"@type":"ListItem","position":1,"name":"In\u00edcio","item":"https:\/\/noticiasdefato.net\/"},{"@type":"ListItem","position":2,"name":"PED\u00c1GIO ALFENAS\/AREADO: COBRAN\u00c7A COME\u00c7A DIA 26"}]},{"@type":"WebSite","@id":"https:\/\/noticiasdefato.net\/#website","url":"https:\/\/noticiasdefato.net\/","name":"Not\u00edcias de Fato","description":"Trabalhamos com honestidade, seriedade e com a verdade.","publisher":{"@id":"https:\/\/noticiasdefato.net\/#organization"},"potentialAction":[{"@type":"SearchAction","target":{"@type":"EntryPoint","urlTemplate":"https:\/\/noticiasdefato.net\/?s={search_term_string}"},"query-input":"required name=search_term_string"}],"inLanguage":"pt-BR"},{"@type":"Organization","@id":"https:\/\/noticiasdefato.net\/#organization","name":"Not\u00edcias de Fato","url":"https:\/\/noticiasdefato.net\/","logo":{"@type":"ImageObject","inLanguage":"pt-BR","@id":"https:\/\/noticiasdefato.net\/#\/schema\/logo\/image\/","url":"https:\/\/noticiasdefato.net\/wp-content\/uploads\/2024\/02\/cropped-logo_topo.png","contentUrl":"https:\/\/noticiasdefato.net\/wp-content\/uploads\/2024\/02\/cropped-logo_topo.png","width":1948,"height":665,"caption":"Not\u00edcias de Fato"},"image":{"@id":"https:\/\/noticiasdefato.net\/#\/schema\/logo\/image\/"},"sameAs":["https:\/\/fb.com\/noticiasdefato.jornal","https:\/\/x.com\/noticiasdefato_","https:\/\/instagram.com\/noticiasdefato.jornal","https:\/\/youtube.com\/@JornalNoticiasDeFato"]},{"@type":"Person","@id":"https:\/\/noticiasdefato.net\/#\/schema\/person\/982ce60211d95acf059cd702aa260d08","name":"Noticias de Fato","image":{"@type":"ImageObject","inLanguage":"pt-BR","@id":"https:\/\/noticiasdefato.net\/#\/schema\/person\/image\/","url":"https:\/\/secure.gravatar.com\/avatar\/700227fab2316f0366a1b5d4988d10f847249cf13293450527ac9553c994611a?s=96&d=mm&r=g","contentUrl":"https:\/\/secure.gravatar.com\/avatar\/700227fab2316f0366a1b5d4988d10f847249cf13293450527ac9553c994611a?s=96&d=mm&r=g","caption":"Noticias de Fato"},"sameAs":["https:\/\/noticiasdefato.net","http:\/\/fb.com\/\/noticiasdefato.jornal","https:\/\/x.com\/https:\/\/twitter.com\/NoticiasDeFato_"],"url":"https:\/\/noticiasdefato.net\/?author=1"}]}},"_links":{"self":[{"href":"https:\/\/noticiasdefato.net\/index.php?rest_route=\/wp\/v2\/posts\/1406","targetHints":{"allow":["GET"]}}],"collection":[{"href":"https:\/\/noticiasdefato.net\/index.php?rest_route=\/wp\/v2\/posts"}],"about":[{"href":"https:\/\/noticiasdefato.net\/index.php?rest_route=\/wp\/v2\/types\/post"}],"author":[{"embeddable":true,"href":"https:\/\/noticiasdefato.net\/index.php?rest_route=\/wp\/v2\/users\/1"}],"replies":[{"embeddable":true,"href":"https:\/\/noticiasdefato.net\/index.php?rest_route=%2Fwp%2Fv2%2Fcomments&post=1406"}],"version-history":[{"count":1,"href":"https:\/\/noticiasdefato.net\/index.php?rest_route=\/wp\/v2\/posts\/1406\/revisions"}],"predecessor-version":[{"id":1408,"href":"https:\/\/noticiasdefato.net\/index.php?rest_route=\/wp\/v2\/posts\/1406\/revisions\/1408"}],"wp:featuredmedia":[{"embeddable":true,"href":"https:\/\/noticiasdefato.net\/index.php?rest_route=\/wp\/v2\/media\/1407"}],"wp:attachment":[{"href":"https:\/\/noticiasdefato.net\/index.php?rest_route=%2Fwp%2Fv2%2Fmedia&parent=1406"}],"wp:term":[{"taxonomy":"category","embeddable":true,"href":"https:\/\/noticiasdefato.net\/index.php?rest_route=%2Fwp%2Fv2%2Fcategories&post=1406"},{"taxonomy":"post_tag","embeddable":true,"href":"https:\/\/noticiasdefato.net\/index.php?rest_route=%2Fwp%2Fv2%2Ftags&post=1406"}],"curies":[{"name":"wp","href":"https:\/\/api.w.org\/{rel}","templated":true}]}}