{"id":1425,"date":"2024-07-19T08:21:23","date_gmt":"2024-07-19T11:21:23","guid":{"rendered":"https:\/\/noticiasdefato.net\/?p=1425"},"modified":"2024-07-19T08:25:33","modified_gmt":"2024-07-19T11:25:33","slug":"pl-sai-na-frente-e-anuncia-convencao","status":"publish","type":"post","link":"https:\/\/noticiasdefato.net\/?p=1425","title":{"rendered":"PL SAI NA FRENTE E ANUNCIA CONVEN\u00c7\u00c3O"},"content":{"rendered":"\n<p><em>Na quarta-feira, 24 de julho, o partido vai oficializar a chapa Amadeu Peloso e Toninho Munhoz \u00e0 Prefeitura de Alfenas.<\/em><\/p>\n\n\n\n<p>Esta ser\u00e1 a primeira conven\u00e7\u00e3o, entre os concorrentes, e vai definir tamb\u00e9m os candidatos a vereador por Alfenas.<\/p>\n\n\n\n<p>As conven\u00e7\u00f5es partid\u00e1rias est\u00e3o liberadas pela Justi\u00e7a Eleitoral desde s\u00e1bado (20). O Partido Liberal \u2013 PL Alfenas foi o primeiro do munic\u00edpio a definir a data, dia 24 de julho, em que vai apresentar para o povo de Alfenas seus candidatos aos cargos de prefeito, vice-prefeito, de vereador e a forma de participa\u00e7\u00e3o no processo.<\/p>\n\n\n\n<p>O PL far\u00e1 a conven\u00e7\u00e3o no Sindicato Rural de Alfenas, a partir das 18 horas, quando vai confirmar a chapa Amadeu Peloso e Toninho para prefeitura de Alfenas.<\/p>\n\n\n<div class=\"wp-block-image\">\n<figure class=\"aligncenter size-large\"><img fetchpriority=\"high\" decoding=\"async\" width=\"1024\" height=\"1024\" src=\"https:\/\/noticiasdefato.net\/wp-content\/uploads\/2024\/07\/Imagem-do-WhatsApp-de-2024-07-18-as-21.44.08_bb0479a5-1024x1024.jpg\" alt=\"\" class=\"wp-image-1428\" srcset=\"https:\/\/noticiasdefato.net\/wp-content\/uploads\/2024\/07\/Imagem-do-WhatsApp-de-2024-07-18-as-21.44.08_bb0479a5-1024x1024.jpg 1024w, https:\/\/noticiasdefato.net\/wp-content\/uploads\/2024\/07\/Imagem-do-WhatsApp-de-2024-07-18-as-21.44.08_bb0479a5-300x300.jpg 300w, https:\/\/noticiasdefato.net\/wp-content\/uploads\/2024\/07\/Imagem-do-WhatsApp-de-2024-07-18-as-21.44.08_bb0479a5-150x150.jpg 150w, https:\/\/noticiasdefato.net\/wp-content\/uploads\/2024\/07\/Imagem-do-WhatsApp-de-2024-07-18-as-21.44.08_bb0479a5-768x768.jpg 768w, https:\/\/noticiasdefato.net\/wp-content\/uploads\/2024\/07\/Imagem-do-WhatsApp-de-2024-07-18-as-21.44.08_bb0479a5-90x90.jpg 90w, https:\/\/noticiasdefato.net\/wp-content\/uploads\/2024\/07\/Imagem-do-WhatsApp-de-2024-07-18-as-21.44.08_bb0479a5.jpg 1280w\" sizes=\"(max-width: 1024px) 100vw, 1024px\" \/><\/figure>\n<\/div>\n\n\n<p>O evento contar\u00e1 com as presen\u00e7as j\u00e1 confirmadas do Deputado Federal Emidinho Madeira, do deputado Estadual, Ant\u00f4nio Carlos Arantes al\u00e9m de lideran\u00e7as dos cen\u00e1rios pol\u00edtico municipal e estadual.<\/p>\n\n\n\n<p>Na noite de quinta-feira, 18, o Uni\u00e3o Brasil, que tem como pr\u00e9-candidato Jaime Daneil, tamb\u00e9m anunciou que far\u00e1 a conven\u00e7\u00e3o do partido. Ser\u00e1 no dia 26, a partir das 19 horas, na C\u00e2mara Municipal.<\/p>\n\n\n\n<p>Os demais partidos ainda n\u00e3o divulgaram suas conven\u00e7\u00f5es.<\/p>\n\n\n\n<p>Os partidos e federa\u00e7\u00f5es poder\u00e3o realizar, entre 20 de julho e 5 de agosto, suas conven\u00e7\u00f5es partid\u00e1rias para deliberar sobre coliga\u00e7\u00f5es e escolher candidatas e candidatos aos cargos de prefeito, vice-prefeito e vereador. Ap\u00f3s a defini\u00e7\u00e3o das candidaturas, as agremia\u00e7\u00f5es t\u00eam at\u00e9 15 de agosto para registrarem os nomes na Justi\u00e7a Eleitoral.<\/p>\n\n\n\n<p><strong>SERVI\u00c7O:<\/strong><\/p>\n\n\n\n<p>Conven\u00e7\u00e3o Partid\u00e1ria festiva, do <strong>Partido Liberal (PL)<\/strong> e dos partidos aliados.<\/p>\n\n\n\n<p>\ud83d\uddd324 de julho, quarta-feira<\/p>\n\n\n\n<p>\u23f0 19 horas<\/p>\n\n\n\n<p>\ud83d\udccd Sal\u00e3o do Sindicato Rural &#8211; Pra\u00e7a Melvin Jones, 154.<\/p>\n\n\n\n<p><strong>Uni\u00e3o Brasil<br><\/strong>Data: 26 de julho de 2024<\/p>\n\n\n\n<p>\ud83d\udd52 Hor\u00e1rio: das 19h \u00e0s 22h<\/p>\n\n\n\n<p>\ud83d\udccd Local: Pra\u00e7a Fausto Monteiro, n\u00ba 85, Centro&nbsp;de&nbsp;Alfenas<\/p>\n","protected":false},"excerpt":{"rendered":"<p>Na quarta-feira, 24 de julho, o partido vai oficializar a chapa Amadeu Peloso e Toninho Munhoz \u00e0 Prefeitura de Alfenas. <a href=\"https:\/\/noticiasdefato.net\/?p=1425\" class=\"more-link\">Continuar lendo <span class=\"screen-reader-text\">PL SAI NA FRENTE E ANUNCIA CONVEN\u00c7\u00c3O<\/span><\/a><\/p>\n","protected":false},"author":1,"featured_media":1426,"comment_status":"open","ping_status":"open","sticky":false,"template":"","format":"standard","meta":{"footnotes":""},"categories":[1],"tags":[],"class_list":["post-1425","post","type-post","status-publish","format-standard","has-post-thumbnail","hentry","category-geral"],"yoast_head":"<!-- This site is optimized with the Yoast SEO plugin v23.2 - https:\/\/yoast.com\/wordpress\/plugins\/seo\/ -->\n<title>PL SAI NA FRENTE E ANUNCIA CONVEN\u00c7\u00c3O - Not\u00edcias de Fato<\/title>\n<meta name=\"description\" content=\"Na quarta-feira, 24 de julho, o partido vai oficializar a chapa Amadeu Peloso e Toninho Munhoz \u00e0 Prefeitura de Alfenas.\" \/>\n<meta name=\"robots\" content=\"index, follow, max-snippet:-1, max-image-preview:large, max-video-preview:-1\" \/>\n<link rel=\"canonical\" href=\"https:\/\/noticiasdefato.net\/?p=1425\" \/>\n<meta property=\"og:locale\" content=\"pt_BR\" \/>\n<meta property=\"og:type\" content=\"article\" \/>\n<meta property=\"og:title\" content=\"PL SAI NA FRENTE E ANUNCIA CONVEN\u00c7\u00c3O - Not\u00edcias de Fato\" \/>\n<meta property=\"og:description\" content=\"Na quarta-feira, 24 de julho, o partido vai oficializar a chapa Amadeu Peloso e Toninho Munhoz \u00e0 Prefeitura de Alfenas.\" \/>\n<meta property=\"og:url\" content=\"https:\/\/noticiasdefato.net\/?p=1425\" \/>\n<meta property=\"og:site_name\" content=\"Not\u00edcias de Fato\" \/>\n<meta property=\"article:publisher\" content=\"https:\/\/fb.com\/noticiasdefato.jornal\" \/>\n<meta property=\"article:author\" content=\"http:\/\/fb.com\/\/noticiasdefato.jornal\" \/>\n<meta property=\"article:published_time\" content=\"2024-07-19T11:21:23+00:00\" \/>\n<meta property=\"article:modified_time\" content=\"2024-07-19T11:25:33+00:00\" \/>\n<meta property=\"og:image\" content=\"https:\/\/noticiasdefato.net\/wp-content\/uploads\/2024\/07\/image-20.png\" \/>\n\t<meta property=\"og:image:width\" content=\"1536\" \/>\n\t<meta property=\"og:image:height\" content=\"400\" \/>\n\t<meta property=\"og:image:type\" content=\"image\/png\" \/>\n<meta name=\"author\" content=\"Noticias de Fato\" \/>\n<meta name=\"twitter:card\" content=\"summary_large_image\" \/>\n<meta name=\"twitter:creator\" content=\"@https:\/\/twitter.com\/NoticiasDeFato_\" \/>\n<meta name=\"twitter:site\" content=\"@noticiasdefato_\" \/>\n<meta name=\"twitter:label1\" content=\"Escrito por\" \/>\n\t<meta name=\"twitter:data1\" content=\"Noticias de Fato\" \/>\n\t<meta name=\"twitter:label2\" content=\"Est. tempo de leitura\" \/>\n\t<meta name=\"twitter:data2\" content=\"3 minutos\" \/>\n<script type=\"application\/ld+json\" class=\"yoast-schema-graph\">{\"@context\":\"https:\/\/schema.org\",\"@graph\":[{\"@type\":\"Article\",\"@id\":\"https:\/\/noticiasdefato.net\/?p=1425#article\",\"isPartOf\":{\"@id\":\"https:\/\/noticiasdefato.net\/?p=1425\"},\"author\":{\"name\":\"Noticias de Fato\",\"@id\":\"https:\/\/noticiasdefato.net\/#\/schema\/person\/982ce60211d95acf059cd702aa260d08\"},\"headline\":\"PL SAI NA FRENTE E ANUNCIA CONVEN\u00c7\u00c3O\",\"datePublished\":\"2024-07-19T11:21:23+00:00\",\"dateModified\":\"2024-07-19T11:25:33+00:00\",\"mainEntityOfPage\":{\"@id\":\"https:\/\/noticiasdefato.net\/?p=1425\"},\"wordCount\":325,\"commentCount\":0,\"publisher\":{\"@id\":\"https:\/\/noticiasdefato.net\/#organization\"},\"image\":{\"@id\":\"https:\/\/noticiasdefato.net\/?p=1425#primaryimage\"},\"thumbnailUrl\":\"https:\/\/noticiasdefato.net\/wp-content\/uploads\/2024\/07\/image-20.png\",\"articleSection\":[\"Geral\"],\"inLanguage\":\"pt-BR\",\"potentialAction\":[{\"@type\":\"CommentAction\",\"name\":\"Comment\",\"target\":[\"https:\/\/noticiasdefato.net\/?p=1425#respond\"]}]},{\"@type\":\"WebPage\",\"@id\":\"https:\/\/noticiasdefato.net\/?p=1425\",\"url\":\"https:\/\/noticiasdefato.net\/?p=1425\",\"name\":\"PL SAI NA FRENTE E ANUNCIA CONVEN\u00c7\u00c3O - Not\u00edcias de Fato\",\"isPartOf\":{\"@id\":\"https:\/\/noticiasdefato.net\/#website\"},\"primaryImageOfPage\":{\"@id\":\"https:\/\/noticiasdefato.net\/?p=1425#primaryimage\"},\"image\":{\"@id\":\"https:\/\/noticiasdefato.net\/?p=1425#primaryimage\"},\"thumbnailUrl\":\"https:\/\/noticiasdefato.net\/wp-content\/uploads\/2024\/07\/image-20.png\",\"datePublished\":\"2024-07-19T11:21:23+00:00\",\"dateModified\":\"2024-07-19T11:25:33+00:00\",\"description\":\"Na quarta-feira, 24 de julho, o partido vai oficializar a chapa Amadeu Peloso e Toninho Munhoz \u00e0 Prefeitura de Alfenas.\",\"breadcrumb\":{\"@id\":\"https:\/\/noticiasdefato.net\/?p=1425#breadcrumb\"},\"inLanguage\":\"pt-BR\",\"potentialAction\":[{\"@type\":\"ReadAction\",\"target\":[\"https:\/\/noticiasdefato.net\/?p=1425\"]}]},{\"@type\":\"ImageObject\",\"inLanguage\":\"pt-BR\",\"@id\":\"https:\/\/noticiasdefato.net\/?p=1425#primaryimage\",\"url\":\"https:\/\/noticiasdefato.net\/wp-content\/uploads\/2024\/07\/image-20.png\",\"contentUrl\":\"https:\/\/noticiasdefato.net\/wp-content\/uploads\/2024\/07\/image-20.png\",\"width\":1536,\"height\":400},{\"@type\":\"BreadcrumbList\",\"@id\":\"https:\/\/noticiasdefato.net\/?p=1425#breadcrumb\",\"itemListElement\":[{\"@type\":\"ListItem\",\"position\":1,\"name\":\"In\u00edcio\",\"item\":\"https:\/\/noticiasdefato.net\/\"},{\"@type\":\"ListItem\",\"position\":2,\"name\":\"PL SAI NA FRENTE E ANUNCIA CONVEN\u00c7\u00c3O\"}]},{\"@type\":\"WebSite\",\"@id\":\"https:\/\/noticiasdefato.net\/#website\",\"url\":\"https:\/\/noticiasdefato.net\/\",\"name\":\"Not\u00edcias de Fato\",\"description\":\"Trabalhamos com honestidade, seriedade e com a verdade.\",\"publisher\":{\"@id\":\"https:\/\/noticiasdefato.net\/#organization\"},\"potentialAction\":[{\"@type\":\"SearchAction\",\"target\":{\"@type\":\"EntryPoint\",\"urlTemplate\":\"https:\/\/noticiasdefato.net\/?s={search_term_string}\"},\"query-input\":\"required name=search_term_string\"}],\"inLanguage\":\"pt-BR\"},{\"@type\":\"Organization\",\"@id\":\"https:\/\/noticiasdefato.net\/#organization\",\"name\":\"Not\u00edcias de Fato\",\"url\":\"https:\/\/noticiasdefato.net\/\",\"logo\":{\"@type\":\"ImageObject\",\"inLanguage\":\"pt-BR\",\"@id\":\"https:\/\/noticiasdefato.net\/#\/schema\/logo\/image\/\",\"url\":\"https:\/\/noticiasdefato.net\/wp-content\/uploads\/2024\/02\/cropped-logo_topo.png\",\"contentUrl\":\"https:\/\/noticiasdefato.net\/wp-content\/uploads\/2024\/02\/cropped-logo_topo.png\",\"width\":1948,\"height\":665,\"caption\":\"Not\u00edcias de Fato\"},\"image\":{\"@id\":\"https:\/\/noticiasdefato.net\/#\/schema\/logo\/image\/\"},\"sameAs\":[\"https:\/\/fb.com\/noticiasdefato.jornal\",\"https:\/\/x.com\/noticiasdefato_\",\"https:\/\/instagram.com\/noticiasdefato.jornal\",\"https:\/\/youtube.com\/@JornalNoticiasDeFato\"]},{\"@type\":\"Person\",\"@id\":\"https:\/\/noticiasdefato.net\/#\/schema\/person\/982ce60211d95acf059cd702aa260d08\",\"name\":\"Noticias de Fato\",\"image\":{\"@type\":\"ImageObject\",\"inLanguage\":\"pt-BR\",\"@id\":\"https:\/\/noticiasdefato.net\/#\/schema\/person\/image\/\",\"url\":\"https:\/\/secure.gravatar.com\/avatar\/700227fab2316f0366a1b5d4988d10f847249cf13293450527ac9553c994611a?s=96&d=mm&r=g\",\"contentUrl\":\"https:\/\/secure.gravatar.com\/avatar\/700227fab2316f0366a1b5d4988d10f847249cf13293450527ac9553c994611a?s=96&d=mm&r=g\",\"caption\":\"Noticias de Fato\"},\"sameAs\":[\"https:\/\/noticiasdefato.net\",\"http:\/\/fb.com\/\/noticiasdefato.jornal\",\"https:\/\/x.com\/https:\/\/twitter.com\/NoticiasDeFato_\"],\"url\":\"https:\/\/noticiasdefato.net\/?author=1\"}]}<\/script>\n<!-- \/ Yoast SEO plugin. -->","yoast_head_json":{"title":"PL SAI NA FRENTE E ANUNCIA CONVEN\u00c7\u00c3O - Not\u00edcias de Fato","description":"Na quarta-feira, 24 de julho, o partido vai oficializar a chapa Amadeu Peloso e Toninho Munhoz \u00e0 Prefeitura de Alfenas.","robots":{"index":"index","follow":"follow","max-snippet":"max-snippet:-1","max-image-preview":"max-image-preview:large","max-video-preview":"max-video-preview:-1"},"canonical":"https:\/\/noticiasdefato.net\/?p=1425","og_locale":"pt_BR","og_type":"article","og_title":"PL SAI NA FRENTE E ANUNCIA CONVEN\u00c7\u00c3O - Not\u00edcias de Fato","og_description":"Na quarta-feira, 24 de julho, o partido vai oficializar a chapa Amadeu Peloso e Toninho Munhoz \u00e0 Prefeitura de Alfenas.","og_url":"https:\/\/noticiasdefato.net\/?p=1425","og_site_name":"Not\u00edcias de Fato","article_publisher":"https:\/\/fb.com\/noticiasdefato.jornal","article_author":"http:\/\/fb.com\/\/noticiasdefato.jornal","article_published_time":"2024-07-19T11:21:23+00:00","article_modified_time":"2024-07-19T11:25:33+00:00","og_image":[{"width":1536,"height":400,"url":"https:\/\/noticiasdefato.net\/wp-content\/uploads\/2024\/07\/image-20.png","type":"image\/png"}],"author":"Noticias de Fato","twitter_card":"summary_large_image","twitter_creator":"@https:\/\/twitter.com\/NoticiasDeFato_","twitter_site":"@noticiasdefato_","twitter_misc":{"Escrito por":"Noticias de Fato","Est. tempo de leitura":"3 minutos"},"schema":{"@context":"https:\/\/schema.org","@graph":[{"@type":"Article","@id":"https:\/\/noticiasdefato.net\/?p=1425#article","isPartOf":{"@id":"https:\/\/noticiasdefato.net\/?p=1425"},"author":{"name":"Noticias de Fato","@id":"https:\/\/noticiasdefato.net\/#\/schema\/person\/982ce60211d95acf059cd702aa260d08"},"headline":"PL SAI NA FRENTE E ANUNCIA CONVEN\u00c7\u00c3O","datePublished":"2024-07-19T11:21:23+00:00","dateModified":"2024-07-19T11:25:33+00:00","mainEntityOfPage":{"@id":"https:\/\/noticiasdefato.net\/?p=1425"},"wordCount":325,"commentCount":0,"publisher":{"@id":"https:\/\/noticiasdefato.net\/#organization"},"image":{"@id":"https:\/\/noticiasdefato.net\/?p=1425#primaryimage"},"thumbnailUrl":"https:\/\/noticiasdefato.net\/wp-content\/uploads\/2024\/07\/image-20.png","articleSection":["Geral"],"inLanguage":"pt-BR","potentialAction":[{"@type":"CommentAction","name":"Comment","target":["https:\/\/noticiasdefato.net\/?p=1425#respond"]}]},{"@type":"WebPage","@id":"https:\/\/noticiasdefato.net\/?p=1425","url":"https:\/\/noticiasdefato.net\/?p=1425","name":"PL SAI NA FRENTE E ANUNCIA CONVEN\u00c7\u00c3O - Not\u00edcias de Fato","isPartOf":{"@id":"https:\/\/noticiasdefato.net\/#website"},"primaryImageOfPage":{"@id":"https:\/\/noticiasdefato.net\/?p=1425#primaryimage"},"image":{"@id":"https:\/\/noticiasdefato.net\/?p=1425#primaryimage"},"thumbnailUrl":"https:\/\/noticiasdefato.net\/wp-content\/uploads\/2024\/07\/image-20.png","datePublished":"2024-07-19T11:21:23+00:00","dateModified":"2024-07-19T11:25:33+00:00","description":"Na quarta-feira, 24 de julho, o partido vai oficializar a chapa Amadeu Peloso e Toninho Munhoz \u00e0 Prefeitura de Alfenas.","breadcrumb":{"@id":"https:\/\/noticiasdefato.net\/?p=1425#breadcrumb"},"inLanguage":"pt-BR","potentialAction":[{"@type":"ReadAction","target":["https:\/\/noticiasdefato.net\/?p=1425"]}]},{"@type":"ImageObject","inLanguage":"pt-BR","@id":"https:\/\/noticiasdefato.net\/?p=1425#primaryimage","url":"https:\/\/noticiasdefato.net\/wp-content\/uploads\/2024\/07\/image-20.png","contentUrl":"https:\/\/noticiasdefato.net\/wp-content\/uploads\/2024\/07\/image-20.png","width":1536,"height":400},{"@type":"BreadcrumbList","@id":"https:\/\/noticiasdefato.net\/?p=1425#breadcrumb","itemListElement":[{"@type":"ListItem","position":1,"name":"In\u00edcio","item":"https:\/\/noticiasdefato.net\/"},{"@type":"ListItem","position":2,"name":"PL SAI NA FRENTE E ANUNCIA CONVEN\u00c7\u00c3O"}]},{"@type":"WebSite","@id":"https:\/\/noticiasdefato.net\/#website","url":"https:\/\/noticiasdefato.net\/","name":"Not\u00edcias de Fato","description":"Trabalhamos com honestidade, seriedade e com a verdade.","publisher":{"@id":"https:\/\/noticiasdefato.net\/#organization"},"potentialAction":[{"@type":"SearchAction","target":{"@type":"EntryPoint","urlTemplate":"https:\/\/noticiasdefato.net\/?s={search_term_string}"},"query-input":"required name=search_term_string"}],"inLanguage":"pt-BR"},{"@type":"Organization","@id":"https:\/\/noticiasdefato.net\/#organization","name":"Not\u00edcias de Fato","url":"https:\/\/noticiasdefato.net\/","logo":{"@type":"ImageObject","inLanguage":"pt-BR","@id":"https:\/\/noticiasdefato.net\/#\/schema\/logo\/image\/","url":"https:\/\/noticiasdefato.net\/wp-content\/uploads\/2024\/02\/cropped-logo_topo.png","contentUrl":"https:\/\/noticiasdefato.net\/wp-content\/uploads\/2024\/02\/cropped-logo_topo.png","width":1948,"height":665,"caption":"Not\u00edcias de Fato"},"image":{"@id":"https:\/\/noticiasdefato.net\/#\/schema\/logo\/image\/"},"sameAs":["https:\/\/fb.com\/noticiasdefato.jornal","https:\/\/x.com\/noticiasdefato_","https:\/\/instagram.com\/noticiasdefato.jornal","https:\/\/youtube.com\/@JornalNoticiasDeFato"]},{"@type":"Person","@id":"https:\/\/noticiasdefato.net\/#\/schema\/person\/982ce60211d95acf059cd702aa260d08","name":"Noticias de Fato","image":{"@type":"ImageObject","inLanguage":"pt-BR","@id":"https:\/\/noticiasdefato.net\/#\/schema\/person\/image\/","url":"https:\/\/secure.gravatar.com\/avatar\/700227fab2316f0366a1b5d4988d10f847249cf13293450527ac9553c994611a?s=96&d=mm&r=g","contentUrl":"https:\/\/secure.gravatar.com\/avatar\/700227fab2316f0366a1b5d4988d10f847249cf13293450527ac9553c994611a?s=96&d=mm&r=g","caption":"Noticias de Fato"},"sameAs":["https:\/\/noticiasdefato.net","http:\/\/fb.com\/\/noticiasdefato.jornal","https:\/\/x.com\/https:\/\/twitter.com\/NoticiasDeFato_"],"url":"https:\/\/noticiasdefato.net\/?author=1"}]}},"_links":{"self":[{"href":"https:\/\/noticiasdefato.net\/index.php?rest_route=\/wp\/v2\/posts\/1425","targetHints":{"allow":["GET"]}}],"collection":[{"href":"https:\/\/noticiasdefato.net\/index.php?rest_route=\/wp\/v2\/posts"}],"about":[{"href":"https:\/\/noticiasdefato.net\/index.php?rest_route=\/wp\/v2\/types\/post"}],"author":[{"embeddable":true,"href":"https:\/\/noticiasdefato.net\/index.php?rest_route=\/wp\/v2\/users\/1"}],"replies":[{"embeddable":true,"href":"https:\/\/noticiasdefato.net\/index.php?rest_route=%2Fwp%2Fv2%2Fcomments&post=1425"}],"version-history":[{"count":2,"href":"https:\/\/noticiasdefato.net\/index.php?rest_route=\/wp\/v2\/posts\/1425\/revisions"}],"predecessor-version":[{"id":1430,"href":"https:\/\/noticiasdefato.net\/index.php?rest_route=\/wp\/v2\/posts\/1425\/revisions\/1430"}],"wp:featuredmedia":[{"embeddable":true,"href":"https:\/\/noticiasdefato.net\/index.php?rest_route=\/wp\/v2\/media\/1426"}],"wp:attachment":[{"href":"https:\/\/noticiasdefato.net\/index.php?rest_route=%2Fwp%2Fv2%2Fmedia&parent=1425"}],"wp:term":[{"taxonomy":"category","embeddable":true,"href":"https:\/\/noticiasdefato.net\/index.php?rest_route=%2Fwp%2Fv2%2Fcategories&post=1425"},{"taxonomy":"post_tag","embeddable":true,"href":"https:\/\/noticiasdefato.net\/index.php?rest_route=%2Fwp%2Fv2%2Ftags&post=1425"}],"curies":[{"name":"wp","href":"https:\/\/api.w.org\/{rel}","templated":true}]}}