{"id":1431,"date":"2024-07-23T09:31:19","date_gmt":"2024-07-23T12:31:19","guid":{"rendered":"https:\/\/noticiasdefato.net\/?p=1431"},"modified":"2024-07-23T09:48:38","modified_gmt":"2024-07-23T12:48:38","slug":"partido-podemos-realiza-convencao-partidaria","status":"publish","type":"post","link":"https:\/\/noticiasdefato.net\/?p=1431","title":{"rendered":"PARTIDO PODEMOS REALIZA CONVEN\u00c7\u00c3O PARTID\u00c1RIA"},"content":{"rendered":"\n<p><em>Podemos define candidatos e o apoio \u00e0 Amadeu e Toninho<\/em><\/p>\n\n\n\n<p>Na largada das conven\u00e7\u00f5es municipais, o Podemos Alfenas confirmou, na noite de segunda-feira (22), seu apoio a chapa: Amadeu Peloso e Toninho Munhoz, \u00e0 Prefeitura de Alfenas. O presidente municipal do partido,<br>em Alfenas, Fernando Jos\u00e9 Pereira, abriu o ato que aconteceu no sindicato rural, onde tamb\u00e9m foram apresentados os candidatos do Podemos que concorrer\u00e3o ao cargo de vereador nas elei\u00e7\u00f5es municipais de outubro.<\/p>\n\n\n\n<p>Estiveram presentes os pr\u00e9-candidatos Amadeu Peloso e Toninho Munhoz al\u00e9m do presidente do PL Alfenas, Jovane J\u00fanior.<\/p>\n\n\n<div class=\"wp-block-image\">\n<figure class=\"aligncenter size-full\"><img fetchpriority=\"high\" decoding=\"async\" width=\"960\" height=\"839\" src=\"https:\/\/noticiasdefato.net\/wp-content\/uploads\/2024\/07\/Imagem-do-WhatsApp-de-2024-07-23-as-09.27.26_f9c35640.jpg\" alt=\"\" class=\"wp-image-1433\" srcset=\"https:\/\/noticiasdefato.net\/wp-content\/uploads\/2024\/07\/Imagem-do-WhatsApp-de-2024-07-23-as-09.27.26_f9c35640.jpg 960w, https:\/\/noticiasdefato.net\/wp-content\/uploads\/2024\/07\/Imagem-do-WhatsApp-de-2024-07-23-as-09.27.26_f9c35640-300x262.jpg 300w, https:\/\/noticiasdefato.net\/wp-content\/uploads\/2024\/07\/Imagem-do-WhatsApp-de-2024-07-23-as-09.27.26_f9c35640-768x671.jpg 768w, https:\/\/noticiasdefato.net\/wp-content\/uploads\/2024\/07\/Imagem-do-WhatsApp-de-2024-07-23-as-09.27.26_f9c35640-103x90.jpg 103w\" sizes=\"(max-width: 960px) 100vw, 960px\" \/><\/figure>\n<\/div>\n\n\n<p>Toninho Munhoz n\u00e3o escondia a emo\u00e7\u00e3o em compor a coliga\u00e7\u00e3o \u201cUnidos por Alfenas\u201d e declarou que \u201cespera contar com o apoio dos integrantes do Podemos para alcan\u00e7ar mais uma vit\u00f3ria.\u201d<\/p>\n\n\n\n<p>Amadeu Peloso elogiou a organiza\u00e7\u00e3o do partido. Agradeceu o compromisso do Podemos, destacando a parceria e envolvimento desde o in\u00edcio da pr\u00e9-campanha, atrav\u00e9s de reuni\u00f5es e na busca por solu\u00e7\u00f5es para os problemas enfrentados pela popula\u00e7\u00e3o de Alfenas. Amadeu convocou os presentes a \u201ccaminharem juntos com o PL\u201d. Ele enfatizou o pedido para realizarem juntos ao PL uma campanha \u201ctranquila, honesta e de muita responsabilidade\u201d. \u201cCabe a n\u00f3s, candidatos, transmitirmos confian\u00e7a \u00e0 popula\u00e7\u00e3o, diante do momento atual da nossa pol\u00edtica\u201d, sentenciou o pr\u00e9-candidato \u00e0 prefeito pelo PL.<\/p>\n\n\n\n<p>Em seguida, o presidente do Podemos, fez a leitura do edital e colocou em pauta e em vota\u00e7\u00e3o as propostas que foram aprovadas pelos convencionais fechando assim com a coliga\u00e7\u00e3o majorit\u00e1ria. \u201cEstamos firmes com Amadeu e com o Toninho\u201d, declarou Fernando Jos\u00e9 Pereira.<\/p>\n\n\n\n<p>A coliga\u00e7\u00e3o majorit\u00e1ria, \u201cUnidos por Alfenas\u201d, \u00e9 composta pelos partidos PL, Podemos, Novo e&nbsp;Solidariedade.<\/p>\n","protected":false},"excerpt":{"rendered":"<p>Podemos define candidatos e o apoio \u00e0 Amadeu e Toninho <a href=\"https:\/\/noticiasdefato.net\/?p=1431\" class=\"more-link\">Continuar lendo <span class=\"screen-reader-text\">PARTIDO PODEMOS REALIZA CONVEN\u00c7\u00c3O PARTID\u00c1RIA<\/span><\/a><\/p>\n","protected":false},"author":1,"featured_media":1432,"comment_status":"open","ping_status":"open","sticky":false,"template":"","format":"standard","meta":{"footnotes":""},"categories":[1],"tags":[],"class_list":["post-1431","post","type-post","status-publish","format-standard","has-post-thumbnail","hentry","category-geral"],"yoast_head":"<!-- This site is optimized with the Yoast SEO plugin v23.2 - https:\/\/yoast.com\/wordpress\/plugins\/seo\/ -->\n<title>PARTIDO PODEMOS REALIZA CONVEN\u00c7\u00c3O PARTID\u00c1RIA - Not\u00edcias de Fato<\/title>\n<meta name=\"description\" content=\"Podemos define candidatos e o apoio \u00e0 Amadeu e Toninho\" \/>\n<meta name=\"robots\" content=\"index, follow, max-snippet:-1, max-image-preview:large, max-video-preview:-1\" \/>\n<link rel=\"canonical\" href=\"https:\/\/noticiasdefato.net\/?p=1431\" \/>\n<meta property=\"og:locale\" content=\"pt_BR\" \/>\n<meta property=\"og:type\" content=\"article\" \/>\n<meta property=\"og:title\" content=\"PARTIDO PODEMOS REALIZA CONVEN\u00c7\u00c3O PARTID\u00c1RIA - Not\u00edcias de Fato\" \/>\n<meta property=\"og:description\" content=\"Podemos define candidatos e o apoio \u00e0 Amadeu e Toninho\" \/>\n<meta property=\"og:url\" content=\"https:\/\/noticiasdefato.net\/?p=1431\" \/>\n<meta property=\"og:site_name\" content=\"Not\u00edcias de Fato\" \/>\n<meta property=\"article:publisher\" content=\"https:\/\/fb.com\/noticiasdefato.jornal\" \/>\n<meta property=\"article:author\" content=\"http:\/\/fb.com\/\/noticiasdefato.jornal\" \/>\n<meta property=\"article:published_time\" content=\"2024-07-23T12:31:19+00:00\" \/>\n<meta property=\"article:modified_time\" content=\"2024-07-23T12:48:38+00:00\" \/>\n<meta property=\"og:image\" content=\"https:\/\/noticiasdefato.net\/wp-content\/uploads\/2024\/07\/Imagem-do-WhatsApp-de-2024-07-23-as-09.26.26_b4c64b64.jpg\" \/>\n\t<meta property=\"og:image:width\" content=\"960\" \/>\n\t<meta property=\"og:image:height\" content=\"604\" \/>\n\t<meta property=\"og:image:type\" content=\"image\/jpeg\" \/>\n<meta name=\"author\" content=\"Noticias de Fato\" \/>\n<meta name=\"twitter:card\" content=\"summary_large_image\" \/>\n<meta name=\"twitter:creator\" content=\"@https:\/\/twitter.com\/NoticiasDeFato_\" \/>\n<meta name=\"twitter:site\" content=\"@noticiasdefato_\" \/>\n<meta name=\"twitter:label1\" content=\"Escrito por\" \/>\n\t<meta name=\"twitter:data1\" content=\"Noticias de Fato\" \/>\n\t<meta name=\"twitter:label2\" content=\"Est. tempo de leitura\" \/>\n\t<meta name=\"twitter:data2\" content=\"2 minutos\" \/>\n<script type=\"application\/ld+json\" class=\"yoast-schema-graph\">{\"@context\":\"https:\/\/schema.org\",\"@graph\":[{\"@type\":\"Article\",\"@id\":\"https:\/\/noticiasdefato.net\/?p=1431#article\",\"isPartOf\":{\"@id\":\"https:\/\/noticiasdefato.net\/?p=1431\"},\"author\":{\"name\":\"Noticias de Fato\",\"@id\":\"https:\/\/noticiasdefato.net\/#\/schema\/person\/982ce60211d95acf059cd702aa260d08\"},\"headline\":\"PARTIDO PODEMOS REALIZA CONVEN\u00c7\u00c3O PARTID\u00c1RIA\",\"datePublished\":\"2024-07-23T12:31:19+00:00\",\"dateModified\":\"2024-07-23T12:48:38+00:00\",\"mainEntityOfPage\":{\"@id\":\"https:\/\/noticiasdefato.net\/?p=1431\"},\"wordCount\":297,\"commentCount\":0,\"publisher\":{\"@id\":\"https:\/\/noticiasdefato.net\/#organization\"},\"image\":{\"@id\":\"https:\/\/noticiasdefato.net\/?p=1431#primaryimage\"},\"thumbnailUrl\":\"https:\/\/noticiasdefato.net\/wp-content\/uploads\/2024\/07\/Imagem-do-WhatsApp-de-2024-07-23-as-09.26.26_b4c64b64.jpg\",\"articleSection\":[\"Geral\"],\"inLanguage\":\"pt-BR\",\"potentialAction\":[{\"@type\":\"CommentAction\",\"name\":\"Comment\",\"target\":[\"https:\/\/noticiasdefato.net\/?p=1431#respond\"]}]},{\"@type\":\"WebPage\",\"@id\":\"https:\/\/noticiasdefato.net\/?p=1431\",\"url\":\"https:\/\/noticiasdefato.net\/?p=1431\",\"name\":\"PARTIDO PODEMOS REALIZA CONVEN\u00c7\u00c3O PARTID\u00c1RIA - Not\u00edcias de Fato\",\"isPartOf\":{\"@id\":\"https:\/\/noticiasdefato.net\/#website\"},\"primaryImageOfPage\":{\"@id\":\"https:\/\/noticiasdefato.net\/?p=1431#primaryimage\"},\"image\":{\"@id\":\"https:\/\/noticiasdefato.net\/?p=1431#primaryimage\"},\"thumbnailUrl\":\"https:\/\/noticiasdefato.net\/wp-content\/uploads\/2024\/07\/Imagem-do-WhatsApp-de-2024-07-23-as-09.26.26_b4c64b64.jpg\",\"datePublished\":\"2024-07-23T12:31:19+00:00\",\"dateModified\":\"2024-07-23T12:48:38+00:00\",\"description\":\"Podemos define candidatos e o apoio \u00e0 Amadeu e Toninho\",\"breadcrumb\":{\"@id\":\"https:\/\/noticiasdefato.net\/?p=1431#breadcrumb\"},\"inLanguage\":\"pt-BR\",\"potentialAction\":[{\"@type\":\"ReadAction\",\"target\":[\"https:\/\/noticiasdefato.net\/?p=1431\"]}]},{\"@type\":\"ImageObject\",\"inLanguage\":\"pt-BR\",\"@id\":\"https:\/\/noticiasdefato.net\/?p=1431#primaryimage\",\"url\":\"https:\/\/noticiasdefato.net\/wp-content\/uploads\/2024\/07\/Imagem-do-WhatsApp-de-2024-07-23-as-09.26.26_b4c64b64.jpg\",\"contentUrl\":\"https:\/\/noticiasdefato.net\/wp-content\/uploads\/2024\/07\/Imagem-do-WhatsApp-de-2024-07-23-as-09.26.26_b4c64b64.jpg\",\"width\":960,\"height\":604},{\"@type\":\"BreadcrumbList\",\"@id\":\"https:\/\/noticiasdefato.net\/?p=1431#breadcrumb\",\"itemListElement\":[{\"@type\":\"ListItem\",\"position\":1,\"name\":\"In\u00edcio\",\"item\":\"https:\/\/noticiasdefato.net\/\"},{\"@type\":\"ListItem\",\"position\":2,\"name\":\"PARTIDO PODEMOS REALIZA CONVEN\u00c7\u00c3O PARTID\u00c1RIA\"}]},{\"@type\":\"WebSite\",\"@id\":\"https:\/\/noticiasdefato.net\/#website\",\"url\":\"https:\/\/noticiasdefato.net\/\",\"name\":\"Not\u00edcias de Fato\",\"description\":\"Trabalhamos com honestidade, seriedade e com a verdade.\",\"publisher\":{\"@id\":\"https:\/\/noticiasdefato.net\/#organization\"},\"potentialAction\":[{\"@type\":\"SearchAction\",\"target\":{\"@type\":\"EntryPoint\",\"urlTemplate\":\"https:\/\/noticiasdefato.net\/?s={search_term_string}\"},\"query-input\":\"required name=search_term_string\"}],\"inLanguage\":\"pt-BR\"},{\"@type\":\"Organization\",\"@id\":\"https:\/\/noticiasdefato.net\/#organization\",\"name\":\"Not\u00edcias de Fato\",\"url\":\"https:\/\/noticiasdefato.net\/\",\"logo\":{\"@type\":\"ImageObject\",\"inLanguage\":\"pt-BR\",\"@id\":\"https:\/\/noticiasdefato.net\/#\/schema\/logo\/image\/\",\"url\":\"https:\/\/noticiasdefato.net\/wp-content\/uploads\/2024\/02\/cropped-logo_topo.png\",\"contentUrl\":\"https:\/\/noticiasdefato.net\/wp-content\/uploads\/2024\/02\/cropped-logo_topo.png\",\"width\":1948,\"height\":665,\"caption\":\"Not\u00edcias de Fato\"},\"image\":{\"@id\":\"https:\/\/noticiasdefato.net\/#\/schema\/logo\/image\/\"},\"sameAs\":[\"https:\/\/fb.com\/noticiasdefato.jornal\",\"https:\/\/x.com\/noticiasdefato_\",\"https:\/\/instagram.com\/noticiasdefato.jornal\",\"https:\/\/youtube.com\/@JornalNoticiasDeFato\"]},{\"@type\":\"Person\",\"@id\":\"https:\/\/noticiasdefato.net\/#\/schema\/person\/982ce60211d95acf059cd702aa260d08\",\"name\":\"Noticias de Fato\",\"image\":{\"@type\":\"ImageObject\",\"inLanguage\":\"pt-BR\",\"@id\":\"https:\/\/noticiasdefato.net\/#\/schema\/person\/image\/\",\"url\":\"https:\/\/secure.gravatar.com\/avatar\/700227fab2316f0366a1b5d4988d10f847249cf13293450527ac9553c994611a?s=96&d=mm&r=g\",\"contentUrl\":\"https:\/\/secure.gravatar.com\/avatar\/700227fab2316f0366a1b5d4988d10f847249cf13293450527ac9553c994611a?s=96&d=mm&r=g\",\"caption\":\"Noticias de Fato\"},\"sameAs\":[\"https:\/\/noticiasdefato.net\",\"http:\/\/fb.com\/\/noticiasdefato.jornal\",\"https:\/\/x.com\/https:\/\/twitter.com\/NoticiasDeFato_\"],\"url\":\"https:\/\/noticiasdefato.net\/?author=1\"}]}<\/script>\n<!-- \/ Yoast SEO plugin. -->","yoast_head_json":{"title":"PARTIDO PODEMOS REALIZA CONVEN\u00c7\u00c3O PARTID\u00c1RIA - Not\u00edcias de Fato","description":"Podemos define candidatos e o apoio \u00e0 Amadeu e Toninho","robots":{"index":"index","follow":"follow","max-snippet":"max-snippet:-1","max-image-preview":"max-image-preview:large","max-video-preview":"max-video-preview:-1"},"canonical":"https:\/\/noticiasdefato.net\/?p=1431","og_locale":"pt_BR","og_type":"article","og_title":"PARTIDO PODEMOS REALIZA CONVEN\u00c7\u00c3O PARTID\u00c1RIA - Not\u00edcias de Fato","og_description":"Podemos define candidatos e o apoio \u00e0 Amadeu e Toninho","og_url":"https:\/\/noticiasdefato.net\/?p=1431","og_site_name":"Not\u00edcias de Fato","article_publisher":"https:\/\/fb.com\/noticiasdefato.jornal","article_author":"http:\/\/fb.com\/\/noticiasdefato.jornal","article_published_time":"2024-07-23T12:31:19+00:00","article_modified_time":"2024-07-23T12:48:38+00:00","og_image":[{"width":960,"height":604,"url":"https:\/\/noticiasdefato.net\/wp-content\/uploads\/2024\/07\/Imagem-do-WhatsApp-de-2024-07-23-as-09.26.26_b4c64b64.jpg","type":"image\/jpeg"}],"author":"Noticias de Fato","twitter_card":"summary_large_image","twitter_creator":"@https:\/\/twitter.com\/NoticiasDeFato_","twitter_site":"@noticiasdefato_","twitter_misc":{"Escrito por":"Noticias de Fato","Est. tempo de leitura":"2 minutos"},"schema":{"@context":"https:\/\/schema.org","@graph":[{"@type":"Article","@id":"https:\/\/noticiasdefato.net\/?p=1431#article","isPartOf":{"@id":"https:\/\/noticiasdefato.net\/?p=1431"},"author":{"name":"Noticias de Fato","@id":"https:\/\/noticiasdefato.net\/#\/schema\/person\/982ce60211d95acf059cd702aa260d08"},"headline":"PARTIDO PODEMOS REALIZA CONVEN\u00c7\u00c3O PARTID\u00c1RIA","datePublished":"2024-07-23T12:31:19+00:00","dateModified":"2024-07-23T12:48:38+00:00","mainEntityOfPage":{"@id":"https:\/\/noticiasdefato.net\/?p=1431"},"wordCount":297,"commentCount":0,"publisher":{"@id":"https:\/\/noticiasdefato.net\/#organization"},"image":{"@id":"https:\/\/noticiasdefato.net\/?p=1431#primaryimage"},"thumbnailUrl":"https:\/\/noticiasdefato.net\/wp-content\/uploads\/2024\/07\/Imagem-do-WhatsApp-de-2024-07-23-as-09.26.26_b4c64b64.jpg","articleSection":["Geral"],"inLanguage":"pt-BR","potentialAction":[{"@type":"CommentAction","name":"Comment","target":["https:\/\/noticiasdefato.net\/?p=1431#respond"]}]},{"@type":"WebPage","@id":"https:\/\/noticiasdefato.net\/?p=1431","url":"https:\/\/noticiasdefato.net\/?p=1431","name":"PARTIDO PODEMOS REALIZA CONVEN\u00c7\u00c3O PARTID\u00c1RIA - Not\u00edcias de Fato","isPartOf":{"@id":"https:\/\/noticiasdefato.net\/#website"},"primaryImageOfPage":{"@id":"https:\/\/noticiasdefato.net\/?p=1431#primaryimage"},"image":{"@id":"https:\/\/noticiasdefato.net\/?p=1431#primaryimage"},"thumbnailUrl":"https:\/\/noticiasdefato.net\/wp-content\/uploads\/2024\/07\/Imagem-do-WhatsApp-de-2024-07-23-as-09.26.26_b4c64b64.jpg","datePublished":"2024-07-23T12:31:19+00:00","dateModified":"2024-07-23T12:48:38+00:00","description":"Podemos define candidatos e o apoio \u00e0 Amadeu e Toninho","breadcrumb":{"@id":"https:\/\/noticiasdefato.net\/?p=1431#breadcrumb"},"inLanguage":"pt-BR","potentialAction":[{"@type":"ReadAction","target":["https:\/\/noticiasdefato.net\/?p=1431"]}]},{"@type":"ImageObject","inLanguage":"pt-BR","@id":"https:\/\/noticiasdefato.net\/?p=1431#primaryimage","url":"https:\/\/noticiasdefato.net\/wp-content\/uploads\/2024\/07\/Imagem-do-WhatsApp-de-2024-07-23-as-09.26.26_b4c64b64.jpg","contentUrl":"https:\/\/noticiasdefato.net\/wp-content\/uploads\/2024\/07\/Imagem-do-WhatsApp-de-2024-07-23-as-09.26.26_b4c64b64.jpg","width":960,"height":604},{"@type":"BreadcrumbList","@id":"https:\/\/noticiasdefato.net\/?p=1431#breadcrumb","itemListElement":[{"@type":"ListItem","position":1,"name":"In\u00edcio","item":"https:\/\/noticiasdefato.net\/"},{"@type":"ListItem","position":2,"name":"PARTIDO PODEMOS REALIZA CONVEN\u00c7\u00c3O PARTID\u00c1RIA"}]},{"@type":"WebSite","@id":"https:\/\/noticiasdefato.net\/#website","url":"https:\/\/noticiasdefato.net\/","name":"Not\u00edcias de Fato","description":"Trabalhamos com honestidade, seriedade e com a verdade.","publisher":{"@id":"https:\/\/noticiasdefato.net\/#organization"},"potentialAction":[{"@type":"SearchAction","target":{"@type":"EntryPoint","urlTemplate":"https:\/\/noticiasdefato.net\/?s={search_term_string}"},"query-input":"required name=search_term_string"}],"inLanguage":"pt-BR"},{"@type":"Organization","@id":"https:\/\/noticiasdefato.net\/#organization","name":"Not\u00edcias de Fato","url":"https:\/\/noticiasdefato.net\/","logo":{"@type":"ImageObject","inLanguage":"pt-BR","@id":"https:\/\/noticiasdefato.net\/#\/schema\/logo\/image\/","url":"https:\/\/noticiasdefato.net\/wp-content\/uploads\/2024\/02\/cropped-logo_topo.png","contentUrl":"https:\/\/noticiasdefato.net\/wp-content\/uploads\/2024\/02\/cropped-logo_topo.png","width":1948,"height":665,"caption":"Not\u00edcias de Fato"},"image":{"@id":"https:\/\/noticiasdefato.net\/#\/schema\/logo\/image\/"},"sameAs":["https:\/\/fb.com\/noticiasdefato.jornal","https:\/\/x.com\/noticiasdefato_","https:\/\/instagram.com\/noticiasdefato.jornal","https:\/\/youtube.com\/@JornalNoticiasDeFato"]},{"@type":"Person","@id":"https:\/\/noticiasdefato.net\/#\/schema\/person\/982ce60211d95acf059cd702aa260d08","name":"Noticias de Fato","image":{"@type":"ImageObject","inLanguage":"pt-BR","@id":"https:\/\/noticiasdefato.net\/#\/schema\/person\/image\/","url":"https:\/\/secure.gravatar.com\/avatar\/700227fab2316f0366a1b5d4988d10f847249cf13293450527ac9553c994611a?s=96&d=mm&r=g","contentUrl":"https:\/\/secure.gravatar.com\/avatar\/700227fab2316f0366a1b5d4988d10f847249cf13293450527ac9553c994611a?s=96&d=mm&r=g","caption":"Noticias de Fato"},"sameAs":["https:\/\/noticiasdefato.net","http:\/\/fb.com\/\/noticiasdefato.jornal","https:\/\/x.com\/https:\/\/twitter.com\/NoticiasDeFato_"],"url":"https:\/\/noticiasdefato.net\/?author=1"}]}},"_links":{"self":[{"href":"https:\/\/noticiasdefato.net\/index.php?rest_route=\/wp\/v2\/posts\/1431","targetHints":{"allow":["GET"]}}],"collection":[{"href":"https:\/\/noticiasdefato.net\/index.php?rest_route=\/wp\/v2\/posts"}],"about":[{"href":"https:\/\/noticiasdefato.net\/index.php?rest_route=\/wp\/v2\/types\/post"}],"author":[{"embeddable":true,"href":"https:\/\/noticiasdefato.net\/index.php?rest_route=\/wp\/v2\/users\/1"}],"replies":[{"embeddable":true,"href":"https:\/\/noticiasdefato.net\/index.php?rest_route=%2Fwp%2Fv2%2Fcomments&post=1431"}],"version-history":[{"count":3,"href":"https:\/\/noticiasdefato.net\/index.php?rest_route=\/wp\/v2\/posts\/1431\/revisions"}],"predecessor-version":[{"id":1436,"href":"https:\/\/noticiasdefato.net\/index.php?rest_route=\/wp\/v2\/posts\/1431\/revisions\/1436"}],"wp:featuredmedia":[{"embeddable":true,"href":"https:\/\/noticiasdefato.net\/index.php?rest_route=\/wp\/v2\/media\/1432"}],"wp:attachment":[{"href":"https:\/\/noticiasdefato.net\/index.php?rest_route=%2Fwp%2Fv2%2Fmedia&parent=1431"}],"wp:term":[{"taxonomy":"category","embeddable":true,"href":"https:\/\/noticiasdefato.net\/index.php?rest_route=%2Fwp%2Fv2%2Fcategories&post=1431"},{"taxonomy":"post_tag","embeddable":true,"href":"https:\/\/noticiasdefato.net\/index.php?rest_route=%2Fwp%2Fv2%2Ftags&post=1431"}],"curies":[{"name":"wp","href":"https:\/\/api.w.org\/{rel}","templated":true}]}}