{"id":1485,"date":"2024-07-26T11:37:29","date_gmt":"2024-07-26T14:37:29","guid":{"rendered":"https:\/\/noticiasdefato.net\/?p=1485"},"modified":"2024-07-26T11:37:44","modified_gmt":"2024-07-26T14:37:44","slug":"partido-novo-aprova-amadeu-e-toninho","status":"publish","type":"post","link":"https:\/\/noticiasdefato.net\/?p=1485","title":{"rendered":"PARTIDO NOVO APROVA AMADEU E TONINHO"},"content":{"rendered":"\n<p><em>Conven\u00e7\u00e3o do Partido Novo confirma coliga\u00e7\u00e3o com PL<\/em><\/p>\n\n\n\n<p>O Partido Novo de Alfenas realizou sua conven\u00e7\u00e3o na noite de quinta-feira (25) e durante este ato confirmou sua participa\u00e7\u00e3o na coliga\u00e7\u00e3o com o Partido Liberal (PL), com o Podemos e com o Solidariedade, indicando assim Amadeu Peloso como candidato \u00e0 prefeitura do munic\u00edpio, ao lado do vice, Toninho Munhoz.<\/p>\n\n\n\n<figure class=\"wp-block-image size-large\"><img fetchpriority=\"high\" decoding=\"async\" width=\"1024\" height=\"664\" src=\"https:\/\/noticiasdefato.net\/wp-content\/uploads\/2024\/07\/Imagem-do-WhatsApp-de-2024-07-26-as-11.29.22_ae0f4bbf-1024x664.jpg\" alt=\"\" class=\"wp-image-1487\" srcset=\"https:\/\/noticiasdefato.net\/wp-content\/uploads\/2024\/07\/Imagem-do-WhatsApp-de-2024-07-26-as-11.29.22_ae0f4bbf-1024x664.jpg 1024w, https:\/\/noticiasdefato.net\/wp-content\/uploads\/2024\/07\/Imagem-do-WhatsApp-de-2024-07-26-as-11.29.22_ae0f4bbf-300x194.jpg 300w, https:\/\/noticiasdefato.net\/wp-content\/uploads\/2024\/07\/Imagem-do-WhatsApp-de-2024-07-26-as-11.29.22_ae0f4bbf-768x498.jpg 768w, https:\/\/noticiasdefato.net\/wp-content\/uploads\/2024\/07\/Imagem-do-WhatsApp-de-2024-07-26-as-11.29.22_ae0f4bbf-1536x996.jpg 1536w, https:\/\/noticiasdefato.net\/wp-content\/uploads\/2024\/07\/Imagem-do-WhatsApp-de-2024-07-26-as-11.29.22_ae0f4bbf-139x90.jpg 139w, https:\/\/noticiasdefato.net\/wp-content\/uploads\/2024\/07\/Imagem-do-WhatsApp-de-2024-07-26-as-11.29.22_ae0f4bbf.jpg 1600w\" sizes=\"(max-width: 1024px) 100vw, 1024px\" \/><\/figure>\n\n\n\n<p>O evento ocorreu na sede do partido no jardim Aeroporto, onde seu presidente, Paulo Bressan, fez a leitura do edital para a escolha dos candidatos e apresentou as demais delibera\u00e7\u00f5es da legenda, como a defini\u00e7\u00e3o dos n\u00fameros com os quais os candidatos do Novo v\u00e3o concorrer aos cargos de vereadores.<\/p>\n\n\n\n<p>Presente na conven\u00e7\u00e3o, Amadeu Peloso expressou sua satisfa\u00e7\u00e3o em poder contar, desde as primeiras conven\u00e7\u00f5es, com integrantes do partido que ele considera \u201ct\u00e3o organizado e t\u00e3o bem constitu\u00eddo\u201d. Ele elogiou a austeridade, principalmente no campo econ\u00f4mico, das lideran\u00e7as do partido. \u201cO partido tem exemplo de l\u00edderes corretos, como o governador Romeu Zema, est\u00e1 constitu\u00eddo de pessoas boas e corretas e \u00e9 disto que a pol\u00edtica precisa neste momento\u201d, expressou Amadeu Peloso.<\/p>\n\n\n\n<figure class=\"wp-block-image size-large\"><img decoding=\"async\" width=\"797\" height=\"1024\" src=\"https:\/\/noticiasdefato.net\/wp-content\/uploads\/2024\/07\/Imagem-do-WhatsApp-de-2024-07-26-as-11.31.36_7caf4280-797x1024.jpg\" alt=\"\" class=\"wp-image-1488\" srcset=\"https:\/\/noticiasdefato.net\/wp-content\/uploads\/2024\/07\/Imagem-do-WhatsApp-de-2024-07-26-as-11.31.36_7caf4280-797x1024.jpg 797w, https:\/\/noticiasdefato.net\/wp-content\/uploads\/2024\/07\/Imagem-do-WhatsApp-de-2024-07-26-as-11.31.36_7caf4280-234x300.jpg 234w, https:\/\/noticiasdefato.net\/wp-content\/uploads\/2024\/07\/Imagem-do-WhatsApp-de-2024-07-26-as-11.31.36_7caf4280-768x986.jpg 768w, https:\/\/noticiasdefato.net\/wp-content\/uploads\/2024\/07\/Imagem-do-WhatsApp-de-2024-07-26-as-11.31.36_7caf4280-1196x1536.jpg 1196w, https:\/\/noticiasdefato.net\/wp-content\/uploads\/2024\/07\/Imagem-do-WhatsApp-de-2024-07-26-as-11.31.36_7caf4280-70x90.jpg 70w, https:\/\/noticiasdefato.net\/wp-content\/uploads\/2024\/07\/Imagem-do-WhatsApp-de-2024-07-26-as-11.31.36_7caf4280.jpg 1246w\" sizes=\"(max-width: 797px) 100vw, 797px\" \/><\/figure>\n\n\n\n<p>Ao final do encontro , ele convocou os candidatos do Novo a se unirem e irem \u00e0s ruas. &#8220;N\u00f3s nunca paramos de andar na rua, de entrar nos condom\u00ednios e nos bairros porque temos essa rela\u00e7\u00e3o de confian\u00e7a, de olho no olho com a popula\u00e7\u00e3o&#8221;,&nbsp;lembrou&nbsp;Amadeu.<\/p>\n","protected":false},"excerpt":{"rendered":"<p>Conven\u00e7\u00e3o do Partido Novo confirma coliga\u00e7\u00e3o com PL <a href=\"https:\/\/noticiasdefato.net\/?p=1485\" class=\"more-link\">Continuar lendo <span class=\"screen-reader-text\">PARTIDO NOVO APROVA AMADEU E TONINHO<\/span><\/a><\/p>\n","protected":false},"author":1,"featured_media":1486,"comment_status":"open","ping_status":"open","sticky":false,"template":"","format":"standard","meta":{"footnotes":""},"categories":[18],"tags":[],"class_list":["post-1485","post","type-post","status-publish","format-standard","has-post-thumbnail","hentry","category-politica"],"yoast_head":"<!-- This site is optimized with the Yoast SEO plugin v23.2 - https:\/\/yoast.com\/wordpress\/plugins\/seo\/ -->\n<title>PARTIDO NOVO APROVA AMADEU E TONINHO - Not\u00edcias de Fato<\/title>\n<meta name=\"description\" content=\"Conven\u00e7\u00e3o do Partido Novo confirma coliga\u00e7\u00e3o com PL\" \/>\n<meta name=\"robots\" content=\"index, follow, max-snippet:-1, max-image-preview:large, max-video-preview:-1\" \/>\n<link rel=\"canonical\" href=\"https:\/\/noticiasdefato.net\/?p=1485\" \/>\n<meta property=\"og:locale\" content=\"pt_BR\" \/>\n<meta property=\"og:type\" content=\"article\" \/>\n<meta property=\"og:title\" content=\"PARTIDO NOVO APROVA AMADEU E TONINHO - Not\u00edcias de Fato\" \/>\n<meta property=\"og:description\" content=\"Conven\u00e7\u00e3o do Partido Novo confirma coliga\u00e7\u00e3o com PL\" \/>\n<meta property=\"og:url\" content=\"https:\/\/noticiasdefato.net\/?p=1485\" \/>\n<meta property=\"og:site_name\" content=\"Not\u00edcias de Fato\" \/>\n<meta property=\"article:publisher\" content=\"https:\/\/fb.com\/noticiasdefato.jornal\" \/>\n<meta property=\"article:author\" content=\"http:\/\/fb.com\/\/noticiasdefato.jornal\" \/>\n<meta property=\"article:published_time\" content=\"2024-07-26T14:37:29+00:00\" \/>\n<meta property=\"article:modified_time\" content=\"2024-07-26T14:37:44+00:00\" \/>\n<meta property=\"og:image\" content=\"https:\/\/noticiasdefato.net\/wp-content\/uploads\/2024\/07\/image-22.png\" \/>\n\t<meta property=\"og:image:width\" content=\"429\" \/>\n\t<meta property=\"og:image:height\" content=\"190\" \/>\n\t<meta property=\"og:image:type\" content=\"image\/png\" \/>\n<meta name=\"author\" content=\"Noticias de Fato\" \/>\n<meta name=\"twitter:card\" content=\"summary_large_image\" \/>\n<meta name=\"twitter:creator\" content=\"@https:\/\/twitter.com\/NoticiasDeFato_\" \/>\n<meta name=\"twitter:site\" content=\"@noticiasdefato_\" \/>\n<meta name=\"twitter:label1\" content=\"Escrito por\" \/>\n\t<meta name=\"twitter:data1\" content=\"Noticias de Fato\" \/>\n\t<meta name=\"twitter:label2\" content=\"Est. tempo de leitura\" \/>\n\t<meta name=\"twitter:data2\" content=\"2 minutos\" \/>\n<script type=\"application\/ld+json\" class=\"yoast-schema-graph\">{\"@context\":\"https:\/\/schema.org\",\"@graph\":[{\"@type\":\"Article\",\"@id\":\"https:\/\/noticiasdefato.net\/?p=1485#article\",\"isPartOf\":{\"@id\":\"https:\/\/noticiasdefato.net\/?p=1485\"},\"author\":{\"name\":\"Noticias de Fato\",\"@id\":\"https:\/\/noticiasdefato.net\/#\/schema\/person\/982ce60211d95acf059cd702aa260d08\"},\"headline\":\"PARTIDO NOVO APROVA AMADEU E TONINHO\",\"datePublished\":\"2024-07-26T14:37:29+00:00\",\"dateModified\":\"2024-07-26T14:37:44+00:00\",\"mainEntityOfPage\":{\"@id\":\"https:\/\/noticiasdefato.net\/?p=1485\"},\"wordCount\":256,\"commentCount\":0,\"publisher\":{\"@id\":\"https:\/\/noticiasdefato.net\/#organization\"},\"image\":{\"@id\":\"https:\/\/noticiasdefato.net\/?p=1485#primaryimage\"},\"thumbnailUrl\":\"https:\/\/noticiasdefato.net\/wp-content\/uploads\/2024\/07\/image-22.png\",\"articleSection\":[\"Pol\u00edtica\"],\"inLanguage\":\"pt-BR\",\"potentialAction\":[{\"@type\":\"CommentAction\",\"name\":\"Comment\",\"target\":[\"https:\/\/noticiasdefato.net\/?p=1485#respond\"]}]},{\"@type\":\"WebPage\",\"@id\":\"https:\/\/noticiasdefato.net\/?p=1485\",\"url\":\"https:\/\/noticiasdefato.net\/?p=1485\",\"name\":\"PARTIDO NOVO APROVA AMADEU E TONINHO - Not\u00edcias de Fato\",\"isPartOf\":{\"@id\":\"https:\/\/noticiasdefato.net\/#website\"},\"primaryImageOfPage\":{\"@id\":\"https:\/\/noticiasdefato.net\/?p=1485#primaryimage\"},\"image\":{\"@id\":\"https:\/\/noticiasdefato.net\/?p=1485#primaryimage\"},\"thumbnailUrl\":\"https:\/\/noticiasdefato.net\/wp-content\/uploads\/2024\/07\/image-22.png\",\"datePublished\":\"2024-07-26T14:37:29+00:00\",\"dateModified\":\"2024-07-26T14:37:44+00:00\",\"description\":\"Conven\u00e7\u00e3o do Partido Novo confirma coliga\u00e7\u00e3o com PL\",\"breadcrumb\":{\"@id\":\"https:\/\/noticiasdefato.net\/?p=1485#breadcrumb\"},\"inLanguage\":\"pt-BR\",\"potentialAction\":[{\"@type\":\"ReadAction\",\"target\":[\"https:\/\/noticiasdefato.net\/?p=1485\"]}]},{\"@type\":\"ImageObject\",\"inLanguage\":\"pt-BR\",\"@id\":\"https:\/\/noticiasdefato.net\/?p=1485#primaryimage\",\"url\":\"https:\/\/noticiasdefato.net\/wp-content\/uploads\/2024\/07\/image-22.png\",\"contentUrl\":\"https:\/\/noticiasdefato.net\/wp-content\/uploads\/2024\/07\/image-22.png\",\"width\":429,\"height\":190},{\"@type\":\"BreadcrumbList\",\"@id\":\"https:\/\/noticiasdefato.net\/?p=1485#breadcrumb\",\"itemListElement\":[{\"@type\":\"ListItem\",\"position\":1,\"name\":\"In\u00edcio\",\"item\":\"https:\/\/noticiasdefato.net\/\"},{\"@type\":\"ListItem\",\"position\":2,\"name\":\"PARTIDO NOVO APROVA AMADEU E TONINHO\"}]},{\"@type\":\"WebSite\",\"@id\":\"https:\/\/noticiasdefato.net\/#website\",\"url\":\"https:\/\/noticiasdefato.net\/\",\"name\":\"Not\u00edcias de Fato\",\"description\":\"Trabalhamos com honestidade, seriedade e com a verdade.\",\"publisher\":{\"@id\":\"https:\/\/noticiasdefato.net\/#organization\"},\"potentialAction\":[{\"@type\":\"SearchAction\",\"target\":{\"@type\":\"EntryPoint\",\"urlTemplate\":\"https:\/\/noticiasdefato.net\/?s={search_term_string}\"},\"query-input\":\"required name=search_term_string\"}],\"inLanguage\":\"pt-BR\"},{\"@type\":\"Organization\",\"@id\":\"https:\/\/noticiasdefato.net\/#organization\",\"name\":\"Not\u00edcias de Fato\",\"url\":\"https:\/\/noticiasdefato.net\/\",\"logo\":{\"@type\":\"ImageObject\",\"inLanguage\":\"pt-BR\",\"@id\":\"https:\/\/noticiasdefato.net\/#\/schema\/logo\/image\/\",\"url\":\"https:\/\/noticiasdefato.net\/wp-content\/uploads\/2024\/02\/cropped-logo_topo.png\",\"contentUrl\":\"https:\/\/noticiasdefato.net\/wp-content\/uploads\/2024\/02\/cropped-logo_topo.png\",\"width\":1948,\"height\":665,\"caption\":\"Not\u00edcias de Fato\"},\"image\":{\"@id\":\"https:\/\/noticiasdefato.net\/#\/schema\/logo\/image\/\"},\"sameAs\":[\"https:\/\/fb.com\/noticiasdefato.jornal\",\"https:\/\/x.com\/noticiasdefato_\",\"https:\/\/instagram.com\/noticiasdefato.jornal\",\"https:\/\/youtube.com\/@JornalNoticiasDeFato\"]},{\"@type\":\"Person\",\"@id\":\"https:\/\/noticiasdefato.net\/#\/schema\/person\/982ce60211d95acf059cd702aa260d08\",\"name\":\"Noticias de Fato\",\"image\":{\"@type\":\"ImageObject\",\"inLanguage\":\"pt-BR\",\"@id\":\"https:\/\/noticiasdefato.net\/#\/schema\/person\/image\/\",\"url\":\"https:\/\/secure.gravatar.com\/avatar\/700227fab2316f0366a1b5d4988d10f847249cf13293450527ac9553c994611a?s=96&d=mm&r=g\",\"contentUrl\":\"https:\/\/secure.gravatar.com\/avatar\/700227fab2316f0366a1b5d4988d10f847249cf13293450527ac9553c994611a?s=96&d=mm&r=g\",\"caption\":\"Noticias de Fato\"},\"sameAs\":[\"https:\/\/noticiasdefato.net\",\"http:\/\/fb.com\/\/noticiasdefato.jornal\",\"https:\/\/x.com\/https:\/\/twitter.com\/NoticiasDeFato_\"],\"url\":\"https:\/\/noticiasdefato.net\/?author=1\"}]}<\/script>\n<!-- \/ Yoast SEO plugin. -->","yoast_head_json":{"title":"PARTIDO NOVO APROVA AMADEU E TONINHO - Not\u00edcias de Fato","description":"Conven\u00e7\u00e3o do Partido Novo confirma coliga\u00e7\u00e3o com PL","robots":{"index":"index","follow":"follow","max-snippet":"max-snippet:-1","max-image-preview":"max-image-preview:large","max-video-preview":"max-video-preview:-1"},"canonical":"https:\/\/noticiasdefato.net\/?p=1485","og_locale":"pt_BR","og_type":"article","og_title":"PARTIDO NOVO APROVA AMADEU E TONINHO - Not\u00edcias de Fato","og_description":"Conven\u00e7\u00e3o do Partido Novo confirma coliga\u00e7\u00e3o com PL","og_url":"https:\/\/noticiasdefato.net\/?p=1485","og_site_name":"Not\u00edcias de Fato","article_publisher":"https:\/\/fb.com\/noticiasdefato.jornal","article_author":"http:\/\/fb.com\/\/noticiasdefato.jornal","article_published_time":"2024-07-26T14:37:29+00:00","article_modified_time":"2024-07-26T14:37:44+00:00","og_image":[{"width":429,"height":190,"url":"https:\/\/noticiasdefato.net\/wp-content\/uploads\/2024\/07\/image-22.png","type":"image\/png"}],"author":"Noticias de Fato","twitter_card":"summary_large_image","twitter_creator":"@https:\/\/twitter.com\/NoticiasDeFato_","twitter_site":"@noticiasdefato_","twitter_misc":{"Escrito por":"Noticias de Fato","Est. tempo de leitura":"2 minutos"},"schema":{"@context":"https:\/\/schema.org","@graph":[{"@type":"Article","@id":"https:\/\/noticiasdefato.net\/?p=1485#article","isPartOf":{"@id":"https:\/\/noticiasdefato.net\/?p=1485"},"author":{"name":"Noticias de Fato","@id":"https:\/\/noticiasdefato.net\/#\/schema\/person\/982ce60211d95acf059cd702aa260d08"},"headline":"PARTIDO NOVO APROVA AMADEU E TONINHO","datePublished":"2024-07-26T14:37:29+00:00","dateModified":"2024-07-26T14:37:44+00:00","mainEntityOfPage":{"@id":"https:\/\/noticiasdefato.net\/?p=1485"},"wordCount":256,"commentCount":0,"publisher":{"@id":"https:\/\/noticiasdefato.net\/#organization"},"image":{"@id":"https:\/\/noticiasdefato.net\/?p=1485#primaryimage"},"thumbnailUrl":"https:\/\/noticiasdefato.net\/wp-content\/uploads\/2024\/07\/image-22.png","articleSection":["Pol\u00edtica"],"inLanguage":"pt-BR","potentialAction":[{"@type":"CommentAction","name":"Comment","target":["https:\/\/noticiasdefato.net\/?p=1485#respond"]}]},{"@type":"WebPage","@id":"https:\/\/noticiasdefato.net\/?p=1485","url":"https:\/\/noticiasdefato.net\/?p=1485","name":"PARTIDO NOVO APROVA AMADEU E TONINHO - Not\u00edcias de Fato","isPartOf":{"@id":"https:\/\/noticiasdefato.net\/#website"},"primaryImageOfPage":{"@id":"https:\/\/noticiasdefato.net\/?p=1485#primaryimage"},"image":{"@id":"https:\/\/noticiasdefato.net\/?p=1485#primaryimage"},"thumbnailUrl":"https:\/\/noticiasdefato.net\/wp-content\/uploads\/2024\/07\/image-22.png","datePublished":"2024-07-26T14:37:29+00:00","dateModified":"2024-07-26T14:37:44+00:00","description":"Conven\u00e7\u00e3o do Partido Novo confirma coliga\u00e7\u00e3o com PL","breadcrumb":{"@id":"https:\/\/noticiasdefato.net\/?p=1485#breadcrumb"},"inLanguage":"pt-BR","potentialAction":[{"@type":"ReadAction","target":["https:\/\/noticiasdefato.net\/?p=1485"]}]},{"@type":"ImageObject","inLanguage":"pt-BR","@id":"https:\/\/noticiasdefato.net\/?p=1485#primaryimage","url":"https:\/\/noticiasdefato.net\/wp-content\/uploads\/2024\/07\/image-22.png","contentUrl":"https:\/\/noticiasdefato.net\/wp-content\/uploads\/2024\/07\/image-22.png","width":429,"height":190},{"@type":"BreadcrumbList","@id":"https:\/\/noticiasdefato.net\/?p=1485#breadcrumb","itemListElement":[{"@type":"ListItem","position":1,"name":"In\u00edcio","item":"https:\/\/noticiasdefato.net\/"},{"@type":"ListItem","position":2,"name":"PARTIDO NOVO APROVA AMADEU E TONINHO"}]},{"@type":"WebSite","@id":"https:\/\/noticiasdefato.net\/#website","url":"https:\/\/noticiasdefato.net\/","name":"Not\u00edcias de Fato","description":"Trabalhamos com honestidade, seriedade e com a verdade.","publisher":{"@id":"https:\/\/noticiasdefato.net\/#organization"},"potentialAction":[{"@type":"SearchAction","target":{"@type":"EntryPoint","urlTemplate":"https:\/\/noticiasdefato.net\/?s={search_term_string}"},"query-input":"required name=search_term_string"}],"inLanguage":"pt-BR"},{"@type":"Organization","@id":"https:\/\/noticiasdefato.net\/#organization","name":"Not\u00edcias de Fato","url":"https:\/\/noticiasdefato.net\/","logo":{"@type":"ImageObject","inLanguage":"pt-BR","@id":"https:\/\/noticiasdefato.net\/#\/schema\/logo\/image\/","url":"https:\/\/noticiasdefato.net\/wp-content\/uploads\/2024\/02\/cropped-logo_topo.png","contentUrl":"https:\/\/noticiasdefato.net\/wp-content\/uploads\/2024\/02\/cropped-logo_topo.png","width":1948,"height":665,"caption":"Not\u00edcias de Fato"},"image":{"@id":"https:\/\/noticiasdefato.net\/#\/schema\/logo\/image\/"},"sameAs":["https:\/\/fb.com\/noticiasdefato.jornal","https:\/\/x.com\/noticiasdefato_","https:\/\/instagram.com\/noticiasdefato.jornal","https:\/\/youtube.com\/@JornalNoticiasDeFato"]},{"@type":"Person","@id":"https:\/\/noticiasdefato.net\/#\/schema\/person\/982ce60211d95acf059cd702aa260d08","name":"Noticias de Fato","image":{"@type":"ImageObject","inLanguage":"pt-BR","@id":"https:\/\/noticiasdefato.net\/#\/schema\/person\/image\/","url":"https:\/\/secure.gravatar.com\/avatar\/700227fab2316f0366a1b5d4988d10f847249cf13293450527ac9553c994611a?s=96&d=mm&r=g","contentUrl":"https:\/\/secure.gravatar.com\/avatar\/700227fab2316f0366a1b5d4988d10f847249cf13293450527ac9553c994611a?s=96&d=mm&r=g","caption":"Noticias de Fato"},"sameAs":["https:\/\/noticiasdefato.net","http:\/\/fb.com\/\/noticiasdefato.jornal","https:\/\/x.com\/https:\/\/twitter.com\/NoticiasDeFato_"],"url":"https:\/\/noticiasdefato.net\/?author=1"}]}},"_links":{"self":[{"href":"https:\/\/noticiasdefato.net\/index.php?rest_route=\/wp\/v2\/posts\/1485","targetHints":{"allow":["GET"]}}],"collection":[{"href":"https:\/\/noticiasdefato.net\/index.php?rest_route=\/wp\/v2\/posts"}],"about":[{"href":"https:\/\/noticiasdefato.net\/index.php?rest_route=\/wp\/v2\/types\/post"}],"author":[{"embeddable":true,"href":"https:\/\/noticiasdefato.net\/index.php?rest_route=\/wp\/v2\/users\/1"}],"replies":[{"embeddable":true,"href":"https:\/\/noticiasdefato.net\/index.php?rest_route=%2Fwp%2Fv2%2Fcomments&post=1485"}],"version-history":[{"count":1,"href":"https:\/\/noticiasdefato.net\/index.php?rest_route=\/wp\/v2\/posts\/1485\/revisions"}],"predecessor-version":[{"id":1489,"href":"https:\/\/noticiasdefato.net\/index.php?rest_route=\/wp\/v2\/posts\/1485\/revisions\/1489"}],"wp:featuredmedia":[{"embeddable":true,"href":"https:\/\/noticiasdefato.net\/index.php?rest_route=\/wp\/v2\/media\/1486"}],"wp:attachment":[{"href":"https:\/\/noticiasdefato.net\/index.php?rest_route=%2Fwp%2Fv2%2Fmedia&parent=1485"}],"wp:term":[{"taxonomy":"category","embeddable":true,"href":"https:\/\/noticiasdefato.net\/index.php?rest_route=%2Fwp%2Fv2%2Fcategories&post=1485"},{"taxonomy":"post_tag","embeddable":true,"href":"https:\/\/noticiasdefato.net\/index.php?rest_route=%2Fwp%2Fv2%2Ftags&post=1485"}],"curies":[{"name":"wp","href":"https:\/\/api.w.org\/{rel}","templated":true}]}}