{"id":1490,"date":"2024-07-30T08:43:36","date_gmt":"2024-07-30T11:43:36","guid":{"rendered":"https:\/\/noticiasdefato.net\/?p=1490"},"modified":"2024-07-30T09:41:24","modified_gmt":"2024-07-30T12:41:24","slug":"realizada-a-convencao-do-uniao-brasil-de-alfenas","status":"publish","type":"post","link":"https:\/\/noticiasdefato.net\/?p=1490","title":{"rendered":"REALIZADA A CONVEN\u00c7\u00c3O DO UNI\u00c3O BRASIL DE ALFENAS"},"content":{"rendered":"\n<p><em>O evento foi realizado na C\u00e2mara Municipal de Alfenas na \u00faltima semana.<\/em><\/p>\n\n\n\n<p>Na \u00faltima sexta-feira (26), o partido Uni\u00e3o Brasil de Alfenas realizou sua conven\u00e7\u00e3o para confirmar nomes para concorrer ao executivo e legislativo.<\/p>\n\n\n\n<p>O evento tamb\u00e9m contou com Pr\u00e9-candidatos a vereador dos partidos PSD e AVANTE, que fazem parte da coliga\u00e7\u00e3o encabe\u00e7ada pelo Uni\u00e3o Brasil.<\/p>\n\n\n\n<p>Ap\u00f3s diversos discursos, foi confirmado o nome de Jaime Daniel como candidato a Prefeito. Jaime Daniel come\u00e7ou sua trajet\u00f3ria pol\u00edtica no Partido dos Trabalhadores (PT), tendo como padrinho pol\u00edtico o Ex-prefeito e atual deputado estadual, Luiz Ant\u00f4nio da Silva (Luizinho do PT).<\/p>\n\n\n<div class=\"wp-block-image\">\n<figure class=\"aligncenter size-full is-resized\"><img fetchpriority=\"high\" decoding=\"async\" width=\"707\" height=\"851\" src=\"https:\/\/noticiasdefato.net\/wp-content\/uploads\/2024\/07\/Imagem-do-WhatsApp-de-2024-07-28-as-14.53.22_fd3e7b44.jpg\" alt=\"\" class=\"wp-image-1499\" style=\"width:403px;height:auto\" srcset=\"https:\/\/noticiasdefato.net\/wp-content\/uploads\/2024\/07\/Imagem-do-WhatsApp-de-2024-07-28-as-14.53.22_fd3e7b44.jpg 707w, https:\/\/noticiasdefato.net\/wp-content\/uploads\/2024\/07\/Imagem-do-WhatsApp-de-2024-07-28-as-14.53.22_fd3e7b44-249x300.jpg 249w, https:\/\/noticiasdefato.net\/wp-content\/uploads\/2024\/07\/Imagem-do-WhatsApp-de-2024-07-28-as-14.53.22_fd3e7b44-75x90.jpg 75w\" sizes=\"(max-width: 707px) 100vw, 707px\" \/><\/figure>\n<\/div>\n\n\n<p>Jaime Daniel se filiou ao Uni\u00e3o Brasil no ano passado, prometendo ser oposi\u00e7\u00e3o ao atual prefeito. Por\u00e9m, atitudes do pr\u00f3prio Pr\u00e9-candidato levantaram d\u00favidas sobre o seu suposto &#8220;rompimento&#8221; com o PT. O partido Uni\u00e3o Brasil, juntamente com o PSD e MDB, s\u00e3o bases de Lula (PT), sendo Uni\u00e3o Brasil e PSD os partidos mais fi\u00e9is a Lula nas vota\u00e7\u00f5es, atr\u00e1s apenas do pr\u00f3prio PT. O Uni\u00e3o Brasil ocupa atualmente tr\u00eas minist\u00e9rios no governo Lula, de acordo com jornal Poder 360. J\u00e1 o PSD \u00e9 o partido de Rodrigo Pacheco, pol\u00edtico que atualmente n\u00e3o tem tido prest\u00edgio entre os mineiros.<\/p>\n\n\n<div class=\"wp-block-image\">\n<figure class=\"aligncenter size-full\"><img decoding=\"async\" width=\"480\" height=\"281\" src=\"https:\/\/noticiasdefato.net\/wp-content\/uploads\/2024\/07\/image-25.png\" alt=\"\" class=\"wp-image-1493\" srcset=\"https:\/\/noticiasdefato.net\/wp-content\/uploads\/2024\/07\/image-25.png 480w, https:\/\/noticiasdefato.net\/wp-content\/uploads\/2024\/07\/image-25-300x176.png 300w, https:\/\/noticiasdefato.net\/wp-content\/uploads\/2024\/07\/image-25-154x90.png 154w\" sizes=\"(max-width: 480px) 100vw, 480px\" \/><\/figure>\n<\/div>\n\n\n<p>Jaime Daniel havia cogitado o nome de Pedro da Itapu\u00e3, que j\u00e1 foi secret\u00e1rio municipal na gest\u00e3o de Luizinho do PT. Por\u00e9m, o nome escolhido para Pr\u00e9-candidato a vice-prefeito, foi Roselene Coutinho Modesto Junqueira (Rose da Caixa), filiada ao MDB.<\/p>\n\n\n\n<p>Rose da Caixa, de vi\u00e9s pol\u00edtico de esquerda, tamb\u00e9m teve passagem na gest\u00e3o do petista Luizinho, quando foi secret\u00e1ria de fazenda entre 2016 a 2020, atuando ao lado de figuras conhecidas do PT e da atual gest\u00e3o do prefeito F\u00e1bio Flor\u00eancio (Fabinho do PT), como a primeira dama Deyv Cabral (Deyvinha), Hemerson Louren\u00e7o (Sonzinho), Vagner Tarc\u00edsio de Morais (Guinho), Vera L\u00facia Pereira (irm\u00e3 de Luizinho do PT), Leon Felipe da Silva (filho de Luizinho do PT), entre outros. <\/p>\n\n\n\n<figure class=\"wp-block-image size-large\"><img decoding=\"async\" width=\"1024\" height=\"573\" src=\"https:\/\/noticiasdefato.net\/wp-content\/uploads\/2024\/07\/image-24-1024x573.png\" alt=\"\" class=\"wp-image-1492\" srcset=\"https:\/\/noticiasdefato.net\/wp-content\/uploads\/2024\/07\/image-24-1024x573.png 1024w, https:\/\/noticiasdefato.net\/wp-content\/uploads\/2024\/07\/image-24-300x168.png 300w, https:\/\/noticiasdefato.net\/wp-content\/uploads\/2024\/07\/image-24-768x430.png 768w, https:\/\/noticiasdefato.net\/wp-content\/uploads\/2024\/07\/image-24-161x90.png 161w, https:\/\/noticiasdefato.net\/wp-content\/uploads\/2024\/07\/image-24.png 1070w\" sizes=\"(max-width: 1024px) 100vw, 1024px\" \/><figcaption class=\"wp-element-caption\">Em destaque Rose da Caixa (Rose da Unifenas), entre o secretariado de Luizinho.<\/figcaption><\/figure>\n\n\n\n<p>De acordo com imagens divulgadas na redes sociais, o evento de Jaime Daniel teve pouca ades\u00e3o da popula\u00e7\u00e3o.<\/p>\n\n\n\n<p>A conven\u00e7\u00e3o que confirmou o nome de Jaime Daniel para o pleito do corrente ano, n\u00e3o contou com a presen\u00e7a de alguns deputados aliados, como \u00e9 o caso do Deputado Federal Rafael Sim\u00f5es, que \u00e9 majorit\u00e1rio do Uni\u00e3o Brasil em Alfenas, que preferiu prestigiar outro evento na cidade de Concei\u00e7\u00e3o dos Ouros, de apenas 10 mil habitantes.<\/p>\n\n\n<div class=\"wp-block-image\">\n<figure class=\"aligncenter size-full\"><img loading=\"lazy\" decoding=\"async\" width=\"345\" height=\"529\" src=\"https:\/\/noticiasdefato.net\/wp-content\/uploads\/2024\/07\/image-28.png\" alt=\"\" class=\"wp-image-1496\" srcset=\"https:\/\/noticiasdefato.net\/wp-content\/uploads\/2024\/07\/image-28.png 345w, https:\/\/noticiasdefato.net\/wp-content\/uploads\/2024\/07\/image-28-196x300.png 196w, https:\/\/noticiasdefato.net\/wp-content\/uploads\/2024\/07\/image-28-59x90.png 59w\" sizes=\"(max-width: 345px) 100vw, 345px\" \/><\/figure>\n<\/div>\n\n\n<p>Outra aus\u00eancia foi do deputado C\u00e1ssio Soares, Presidente Estadual do PSD, e do deputado Newton Cardoso J\u00fanior, presidente estadual do MDB, partido de&nbsp;Rose&nbsp;da&nbsp;Caixa.<\/p>\n","protected":false},"excerpt":{"rendered":"<p>O evento foi realizado na C\u00e2mara Municipal de Alfenas na \u00faltima semana. <a href=\"https:\/\/noticiasdefato.net\/?p=1490\" class=\"more-link\">Continuar lendo <span class=\"screen-reader-text\">REALIZADA A CONVEN\u00c7\u00c3O DO UNI\u00c3O BRASIL DE ALFENAS<\/span><\/a><\/p>\n","protected":false},"author":1,"featured_media":1497,"comment_status":"open","ping_status":"open","sticky":false,"template":"","format":"standard","meta":{"footnotes":""},"categories":[18],"tags":[],"class_list":["post-1490","post","type-post","status-publish","format-standard","has-post-thumbnail","hentry","category-politica"],"yoast_head":"<!-- This site is optimized with the Yoast SEO plugin v23.2 - https:\/\/yoast.com\/wordpress\/plugins\/seo\/ -->\n<title>REALIZADA A CONVEN\u00c7\u00c3O DO UNI\u00c3O BRASIL DE ALFENAS - Not\u00edcias de Fato<\/title>\n<meta name=\"description\" content=\"O evento foi realizado na C\u00e2mara Municipal de Alfenas na \u00faltima semana.\" \/>\n<meta name=\"robots\" content=\"index, follow, max-snippet:-1, max-image-preview:large, max-video-preview:-1\" \/>\n<link rel=\"canonical\" href=\"https:\/\/noticiasdefato.net\/?p=1490\" \/>\n<meta property=\"og:locale\" content=\"pt_BR\" \/>\n<meta property=\"og:type\" content=\"article\" \/>\n<meta property=\"og:title\" content=\"REALIZADA A CONVEN\u00c7\u00c3O DO UNI\u00c3O BRASIL DE ALFENAS - Not\u00edcias de Fato\" \/>\n<meta property=\"og:description\" content=\"O evento foi realizado na C\u00e2mara Municipal de Alfenas na \u00faltima semana.\" \/>\n<meta property=\"og:url\" content=\"https:\/\/noticiasdefato.net\/?p=1490\" \/>\n<meta property=\"og:site_name\" content=\"Not\u00edcias de Fato\" \/>\n<meta property=\"article:publisher\" content=\"https:\/\/fb.com\/noticiasdefato.jornal\" \/>\n<meta property=\"article:author\" content=\"http:\/\/fb.com\/\/noticiasdefato.jornal\" \/>\n<meta property=\"article:published_time\" content=\"2024-07-30T11:43:36+00:00\" \/>\n<meta property=\"article:modified_time\" content=\"2024-07-30T12:41:24+00:00\" \/>\n<meta property=\"og:image\" content=\"https:\/\/noticiasdefato.net\/wp-content\/uploads\/2024\/07\/Imagem-do-WhatsApp-de-2024-07-30-as-08.35.10_bda141b2.jpg\" \/>\n\t<meta property=\"og:image:width\" content=\"660\" \/>\n\t<meta property=\"og:image:height\" content=\"402\" \/>\n\t<meta property=\"og:image:type\" content=\"image\/jpeg\" \/>\n<meta name=\"author\" content=\"Noticias de Fato\" \/>\n<meta name=\"twitter:card\" content=\"summary_large_image\" \/>\n<meta name=\"twitter:creator\" content=\"@https:\/\/twitter.com\/NoticiasDeFato_\" \/>\n<meta name=\"twitter:site\" content=\"@noticiasdefato_\" \/>\n<meta name=\"twitter:label1\" content=\"Escrito por\" \/>\n\t<meta name=\"twitter:data1\" content=\"Noticias de Fato\" \/>\n\t<meta name=\"twitter:label2\" content=\"Est. tempo de leitura\" \/>\n\t<meta name=\"twitter:data2\" content=\"4 minutos\" \/>\n<script type=\"application\/ld+json\" class=\"yoast-schema-graph\">{\"@context\":\"https:\/\/schema.org\",\"@graph\":[{\"@type\":\"Article\",\"@id\":\"https:\/\/noticiasdefato.net\/?p=1490#article\",\"isPartOf\":{\"@id\":\"https:\/\/noticiasdefato.net\/?p=1490\"},\"author\":{\"name\":\"Noticias de Fato\",\"@id\":\"https:\/\/noticiasdefato.net\/#\/schema\/person\/982ce60211d95acf059cd702aa260d08\"},\"headline\":\"REALIZADA A CONVEN\u00c7\u00c3O DO UNI\u00c3O BRASIL DE ALFENAS\",\"datePublished\":\"2024-07-30T11:43:36+00:00\",\"dateModified\":\"2024-07-30T12:41:24+00:00\",\"mainEntityOfPage\":{\"@id\":\"https:\/\/noticiasdefato.net\/?p=1490\"},\"wordCount\":494,\"commentCount\":0,\"publisher\":{\"@id\":\"https:\/\/noticiasdefato.net\/#organization\"},\"image\":{\"@id\":\"https:\/\/noticiasdefato.net\/?p=1490#primaryimage\"},\"thumbnailUrl\":\"https:\/\/noticiasdefato.net\/wp-content\/uploads\/2024\/07\/Imagem-do-WhatsApp-de-2024-07-30-as-08.35.10_bda141b2.jpg\",\"articleSection\":[\"Pol\u00edtica\"],\"inLanguage\":\"pt-BR\",\"potentialAction\":[{\"@type\":\"CommentAction\",\"name\":\"Comment\",\"target\":[\"https:\/\/noticiasdefato.net\/?p=1490#respond\"]}]},{\"@type\":\"WebPage\",\"@id\":\"https:\/\/noticiasdefato.net\/?p=1490\",\"url\":\"https:\/\/noticiasdefato.net\/?p=1490\",\"name\":\"REALIZADA A CONVEN\u00c7\u00c3O DO UNI\u00c3O BRASIL DE ALFENAS - Not\u00edcias de Fato\",\"isPartOf\":{\"@id\":\"https:\/\/noticiasdefato.net\/#website\"},\"primaryImageOfPage\":{\"@id\":\"https:\/\/noticiasdefato.net\/?p=1490#primaryimage\"},\"image\":{\"@id\":\"https:\/\/noticiasdefato.net\/?p=1490#primaryimage\"},\"thumbnailUrl\":\"https:\/\/noticiasdefato.net\/wp-content\/uploads\/2024\/07\/Imagem-do-WhatsApp-de-2024-07-30-as-08.35.10_bda141b2.jpg\",\"datePublished\":\"2024-07-30T11:43:36+00:00\",\"dateModified\":\"2024-07-30T12:41:24+00:00\",\"description\":\"O evento foi realizado na C\u00e2mara Municipal de Alfenas na \u00faltima semana.\",\"breadcrumb\":{\"@id\":\"https:\/\/noticiasdefato.net\/?p=1490#breadcrumb\"},\"inLanguage\":\"pt-BR\",\"potentialAction\":[{\"@type\":\"ReadAction\",\"target\":[\"https:\/\/noticiasdefato.net\/?p=1490\"]}]},{\"@type\":\"ImageObject\",\"inLanguage\":\"pt-BR\",\"@id\":\"https:\/\/noticiasdefato.net\/?p=1490#primaryimage\",\"url\":\"https:\/\/noticiasdefato.net\/wp-content\/uploads\/2024\/07\/Imagem-do-WhatsApp-de-2024-07-30-as-08.35.10_bda141b2.jpg\",\"contentUrl\":\"https:\/\/noticiasdefato.net\/wp-content\/uploads\/2024\/07\/Imagem-do-WhatsApp-de-2024-07-30-as-08.35.10_bda141b2.jpg\",\"width\":660,\"height\":402},{\"@type\":\"BreadcrumbList\",\"@id\":\"https:\/\/noticiasdefato.net\/?p=1490#breadcrumb\",\"itemListElement\":[{\"@type\":\"ListItem\",\"position\":1,\"name\":\"In\u00edcio\",\"item\":\"https:\/\/noticiasdefato.net\/\"},{\"@type\":\"ListItem\",\"position\":2,\"name\":\"REALIZADA A CONVEN\u00c7\u00c3O DO UNI\u00c3O BRASIL DE ALFENAS\"}]},{\"@type\":\"WebSite\",\"@id\":\"https:\/\/noticiasdefato.net\/#website\",\"url\":\"https:\/\/noticiasdefato.net\/\",\"name\":\"Not\u00edcias de Fato\",\"description\":\"Trabalhamos com honestidade, seriedade e com a verdade.\",\"publisher\":{\"@id\":\"https:\/\/noticiasdefato.net\/#organization\"},\"potentialAction\":[{\"@type\":\"SearchAction\",\"target\":{\"@type\":\"EntryPoint\",\"urlTemplate\":\"https:\/\/noticiasdefato.net\/?s={search_term_string}\"},\"query-input\":\"required name=search_term_string\"}],\"inLanguage\":\"pt-BR\"},{\"@type\":\"Organization\",\"@id\":\"https:\/\/noticiasdefato.net\/#organization\",\"name\":\"Not\u00edcias de Fato\",\"url\":\"https:\/\/noticiasdefato.net\/\",\"logo\":{\"@type\":\"ImageObject\",\"inLanguage\":\"pt-BR\",\"@id\":\"https:\/\/noticiasdefato.net\/#\/schema\/logo\/image\/\",\"url\":\"https:\/\/noticiasdefato.net\/wp-content\/uploads\/2024\/02\/cropped-logo_topo.png\",\"contentUrl\":\"https:\/\/noticiasdefato.net\/wp-content\/uploads\/2024\/02\/cropped-logo_topo.png\",\"width\":1948,\"height\":665,\"caption\":\"Not\u00edcias de Fato\"},\"image\":{\"@id\":\"https:\/\/noticiasdefato.net\/#\/schema\/logo\/image\/\"},\"sameAs\":[\"https:\/\/fb.com\/noticiasdefato.jornal\",\"https:\/\/x.com\/noticiasdefato_\",\"https:\/\/instagram.com\/noticiasdefato.jornal\",\"https:\/\/youtube.com\/@JornalNoticiasDeFato\"]},{\"@type\":\"Person\",\"@id\":\"https:\/\/noticiasdefato.net\/#\/schema\/person\/982ce60211d95acf059cd702aa260d08\",\"name\":\"Noticias de Fato\",\"image\":{\"@type\":\"ImageObject\",\"inLanguage\":\"pt-BR\",\"@id\":\"https:\/\/noticiasdefato.net\/#\/schema\/person\/image\/\",\"url\":\"https:\/\/secure.gravatar.com\/avatar\/700227fab2316f0366a1b5d4988d10f847249cf13293450527ac9553c994611a?s=96&d=mm&r=g\",\"contentUrl\":\"https:\/\/secure.gravatar.com\/avatar\/700227fab2316f0366a1b5d4988d10f847249cf13293450527ac9553c994611a?s=96&d=mm&r=g\",\"caption\":\"Noticias de Fato\"},\"sameAs\":[\"https:\/\/noticiasdefato.net\",\"http:\/\/fb.com\/\/noticiasdefato.jornal\",\"https:\/\/x.com\/https:\/\/twitter.com\/NoticiasDeFato_\"],\"url\":\"https:\/\/noticiasdefato.net\/?author=1\"}]}<\/script>\n<!-- \/ Yoast SEO plugin. -->","yoast_head_json":{"title":"REALIZADA A CONVEN\u00c7\u00c3O DO UNI\u00c3O BRASIL DE ALFENAS - Not\u00edcias de Fato","description":"O evento foi realizado na C\u00e2mara Municipal de Alfenas na \u00faltima semana.","robots":{"index":"index","follow":"follow","max-snippet":"max-snippet:-1","max-image-preview":"max-image-preview:large","max-video-preview":"max-video-preview:-1"},"canonical":"https:\/\/noticiasdefato.net\/?p=1490","og_locale":"pt_BR","og_type":"article","og_title":"REALIZADA A CONVEN\u00c7\u00c3O DO UNI\u00c3O BRASIL DE ALFENAS - Not\u00edcias de Fato","og_description":"O evento foi realizado na C\u00e2mara Municipal de Alfenas na \u00faltima semana.","og_url":"https:\/\/noticiasdefato.net\/?p=1490","og_site_name":"Not\u00edcias de Fato","article_publisher":"https:\/\/fb.com\/noticiasdefato.jornal","article_author":"http:\/\/fb.com\/\/noticiasdefato.jornal","article_published_time":"2024-07-30T11:43:36+00:00","article_modified_time":"2024-07-30T12:41:24+00:00","og_image":[{"width":660,"height":402,"url":"https:\/\/noticiasdefato.net\/wp-content\/uploads\/2024\/07\/Imagem-do-WhatsApp-de-2024-07-30-as-08.35.10_bda141b2.jpg","type":"image\/jpeg"}],"author":"Noticias de Fato","twitter_card":"summary_large_image","twitter_creator":"@https:\/\/twitter.com\/NoticiasDeFato_","twitter_site":"@noticiasdefato_","twitter_misc":{"Escrito por":"Noticias de Fato","Est. tempo de leitura":"4 minutos"},"schema":{"@context":"https:\/\/schema.org","@graph":[{"@type":"Article","@id":"https:\/\/noticiasdefato.net\/?p=1490#article","isPartOf":{"@id":"https:\/\/noticiasdefato.net\/?p=1490"},"author":{"name":"Noticias de Fato","@id":"https:\/\/noticiasdefato.net\/#\/schema\/person\/982ce60211d95acf059cd702aa260d08"},"headline":"REALIZADA A CONVEN\u00c7\u00c3O DO UNI\u00c3O BRASIL DE ALFENAS","datePublished":"2024-07-30T11:43:36+00:00","dateModified":"2024-07-30T12:41:24+00:00","mainEntityOfPage":{"@id":"https:\/\/noticiasdefato.net\/?p=1490"},"wordCount":494,"commentCount":0,"publisher":{"@id":"https:\/\/noticiasdefato.net\/#organization"},"image":{"@id":"https:\/\/noticiasdefato.net\/?p=1490#primaryimage"},"thumbnailUrl":"https:\/\/noticiasdefato.net\/wp-content\/uploads\/2024\/07\/Imagem-do-WhatsApp-de-2024-07-30-as-08.35.10_bda141b2.jpg","articleSection":["Pol\u00edtica"],"inLanguage":"pt-BR","potentialAction":[{"@type":"CommentAction","name":"Comment","target":["https:\/\/noticiasdefato.net\/?p=1490#respond"]}]},{"@type":"WebPage","@id":"https:\/\/noticiasdefato.net\/?p=1490","url":"https:\/\/noticiasdefato.net\/?p=1490","name":"REALIZADA A CONVEN\u00c7\u00c3O DO UNI\u00c3O BRASIL DE ALFENAS - Not\u00edcias de Fato","isPartOf":{"@id":"https:\/\/noticiasdefato.net\/#website"},"primaryImageOfPage":{"@id":"https:\/\/noticiasdefato.net\/?p=1490#primaryimage"},"image":{"@id":"https:\/\/noticiasdefato.net\/?p=1490#primaryimage"},"thumbnailUrl":"https:\/\/noticiasdefato.net\/wp-content\/uploads\/2024\/07\/Imagem-do-WhatsApp-de-2024-07-30-as-08.35.10_bda141b2.jpg","datePublished":"2024-07-30T11:43:36+00:00","dateModified":"2024-07-30T12:41:24+00:00","description":"O evento foi realizado na C\u00e2mara Municipal de Alfenas na \u00faltima semana.","breadcrumb":{"@id":"https:\/\/noticiasdefato.net\/?p=1490#breadcrumb"},"inLanguage":"pt-BR","potentialAction":[{"@type":"ReadAction","target":["https:\/\/noticiasdefato.net\/?p=1490"]}]},{"@type":"ImageObject","inLanguage":"pt-BR","@id":"https:\/\/noticiasdefato.net\/?p=1490#primaryimage","url":"https:\/\/noticiasdefato.net\/wp-content\/uploads\/2024\/07\/Imagem-do-WhatsApp-de-2024-07-30-as-08.35.10_bda141b2.jpg","contentUrl":"https:\/\/noticiasdefato.net\/wp-content\/uploads\/2024\/07\/Imagem-do-WhatsApp-de-2024-07-30-as-08.35.10_bda141b2.jpg","width":660,"height":402},{"@type":"BreadcrumbList","@id":"https:\/\/noticiasdefato.net\/?p=1490#breadcrumb","itemListElement":[{"@type":"ListItem","position":1,"name":"In\u00edcio","item":"https:\/\/noticiasdefato.net\/"},{"@type":"ListItem","position":2,"name":"REALIZADA A CONVEN\u00c7\u00c3O DO UNI\u00c3O BRASIL DE ALFENAS"}]},{"@type":"WebSite","@id":"https:\/\/noticiasdefato.net\/#website","url":"https:\/\/noticiasdefato.net\/","name":"Not\u00edcias de Fato","description":"Trabalhamos com honestidade, seriedade e com a verdade.","publisher":{"@id":"https:\/\/noticiasdefato.net\/#organization"},"potentialAction":[{"@type":"SearchAction","target":{"@type":"EntryPoint","urlTemplate":"https:\/\/noticiasdefato.net\/?s={search_term_string}"},"query-input":"required name=search_term_string"}],"inLanguage":"pt-BR"},{"@type":"Organization","@id":"https:\/\/noticiasdefato.net\/#organization","name":"Not\u00edcias de Fato","url":"https:\/\/noticiasdefato.net\/","logo":{"@type":"ImageObject","inLanguage":"pt-BR","@id":"https:\/\/noticiasdefato.net\/#\/schema\/logo\/image\/","url":"https:\/\/noticiasdefato.net\/wp-content\/uploads\/2024\/02\/cropped-logo_topo.png","contentUrl":"https:\/\/noticiasdefato.net\/wp-content\/uploads\/2024\/02\/cropped-logo_topo.png","width":1948,"height":665,"caption":"Not\u00edcias de Fato"},"image":{"@id":"https:\/\/noticiasdefato.net\/#\/schema\/logo\/image\/"},"sameAs":["https:\/\/fb.com\/noticiasdefato.jornal","https:\/\/x.com\/noticiasdefato_","https:\/\/instagram.com\/noticiasdefato.jornal","https:\/\/youtube.com\/@JornalNoticiasDeFato"]},{"@type":"Person","@id":"https:\/\/noticiasdefato.net\/#\/schema\/person\/982ce60211d95acf059cd702aa260d08","name":"Noticias de Fato","image":{"@type":"ImageObject","inLanguage":"pt-BR","@id":"https:\/\/noticiasdefato.net\/#\/schema\/person\/image\/","url":"https:\/\/secure.gravatar.com\/avatar\/700227fab2316f0366a1b5d4988d10f847249cf13293450527ac9553c994611a?s=96&d=mm&r=g","contentUrl":"https:\/\/secure.gravatar.com\/avatar\/700227fab2316f0366a1b5d4988d10f847249cf13293450527ac9553c994611a?s=96&d=mm&r=g","caption":"Noticias de Fato"},"sameAs":["https:\/\/noticiasdefato.net","http:\/\/fb.com\/\/noticiasdefato.jornal","https:\/\/x.com\/https:\/\/twitter.com\/NoticiasDeFato_"],"url":"https:\/\/noticiasdefato.net\/?author=1"}]}},"_links":{"self":[{"href":"https:\/\/noticiasdefato.net\/index.php?rest_route=\/wp\/v2\/posts\/1490","targetHints":{"allow":["GET"]}}],"collection":[{"href":"https:\/\/noticiasdefato.net\/index.php?rest_route=\/wp\/v2\/posts"}],"about":[{"href":"https:\/\/noticiasdefato.net\/index.php?rest_route=\/wp\/v2\/types\/post"}],"author":[{"embeddable":true,"href":"https:\/\/noticiasdefato.net\/index.php?rest_route=\/wp\/v2\/users\/1"}],"replies":[{"embeddable":true,"href":"https:\/\/noticiasdefato.net\/index.php?rest_route=%2Fwp%2Fv2%2Fcomments&post=1490"}],"version-history":[{"count":4,"href":"https:\/\/noticiasdefato.net\/index.php?rest_route=\/wp\/v2\/posts\/1490\/revisions"}],"predecessor-version":[{"id":1503,"href":"https:\/\/noticiasdefato.net\/index.php?rest_route=\/wp\/v2\/posts\/1490\/revisions\/1503"}],"wp:featuredmedia":[{"embeddable":true,"href":"https:\/\/noticiasdefato.net\/index.php?rest_route=\/wp\/v2\/media\/1497"}],"wp:attachment":[{"href":"https:\/\/noticiasdefato.net\/index.php?rest_route=%2Fwp%2Fv2%2Fmedia&parent=1490"}],"wp:term":[{"taxonomy":"category","embeddable":true,"href":"https:\/\/noticiasdefato.net\/index.php?rest_route=%2Fwp%2Fv2%2Fcategories&post=1490"},{"taxonomy":"post_tag","embeddable":true,"href":"https:\/\/noticiasdefato.net\/index.php?rest_route=%2Fwp%2Fv2%2Ftags&post=1490"}],"curies":[{"name":"wp","href":"https:\/\/api.w.org\/{rel}","templated":true}]}}