{"id":1511,"date":"2024-07-30T21:48:30","date_gmt":"2024-07-31T00:48:30","guid":{"rendered":"https:\/\/noticiasdefato.net\/?p=1511"},"modified":"2024-08-12T10:59:22","modified_gmt":"2024-08-12T13:59:22","slug":"alfenas-da-calote-em-hospital-psiquiatrico","status":"publish","type":"post","link":"https:\/\/noticiasdefato.net\/?p=1511","title":{"rendered":"ALFENAS D\u00c1 CALOTE EM HOSPITAL PSIQUI\u00c1TRICO"},"content":{"rendered":"\n<p><em>MP notifica prefeituras, entre elas Alfenas, que n\u00e3o pagam Hospital Psiqui\u00e1trico de S\u00e3o Sebasti\u00e3o do Para\u00edso, que \u00e9 refer\u00eancia em Minas.<\/em><\/p>\n\n\n\n<p><strong>Fonte:<\/strong> <em>G1 Sul de Minas<\/em><\/p>\n\n\n\n<p>Hospital psiqui\u00e1trico permanece em crise e aguarda repasse de prefeituras em MG<\/p>\n\n\n\n<p>O Site EPTV Sul de Minas divulgou na tarde de hoje, ter\u00e7a-feira (30) que o Minist\u00e9rio P\u00fablico notificou pelo menos 12 prefeituras que assinaram um termo de coopera\u00e7\u00e3o com o Hospital Gedor Silveira, de S\u00e3o Sebasti\u00e3o do Para\u00edso (MG), mas que at\u00e9 agora n\u00e3o fizeram nenhum pagamento.<\/p>\n\n\n\n<p>Segundo dados dispon\u00edveis no portal da transpar\u00eancia do hospital psiqui\u00e1trico, dos 154 munic\u00edpios atendidos, 70 se comprometeram a fazer os repasses, mas a institui\u00e7\u00e3o, recebeu, at\u00e9 agora, pouco mais de R$ 1 milh\u00e3o.<\/p>\n\n\n\n<p>No ano passado, a dire\u00e7\u00e3o do hospital anunciou que encerraria as atividades, j\u00e1 que as contas do estavam no vermelho. Sem ter para onde encaminhar os 130 pacientes internados \u00e0 \u00e9poca, foram realizadas reuni\u00f5es com prefeitos para que a institui\u00e7\u00e3o n\u00e3o fechasse as portas.<\/p>\n\n\n\n<p>Dessas reuni\u00f5es entre prefeitos, resultou um termo de coopera\u00e7\u00e3o em que cada munic\u00edpio da macro Sul de sa\u00fade faria um repasse de R$ 2,5 mil.<\/p>\n\n\n\n<p>Os pagamentos come\u00e7aram em novembro do ano passado, com vencimento todo dia 21. At\u00e9 o momento, 17 cidades est\u00e3o em dia com os repasses. Outras 18 repassaram os valores at\u00e9 o m\u00eas passado. Dez prefeituras fizeram os pagamentos relativos at\u00e9 maio e outras quatro at\u00e9 abril. Duas pagaram at\u00e9 mar\u00e7o e outras seis at\u00e9 fevereiro.<\/p>\n\n\n\n<p>No entanto, 12 prefeituras n\u00e3o fizeram nenhum repasse: Alfenas, Baependi, Cambuquira, Capetinga, Dom Vi\u00e7oso, Itajub\u00e1, Machado, Nepomuceno, Po\u00e7os de Caldas, Pouso Alto, Soledade de Minas e Parais\u00f3polis.<\/p>\n\n\n\n<p>Os munic\u00edpios inadimplentes j\u00e1 foram notificados pelo Minist\u00e9rio P\u00fablico e podem sofrer san\u00e7\u00f5es como corre\u00e7\u00e3o monet\u00e1ria e tamb\u00e9m a execu\u00e7\u00e3o&nbsp;da&nbsp;d\u00edvida.<\/p>\n","protected":false},"excerpt":{"rendered":"<p>MP notifica prefeituras, entre elas Alfenas, que n\u00e3o pagam Hospital Psiqui\u00e1trico de S\u00e3o Sebasti\u00e3o do Para\u00edso, que \u00e9 refer\u00eancia em Minas. <a href=\"https:\/\/noticiasdefato.net\/?p=1511\" class=\"more-link\">Continuar lendo <span class=\"screen-reader-text\">ALFENAS D\u00c1 CALOTE EM HOSPITAL PSIQUI\u00c1TRICO<\/span><\/a><\/p>\n","protected":false},"author":1,"featured_media":1513,"comment_status":"open","ping_status":"open","sticky":false,"template":"","format":"standard","meta":{"footnotes":""},"categories":[19],"tags":[],"class_list":["post-1511","post","type-post","status-publish","format-standard","has-post-thumbnail","hentry","category-saude"],"yoast_head":"<!-- This site is optimized with the Yoast SEO plugin v23.2 - https:\/\/yoast.com\/wordpress\/plugins\/seo\/ -->\n<title>ALFENAS D\u00c1 CALOTE EM HOSPITAL PSIQUI\u00c1TRICO - Not\u00edcias de Fato<\/title>\n<meta name=\"description\" content=\"MP notifica prefeituras, entre elas Alfenas, que n\u00e3o pagam Hospital Psiqui\u00e1trico de S\u00e3o Sebasti\u00e3o do Para\u00edso, que \u00e9 refer\u00eancia em Minas.\" \/>\n<meta name=\"robots\" content=\"index, follow, max-snippet:-1, max-image-preview:large, max-video-preview:-1\" \/>\n<link rel=\"canonical\" href=\"https:\/\/noticiasdefato.net\/?p=1511\" \/>\n<meta property=\"og:locale\" content=\"pt_BR\" \/>\n<meta property=\"og:type\" content=\"article\" \/>\n<meta property=\"og:title\" content=\"ALFENAS D\u00c1 CALOTE EM HOSPITAL PSIQUI\u00c1TRICO - Not\u00edcias de Fato\" \/>\n<meta property=\"og:description\" content=\"MP notifica prefeituras, entre elas Alfenas, que n\u00e3o pagam Hospital Psiqui\u00e1trico de S\u00e3o Sebasti\u00e3o do Para\u00edso, que \u00e9 refer\u00eancia em Minas.\" \/>\n<meta property=\"og:url\" content=\"https:\/\/noticiasdefato.net\/?p=1511\" \/>\n<meta property=\"og:site_name\" content=\"Not\u00edcias de Fato\" \/>\n<meta property=\"article:publisher\" content=\"https:\/\/fb.com\/noticiasdefato.jornal\" \/>\n<meta property=\"article:author\" content=\"http:\/\/fb.com\/\/noticiasdefato.jornal\" \/>\n<meta property=\"article:published_time\" content=\"2024-07-31T00:48:30+00:00\" \/>\n<meta property=\"article:modified_time\" content=\"2024-08-12T13:59:22+00:00\" \/>\n<meta property=\"og:image\" content=\"https:\/\/noticiasdefato.net\/wp-content\/uploads\/2024\/07\/image-31.png\" \/>\n\t<meta property=\"og:image:width\" content=\"905\" \/>\n\t<meta property=\"og:image:height\" content=\"438\" \/>\n\t<meta property=\"og:image:type\" content=\"image\/png\" \/>\n<meta name=\"author\" content=\"Noticias de Fato\" \/>\n<meta name=\"twitter:card\" content=\"summary_large_image\" \/>\n<meta name=\"twitter:creator\" content=\"@https:\/\/twitter.com\/NoticiasDeFato_\" \/>\n<meta name=\"twitter:site\" content=\"@noticiasdefato_\" \/>\n<meta name=\"twitter:label1\" content=\"Escrito por\" \/>\n\t<meta name=\"twitter:data1\" content=\"Noticias de Fato\" \/>\n\t<meta name=\"twitter:label2\" content=\"Est. tempo de leitura\" \/>\n\t<meta name=\"twitter:data2\" content=\"2 minutos\" \/>\n<script type=\"application\/ld+json\" class=\"yoast-schema-graph\">{\"@context\":\"https:\/\/schema.org\",\"@graph\":[{\"@type\":\"Article\",\"@id\":\"https:\/\/noticiasdefato.net\/?p=1511#article\",\"isPartOf\":{\"@id\":\"https:\/\/noticiasdefato.net\/?p=1511\"},\"author\":{\"name\":\"Noticias de Fato\",\"@id\":\"https:\/\/noticiasdefato.net\/#\/schema\/person\/982ce60211d95acf059cd702aa260d08\"},\"headline\":\"ALFENAS D\u00c1 CALOTE EM HOSPITAL PSIQUI\u00c1TRICO\",\"datePublished\":\"2024-07-31T00:48:30+00:00\",\"dateModified\":\"2024-08-12T13:59:22+00:00\",\"mainEntityOfPage\":{\"@id\":\"https:\/\/noticiasdefato.net\/?p=1511\"},\"wordCount\":333,\"commentCount\":0,\"publisher\":{\"@id\":\"https:\/\/noticiasdefato.net\/#organization\"},\"image\":{\"@id\":\"https:\/\/noticiasdefato.net\/?p=1511#primaryimage\"},\"thumbnailUrl\":\"https:\/\/noticiasdefato.net\/wp-content\/uploads\/2024\/07\/image-31.png\",\"articleSection\":[\"Sa\u00fade\"],\"inLanguage\":\"pt-BR\",\"potentialAction\":[{\"@type\":\"CommentAction\",\"name\":\"Comment\",\"target\":[\"https:\/\/noticiasdefato.net\/?p=1511#respond\"]}]},{\"@type\":\"WebPage\",\"@id\":\"https:\/\/noticiasdefato.net\/?p=1511\",\"url\":\"https:\/\/noticiasdefato.net\/?p=1511\",\"name\":\"ALFENAS D\u00c1 CALOTE EM HOSPITAL PSIQUI\u00c1TRICO - Not\u00edcias de Fato\",\"isPartOf\":{\"@id\":\"https:\/\/noticiasdefato.net\/#website\"},\"primaryImageOfPage\":{\"@id\":\"https:\/\/noticiasdefato.net\/?p=1511#primaryimage\"},\"image\":{\"@id\":\"https:\/\/noticiasdefato.net\/?p=1511#primaryimage\"},\"thumbnailUrl\":\"https:\/\/noticiasdefato.net\/wp-content\/uploads\/2024\/07\/image-31.png\",\"datePublished\":\"2024-07-31T00:48:30+00:00\",\"dateModified\":\"2024-08-12T13:59:22+00:00\",\"description\":\"MP notifica prefeituras, entre elas Alfenas, que n\u00e3o pagam Hospital Psiqui\u00e1trico de S\u00e3o Sebasti\u00e3o do Para\u00edso, que \u00e9 refer\u00eancia em Minas.\",\"breadcrumb\":{\"@id\":\"https:\/\/noticiasdefato.net\/?p=1511#breadcrumb\"},\"inLanguage\":\"pt-BR\",\"potentialAction\":[{\"@type\":\"ReadAction\",\"target\":[\"https:\/\/noticiasdefato.net\/?p=1511\"]}]},{\"@type\":\"ImageObject\",\"inLanguage\":\"pt-BR\",\"@id\":\"https:\/\/noticiasdefato.net\/?p=1511#primaryimage\",\"url\":\"https:\/\/noticiasdefato.net\/wp-content\/uploads\/2024\/07\/image-31.png\",\"contentUrl\":\"https:\/\/noticiasdefato.net\/wp-content\/uploads\/2024\/07\/image-31.png\",\"width\":905,\"height\":438},{\"@type\":\"BreadcrumbList\",\"@id\":\"https:\/\/noticiasdefato.net\/?p=1511#breadcrumb\",\"itemListElement\":[{\"@type\":\"ListItem\",\"position\":1,\"name\":\"In\u00edcio\",\"item\":\"https:\/\/noticiasdefato.net\/\"},{\"@type\":\"ListItem\",\"position\":2,\"name\":\"ALFENAS D\u00c1 CALOTE EM HOSPITAL PSIQUI\u00c1TRICO\"}]},{\"@type\":\"WebSite\",\"@id\":\"https:\/\/noticiasdefato.net\/#website\",\"url\":\"https:\/\/noticiasdefato.net\/\",\"name\":\"Not\u00edcias de Fato\",\"description\":\"Trabalhamos com honestidade, seriedade e com a verdade.\",\"publisher\":{\"@id\":\"https:\/\/noticiasdefato.net\/#organization\"},\"potentialAction\":[{\"@type\":\"SearchAction\",\"target\":{\"@type\":\"EntryPoint\",\"urlTemplate\":\"https:\/\/noticiasdefato.net\/?s={search_term_string}\"},\"query-input\":\"required name=search_term_string\"}],\"inLanguage\":\"pt-BR\"},{\"@type\":\"Organization\",\"@id\":\"https:\/\/noticiasdefato.net\/#organization\",\"name\":\"Not\u00edcias de Fato\",\"url\":\"https:\/\/noticiasdefato.net\/\",\"logo\":{\"@type\":\"ImageObject\",\"inLanguage\":\"pt-BR\",\"@id\":\"https:\/\/noticiasdefato.net\/#\/schema\/logo\/image\/\",\"url\":\"https:\/\/noticiasdefato.net\/wp-content\/uploads\/2024\/02\/cropped-logo_topo.png\",\"contentUrl\":\"https:\/\/noticiasdefato.net\/wp-content\/uploads\/2024\/02\/cropped-logo_topo.png\",\"width\":1948,\"height\":665,\"caption\":\"Not\u00edcias de Fato\"},\"image\":{\"@id\":\"https:\/\/noticiasdefato.net\/#\/schema\/logo\/image\/\"},\"sameAs\":[\"https:\/\/fb.com\/noticiasdefato.jornal\",\"https:\/\/x.com\/noticiasdefato_\",\"https:\/\/instagram.com\/noticiasdefato.jornal\",\"https:\/\/youtube.com\/@JornalNoticiasDeFato\"]},{\"@type\":\"Person\",\"@id\":\"https:\/\/noticiasdefato.net\/#\/schema\/person\/982ce60211d95acf059cd702aa260d08\",\"name\":\"Noticias de Fato\",\"image\":{\"@type\":\"ImageObject\",\"inLanguage\":\"pt-BR\",\"@id\":\"https:\/\/noticiasdefato.net\/#\/schema\/person\/image\/\",\"url\":\"https:\/\/secure.gravatar.com\/avatar\/700227fab2316f0366a1b5d4988d10f847249cf13293450527ac9553c994611a?s=96&d=mm&r=g\",\"contentUrl\":\"https:\/\/secure.gravatar.com\/avatar\/700227fab2316f0366a1b5d4988d10f847249cf13293450527ac9553c994611a?s=96&d=mm&r=g\",\"caption\":\"Noticias de Fato\"},\"sameAs\":[\"https:\/\/noticiasdefato.net\",\"http:\/\/fb.com\/\/noticiasdefato.jornal\",\"https:\/\/x.com\/https:\/\/twitter.com\/NoticiasDeFato_\"],\"url\":\"https:\/\/noticiasdefato.net\/?author=1\"}]}<\/script>\n<!-- \/ Yoast SEO plugin. -->","yoast_head_json":{"title":"ALFENAS D\u00c1 CALOTE EM HOSPITAL PSIQUI\u00c1TRICO - Not\u00edcias de Fato","description":"MP notifica prefeituras, entre elas Alfenas, que n\u00e3o pagam Hospital Psiqui\u00e1trico de S\u00e3o Sebasti\u00e3o do Para\u00edso, que \u00e9 refer\u00eancia em Minas.","robots":{"index":"index","follow":"follow","max-snippet":"max-snippet:-1","max-image-preview":"max-image-preview:large","max-video-preview":"max-video-preview:-1"},"canonical":"https:\/\/noticiasdefato.net\/?p=1511","og_locale":"pt_BR","og_type":"article","og_title":"ALFENAS D\u00c1 CALOTE EM HOSPITAL PSIQUI\u00c1TRICO - Not\u00edcias de Fato","og_description":"MP notifica prefeituras, entre elas Alfenas, que n\u00e3o pagam Hospital Psiqui\u00e1trico de S\u00e3o Sebasti\u00e3o do Para\u00edso, que \u00e9 refer\u00eancia em Minas.","og_url":"https:\/\/noticiasdefato.net\/?p=1511","og_site_name":"Not\u00edcias de Fato","article_publisher":"https:\/\/fb.com\/noticiasdefato.jornal","article_author":"http:\/\/fb.com\/\/noticiasdefato.jornal","article_published_time":"2024-07-31T00:48:30+00:00","article_modified_time":"2024-08-12T13:59:22+00:00","og_image":[{"width":905,"height":438,"url":"https:\/\/noticiasdefato.net\/wp-content\/uploads\/2024\/07\/image-31.png","type":"image\/png"}],"author":"Noticias de Fato","twitter_card":"summary_large_image","twitter_creator":"@https:\/\/twitter.com\/NoticiasDeFato_","twitter_site":"@noticiasdefato_","twitter_misc":{"Escrito por":"Noticias de Fato","Est. tempo de leitura":"2 minutos"},"schema":{"@context":"https:\/\/schema.org","@graph":[{"@type":"Article","@id":"https:\/\/noticiasdefato.net\/?p=1511#article","isPartOf":{"@id":"https:\/\/noticiasdefato.net\/?p=1511"},"author":{"name":"Noticias de Fato","@id":"https:\/\/noticiasdefato.net\/#\/schema\/person\/982ce60211d95acf059cd702aa260d08"},"headline":"ALFENAS D\u00c1 CALOTE EM HOSPITAL PSIQUI\u00c1TRICO","datePublished":"2024-07-31T00:48:30+00:00","dateModified":"2024-08-12T13:59:22+00:00","mainEntityOfPage":{"@id":"https:\/\/noticiasdefato.net\/?p=1511"},"wordCount":333,"commentCount":0,"publisher":{"@id":"https:\/\/noticiasdefato.net\/#organization"},"image":{"@id":"https:\/\/noticiasdefato.net\/?p=1511#primaryimage"},"thumbnailUrl":"https:\/\/noticiasdefato.net\/wp-content\/uploads\/2024\/07\/image-31.png","articleSection":["Sa\u00fade"],"inLanguage":"pt-BR","potentialAction":[{"@type":"CommentAction","name":"Comment","target":["https:\/\/noticiasdefato.net\/?p=1511#respond"]}]},{"@type":"WebPage","@id":"https:\/\/noticiasdefato.net\/?p=1511","url":"https:\/\/noticiasdefato.net\/?p=1511","name":"ALFENAS D\u00c1 CALOTE EM HOSPITAL PSIQUI\u00c1TRICO - Not\u00edcias de Fato","isPartOf":{"@id":"https:\/\/noticiasdefato.net\/#website"},"primaryImageOfPage":{"@id":"https:\/\/noticiasdefato.net\/?p=1511#primaryimage"},"image":{"@id":"https:\/\/noticiasdefato.net\/?p=1511#primaryimage"},"thumbnailUrl":"https:\/\/noticiasdefato.net\/wp-content\/uploads\/2024\/07\/image-31.png","datePublished":"2024-07-31T00:48:30+00:00","dateModified":"2024-08-12T13:59:22+00:00","description":"MP notifica prefeituras, entre elas Alfenas, que n\u00e3o pagam Hospital Psiqui\u00e1trico de S\u00e3o Sebasti\u00e3o do Para\u00edso, que \u00e9 refer\u00eancia em Minas.","breadcrumb":{"@id":"https:\/\/noticiasdefato.net\/?p=1511#breadcrumb"},"inLanguage":"pt-BR","potentialAction":[{"@type":"ReadAction","target":["https:\/\/noticiasdefato.net\/?p=1511"]}]},{"@type":"ImageObject","inLanguage":"pt-BR","@id":"https:\/\/noticiasdefato.net\/?p=1511#primaryimage","url":"https:\/\/noticiasdefato.net\/wp-content\/uploads\/2024\/07\/image-31.png","contentUrl":"https:\/\/noticiasdefato.net\/wp-content\/uploads\/2024\/07\/image-31.png","width":905,"height":438},{"@type":"BreadcrumbList","@id":"https:\/\/noticiasdefato.net\/?p=1511#breadcrumb","itemListElement":[{"@type":"ListItem","position":1,"name":"In\u00edcio","item":"https:\/\/noticiasdefato.net\/"},{"@type":"ListItem","position":2,"name":"ALFENAS D\u00c1 CALOTE EM HOSPITAL PSIQUI\u00c1TRICO"}]},{"@type":"WebSite","@id":"https:\/\/noticiasdefato.net\/#website","url":"https:\/\/noticiasdefato.net\/","name":"Not\u00edcias de Fato","description":"Trabalhamos com honestidade, seriedade e com a verdade.","publisher":{"@id":"https:\/\/noticiasdefato.net\/#organization"},"potentialAction":[{"@type":"SearchAction","target":{"@type":"EntryPoint","urlTemplate":"https:\/\/noticiasdefato.net\/?s={search_term_string}"},"query-input":"required name=search_term_string"}],"inLanguage":"pt-BR"},{"@type":"Organization","@id":"https:\/\/noticiasdefato.net\/#organization","name":"Not\u00edcias de Fato","url":"https:\/\/noticiasdefato.net\/","logo":{"@type":"ImageObject","inLanguage":"pt-BR","@id":"https:\/\/noticiasdefato.net\/#\/schema\/logo\/image\/","url":"https:\/\/noticiasdefato.net\/wp-content\/uploads\/2024\/02\/cropped-logo_topo.png","contentUrl":"https:\/\/noticiasdefato.net\/wp-content\/uploads\/2024\/02\/cropped-logo_topo.png","width":1948,"height":665,"caption":"Not\u00edcias de Fato"},"image":{"@id":"https:\/\/noticiasdefato.net\/#\/schema\/logo\/image\/"},"sameAs":["https:\/\/fb.com\/noticiasdefato.jornal","https:\/\/x.com\/noticiasdefato_","https:\/\/instagram.com\/noticiasdefato.jornal","https:\/\/youtube.com\/@JornalNoticiasDeFato"]},{"@type":"Person","@id":"https:\/\/noticiasdefato.net\/#\/schema\/person\/982ce60211d95acf059cd702aa260d08","name":"Noticias de Fato","image":{"@type":"ImageObject","inLanguage":"pt-BR","@id":"https:\/\/noticiasdefato.net\/#\/schema\/person\/image\/","url":"https:\/\/secure.gravatar.com\/avatar\/700227fab2316f0366a1b5d4988d10f847249cf13293450527ac9553c994611a?s=96&d=mm&r=g","contentUrl":"https:\/\/secure.gravatar.com\/avatar\/700227fab2316f0366a1b5d4988d10f847249cf13293450527ac9553c994611a?s=96&d=mm&r=g","caption":"Noticias de Fato"},"sameAs":["https:\/\/noticiasdefato.net","http:\/\/fb.com\/\/noticiasdefato.jornal","https:\/\/x.com\/https:\/\/twitter.com\/NoticiasDeFato_"],"url":"https:\/\/noticiasdefato.net\/?author=1"}]}},"_links":{"self":[{"href":"https:\/\/noticiasdefato.net\/index.php?rest_route=\/wp\/v2\/posts\/1511","targetHints":{"allow":["GET"]}}],"collection":[{"href":"https:\/\/noticiasdefato.net\/index.php?rest_route=\/wp\/v2\/posts"}],"about":[{"href":"https:\/\/noticiasdefato.net\/index.php?rest_route=\/wp\/v2\/types\/post"}],"author":[{"embeddable":true,"href":"https:\/\/noticiasdefato.net\/index.php?rest_route=\/wp\/v2\/users\/1"}],"replies":[{"embeddable":true,"href":"https:\/\/noticiasdefato.net\/index.php?rest_route=%2Fwp%2Fv2%2Fcomments&post=1511"}],"version-history":[{"count":1,"href":"https:\/\/noticiasdefato.net\/index.php?rest_route=\/wp\/v2\/posts\/1511\/revisions"}],"predecessor-version":[{"id":1514,"href":"https:\/\/noticiasdefato.net\/index.php?rest_route=\/wp\/v2\/posts\/1511\/revisions\/1514"}],"wp:featuredmedia":[{"embeddable":true,"href":"https:\/\/noticiasdefato.net\/index.php?rest_route=\/wp\/v2\/media\/1513"}],"wp:attachment":[{"href":"https:\/\/noticiasdefato.net\/index.php?rest_route=%2Fwp%2Fv2%2Fmedia&parent=1511"}],"wp:term":[{"taxonomy":"category","embeddable":true,"href":"https:\/\/noticiasdefato.net\/index.php?rest_route=%2Fwp%2Fv2%2Fcategories&post=1511"},{"taxonomy":"post_tag","embeddable":true,"href":"https:\/\/noticiasdefato.net\/index.php?rest_route=%2Fwp%2Fv2%2Ftags&post=1511"}],"curies":[{"name":"wp","href":"https:\/\/api.w.org\/{rel}","templated":true}]}}