{"id":1516,"date":"2024-07-31T13:58:33","date_gmt":"2024-07-31T16:58:33","guid":{"rendered":"https:\/\/noticiasdefato.net\/?p=1516"},"modified":"2024-08-12T10:59:27","modified_gmt":"2024-08-12T13:59:27","slug":"mp-emite-alerta-a-camara-de-alfenas","status":"publish","type":"post","link":"https:\/\/noticiasdefato.net\/?p=1516","title":{"rendered":"MP EMITE ALERTA \u00c0 C\u00c2MARA DE ALFENAS"},"content":{"rendered":"\n<p><em>Minist\u00e9rio P\u00fablico emite recomenda\u00e7\u00e3o para a retirada de projetos que tratam da doa\u00e7\u00e3o de bens p\u00fablicos e que estabelece sal\u00e1rio dos conselheiros tutelares.<\/em><\/p>\n\n\n\n<p>O MPMG (Minist\u00e9rio P\u00fablico de Minas Gerais) emitiu recomenda\u00e7\u00e3o administrativa aos vereadores para que sejam vetados projetos de lei de autoria do Prefeito, F\u00e1bio Marques, especificamente os que preveem doa\u00e7\u00f5es de terrenos p\u00fablicos a terceiros, sejam pessoas f\u00edsicas ou jur\u00eddicas e um segundo projeto que trata dos sal\u00e1rios dos conselheiros tutelares.<\/p>\n\n\n\n<p>A informa\u00e7\u00e3o foi divulgada pelo presidente da Casa, Jos\u00e9 Carlos de Morais, Carlos Vardem\u00e1 (PSB), na \u00faltima reuni\u00e3o do vereadores, realizada na segunda-feira, 15 de julho, antes do recesso parlamentar. O presidente fez a leitura da recomenda\u00e7\u00e3o do Minist\u00e9rio P\u00fablico: \u201ca recomenda\u00e7\u00e3o eleitoral, 004 de 2024, subscrita pelo promotor eleitoral da 008 zona eleitoral, Dr. Fernando Ribeiro Magalh\u00e3es Cruz, recomenda que n\u00e3o d\u00ea prosseguimento e n\u00e3o coloque em vota\u00e7\u00e3o no plen\u00e1rio no presente ano de 24, projetos que permitam distribui\u00e7\u00e3o gratuita de bens de valores \u00e0 pessoas f\u00edsicas ou jur\u00eddicas.\u201d<\/p>\n\n\n\n<p>Desta forma, foram suspensos os seguintes projetos de lei, de autoria do prefeito, F\u00e1bio Marques Flor\u00eancio: o projeto de lei 31 de 24 que altera a lei 5250 de 21 de dezembro de 2023 que disp\u00f5e sobre a doa\u00e7\u00e3o de im\u00f3veis e da outras provid\u00eancias e ainda o projeto que altera a lei 4252 de 22 de fevereiro de 11 que fixa os subs\u00eddios dos conselheiros tutelares e da outras provid\u00eancias.<\/p>\n\n\n\n<p>Vardem\u00e1 ressaltou que a casa solicitou um encontro entre o procurador-geral do legislativo, Dr. Jos\u00e9 Ricardo, juntamente com o promotor eleitoral a fim de verificar a abrang\u00eancia das express\u00f5es \u201cgratuitas de bens de valores\u201d e \u201cbenef\u00edcios\u201d mencionadas na referida recomenda\u00e7\u00e3o do minist\u00e9rio p\u00fablico.<\/p>\n\n\n\n<p><strong>A RECOMENDA\u00c7\u00c3O<\/strong><\/p>\n\n\n\n<p>A reportagem do JNF encaminhou perguntas sobre esta recomenda\u00e7\u00e3o, tanto ao procurador da C\u00e2mara quanto ao Minist\u00e9rio P\u00fablico.<\/p>\n\n\n\n<p>Confira, na \u00edntegra, as respostas da C\u00e2mara encaminhadas por seu procurador, Dr. Jos\u00e9 Ricardo:<\/p>\n\n\n\n<p><strong>1) \u00c9 a primeira vez que o MP faz esse tipo de recomenda\u00e7\u00e3o \u00e0 casa?<br><\/strong><em>R: N\u00e3o, no \u00e2mbito dos Poderes Legislativo e Executivo, em suas diversas esferas, \u00e9 comum o \u00f3rg\u00e3o promover in\u00fameras recomenda\u00e7\u00f5es, especialmente no ano eleitoral. Quanto ao teor da referida recomenda\u00e7\u00e3o N. 04\/2024, conforme j\u00e1 mencionado, n\u00e3o se trata do tema em questionamento, inclusive, data m\u00e1xima v\u00eania, os projetos de leis tamb\u00e9m n\u00e3o tratam de aumento de subs\u00eddio dos conselheiros tutelares e nem de doa\u00e7\u00e3o de im\u00f3vel p\u00fablico.<\/em><\/p>\n\n\n\n<p><strong>2) Qual \u00e9 o teor e quando deram entrada na Casa esses projetos mencionados pelo MP? (O que concede subs\u00eddios aos conselheiros e o que concede bens im\u00f3veis)<br><\/strong><em>Os projetos s\u00e3o: I &#8211; Projeto de Lei N. 31\/2024, que disp\u00f5e da altera\u00e7\u00e3o da Lei Municipal N. 5.250, de 21 de dezembro de 2023, que disp\u00f5e sobre a doa\u00e7\u00e3o de im\u00f3vel e d\u00e1 outras provid\u00eancias (Este projeto, altera o \u00a72\u00ba do art. 1\u00ba, ou seja, a proposta seria alterar o prazo de in\u00edcio das obras da empresa, a contar da efetiva posse, visto que o local \u00e9 fruto de demanda judicial e estaria a empresa benefici\u00e1ria impedida de adentrar no im\u00f3vel). O projeto foi protocolado em 10\/07\/2024.<br>II &#8211; Projeto de Lei N. 32\/2024, que disp\u00f5e da altera\u00e7\u00e3o da Lei N. 4252, de 22 de fevereiro de 2011, que fixa o subs\u00eddio dos Conselheiros Tutelares e d\u00e1 outras provid\u00eancias. (Este projeto exclui um dispositivo para acrescentar outro que explicita a garantia da remunera\u00e7\u00e3o dos conselheiros quando estes desincompatibilizarem para participa\u00e7\u00e3o do pleito eleitoral, visto que haviam d\u00favidas sobre remunerar ou n\u00e3o o conselheiro (a) quando o mesmo se candidatar ao parlamento municipal). O projeto foi protocolado em 12\/07\/2024.<br>Contudo, os projetos n\u00e3o concedem subs\u00eddios e nem realizam doa\u00e7\u00f5es.<\/em><\/p>\n\n\n\n<p><strong>3) Tem sido comum a tramita\u00e7\u00e3o desse tipo de projeto na atual administra\u00e7\u00e3o?<br><\/strong><em>Pelas respostas anteriores, face a explica\u00e7\u00e3o do conte\u00fado, se torna prejudicada. Contudo, vale destacar que o Legislativo j\u00e1 discutiu e votou um arcabou\u00e7o de normas de natureza tribut\u00e1ria ou aliena\u00e7\u00e3o de bens, o que \u00e9 comum em nosso pa\u00eds.<\/em><\/p>\n\n\n\n<p><strong>4) Esses projetos est\u00e3o suspensos ou deixam de tramitar at\u00e9 o fim das elei\u00e7\u00f5es?<br><\/strong><em>Considerando que a previs\u00e3o do art. 73, da Lei das Elei\u00e7\u00f5es, \u00e9 um tanto quanto subjetivo, e assim gerando margens para variadas interpreta\u00e7\u00f5es, como tamb\u00e9m poderia desrespeitar a Recomenda\u00e7\u00e3o N. 04, a C\u00e2mara suspendeu sua tramita\u00e7\u00e3o e agendou reuni\u00e3o junto ao Minist\u00e9rio P\u00fablico, n\u00e3o s\u00f3 para tratar desse assunto, como de todo conte\u00fado inerente \u00e0s recomenda\u00e7\u00f5es, as quais est\u00e3o no site oficial desta Casa. Na referida reuni\u00e3o entendemos por bem suspender os projetos e ap\u00f3s elei\u00e7\u00f5es discutir novamente se ser\u00e3o enviados ao Plen\u00e1rio ou ser\u00e3o arquivados.<\/em><\/p>\n\n\n\n<p><strong>5) O presidente desta casa legislativa anunciou que solicitou uma audi\u00eancia entre o procurador da casa e o promotor de justi\u00e7a. 5a) Este encontro j\u00e1 tem data ou j\u00e1 aconteceu? 5b) Quais os questionamentos que o Legislativo pretende levar? 5c) Se j\u00e1 aconteceu essa reuni\u00e3o, o que ficou acordado entre legislativo e Minist\u00e9rio P\u00fablico?<br><\/strong><em>A mencionada reuni\u00e3o ocorreu na quarta-feira, 17\/07, subsequente \u00e0quela reuni\u00e3o ordin\u00e1ria. Demais questionamentos ficam prejudicados pelas respostas anteriores.<\/em><\/p>\n\n\n\n<p>As perguntas que a reportagem encaminhou ao MP, ainda n\u00e3o foram respondidas. Assim que as recebermos, essas ser\u00e3o atualizadas&nbsp;na&nbsp;mat\u00e9ria.<\/p>\n","protected":false},"excerpt":{"rendered":"<p>Minist\u00e9rio P\u00fablico emite recomenda\u00e7\u00e3o para a retirada de projetos que tratam da doa\u00e7\u00e3o de bens p\u00fablicos e que estabelece sal\u00e1rio dos conselheiros tutelares. <a href=\"https:\/\/noticiasdefato.net\/?p=1516\" class=\"more-link\">Continuar lendo <span class=\"screen-reader-text\">MP EMITE ALERTA \u00c0 C\u00c2MARA DE ALFENAS<\/span><\/a><\/p>\n","protected":false},"author":1,"featured_media":1517,"comment_status":"open","ping_status":"open","sticky":false,"template":"","format":"standard","meta":{"footnotes":""},"categories":[18],"tags":[],"class_list":["post-1516","post","type-post","status-publish","format-standard","has-post-thumbnail","hentry","category-politica"],"yoast_head":"<!-- This site is optimized with the Yoast SEO plugin v23.2 - https:\/\/yoast.com\/wordpress\/plugins\/seo\/ -->\n<title>MP EMITE ALERTA \u00c0 C\u00c2MARA DE ALFENAS - Not\u00edcias de Fato<\/title>\n<meta name=\"description\" content=\"Minist\u00e9rio P\u00fablico emite recomenda\u00e7\u00e3o para a retirada de projetos que tratam da doa\u00e7\u00e3o de bens p\u00fablicos e que estabelece sal\u00e1rio dos conselheiros tutelares.\" \/>\n<meta name=\"robots\" content=\"index, follow, max-snippet:-1, max-image-preview:large, max-video-preview:-1\" \/>\n<link rel=\"canonical\" href=\"https:\/\/noticiasdefato.net\/?p=1516\" \/>\n<meta property=\"og:locale\" content=\"pt_BR\" \/>\n<meta property=\"og:type\" content=\"article\" \/>\n<meta property=\"og:title\" content=\"MP EMITE ALERTA \u00c0 C\u00c2MARA DE ALFENAS - Not\u00edcias de Fato\" \/>\n<meta property=\"og:description\" content=\"Minist\u00e9rio P\u00fablico emite recomenda\u00e7\u00e3o para a retirada de projetos que tratam da doa\u00e7\u00e3o de bens p\u00fablicos e que estabelece sal\u00e1rio dos conselheiros tutelares.\" \/>\n<meta property=\"og:url\" content=\"https:\/\/noticiasdefato.net\/?p=1516\" \/>\n<meta property=\"og:site_name\" content=\"Not\u00edcias de Fato\" \/>\n<meta property=\"article:publisher\" content=\"https:\/\/fb.com\/noticiasdefato.jornal\" \/>\n<meta property=\"article:author\" content=\"http:\/\/fb.com\/\/noticiasdefato.jornal\" \/>\n<meta property=\"article:published_time\" content=\"2024-07-31T16:58:33+00:00\" \/>\n<meta property=\"article:modified_time\" content=\"2024-08-12T13:59:27+00:00\" \/>\n<meta property=\"og:image\" content=\"https:\/\/noticiasdefato.net\/wp-content\/uploads\/2024\/07\/image-32.png\" \/>\n\t<meta property=\"og:image:width\" content=\"932\" \/>\n\t<meta property=\"og:image:height\" content=\"287\" \/>\n\t<meta property=\"og:image:type\" content=\"image\/png\" \/>\n<meta name=\"author\" content=\"Noticias de Fato\" \/>\n<meta name=\"twitter:card\" content=\"summary_large_image\" \/>\n<meta name=\"twitter:creator\" content=\"@https:\/\/twitter.com\/NoticiasDeFato_\" \/>\n<meta name=\"twitter:site\" content=\"@noticiasdefato_\" \/>\n<meta name=\"twitter:label1\" content=\"Escrito por\" \/>\n\t<meta name=\"twitter:data1\" content=\"Noticias de Fato\" \/>\n\t<meta name=\"twitter:label2\" content=\"Est. tempo de leitura\" \/>\n\t<meta name=\"twitter:data2\" content=\"5 minutos\" \/>\n<script type=\"application\/ld+json\" class=\"yoast-schema-graph\">{\"@context\":\"https:\/\/schema.org\",\"@graph\":[{\"@type\":\"Article\",\"@id\":\"https:\/\/noticiasdefato.net\/?p=1516#article\",\"isPartOf\":{\"@id\":\"https:\/\/noticiasdefato.net\/?p=1516\"},\"author\":{\"name\":\"Noticias de Fato\",\"@id\":\"https:\/\/noticiasdefato.net\/#\/schema\/person\/982ce60211d95acf059cd702aa260d08\"},\"headline\":\"MP EMITE ALERTA \u00c0 C\u00c2MARA DE ALFENAS\",\"datePublished\":\"2024-07-31T16:58:33+00:00\",\"dateModified\":\"2024-08-12T13:59:27+00:00\",\"mainEntityOfPage\":{\"@id\":\"https:\/\/noticiasdefato.net\/?p=1516\"},\"wordCount\":941,\"commentCount\":1,\"publisher\":{\"@id\":\"https:\/\/noticiasdefato.net\/#organization\"},\"image\":{\"@id\":\"https:\/\/noticiasdefato.net\/?p=1516#primaryimage\"},\"thumbnailUrl\":\"https:\/\/noticiasdefato.net\/wp-content\/uploads\/2024\/07\/image-32.png\",\"articleSection\":[\"Pol\u00edtica\"],\"inLanguage\":\"pt-BR\",\"potentialAction\":[{\"@type\":\"CommentAction\",\"name\":\"Comment\",\"target\":[\"https:\/\/noticiasdefato.net\/?p=1516#respond\"]}]},{\"@type\":\"WebPage\",\"@id\":\"https:\/\/noticiasdefato.net\/?p=1516\",\"url\":\"https:\/\/noticiasdefato.net\/?p=1516\",\"name\":\"MP EMITE ALERTA \u00c0 C\u00c2MARA DE ALFENAS - Not\u00edcias de Fato\",\"isPartOf\":{\"@id\":\"https:\/\/noticiasdefato.net\/#website\"},\"primaryImageOfPage\":{\"@id\":\"https:\/\/noticiasdefato.net\/?p=1516#primaryimage\"},\"image\":{\"@id\":\"https:\/\/noticiasdefato.net\/?p=1516#primaryimage\"},\"thumbnailUrl\":\"https:\/\/noticiasdefato.net\/wp-content\/uploads\/2024\/07\/image-32.png\",\"datePublished\":\"2024-07-31T16:58:33+00:00\",\"dateModified\":\"2024-08-12T13:59:27+00:00\",\"description\":\"Minist\u00e9rio P\u00fablico emite recomenda\u00e7\u00e3o para a retirada de projetos que tratam da doa\u00e7\u00e3o de bens p\u00fablicos e que estabelece sal\u00e1rio dos conselheiros tutelares.\",\"breadcrumb\":{\"@id\":\"https:\/\/noticiasdefato.net\/?p=1516#breadcrumb\"},\"inLanguage\":\"pt-BR\",\"potentialAction\":[{\"@type\":\"ReadAction\",\"target\":[\"https:\/\/noticiasdefato.net\/?p=1516\"]}]},{\"@type\":\"ImageObject\",\"inLanguage\":\"pt-BR\",\"@id\":\"https:\/\/noticiasdefato.net\/?p=1516#primaryimage\",\"url\":\"https:\/\/noticiasdefato.net\/wp-content\/uploads\/2024\/07\/image-32.png\",\"contentUrl\":\"https:\/\/noticiasdefato.net\/wp-content\/uploads\/2024\/07\/image-32.png\",\"width\":932,\"height\":287},{\"@type\":\"BreadcrumbList\",\"@id\":\"https:\/\/noticiasdefato.net\/?p=1516#breadcrumb\",\"itemListElement\":[{\"@type\":\"ListItem\",\"position\":1,\"name\":\"In\u00edcio\",\"item\":\"https:\/\/noticiasdefato.net\/\"},{\"@type\":\"ListItem\",\"position\":2,\"name\":\"MP EMITE ALERTA \u00c0 C\u00c2MARA DE ALFENAS\"}]},{\"@type\":\"WebSite\",\"@id\":\"https:\/\/noticiasdefato.net\/#website\",\"url\":\"https:\/\/noticiasdefato.net\/\",\"name\":\"Not\u00edcias de Fato\",\"description\":\"Trabalhamos com honestidade, seriedade e com a verdade.\",\"publisher\":{\"@id\":\"https:\/\/noticiasdefato.net\/#organization\"},\"potentialAction\":[{\"@type\":\"SearchAction\",\"target\":{\"@type\":\"EntryPoint\",\"urlTemplate\":\"https:\/\/noticiasdefato.net\/?s={search_term_string}\"},\"query-input\":\"required name=search_term_string\"}],\"inLanguage\":\"pt-BR\"},{\"@type\":\"Organization\",\"@id\":\"https:\/\/noticiasdefato.net\/#organization\",\"name\":\"Not\u00edcias de Fato\",\"url\":\"https:\/\/noticiasdefato.net\/\",\"logo\":{\"@type\":\"ImageObject\",\"inLanguage\":\"pt-BR\",\"@id\":\"https:\/\/noticiasdefato.net\/#\/schema\/logo\/image\/\",\"url\":\"https:\/\/noticiasdefato.net\/wp-content\/uploads\/2024\/02\/cropped-logo_topo.png\",\"contentUrl\":\"https:\/\/noticiasdefato.net\/wp-content\/uploads\/2024\/02\/cropped-logo_topo.png\",\"width\":1948,\"height\":665,\"caption\":\"Not\u00edcias de Fato\"},\"image\":{\"@id\":\"https:\/\/noticiasdefato.net\/#\/schema\/logo\/image\/\"},\"sameAs\":[\"https:\/\/fb.com\/noticiasdefato.jornal\",\"https:\/\/x.com\/noticiasdefato_\",\"https:\/\/instagram.com\/noticiasdefato.jornal\",\"https:\/\/youtube.com\/@JornalNoticiasDeFato\"]},{\"@type\":\"Person\",\"@id\":\"https:\/\/noticiasdefato.net\/#\/schema\/person\/982ce60211d95acf059cd702aa260d08\",\"name\":\"Noticias de Fato\",\"image\":{\"@type\":\"ImageObject\",\"inLanguage\":\"pt-BR\",\"@id\":\"https:\/\/noticiasdefato.net\/#\/schema\/person\/image\/\",\"url\":\"https:\/\/secure.gravatar.com\/avatar\/700227fab2316f0366a1b5d4988d10f847249cf13293450527ac9553c994611a?s=96&d=mm&r=g\",\"contentUrl\":\"https:\/\/secure.gravatar.com\/avatar\/700227fab2316f0366a1b5d4988d10f847249cf13293450527ac9553c994611a?s=96&d=mm&r=g\",\"caption\":\"Noticias de Fato\"},\"sameAs\":[\"https:\/\/noticiasdefato.net\",\"http:\/\/fb.com\/\/noticiasdefato.jornal\",\"https:\/\/x.com\/https:\/\/twitter.com\/NoticiasDeFato_\"],\"url\":\"https:\/\/noticiasdefato.net\/?author=1\"}]}<\/script>\n<!-- \/ Yoast SEO plugin. -->","yoast_head_json":{"title":"MP EMITE ALERTA \u00c0 C\u00c2MARA DE ALFENAS - Not\u00edcias de Fato","description":"Minist\u00e9rio P\u00fablico emite recomenda\u00e7\u00e3o para a retirada de projetos que tratam da doa\u00e7\u00e3o de bens p\u00fablicos e que estabelece sal\u00e1rio dos conselheiros tutelares.","robots":{"index":"index","follow":"follow","max-snippet":"max-snippet:-1","max-image-preview":"max-image-preview:large","max-video-preview":"max-video-preview:-1"},"canonical":"https:\/\/noticiasdefato.net\/?p=1516","og_locale":"pt_BR","og_type":"article","og_title":"MP EMITE ALERTA \u00c0 C\u00c2MARA DE ALFENAS - Not\u00edcias de Fato","og_description":"Minist\u00e9rio P\u00fablico emite recomenda\u00e7\u00e3o para a retirada de projetos que tratam da doa\u00e7\u00e3o de bens p\u00fablicos e que estabelece sal\u00e1rio dos conselheiros tutelares.","og_url":"https:\/\/noticiasdefato.net\/?p=1516","og_site_name":"Not\u00edcias de Fato","article_publisher":"https:\/\/fb.com\/noticiasdefato.jornal","article_author":"http:\/\/fb.com\/\/noticiasdefato.jornal","article_published_time":"2024-07-31T16:58:33+00:00","article_modified_time":"2024-08-12T13:59:27+00:00","og_image":[{"width":932,"height":287,"url":"https:\/\/noticiasdefato.net\/wp-content\/uploads\/2024\/07\/image-32.png","type":"image\/png"}],"author":"Noticias de Fato","twitter_card":"summary_large_image","twitter_creator":"@https:\/\/twitter.com\/NoticiasDeFato_","twitter_site":"@noticiasdefato_","twitter_misc":{"Escrito por":"Noticias de Fato","Est. tempo de leitura":"5 minutos"},"schema":{"@context":"https:\/\/schema.org","@graph":[{"@type":"Article","@id":"https:\/\/noticiasdefato.net\/?p=1516#article","isPartOf":{"@id":"https:\/\/noticiasdefato.net\/?p=1516"},"author":{"name":"Noticias de Fato","@id":"https:\/\/noticiasdefato.net\/#\/schema\/person\/982ce60211d95acf059cd702aa260d08"},"headline":"MP EMITE ALERTA \u00c0 C\u00c2MARA DE ALFENAS","datePublished":"2024-07-31T16:58:33+00:00","dateModified":"2024-08-12T13:59:27+00:00","mainEntityOfPage":{"@id":"https:\/\/noticiasdefato.net\/?p=1516"},"wordCount":941,"commentCount":1,"publisher":{"@id":"https:\/\/noticiasdefato.net\/#organization"},"image":{"@id":"https:\/\/noticiasdefato.net\/?p=1516#primaryimage"},"thumbnailUrl":"https:\/\/noticiasdefato.net\/wp-content\/uploads\/2024\/07\/image-32.png","articleSection":["Pol\u00edtica"],"inLanguage":"pt-BR","potentialAction":[{"@type":"CommentAction","name":"Comment","target":["https:\/\/noticiasdefato.net\/?p=1516#respond"]}]},{"@type":"WebPage","@id":"https:\/\/noticiasdefato.net\/?p=1516","url":"https:\/\/noticiasdefato.net\/?p=1516","name":"MP EMITE ALERTA \u00c0 C\u00c2MARA DE ALFENAS - Not\u00edcias de Fato","isPartOf":{"@id":"https:\/\/noticiasdefato.net\/#website"},"primaryImageOfPage":{"@id":"https:\/\/noticiasdefato.net\/?p=1516#primaryimage"},"image":{"@id":"https:\/\/noticiasdefato.net\/?p=1516#primaryimage"},"thumbnailUrl":"https:\/\/noticiasdefato.net\/wp-content\/uploads\/2024\/07\/image-32.png","datePublished":"2024-07-31T16:58:33+00:00","dateModified":"2024-08-12T13:59:27+00:00","description":"Minist\u00e9rio P\u00fablico emite recomenda\u00e7\u00e3o para a retirada de projetos que tratam da doa\u00e7\u00e3o de bens p\u00fablicos e que estabelece sal\u00e1rio dos conselheiros tutelares.","breadcrumb":{"@id":"https:\/\/noticiasdefato.net\/?p=1516#breadcrumb"},"inLanguage":"pt-BR","potentialAction":[{"@type":"ReadAction","target":["https:\/\/noticiasdefato.net\/?p=1516"]}]},{"@type":"ImageObject","inLanguage":"pt-BR","@id":"https:\/\/noticiasdefato.net\/?p=1516#primaryimage","url":"https:\/\/noticiasdefato.net\/wp-content\/uploads\/2024\/07\/image-32.png","contentUrl":"https:\/\/noticiasdefato.net\/wp-content\/uploads\/2024\/07\/image-32.png","width":932,"height":287},{"@type":"BreadcrumbList","@id":"https:\/\/noticiasdefato.net\/?p=1516#breadcrumb","itemListElement":[{"@type":"ListItem","position":1,"name":"In\u00edcio","item":"https:\/\/noticiasdefato.net\/"},{"@type":"ListItem","position":2,"name":"MP EMITE ALERTA \u00c0 C\u00c2MARA DE ALFENAS"}]},{"@type":"WebSite","@id":"https:\/\/noticiasdefato.net\/#website","url":"https:\/\/noticiasdefato.net\/","name":"Not\u00edcias de Fato","description":"Trabalhamos com honestidade, seriedade e com a verdade.","publisher":{"@id":"https:\/\/noticiasdefato.net\/#organization"},"potentialAction":[{"@type":"SearchAction","target":{"@type":"EntryPoint","urlTemplate":"https:\/\/noticiasdefato.net\/?s={search_term_string}"},"query-input":"required name=search_term_string"}],"inLanguage":"pt-BR"},{"@type":"Organization","@id":"https:\/\/noticiasdefato.net\/#organization","name":"Not\u00edcias de Fato","url":"https:\/\/noticiasdefato.net\/","logo":{"@type":"ImageObject","inLanguage":"pt-BR","@id":"https:\/\/noticiasdefato.net\/#\/schema\/logo\/image\/","url":"https:\/\/noticiasdefato.net\/wp-content\/uploads\/2024\/02\/cropped-logo_topo.png","contentUrl":"https:\/\/noticiasdefato.net\/wp-content\/uploads\/2024\/02\/cropped-logo_topo.png","width":1948,"height":665,"caption":"Not\u00edcias de Fato"},"image":{"@id":"https:\/\/noticiasdefato.net\/#\/schema\/logo\/image\/"},"sameAs":["https:\/\/fb.com\/noticiasdefato.jornal","https:\/\/x.com\/noticiasdefato_","https:\/\/instagram.com\/noticiasdefato.jornal","https:\/\/youtube.com\/@JornalNoticiasDeFato"]},{"@type":"Person","@id":"https:\/\/noticiasdefato.net\/#\/schema\/person\/982ce60211d95acf059cd702aa260d08","name":"Noticias de Fato","image":{"@type":"ImageObject","inLanguage":"pt-BR","@id":"https:\/\/noticiasdefato.net\/#\/schema\/person\/image\/","url":"https:\/\/secure.gravatar.com\/avatar\/700227fab2316f0366a1b5d4988d10f847249cf13293450527ac9553c994611a?s=96&d=mm&r=g","contentUrl":"https:\/\/secure.gravatar.com\/avatar\/700227fab2316f0366a1b5d4988d10f847249cf13293450527ac9553c994611a?s=96&d=mm&r=g","caption":"Noticias de Fato"},"sameAs":["https:\/\/noticiasdefato.net","http:\/\/fb.com\/\/noticiasdefato.jornal","https:\/\/x.com\/https:\/\/twitter.com\/NoticiasDeFato_"],"url":"https:\/\/noticiasdefato.net\/?author=1"}]}},"_links":{"self":[{"href":"https:\/\/noticiasdefato.net\/index.php?rest_route=\/wp\/v2\/posts\/1516","targetHints":{"allow":["GET"]}}],"collection":[{"href":"https:\/\/noticiasdefato.net\/index.php?rest_route=\/wp\/v2\/posts"}],"about":[{"href":"https:\/\/noticiasdefato.net\/index.php?rest_route=\/wp\/v2\/types\/post"}],"author":[{"embeddable":true,"href":"https:\/\/noticiasdefato.net\/index.php?rest_route=\/wp\/v2\/users\/1"}],"replies":[{"embeddable":true,"href":"https:\/\/noticiasdefato.net\/index.php?rest_route=%2Fwp%2Fv2%2Fcomments&post=1516"}],"version-history":[{"count":1,"href":"https:\/\/noticiasdefato.net\/index.php?rest_route=\/wp\/v2\/posts\/1516\/revisions"}],"predecessor-version":[{"id":1518,"href":"https:\/\/noticiasdefato.net\/index.php?rest_route=\/wp\/v2\/posts\/1516\/revisions\/1518"}],"wp:featuredmedia":[{"embeddable":true,"href":"https:\/\/noticiasdefato.net\/index.php?rest_route=\/wp\/v2\/media\/1517"}],"wp:attachment":[{"href":"https:\/\/noticiasdefato.net\/index.php?rest_route=%2Fwp%2Fv2%2Fmedia&parent=1516"}],"wp:term":[{"taxonomy":"category","embeddable":true,"href":"https:\/\/noticiasdefato.net\/index.php?rest_route=%2Fwp%2Fv2%2Fcategories&post=1516"},{"taxonomy":"post_tag","embeddable":true,"href":"https:\/\/noticiasdefato.net\/index.php?rest_route=%2Fwp%2Fv2%2Ftags&post=1516"}],"curies":[{"name":"wp","href":"https:\/\/api.w.org\/{rel}","templated":true}]}}