{"id":1519,"date":"2024-08-02T11:31:54","date_gmt":"2024-08-02T14:31:54","guid":{"rendered":"https:\/\/noticiasdefato.net\/?p=1519"},"modified":"2024-08-02T11:31:55","modified_gmt":"2024-08-02T14:31:55","slug":"sem-luizinho-pt-de-alfenas-oficializa-fabio-e-eliacim","status":"publish","type":"post","link":"https:\/\/noticiasdefato.net\/?p=1519","title":{"rendered":"SEM LUIZINHO, PT DE ALFENAS OFICIALIZA F\u00c1BIO E ELIACIM"},"content":{"rendered":"\n<p><em>Deputado estadual Luzinho do PT n\u00e3o participou da conven\u00e7\u00e3o, mas preferiu prestigiar a da cidade de Fama.<\/em><\/p>\n\n\n\n<p>O partido dos trabalhadores- PT realizou a sua conven\u00e7\u00e3o no sal\u00e3o da Apae, na noite de quinta-feira (1\u00b0).<\/p>\n\n\n\n<p>Pelo que se observa nas redes sociais o partido optou por um ato meramente protocolar, mas que n\u00e3o contou com a presen\u00e7a de seu maior representante: o petista, deputado Luizinho, que preferiu prestigiar a conven\u00e7\u00e3o que aconteceu na cidade de Fama.<\/p>\n\n\n<div class=\"wp-block-image\">\n<figure class=\"aligncenter size-full\"><img fetchpriority=\"high\" decoding=\"async\" width=\"316\" height=\"324\" src=\"https:\/\/noticiasdefato.net\/wp-content\/uploads\/2024\/08\/image.png\" alt=\"\" class=\"wp-image-1520\" srcset=\"https:\/\/noticiasdefato.net\/wp-content\/uploads\/2024\/08\/image.png 316w, https:\/\/noticiasdefato.net\/wp-content\/uploads\/2024\/08\/image-293x300.png 293w, https:\/\/noticiasdefato.net\/wp-content\/uploads\/2024\/08\/image-88x90.png 88w\" sizes=\"(max-width: 316px) 100vw, 316px\" \/><figcaption class=\"wp-element-caption\">Deputado estadual Luizinho do PT na conve\u00e7\u00e3o do partido PSD de Fama<\/figcaption><\/figure>\n<\/div>\n\n\n<p><br>E, pelo que se observa nas pr\u00f3prias redes sociais do partido, nenhuma lideran\u00e7a, deputados federais e estaduais da regi\u00e3o, compareceram ao evento.<\/p>\n\n\n\n<figure class=\"wp-block-image size-large\"><img decoding=\"async\" width=\"1024\" height=\"768\" src=\"https:\/\/noticiasdefato.net\/wp-content\/uploads\/2024\/08\/image-6-1024x768.png\" alt=\"\" class=\"wp-image-1526\" srcset=\"https:\/\/noticiasdefato.net\/wp-content\/uploads\/2024\/08\/image-6-1024x768.png 1024w, https:\/\/noticiasdefato.net\/wp-content\/uploads\/2024\/08\/image-6-300x225.png 300w, https:\/\/noticiasdefato.net\/wp-content\/uploads\/2024\/08\/image-6-768x576.png 768w, https:\/\/noticiasdefato.net\/wp-content\/uploads\/2024\/08\/image-6-1536x1152.png 1536w, https:\/\/noticiasdefato.net\/wp-content\/uploads\/2024\/08\/image-6-120x90.png 120w, https:\/\/noticiasdefato.net\/wp-content\/uploads\/2024\/08\/image-6.png 2048w\" sizes=\"(max-width: 1024px) 100vw, 1024px\" \/><\/figure>\n\n\n\n<p><strong>O VICE<\/strong><\/p>\n\n\n\n<div class=\"wp-block-columns is-layout-flex wp-container-core-columns-is-layout-9d6595d7 wp-block-columns-is-layout-flex\">\n<div class=\"wp-block-column is-layout-flow wp-block-column-is-layout-flow\" style=\"flex-basis:50%\">\n<figure class=\"wp-block-image size-full is-resized\"><img decoding=\"async\" width=\"328\" height=\"295\" src=\"https:\/\/noticiasdefato.net\/wp-content\/uploads\/2024\/08\/image-1.png\" alt=\"\" class=\"wp-image-1521\" style=\"width:326px;height:auto\" srcset=\"https:\/\/noticiasdefato.net\/wp-content\/uploads\/2024\/08\/image-1.png 328w, https:\/\/noticiasdefato.net\/wp-content\/uploads\/2024\/08\/image-1-300x270.png 300w, https:\/\/noticiasdefato.net\/wp-content\/uploads\/2024\/08\/image-1-100x90.png 100w\" sizes=\"(max-width: 328px) 100vw, 328px\" \/><\/figure>\n<\/div>\n\n\n\n<div class=\"wp-block-column is-layout-flow wp-block-column-is-layout-flow\" style=\"flex-basis:50%\">\n<figure class=\"wp-block-image size-full is-resized\"><img loading=\"lazy\" decoding=\"async\" width=\"259\" height=\"238\" src=\"https:\/\/noticiasdefato.net\/wp-content\/uploads\/2024\/08\/image-5.png\" alt=\"\" class=\"wp-image-1525\" style=\"width:320px;height:auto\" srcset=\"https:\/\/noticiasdefato.net\/wp-content\/uploads\/2024\/08\/image-5.png 259w, https:\/\/noticiasdefato.net\/wp-content\/uploads\/2024\/08\/image-5-98x90.png 98w\" sizes=\"(max-width: 259px) 100vw, 259px\" \/><\/figure>\n<\/div>\n<\/div>\n\n\n\n<div class=\"wp-block-columns is-layout-flex wp-container-core-columns-is-layout-9d6595d7 wp-block-columns-is-layout-flex\">\n<div class=\"wp-block-column is-layout-flow wp-block-column-is-layout-flow\" style=\"flex-basis:50%\">\n<figure class=\"wp-block-image size-full\"><img loading=\"lazy\" decoding=\"async\" width=\"600\" height=\"338\" src=\"https:\/\/noticiasdefato.net\/wp-content\/uploads\/2024\/08\/Imagem-do-WhatsApp-de-2024-08-02-as-10.27.58_ff90eaf4-1.jpg\" alt=\"\" class=\"wp-image-1529\" srcset=\"https:\/\/noticiasdefato.net\/wp-content\/uploads\/2024\/08\/Imagem-do-WhatsApp-de-2024-08-02-as-10.27.58_ff90eaf4-1.jpg 600w, https:\/\/noticiasdefato.net\/wp-content\/uploads\/2024\/08\/Imagem-do-WhatsApp-de-2024-08-02-as-10.27.58_ff90eaf4-1-300x169.jpg 300w, https:\/\/noticiasdefato.net\/wp-content\/uploads\/2024\/08\/Imagem-do-WhatsApp-de-2024-08-02-as-10.27.58_ff90eaf4-1-160x90.jpg 160w\" sizes=\"(max-width: 600px) 100vw, 600px\" \/><\/figure>\n<\/div>\n\n\n\n<div class=\"wp-block-column is-layout-flow wp-block-column-is-layout-flow\" style=\"flex-basis:50%\">\n<figure class=\"wp-block-image size-full\"><img loading=\"lazy\" decoding=\"async\" width=\"431\" height=\"393\" src=\"https:\/\/noticiasdefato.net\/wp-content\/uploads\/2024\/08\/image-4.png\" alt=\"\" class=\"wp-image-1524\" srcset=\"https:\/\/noticiasdefato.net\/wp-content\/uploads\/2024\/08\/image-4.png 431w, https:\/\/noticiasdefato.net\/wp-content\/uploads\/2024\/08\/image-4-300x274.png 300w, https:\/\/noticiasdefato.net\/wp-content\/uploads\/2024\/08\/image-4-99x90.png 99w\" sizes=\"(max-width: 431px) 100vw, 431px\" \/><\/figure>\n<\/div>\n<\/div>\n\n\n\n<p>Eliacim do Carmo Louren\u00e7o \u00e9 filiado ao Partido Comunista do Brasil (PCdoB), partido que comp\u00f5e a federa\u00e7\u00e3o de partidos formada junto com PT e PV.\u2028\u2028Ele foi vice-prefeito de Luizinho (PT), hoje deputado estadual, foi vereador por tr\u00eas vezes.\u2028\u2028Ocupou a secret\u00e1rio de Educa\u00e7\u00e3o por duas vezes e \u00e9 na gest\u00e3o desta secretaria vem enfrentado in\u00fameros desgastes principalmente no setor de transporte escolar, com sucateamento da frota, alunos que deixam de ir \u00e0 escola por falta de transporte, atrasos, \u00f4nibus que incendeia ao buscar alunos, al\u00e9m de in\u00fameras reclama\u00e7\u00f5es de pais de alunos, especialmente os da zona rural.<\/p>\n\n\n\n<p><strong>A COLIGA\u00c7\u00c3O<\/strong><\/p>\n\n\n\n<p>A conven\u00e7\u00e3o de quinta-feira confirmou o que se v\u00ea na Federa\u00e7\u00e3o: PT, PV e PCdoB. Em Alfenas, estes partidos formam a Coliga\u00e7\u00e3o: Alfenas continua crescendo<\/p>\n\n\n\n<p>A Federa\u00e7\u00e3o Psol\/Rede passa por impasse interno. At\u00e9 o come\u00e7o desta semana, A Rede mantinha o posicionamento inicial de lan\u00e7ar nome pr\u00f3prio para a disputa da Prefeitura de Alfenas, por\u00e9m o Psol avaliava um apoio&nbsp;critico&nbsp;ao&nbsp;PT.<\/p>\n\n\n\n<p><\/p>\n\n\n\n<p>Em suas redes sociais o pr\u00e9-candidato, Fabio Flor\u00eancio, justificou que logo o partido far\u00e1 um evento para o lan\u00e7amento\u00a0da\u00a0candidatura ao p\u00fablico.<\/p>\n","protected":false},"excerpt":{"rendered":"<p>Deputado estadual Luzinho do PT n\u00e3o participou da conven\u00e7\u00e3o, mas preferiu prestigiar a da cidade de Fama. <a href=\"https:\/\/noticiasdefato.net\/?p=1519\" class=\"more-link\">Continuar lendo <span class=\"screen-reader-text\">SEM LUIZINHO, PT DE ALFENAS OFICIALIZA F\u00c1BIO E ELIACIM<\/span><\/a><\/p>\n","protected":false},"author":1,"featured_media":1527,"comment_status":"open","ping_status":"open","sticky":false,"template":"","format":"standard","meta":{"footnotes":""},"categories":[1],"tags":[],"class_list":["post-1519","post","type-post","status-publish","format-standard","has-post-thumbnail","hentry","category-geral"],"yoast_head":"<!-- This site is optimized with the Yoast SEO plugin v23.2 - https:\/\/yoast.com\/wordpress\/plugins\/seo\/ -->\n<title>SEM LUIZINHO, PT DE ALFENAS OFICIALIZA F\u00c1BIO E ELIACIM - Not\u00edcias de Fato<\/title>\n<meta name=\"description\" content=\"Deputado estadual Luzinho do PT n\u00e3o participou da conven\u00e7\u00e3o, mas preferiu prestigiar a da cidade de Fama.\" \/>\n<meta name=\"robots\" content=\"index, follow, max-snippet:-1, max-image-preview:large, max-video-preview:-1\" \/>\n<link rel=\"canonical\" href=\"https:\/\/noticiasdefato.net\/?p=1519\" \/>\n<meta property=\"og:locale\" content=\"pt_BR\" \/>\n<meta property=\"og:type\" content=\"article\" \/>\n<meta property=\"og:title\" content=\"SEM LUIZINHO, PT DE ALFENAS OFICIALIZA F\u00c1BIO E ELIACIM - Not\u00edcias de Fato\" \/>\n<meta property=\"og:description\" content=\"Deputado estadual Luzinho do PT n\u00e3o participou da conven\u00e7\u00e3o, mas preferiu prestigiar a da cidade de Fama.\" \/>\n<meta property=\"og:url\" content=\"https:\/\/noticiasdefato.net\/?p=1519\" \/>\n<meta property=\"og:site_name\" content=\"Not\u00edcias de Fato\" \/>\n<meta property=\"article:publisher\" content=\"https:\/\/fb.com\/noticiasdefato.jornal\" \/>\n<meta property=\"article:author\" content=\"http:\/\/fb.com\/\/noticiasdefato.jornal\" \/>\n<meta property=\"article:published_time\" content=\"2024-08-02T14:31:54+00:00\" \/>\n<meta property=\"article:modified_time\" content=\"2024-08-02T14:31:55+00:00\" \/>\n<meta property=\"og:image\" content=\"https:\/\/noticiasdefato.net\/wp-content\/uploads\/2024\/08\/image-7.png\" \/>\n\t<meta property=\"og:image:width\" content=\"1361\" \/>\n\t<meta property=\"og:image:height\" content=\"267\" \/>\n\t<meta property=\"og:image:type\" content=\"image\/png\" \/>\n<meta name=\"author\" content=\"Noticias de Fato\" \/>\n<meta name=\"twitter:card\" content=\"summary_large_image\" \/>\n<meta name=\"twitter:creator\" content=\"@https:\/\/twitter.com\/NoticiasDeFato_\" \/>\n<meta name=\"twitter:site\" content=\"@noticiasdefato_\" \/>\n<meta name=\"twitter:label1\" content=\"Escrito por\" \/>\n\t<meta name=\"twitter:data1\" content=\"Noticias de Fato\" \/>\n\t<meta name=\"twitter:label2\" content=\"Est. tempo de leitura\" \/>\n\t<meta name=\"twitter:data2\" content=\"4 minutos\" \/>\n<script type=\"application\/ld+json\" class=\"yoast-schema-graph\">{\"@context\":\"https:\/\/schema.org\",\"@graph\":[{\"@type\":\"Article\",\"@id\":\"https:\/\/noticiasdefato.net\/?p=1519#article\",\"isPartOf\":{\"@id\":\"https:\/\/noticiasdefato.net\/?p=1519\"},\"author\":{\"name\":\"Noticias de Fato\",\"@id\":\"https:\/\/noticiasdefato.net\/#\/schema\/person\/982ce60211d95acf059cd702aa260d08\"},\"headline\":\"SEM LUIZINHO, PT DE ALFENAS OFICIALIZA F\u00c1BIO E ELIACIM\",\"datePublished\":\"2024-08-02T14:31:54+00:00\",\"dateModified\":\"2024-08-02T14:31:55+00:00\",\"mainEntityOfPage\":{\"@id\":\"https:\/\/noticiasdefato.net\/?p=1519\"},\"wordCount\":343,\"commentCount\":0,\"publisher\":{\"@id\":\"https:\/\/noticiasdefato.net\/#organization\"},\"image\":{\"@id\":\"https:\/\/noticiasdefato.net\/?p=1519#primaryimage\"},\"thumbnailUrl\":\"https:\/\/noticiasdefato.net\/wp-content\/uploads\/2024\/08\/image-7.png\",\"articleSection\":[\"Geral\"],\"inLanguage\":\"pt-BR\",\"potentialAction\":[{\"@type\":\"CommentAction\",\"name\":\"Comment\",\"target\":[\"https:\/\/noticiasdefato.net\/?p=1519#respond\"]}]},{\"@type\":\"WebPage\",\"@id\":\"https:\/\/noticiasdefato.net\/?p=1519\",\"url\":\"https:\/\/noticiasdefato.net\/?p=1519\",\"name\":\"SEM LUIZINHO, PT DE ALFENAS OFICIALIZA F\u00c1BIO E ELIACIM - Not\u00edcias de Fato\",\"isPartOf\":{\"@id\":\"https:\/\/noticiasdefato.net\/#website\"},\"primaryImageOfPage\":{\"@id\":\"https:\/\/noticiasdefato.net\/?p=1519#primaryimage\"},\"image\":{\"@id\":\"https:\/\/noticiasdefato.net\/?p=1519#primaryimage\"},\"thumbnailUrl\":\"https:\/\/noticiasdefato.net\/wp-content\/uploads\/2024\/08\/image-7.png\",\"datePublished\":\"2024-08-02T14:31:54+00:00\",\"dateModified\":\"2024-08-02T14:31:55+00:00\",\"description\":\"Deputado estadual Luzinho do PT n\u00e3o participou da conven\u00e7\u00e3o, mas preferiu prestigiar a da cidade de Fama.\",\"breadcrumb\":{\"@id\":\"https:\/\/noticiasdefato.net\/?p=1519#breadcrumb\"},\"inLanguage\":\"pt-BR\",\"potentialAction\":[{\"@type\":\"ReadAction\",\"target\":[\"https:\/\/noticiasdefato.net\/?p=1519\"]}]},{\"@type\":\"ImageObject\",\"inLanguage\":\"pt-BR\",\"@id\":\"https:\/\/noticiasdefato.net\/?p=1519#primaryimage\",\"url\":\"https:\/\/noticiasdefato.net\/wp-content\/uploads\/2024\/08\/image-7.png\",\"contentUrl\":\"https:\/\/noticiasdefato.net\/wp-content\/uploads\/2024\/08\/image-7.png\",\"width\":1361,\"height\":267},{\"@type\":\"BreadcrumbList\",\"@id\":\"https:\/\/noticiasdefato.net\/?p=1519#breadcrumb\",\"itemListElement\":[{\"@type\":\"ListItem\",\"position\":1,\"name\":\"In\u00edcio\",\"item\":\"https:\/\/noticiasdefato.net\/\"},{\"@type\":\"ListItem\",\"position\":2,\"name\":\"SEM LUIZINHO, PT DE ALFENAS OFICIALIZA F\u00c1BIO E ELIACIM\"}]},{\"@type\":\"WebSite\",\"@id\":\"https:\/\/noticiasdefato.net\/#website\",\"url\":\"https:\/\/noticiasdefato.net\/\",\"name\":\"Not\u00edcias de Fato\",\"description\":\"Trabalhamos com honestidade, seriedade e com a verdade.\",\"publisher\":{\"@id\":\"https:\/\/noticiasdefato.net\/#organization\"},\"potentialAction\":[{\"@type\":\"SearchAction\",\"target\":{\"@type\":\"EntryPoint\",\"urlTemplate\":\"https:\/\/noticiasdefato.net\/?s={search_term_string}\"},\"query-input\":\"required name=search_term_string\"}],\"inLanguage\":\"pt-BR\"},{\"@type\":\"Organization\",\"@id\":\"https:\/\/noticiasdefato.net\/#organization\",\"name\":\"Not\u00edcias de Fato\",\"url\":\"https:\/\/noticiasdefato.net\/\",\"logo\":{\"@type\":\"ImageObject\",\"inLanguage\":\"pt-BR\",\"@id\":\"https:\/\/noticiasdefato.net\/#\/schema\/logo\/image\/\",\"url\":\"https:\/\/noticiasdefato.net\/wp-content\/uploads\/2024\/02\/cropped-logo_topo.png\",\"contentUrl\":\"https:\/\/noticiasdefato.net\/wp-content\/uploads\/2024\/02\/cropped-logo_topo.png\",\"width\":1948,\"height\":665,\"caption\":\"Not\u00edcias de Fato\"},\"image\":{\"@id\":\"https:\/\/noticiasdefato.net\/#\/schema\/logo\/image\/\"},\"sameAs\":[\"https:\/\/fb.com\/noticiasdefato.jornal\",\"https:\/\/x.com\/noticiasdefato_\",\"https:\/\/instagram.com\/noticiasdefato.jornal\",\"https:\/\/youtube.com\/@JornalNoticiasDeFato\"]},{\"@type\":\"Person\",\"@id\":\"https:\/\/noticiasdefato.net\/#\/schema\/person\/982ce60211d95acf059cd702aa260d08\",\"name\":\"Noticias de Fato\",\"image\":{\"@type\":\"ImageObject\",\"inLanguage\":\"pt-BR\",\"@id\":\"https:\/\/noticiasdefato.net\/#\/schema\/person\/image\/\",\"url\":\"https:\/\/secure.gravatar.com\/avatar\/700227fab2316f0366a1b5d4988d10f847249cf13293450527ac9553c994611a?s=96&d=mm&r=g\",\"contentUrl\":\"https:\/\/secure.gravatar.com\/avatar\/700227fab2316f0366a1b5d4988d10f847249cf13293450527ac9553c994611a?s=96&d=mm&r=g\",\"caption\":\"Noticias de Fato\"},\"sameAs\":[\"https:\/\/noticiasdefato.net\",\"http:\/\/fb.com\/\/noticiasdefato.jornal\",\"https:\/\/x.com\/https:\/\/twitter.com\/NoticiasDeFato_\"],\"url\":\"https:\/\/noticiasdefato.net\/?author=1\"}]}<\/script>\n<!-- \/ Yoast SEO plugin. -->","yoast_head_json":{"title":"SEM LUIZINHO, PT DE ALFENAS OFICIALIZA F\u00c1BIO E ELIACIM - Not\u00edcias de Fato","description":"Deputado estadual Luzinho do PT n\u00e3o participou da conven\u00e7\u00e3o, mas preferiu prestigiar a da cidade de Fama.","robots":{"index":"index","follow":"follow","max-snippet":"max-snippet:-1","max-image-preview":"max-image-preview:large","max-video-preview":"max-video-preview:-1"},"canonical":"https:\/\/noticiasdefato.net\/?p=1519","og_locale":"pt_BR","og_type":"article","og_title":"SEM LUIZINHO, PT DE ALFENAS OFICIALIZA F\u00c1BIO E ELIACIM - Not\u00edcias de Fato","og_description":"Deputado estadual Luzinho do PT n\u00e3o participou da conven\u00e7\u00e3o, mas preferiu prestigiar a da cidade de Fama.","og_url":"https:\/\/noticiasdefato.net\/?p=1519","og_site_name":"Not\u00edcias de Fato","article_publisher":"https:\/\/fb.com\/noticiasdefato.jornal","article_author":"http:\/\/fb.com\/\/noticiasdefato.jornal","article_published_time":"2024-08-02T14:31:54+00:00","article_modified_time":"2024-08-02T14:31:55+00:00","og_image":[{"width":1361,"height":267,"url":"https:\/\/noticiasdefato.net\/wp-content\/uploads\/2024\/08\/image-7.png","type":"image\/png"}],"author":"Noticias de Fato","twitter_card":"summary_large_image","twitter_creator":"@https:\/\/twitter.com\/NoticiasDeFato_","twitter_site":"@noticiasdefato_","twitter_misc":{"Escrito por":"Noticias de Fato","Est. tempo de leitura":"4 minutos"},"schema":{"@context":"https:\/\/schema.org","@graph":[{"@type":"Article","@id":"https:\/\/noticiasdefato.net\/?p=1519#article","isPartOf":{"@id":"https:\/\/noticiasdefato.net\/?p=1519"},"author":{"name":"Noticias de Fato","@id":"https:\/\/noticiasdefato.net\/#\/schema\/person\/982ce60211d95acf059cd702aa260d08"},"headline":"SEM LUIZINHO, PT DE ALFENAS OFICIALIZA F\u00c1BIO E ELIACIM","datePublished":"2024-08-02T14:31:54+00:00","dateModified":"2024-08-02T14:31:55+00:00","mainEntityOfPage":{"@id":"https:\/\/noticiasdefato.net\/?p=1519"},"wordCount":343,"commentCount":0,"publisher":{"@id":"https:\/\/noticiasdefato.net\/#organization"},"image":{"@id":"https:\/\/noticiasdefato.net\/?p=1519#primaryimage"},"thumbnailUrl":"https:\/\/noticiasdefato.net\/wp-content\/uploads\/2024\/08\/image-7.png","articleSection":["Geral"],"inLanguage":"pt-BR","potentialAction":[{"@type":"CommentAction","name":"Comment","target":["https:\/\/noticiasdefato.net\/?p=1519#respond"]}]},{"@type":"WebPage","@id":"https:\/\/noticiasdefato.net\/?p=1519","url":"https:\/\/noticiasdefato.net\/?p=1519","name":"SEM LUIZINHO, PT DE ALFENAS OFICIALIZA F\u00c1BIO E ELIACIM - Not\u00edcias de Fato","isPartOf":{"@id":"https:\/\/noticiasdefato.net\/#website"},"primaryImageOfPage":{"@id":"https:\/\/noticiasdefato.net\/?p=1519#primaryimage"},"image":{"@id":"https:\/\/noticiasdefato.net\/?p=1519#primaryimage"},"thumbnailUrl":"https:\/\/noticiasdefato.net\/wp-content\/uploads\/2024\/08\/image-7.png","datePublished":"2024-08-02T14:31:54+00:00","dateModified":"2024-08-02T14:31:55+00:00","description":"Deputado estadual Luzinho do PT n\u00e3o participou da conven\u00e7\u00e3o, mas preferiu prestigiar a da cidade de Fama.","breadcrumb":{"@id":"https:\/\/noticiasdefato.net\/?p=1519#breadcrumb"},"inLanguage":"pt-BR","potentialAction":[{"@type":"ReadAction","target":["https:\/\/noticiasdefato.net\/?p=1519"]}]},{"@type":"ImageObject","inLanguage":"pt-BR","@id":"https:\/\/noticiasdefato.net\/?p=1519#primaryimage","url":"https:\/\/noticiasdefato.net\/wp-content\/uploads\/2024\/08\/image-7.png","contentUrl":"https:\/\/noticiasdefato.net\/wp-content\/uploads\/2024\/08\/image-7.png","width":1361,"height":267},{"@type":"BreadcrumbList","@id":"https:\/\/noticiasdefato.net\/?p=1519#breadcrumb","itemListElement":[{"@type":"ListItem","position":1,"name":"In\u00edcio","item":"https:\/\/noticiasdefato.net\/"},{"@type":"ListItem","position":2,"name":"SEM LUIZINHO, PT DE ALFENAS OFICIALIZA F\u00c1BIO E ELIACIM"}]},{"@type":"WebSite","@id":"https:\/\/noticiasdefato.net\/#website","url":"https:\/\/noticiasdefato.net\/","name":"Not\u00edcias de Fato","description":"Trabalhamos com honestidade, seriedade e com a verdade.","publisher":{"@id":"https:\/\/noticiasdefato.net\/#organization"},"potentialAction":[{"@type":"SearchAction","target":{"@type":"EntryPoint","urlTemplate":"https:\/\/noticiasdefato.net\/?s={search_term_string}"},"query-input":"required name=search_term_string"}],"inLanguage":"pt-BR"},{"@type":"Organization","@id":"https:\/\/noticiasdefato.net\/#organization","name":"Not\u00edcias de Fato","url":"https:\/\/noticiasdefato.net\/","logo":{"@type":"ImageObject","inLanguage":"pt-BR","@id":"https:\/\/noticiasdefato.net\/#\/schema\/logo\/image\/","url":"https:\/\/noticiasdefato.net\/wp-content\/uploads\/2024\/02\/cropped-logo_topo.png","contentUrl":"https:\/\/noticiasdefato.net\/wp-content\/uploads\/2024\/02\/cropped-logo_topo.png","width":1948,"height":665,"caption":"Not\u00edcias de Fato"},"image":{"@id":"https:\/\/noticiasdefato.net\/#\/schema\/logo\/image\/"},"sameAs":["https:\/\/fb.com\/noticiasdefato.jornal","https:\/\/x.com\/noticiasdefato_","https:\/\/instagram.com\/noticiasdefato.jornal","https:\/\/youtube.com\/@JornalNoticiasDeFato"]},{"@type":"Person","@id":"https:\/\/noticiasdefato.net\/#\/schema\/person\/982ce60211d95acf059cd702aa260d08","name":"Noticias de Fato","image":{"@type":"ImageObject","inLanguage":"pt-BR","@id":"https:\/\/noticiasdefato.net\/#\/schema\/person\/image\/","url":"https:\/\/secure.gravatar.com\/avatar\/700227fab2316f0366a1b5d4988d10f847249cf13293450527ac9553c994611a?s=96&d=mm&r=g","contentUrl":"https:\/\/secure.gravatar.com\/avatar\/700227fab2316f0366a1b5d4988d10f847249cf13293450527ac9553c994611a?s=96&d=mm&r=g","caption":"Noticias de Fato"},"sameAs":["https:\/\/noticiasdefato.net","http:\/\/fb.com\/\/noticiasdefato.jornal","https:\/\/x.com\/https:\/\/twitter.com\/NoticiasDeFato_"],"url":"https:\/\/noticiasdefato.net\/?author=1"}]}},"_links":{"self":[{"href":"https:\/\/noticiasdefato.net\/index.php?rest_route=\/wp\/v2\/posts\/1519","targetHints":{"allow":["GET"]}}],"collection":[{"href":"https:\/\/noticiasdefato.net\/index.php?rest_route=\/wp\/v2\/posts"}],"about":[{"href":"https:\/\/noticiasdefato.net\/index.php?rest_route=\/wp\/v2\/types\/post"}],"author":[{"embeddable":true,"href":"https:\/\/noticiasdefato.net\/index.php?rest_route=\/wp\/v2\/users\/1"}],"replies":[{"embeddable":true,"href":"https:\/\/noticiasdefato.net\/index.php?rest_route=%2Fwp%2Fv2%2Fcomments&post=1519"}],"version-history":[{"count":1,"href":"https:\/\/noticiasdefato.net\/index.php?rest_route=\/wp\/v2\/posts\/1519\/revisions"}],"predecessor-version":[{"id":1530,"href":"https:\/\/noticiasdefato.net\/index.php?rest_route=\/wp\/v2\/posts\/1519\/revisions\/1530"}],"wp:featuredmedia":[{"embeddable":true,"href":"https:\/\/noticiasdefato.net\/index.php?rest_route=\/wp\/v2\/media\/1527"}],"wp:attachment":[{"href":"https:\/\/noticiasdefato.net\/index.php?rest_route=%2Fwp%2Fv2%2Fmedia&parent=1519"}],"wp:term":[{"taxonomy":"category","embeddable":true,"href":"https:\/\/noticiasdefato.net\/index.php?rest_route=%2Fwp%2Fv2%2Fcategories&post=1519"},{"taxonomy":"post_tag","embeddable":true,"href":"https:\/\/noticiasdefato.net\/index.php?rest_route=%2Fwp%2Fv2%2Ftags&post=1519"}],"curies":[{"name":"wp","href":"https:\/\/api.w.org\/{rel}","templated":true}]}}