{"id":1531,"date":"2024-08-02T17:37:35","date_gmt":"2024-08-02T20:37:35","guid":{"rendered":"https:\/\/noticiasdefato.net\/?p=1531"},"modified":"2024-08-02T18:01:10","modified_gmt":"2024-08-02T21:01:10","slug":"show-de-graca-menos-para-os-mais-pobres","status":"publish","type":"post","link":"https:\/\/noticiasdefato.net\/?p=1531","title":{"rendered":"SHOW DE GRA\u00c7A? MENOS PARA OS MAIS POBRES"},"content":{"rendered":"\n<p><em>Prefeitura pede alimentos em troca de ingressos, mas como \u00e9 que as pessoas que dependem de cestas b\u00e1sicas poder\u00e3o participar dos shows, se o &#8216;pre\u00e7o&#8217; dos ingresso \u00e9 o que lhes falta:\u00a0comida?<\/em><\/p>\n\n\n\n<p>Uma coisa ningu\u00e9m contesta: a pol\u00edtica do p\u00e3o e circo parece funcionar. Principalmente em ano de elei\u00e7\u00e3o.<br>A mesma prefeitura, que at\u00e9 poucos dias atr\u00e1s estava com falta de cestas para as pessoas inscritas do cadastro \u00fanico (Cad\u00fanico), hoje comemora a arrecada\u00e7\u00e3o de 12 toneladas de alimentos. (Conforme divulgado pelo prefeito, F\u00e1bio Marques Flor\u00eancio, em sua rede social).<\/p>\n\n\n\n<p>Estes alimentos foram adquiridos pela pr\u00f3pria popula\u00e7\u00e3o, em troca de ingressos para entrada em shows ditos \u201cgratuitos\u201d.<\/p>\n\n\n\n<p>O processo de aquisi\u00e7\u00e3o dos ingressos, em si, j\u00e1 causou estranheza, uma vez que, funcion\u00e1rios da prefeitura supostamente foram desviados de suas fun\u00e7\u00f5es para ficarem nas portas dos supermercados e, assim, mediante o recebimento dos alimentos, os funcion\u00e1rios da prefeitura entregavam o ingresso.<\/p>\n\n\n\n<p>Um fato curioso que chegou at\u00e9 a nossa reda\u00e7\u00e3o \u00e9 que para aceitar a troca de alimentos, os funcion\u00e1rios exigiam que a data de validade dos mesmos fosse ap\u00f3s outubro. E s\u00f3 depois disso entregavam\u00a0o\u00a0ingresso.<\/p>\n\n\n\n<p><strong>PERGUNTA QUE N\u00c3O QUER CALAR<\/strong><\/p>\n\n\n\n<p>A pergunta que n\u00e3o quer calar: como que as pessoas em inseguran\u00e7a alimentar, que dependem de cesta b\u00e1sica da prefeitura, fariam tal troca se vivem de doa\u00e7\u00e3o?<\/p>\n\n\n\n<p>Assim sendo, o que se conclui \u00e9 que, al\u00e9m do p\u00e3o que j\u00e1 est\u00e1 dif\u00edcil, o circo, ou melhor o show gratuito, n\u00e3o sai de gra\u00e7a.<\/p>\n\n\n\n<p>Outra pergunta: quanto o Prefeito gastou com os shows e com a infraestrutura do local? Nada contra a realiza\u00e7\u00e3o de shows, mas com estes valores n\u00e3o seria poss\u00edvel regularizar a distribui\u00e7\u00e3o das cestas ou at\u00e9 mesmo melhor\u00e1-las, com alimentos de melhor qualidade?<\/p>\n\n\n\n<p><strong>ENTIDADES RECEBER\u00c3O AS 12 TONELADAS DE ALIMENTOS<\/strong><\/p>\n\n\n\n<p>\u00c9 no m\u00ednimo contradit\u00f3rio, que o Prefeito F\u00e1bio Marques comemore a arrecada\u00e7\u00e3o de 12 toneladas de alimentos, que segundo ele ser\u00e3o doados \u00e0s entidades, se at\u00e9 bem pouco tempo atr\u00e1s ele pr\u00f3prio n\u00e3o tinha cestas para as fam\u00edlias carentes.<\/p>\n\n\n\n<p>Diante do atraso e at\u00e9 mesmo da falta das cestas que, segundo informa\u00e7\u00f5es, passou a ser regularizado somente neste m\u00eas de julho, um dos vereadores da base do governo afirmou, em uma das reuni\u00f5es da c\u00e2mara do m\u00eas de abril, que em Alfenas, s\u00e3o distribu\u00eddas, mensalmente, pouco mais de 2 mil cestas b\u00e1sicas, e que os atrasos estavam acontecendo por problemas com os fornecedores.<\/p>\n\n\n\n<p>No portal da transpar\u00eancia \u00e9 poss\u00edvel constatar que, em julho deste ano, aqui em Alfenas, foram quase 6.000 o n\u00famero de benefici\u00e1rios do bolsa fam\u00edlia. E para receber as cestas no munic\u00edpio, \u00e9 preciso estar inserido no cadastro \u00fanico, o CadUnico que obedece ao crit\u00e9rio da renda per capita, ou seja, a renda da fam\u00edlia n\u00e3o pode exceder R$ 217,00 por pessoa.<\/p>\n\n\n\n<p><strong>12 TONELADAS DE ALIMENTOS GERAM CERCA DE 800 CESTAS<\/strong><\/p>\n\n\n\n<p>Num c\u00e1lculo r\u00e1pido, se cada cesta pesar 15 kg, com 12 toneladas de alimentos \u00e9 poss\u00edvel confeccionar 800 cestas b\u00e1sicas.<\/p>\n\n\n\n<p>\u00c9 preciso acompanhar esta distribui\u00e7\u00e3o e saber: quantas entidades est\u00e3o cadastrados no Conselho Municipal de Assist\u00eancia Social? Essas cestas b\u00e1sicas ser\u00e3o suficientes para as entidades ou sobrar\u00e3o alimentos?<\/p>\n\n\n\n<p>O Jornalismo do Not\u00edcias de Fato est\u00e1 aberto para que o munic\u00edpio atualize a reportagem sobre essas e qualquer outras informa\u00e7\u00f5es que a administra\u00e7\u00e3o julgue&nbsp;necess\u00e1rias.<\/p>\n","protected":false},"excerpt":{"rendered":"<p>Prefeitura pede alimentos em troca de ingressos, mas como \u00e9 que as pessoas que dependem de cestas b\u00e1sicas poder\u00e3o participar dos shows, se o &#8216;pre\u00e7o&#8217; dos ingresso \u00e9 o que lhes falta: comida? <a href=\"https:\/\/noticiasdefato.net\/?p=1531\" class=\"more-link\">Continuar lendo <span class=\"screen-reader-text\">SHOW DE GRA\u00c7A? MENOS PARA OS MAIS POBRES<\/span><\/a><\/p>\n","protected":false},"author":1,"featured_media":1532,"comment_status":"open","ping_status":"open","sticky":false,"template":"","format":"standard","meta":{"footnotes":""},"categories":[1],"tags":[],"class_list":["post-1531","post","type-post","status-publish","format-standard","has-post-thumbnail","hentry","category-geral"],"yoast_head":"<!-- This site is optimized with the Yoast SEO plugin v23.2 - https:\/\/yoast.com\/wordpress\/plugins\/seo\/ -->\n<title>SHOW DE GRA\u00c7A? MENOS PARA OS MAIS POBRES - Not\u00edcias de Fato<\/title>\n<meta name=\"description\" content=\"Prefeitura pede alimentos em troca de ingressos, mas como \u00e9 que as pessoas que dependem de cestas b\u00e1sicas poder\u00e3o participar dos shows, se o &#039;pre\u00e7o&#039; dos ingresso \u00e9 o que lhes falta: comida?\" \/>\n<meta name=\"robots\" content=\"index, follow, max-snippet:-1, max-image-preview:large, max-video-preview:-1\" \/>\n<link rel=\"canonical\" href=\"https:\/\/noticiasdefato.net\/?p=1531\" \/>\n<meta property=\"og:locale\" content=\"pt_BR\" \/>\n<meta property=\"og:type\" content=\"article\" \/>\n<meta property=\"og:title\" content=\"SHOW DE GRA\u00c7A? MENOS PARA OS MAIS POBRES - Not\u00edcias de Fato\" \/>\n<meta property=\"og:description\" content=\"Prefeitura pede alimentos em troca de ingressos, mas como \u00e9 que as pessoas que dependem de cestas b\u00e1sicas poder\u00e3o participar dos shows, se o &#039;pre\u00e7o&#039; dos ingresso \u00e9 o que lhes falta: comida?\" \/>\n<meta property=\"og:url\" content=\"https:\/\/noticiasdefato.net\/?p=1531\" \/>\n<meta property=\"og:site_name\" content=\"Not\u00edcias de Fato\" \/>\n<meta property=\"article:publisher\" content=\"https:\/\/fb.com\/noticiasdefato.jornal\" \/>\n<meta property=\"article:author\" content=\"http:\/\/fb.com\/\/noticiasdefato.jornal\" \/>\n<meta property=\"article:published_time\" content=\"2024-08-02T20:37:35+00:00\" \/>\n<meta property=\"article:modified_time\" content=\"2024-08-02T21:01:10+00:00\" \/>\n<meta property=\"og:image\" content=\"https:\/\/noticiasdefato.net\/wp-content\/uploads\/2024\/08\/Imagem-do-WhatsApp-de-2024-08-02-as-17.10.57_a5e3c71d.jpg\" \/>\n\t<meta property=\"og:image:width\" content=\"1220\" \/>\n\t<meta property=\"og:image:height\" content=\"326\" \/>\n\t<meta property=\"og:image:type\" content=\"image\/jpeg\" \/>\n<meta name=\"author\" content=\"Noticias de Fato\" \/>\n<meta name=\"twitter:card\" content=\"summary_large_image\" \/>\n<meta name=\"twitter:creator\" content=\"@https:\/\/twitter.com\/NoticiasDeFato_\" \/>\n<meta name=\"twitter:site\" content=\"@noticiasdefato_\" \/>\n<meta name=\"twitter:label1\" content=\"Escrito por\" \/>\n\t<meta name=\"twitter:data1\" content=\"Noticias de Fato\" \/>\n\t<meta name=\"twitter:label2\" content=\"Est. tempo de leitura\" \/>\n\t<meta name=\"twitter:data2\" content=\"4 minutos\" \/>\n<script type=\"application\/ld+json\" class=\"yoast-schema-graph\">{\"@context\":\"https:\/\/schema.org\",\"@graph\":[{\"@type\":\"Article\",\"@id\":\"https:\/\/noticiasdefato.net\/?p=1531#article\",\"isPartOf\":{\"@id\":\"https:\/\/noticiasdefato.net\/?p=1531\"},\"author\":{\"name\":\"Noticias de Fato\",\"@id\":\"https:\/\/noticiasdefato.net\/#\/schema\/person\/982ce60211d95acf059cd702aa260d08\"},\"headline\":\"SHOW DE GRA\u00c7A? MENOS PARA OS MAIS POBRES\",\"datePublished\":\"2024-08-02T20:37:35+00:00\",\"dateModified\":\"2024-08-02T21:01:10+00:00\",\"mainEntityOfPage\":{\"@id\":\"https:\/\/noticiasdefato.net\/?p=1531\"},\"wordCount\":611,\"commentCount\":0,\"publisher\":{\"@id\":\"https:\/\/noticiasdefato.net\/#organization\"},\"image\":{\"@id\":\"https:\/\/noticiasdefato.net\/?p=1531#primaryimage\"},\"thumbnailUrl\":\"https:\/\/noticiasdefato.net\/wp-content\/uploads\/2024\/08\/Imagem-do-WhatsApp-de-2024-08-02-as-17.10.57_a5e3c71d.jpg\",\"articleSection\":[\"Geral\"],\"inLanguage\":\"pt-BR\",\"potentialAction\":[{\"@type\":\"CommentAction\",\"name\":\"Comment\",\"target\":[\"https:\/\/noticiasdefato.net\/?p=1531#respond\"]}]},{\"@type\":\"WebPage\",\"@id\":\"https:\/\/noticiasdefato.net\/?p=1531\",\"url\":\"https:\/\/noticiasdefato.net\/?p=1531\",\"name\":\"SHOW DE GRA\u00c7A? MENOS PARA OS MAIS POBRES - Not\u00edcias de Fato\",\"isPartOf\":{\"@id\":\"https:\/\/noticiasdefato.net\/#website\"},\"primaryImageOfPage\":{\"@id\":\"https:\/\/noticiasdefato.net\/?p=1531#primaryimage\"},\"image\":{\"@id\":\"https:\/\/noticiasdefato.net\/?p=1531#primaryimage\"},\"thumbnailUrl\":\"https:\/\/noticiasdefato.net\/wp-content\/uploads\/2024\/08\/Imagem-do-WhatsApp-de-2024-08-02-as-17.10.57_a5e3c71d.jpg\",\"datePublished\":\"2024-08-02T20:37:35+00:00\",\"dateModified\":\"2024-08-02T21:01:10+00:00\",\"description\":\"Prefeitura pede alimentos em troca de ingressos, mas como \u00e9 que as pessoas que dependem de cestas b\u00e1sicas poder\u00e3o participar dos shows, se o 'pre\u00e7o' dos ingresso \u00e9 o que lhes falta: comida?\",\"breadcrumb\":{\"@id\":\"https:\/\/noticiasdefato.net\/?p=1531#breadcrumb\"},\"inLanguage\":\"pt-BR\",\"potentialAction\":[{\"@type\":\"ReadAction\",\"target\":[\"https:\/\/noticiasdefato.net\/?p=1531\"]}]},{\"@type\":\"ImageObject\",\"inLanguage\":\"pt-BR\",\"@id\":\"https:\/\/noticiasdefato.net\/?p=1531#primaryimage\",\"url\":\"https:\/\/noticiasdefato.net\/wp-content\/uploads\/2024\/08\/Imagem-do-WhatsApp-de-2024-08-02-as-17.10.57_a5e3c71d.jpg\",\"contentUrl\":\"https:\/\/noticiasdefato.net\/wp-content\/uploads\/2024\/08\/Imagem-do-WhatsApp-de-2024-08-02-as-17.10.57_a5e3c71d.jpg\",\"width\":1220,\"height\":326},{\"@type\":\"BreadcrumbList\",\"@id\":\"https:\/\/noticiasdefato.net\/?p=1531#breadcrumb\",\"itemListElement\":[{\"@type\":\"ListItem\",\"position\":1,\"name\":\"In\u00edcio\",\"item\":\"https:\/\/noticiasdefato.net\/\"},{\"@type\":\"ListItem\",\"position\":2,\"name\":\"SHOW DE GRA\u00c7A? MENOS PARA OS MAIS POBRES\"}]},{\"@type\":\"WebSite\",\"@id\":\"https:\/\/noticiasdefato.net\/#website\",\"url\":\"https:\/\/noticiasdefato.net\/\",\"name\":\"Not\u00edcias de Fato\",\"description\":\"Trabalhamos com honestidade, seriedade e com a verdade.\",\"publisher\":{\"@id\":\"https:\/\/noticiasdefato.net\/#organization\"},\"potentialAction\":[{\"@type\":\"SearchAction\",\"target\":{\"@type\":\"EntryPoint\",\"urlTemplate\":\"https:\/\/noticiasdefato.net\/?s={search_term_string}\"},\"query-input\":\"required name=search_term_string\"}],\"inLanguage\":\"pt-BR\"},{\"@type\":\"Organization\",\"@id\":\"https:\/\/noticiasdefato.net\/#organization\",\"name\":\"Not\u00edcias de Fato\",\"url\":\"https:\/\/noticiasdefato.net\/\",\"logo\":{\"@type\":\"ImageObject\",\"inLanguage\":\"pt-BR\",\"@id\":\"https:\/\/noticiasdefato.net\/#\/schema\/logo\/image\/\",\"url\":\"https:\/\/noticiasdefato.net\/wp-content\/uploads\/2024\/02\/cropped-logo_topo.png\",\"contentUrl\":\"https:\/\/noticiasdefato.net\/wp-content\/uploads\/2024\/02\/cropped-logo_topo.png\",\"width\":1948,\"height\":665,\"caption\":\"Not\u00edcias de Fato\"},\"image\":{\"@id\":\"https:\/\/noticiasdefato.net\/#\/schema\/logo\/image\/\"},\"sameAs\":[\"https:\/\/fb.com\/noticiasdefato.jornal\",\"https:\/\/x.com\/noticiasdefato_\",\"https:\/\/instagram.com\/noticiasdefato.jornal\",\"https:\/\/youtube.com\/@JornalNoticiasDeFato\"]},{\"@type\":\"Person\",\"@id\":\"https:\/\/noticiasdefato.net\/#\/schema\/person\/982ce60211d95acf059cd702aa260d08\",\"name\":\"Noticias de Fato\",\"image\":{\"@type\":\"ImageObject\",\"inLanguage\":\"pt-BR\",\"@id\":\"https:\/\/noticiasdefato.net\/#\/schema\/person\/image\/\",\"url\":\"https:\/\/secure.gravatar.com\/avatar\/700227fab2316f0366a1b5d4988d10f847249cf13293450527ac9553c994611a?s=96&d=mm&r=g\",\"contentUrl\":\"https:\/\/secure.gravatar.com\/avatar\/700227fab2316f0366a1b5d4988d10f847249cf13293450527ac9553c994611a?s=96&d=mm&r=g\",\"caption\":\"Noticias de Fato\"},\"sameAs\":[\"https:\/\/noticiasdefato.net\",\"http:\/\/fb.com\/\/noticiasdefato.jornal\",\"https:\/\/x.com\/https:\/\/twitter.com\/NoticiasDeFato_\"],\"url\":\"https:\/\/noticiasdefato.net\/?author=1\"}]}<\/script>\n<!-- \/ Yoast SEO plugin. -->","yoast_head_json":{"title":"SHOW DE GRA\u00c7A? MENOS PARA OS MAIS POBRES - Not\u00edcias de Fato","description":"Prefeitura pede alimentos em troca de ingressos, mas como \u00e9 que as pessoas que dependem de cestas b\u00e1sicas poder\u00e3o participar dos shows, se o 'pre\u00e7o' dos ingresso \u00e9 o que lhes falta: comida?","robots":{"index":"index","follow":"follow","max-snippet":"max-snippet:-1","max-image-preview":"max-image-preview:large","max-video-preview":"max-video-preview:-1"},"canonical":"https:\/\/noticiasdefato.net\/?p=1531","og_locale":"pt_BR","og_type":"article","og_title":"SHOW DE GRA\u00c7A? MENOS PARA OS MAIS POBRES - Not\u00edcias de Fato","og_description":"Prefeitura pede alimentos em troca de ingressos, mas como \u00e9 que as pessoas que dependem de cestas b\u00e1sicas poder\u00e3o participar dos shows, se o 'pre\u00e7o' dos ingresso \u00e9 o que lhes falta: comida?","og_url":"https:\/\/noticiasdefato.net\/?p=1531","og_site_name":"Not\u00edcias de Fato","article_publisher":"https:\/\/fb.com\/noticiasdefato.jornal","article_author":"http:\/\/fb.com\/\/noticiasdefato.jornal","article_published_time":"2024-08-02T20:37:35+00:00","article_modified_time":"2024-08-02T21:01:10+00:00","og_image":[{"width":1220,"height":326,"url":"https:\/\/noticiasdefato.net\/wp-content\/uploads\/2024\/08\/Imagem-do-WhatsApp-de-2024-08-02-as-17.10.57_a5e3c71d.jpg","type":"image\/jpeg"}],"author":"Noticias de Fato","twitter_card":"summary_large_image","twitter_creator":"@https:\/\/twitter.com\/NoticiasDeFato_","twitter_site":"@noticiasdefato_","twitter_misc":{"Escrito por":"Noticias de Fato","Est. tempo de leitura":"4 minutos"},"schema":{"@context":"https:\/\/schema.org","@graph":[{"@type":"Article","@id":"https:\/\/noticiasdefato.net\/?p=1531#article","isPartOf":{"@id":"https:\/\/noticiasdefato.net\/?p=1531"},"author":{"name":"Noticias de Fato","@id":"https:\/\/noticiasdefato.net\/#\/schema\/person\/982ce60211d95acf059cd702aa260d08"},"headline":"SHOW DE GRA\u00c7A? MENOS PARA OS MAIS POBRES","datePublished":"2024-08-02T20:37:35+00:00","dateModified":"2024-08-02T21:01:10+00:00","mainEntityOfPage":{"@id":"https:\/\/noticiasdefato.net\/?p=1531"},"wordCount":611,"commentCount":0,"publisher":{"@id":"https:\/\/noticiasdefato.net\/#organization"},"image":{"@id":"https:\/\/noticiasdefato.net\/?p=1531#primaryimage"},"thumbnailUrl":"https:\/\/noticiasdefato.net\/wp-content\/uploads\/2024\/08\/Imagem-do-WhatsApp-de-2024-08-02-as-17.10.57_a5e3c71d.jpg","articleSection":["Geral"],"inLanguage":"pt-BR","potentialAction":[{"@type":"CommentAction","name":"Comment","target":["https:\/\/noticiasdefato.net\/?p=1531#respond"]}]},{"@type":"WebPage","@id":"https:\/\/noticiasdefato.net\/?p=1531","url":"https:\/\/noticiasdefato.net\/?p=1531","name":"SHOW DE GRA\u00c7A? MENOS PARA OS MAIS POBRES - Not\u00edcias de Fato","isPartOf":{"@id":"https:\/\/noticiasdefato.net\/#website"},"primaryImageOfPage":{"@id":"https:\/\/noticiasdefato.net\/?p=1531#primaryimage"},"image":{"@id":"https:\/\/noticiasdefato.net\/?p=1531#primaryimage"},"thumbnailUrl":"https:\/\/noticiasdefato.net\/wp-content\/uploads\/2024\/08\/Imagem-do-WhatsApp-de-2024-08-02-as-17.10.57_a5e3c71d.jpg","datePublished":"2024-08-02T20:37:35+00:00","dateModified":"2024-08-02T21:01:10+00:00","description":"Prefeitura pede alimentos em troca de ingressos, mas como \u00e9 que as pessoas que dependem de cestas b\u00e1sicas poder\u00e3o participar dos shows, se o 'pre\u00e7o' dos ingresso \u00e9 o que lhes falta: comida?","breadcrumb":{"@id":"https:\/\/noticiasdefato.net\/?p=1531#breadcrumb"},"inLanguage":"pt-BR","potentialAction":[{"@type":"ReadAction","target":["https:\/\/noticiasdefato.net\/?p=1531"]}]},{"@type":"ImageObject","inLanguage":"pt-BR","@id":"https:\/\/noticiasdefato.net\/?p=1531#primaryimage","url":"https:\/\/noticiasdefato.net\/wp-content\/uploads\/2024\/08\/Imagem-do-WhatsApp-de-2024-08-02-as-17.10.57_a5e3c71d.jpg","contentUrl":"https:\/\/noticiasdefato.net\/wp-content\/uploads\/2024\/08\/Imagem-do-WhatsApp-de-2024-08-02-as-17.10.57_a5e3c71d.jpg","width":1220,"height":326},{"@type":"BreadcrumbList","@id":"https:\/\/noticiasdefato.net\/?p=1531#breadcrumb","itemListElement":[{"@type":"ListItem","position":1,"name":"In\u00edcio","item":"https:\/\/noticiasdefato.net\/"},{"@type":"ListItem","position":2,"name":"SHOW DE GRA\u00c7A? MENOS PARA OS MAIS POBRES"}]},{"@type":"WebSite","@id":"https:\/\/noticiasdefato.net\/#website","url":"https:\/\/noticiasdefato.net\/","name":"Not\u00edcias de Fato","description":"Trabalhamos com honestidade, seriedade e com a verdade.","publisher":{"@id":"https:\/\/noticiasdefato.net\/#organization"},"potentialAction":[{"@type":"SearchAction","target":{"@type":"EntryPoint","urlTemplate":"https:\/\/noticiasdefato.net\/?s={search_term_string}"},"query-input":"required name=search_term_string"}],"inLanguage":"pt-BR"},{"@type":"Organization","@id":"https:\/\/noticiasdefato.net\/#organization","name":"Not\u00edcias de Fato","url":"https:\/\/noticiasdefato.net\/","logo":{"@type":"ImageObject","inLanguage":"pt-BR","@id":"https:\/\/noticiasdefato.net\/#\/schema\/logo\/image\/","url":"https:\/\/noticiasdefato.net\/wp-content\/uploads\/2024\/02\/cropped-logo_topo.png","contentUrl":"https:\/\/noticiasdefato.net\/wp-content\/uploads\/2024\/02\/cropped-logo_topo.png","width":1948,"height":665,"caption":"Not\u00edcias de Fato"},"image":{"@id":"https:\/\/noticiasdefato.net\/#\/schema\/logo\/image\/"},"sameAs":["https:\/\/fb.com\/noticiasdefato.jornal","https:\/\/x.com\/noticiasdefato_","https:\/\/instagram.com\/noticiasdefato.jornal","https:\/\/youtube.com\/@JornalNoticiasDeFato"]},{"@type":"Person","@id":"https:\/\/noticiasdefato.net\/#\/schema\/person\/982ce60211d95acf059cd702aa260d08","name":"Noticias de Fato","image":{"@type":"ImageObject","inLanguage":"pt-BR","@id":"https:\/\/noticiasdefato.net\/#\/schema\/person\/image\/","url":"https:\/\/secure.gravatar.com\/avatar\/700227fab2316f0366a1b5d4988d10f847249cf13293450527ac9553c994611a?s=96&d=mm&r=g","contentUrl":"https:\/\/secure.gravatar.com\/avatar\/700227fab2316f0366a1b5d4988d10f847249cf13293450527ac9553c994611a?s=96&d=mm&r=g","caption":"Noticias de Fato"},"sameAs":["https:\/\/noticiasdefato.net","http:\/\/fb.com\/\/noticiasdefato.jornal","https:\/\/x.com\/https:\/\/twitter.com\/NoticiasDeFato_"],"url":"https:\/\/noticiasdefato.net\/?author=1"}]}},"_links":{"self":[{"href":"https:\/\/noticiasdefato.net\/index.php?rest_route=\/wp\/v2\/posts\/1531","targetHints":{"allow":["GET"]}}],"collection":[{"href":"https:\/\/noticiasdefato.net\/index.php?rest_route=\/wp\/v2\/posts"}],"about":[{"href":"https:\/\/noticiasdefato.net\/index.php?rest_route=\/wp\/v2\/types\/post"}],"author":[{"embeddable":true,"href":"https:\/\/noticiasdefato.net\/index.php?rest_route=\/wp\/v2\/users\/1"}],"replies":[{"embeddable":true,"href":"https:\/\/noticiasdefato.net\/index.php?rest_route=%2Fwp%2Fv2%2Fcomments&post=1531"}],"version-history":[{"count":4,"href":"https:\/\/noticiasdefato.net\/index.php?rest_route=\/wp\/v2\/posts\/1531\/revisions"}],"predecessor-version":[{"id":1536,"href":"https:\/\/noticiasdefato.net\/index.php?rest_route=\/wp\/v2\/posts\/1531\/revisions\/1536"}],"wp:featuredmedia":[{"embeddable":true,"href":"https:\/\/noticiasdefato.net\/index.php?rest_route=\/wp\/v2\/media\/1532"}],"wp:attachment":[{"href":"https:\/\/noticiasdefato.net\/index.php?rest_route=%2Fwp%2Fv2%2Fmedia&parent=1531"}],"wp:term":[{"taxonomy":"category","embeddable":true,"href":"https:\/\/noticiasdefato.net\/index.php?rest_route=%2Fwp%2Fv2%2Fcategories&post=1531"},{"taxonomy":"post_tag","embeddable":true,"href":"https:\/\/noticiasdefato.net\/index.php?rest_route=%2Fwp%2Fv2%2Ftags&post=1531"}],"curies":[{"name":"wp","href":"https:\/\/api.w.org\/{rel}","templated":true}]}}