{"id":1537,"date":"2024-08-03T11:25:30","date_gmt":"2024-08-03T14:25:30","guid":{"rendered":"https:\/\/noticiasdefato.net\/?p=1537"},"modified":"2024-10-01T12:27:50","modified_gmt":"2024-10-01T15:27:50","slug":"rodeio-de-alfenas-prefeitura-contrata-sem-licitacao","status":"publish","type":"post","link":"https:\/\/noticiasdefato.net\/?p=1537","title":{"rendered":"RODEIO DE ALFENAS: PREFEITURA CONTRATA SEM LICITA\u00c7\u00c3O"},"content":{"rendered":"\n<p><em>Contrata\u00e7\u00e3o demorou apenas 7 minutos para se concretizar, segundo portal da transpar\u00eancia. Poss\u00edvel falta de planejamento seria a motiva\u00e7\u00e3o da contrata\u00e7\u00e3o.<\/em><\/p>\n\n\n\n<p>A Prefeitura Municipal de Alfenas contratou, \u00e0s pressas, um &#8220;Servi\u00e7o de sistema de gerenciamento de troca de ingressos para a 2\u00ba festa de pe\u00e3o de Alfenas&#8221; na data de ontem (2). O valor da contrata\u00e7\u00e3o, sem licita\u00e7\u00e3o, \u00e9 de R$16.900,00.<\/p>\n\n\n\n<p>Para a contrata\u00e7\u00e3o, o edital justifica que \u00e9 &#8220;para o servi\u00e7o de gerenciamento troca de ingresso por alimentos n\u00e3o perec\u00edvel, para os interessados a participar dos shows e do rodeio da 2\u00ba Festa de Pe\u00e3o de Alfenas&#8221;. Entrentanto, o curioso \u00e9 que a troca de alimentos por ingressos, segundo v\u00eddeo divulgado pelo prefeito Fabio Marques Flor\u00eancio (PT) em suas redes sociais, ocorreria apenas at\u00e9 na quinta-feira (01).<\/p>\n\n\n\n<div class=\"wp-block-columns is-layout-flex wp-container-core-columns-is-layout-9d6595d7 wp-block-columns-is-layout-flex\">\n<div class=\"wp-block-column is-layout-flow wp-block-column-is-layout-flow\" style=\"flex-basis:50%\"><div class=\"wp-block-image\">\n<figure class=\"aligncenter size-full\"><img fetchpriority=\"high\" decoding=\"async\" width=\"307\" height=\"543\" src=\"https:\/\/noticiasdefato.net\/wp-content\/uploads\/2024\/08\/image-11.png\" alt=\"\" class=\"wp-image-1542\" srcset=\"https:\/\/noticiasdefato.net\/wp-content\/uploads\/2024\/08\/image-11.png 307w, https:\/\/noticiasdefato.net\/wp-content\/uploads\/2024\/08\/image-11-170x300.png 170w, https:\/\/noticiasdefato.net\/wp-content\/uploads\/2024\/08\/image-11-51x90.png 51w\" sizes=\"(max-width: 307px) 100vw, 307px\" \/><\/figure>\n<\/div><\/div>\n\n\n\n<div class=\"wp-block-column is-layout-flow wp-block-column-is-layout-flow\" style=\"flex-basis:50%\">\n<figure class=\"wp-block-embed is-type-video is-provider-youtube wp-block-embed-youtube wp-embed-aspect-16-9 wp-has-aspect-ratio\"><div class=\"wp-block-embed__wrapper\">\n<iframe title=\"&quot;Troca at\u00e9 quinta&quot; - diz prefeito Fabinho sobre ingressos\" width=\"720\" height=\"405\" src=\"https:\/\/www.youtube.com\/embed\/_9o2QRu_ed0?feature=oembed\" frameborder=\"0\" allow=\"accelerometer; autoplay; clipboard-write; encrypted-media; gyroscope; picture-in-picture; web-share\" referrerpolicy=\"strict-origin-when-cross-origin\" allowfullscreen><\/iframe>\n<\/div><\/figure>\n<\/div>\n<\/div>\n\n\n<div class=\"wp-block-image\">\n<figure class=\"aligncenter size-large\"><img decoding=\"async\" width=\"1024\" height=\"218\" src=\"https:\/\/noticiasdefato.net\/wp-content\/uploads\/2024\/08\/image-10-1024x218.png\" alt=\"\" class=\"wp-image-1540\" srcset=\"https:\/\/noticiasdefato.net\/wp-content\/uploads\/2024\/08\/image-10-1024x218.png 1024w, https:\/\/noticiasdefato.net\/wp-content\/uploads\/2024\/08\/image-10-300x64.png 300w, https:\/\/noticiasdefato.net\/wp-content\/uploads\/2024\/08\/image-10-768x163.png 768w, https:\/\/noticiasdefato.net\/wp-content\/uploads\/2024\/08\/image-10-1536x326.png 1536w, https:\/\/noticiasdefato.net\/wp-content\/uploads\/2024\/08\/image-10-400x85.png 400w, https:\/\/noticiasdefato.net\/wp-content\/uploads\/2024\/08\/image-10.png 1642w\" sizes=\"(max-width: 1024px) 100vw, 1024px\" \/><\/figure>\n<\/div>\n\n\n<p><\/p>\n\n\n\n<p><strong>SETE MINUTOS APENAS PARA CONTRATAR?<\/strong><\/p>\n\n\n\n<p>Outro fato estranho \u00e9 que o governo do prefeito &#8216;Fabinho do PT&#8217; se prop\u00f5e a realizar um evento, planejado por meses, mas precisa contratar, em cima da hora, um servi\u00e7o que todo evento fechado possui. E o mais estranho ainda \u00e9 que a contrata\u00e7\u00e3o ocorreu em apenas 7 minutos, segundo o portal de transpar\u00eancia. Note, na figura abaixo, que a divulga\u00e7\u00e3o do edital ocorreu \u00e0s 15:04:43, e \u00e0s 15:11:31 j\u00e1 estava contratado o servi\u00e7o. <\/p>\n\n\n\n<figure class=\"wp-block-image size-large\"><img decoding=\"async\" width=\"1024\" height=\"232\" src=\"https:\/\/noticiasdefato.net\/wp-content\/uploads\/2024\/08\/image-8-1024x232.png\" alt=\"\" class=\"wp-image-1538\" srcset=\"https:\/\/noticiasdefato.net\/wp-content\/uploads\/2024\/08\/image-8-1024x232.png 1024w, https:\/\/noticiasdefato.net\/wp-content\/uploads\/2024\/08\/image-8-300x68.png 300w, https:\/\/noticiasdefato.net\/wp-content\/uploads\/2024\/08\/image-8-768x174.png 768w, https:\/\/noticiasdefato.net\/wp-content\/uploads\/2024\/08\/image-8-400x90.png 400w, https:\/\/noticiasdefato.net\/wp-content\/uploads\/2024\/08\/image-8.png 1490w\" sizes=\"(max-width: 1024px) 100vw, 1024px\" \/><\/figure>\n\n\n\n<p>Seria poss\u00edvel uma cota\u00e7\u00e3o para contratar o mais barato ocorrer em apenas 7 minutos? Essa pergunta \u00e9 v\u00e1lida uma vez que, para ressarcir qualquer pessoa de algum dano, o munic\u00edpio exige 3 (tr\u00eas) or\u00e7amentos, para pagar sempre o de menor pre\u00e7o. Tal regra de ouro deveria valer, tamb\u00e9m, para a administra\u00e7\u00e3o p\u00fablica contratar sem licita\u00e7\u00e3o.<\/p>\n\n\n\n<p><strong>DIVULGA\u00c7\u00c3O EM CIMA DA HORA, EDITAL ANTIGO.<\/strong><\/p>\n\n\n\n<p>Todos essses fatos estranhos acentuam-se mais quando se confronta a data do edital, com a data de divulga\u00e7\u00e3o do mesmo. Segundo o portal da transpar\u00eancia, apesar do edital ter sido p\u00fablicado poucas horas antes do show, a data que consta no documento \u00e9 retroativa, de 24 de junho de 2024. Sobre isso, alguns questionamentos se fazem importantes:<\/p>\n\n\n\n<ul class=\"wp-block-list\">\n<li>Como poderia um documento t\u00e3o antigo estar sendo publicado apenas poucas horas antes do evento?<\/li>\n\n\n\n<li>Se o edital \u00e9 de junho de 2024, a prefeitura n\u00e3o poderia ter efetuado a contrata\u00e7\u00e3o antes, sob regime de licita\u00e7\u00e3o, com disputa leal entre concorrentes do mesmo servi\u00e7o, para obter o menor pre\u00e7o?<\/li>\n\n\n\n<li>Qual o crit\u00e9rio foi utilizado na escolha do prestador de servi\u00e7os para contratar em apenas sete minutos?<\/li>\n<\/ul>\n\n\n\n<p>A contrata\u00e7\u00e3o se refere ao n\u00famero 18243220000101-1-000116\/2024. <\/p>\n","protected":false},"excerpt":{"rendered":"<p>Contrata\u00e7\u00e3o demorou apenas 7 minutos para se concretizar, segundo portal da transpar\u00eancia. Suposta falta de planejamento seria a motiva\u00e7\u00e3o da contrata\u00e7\u00e3o. <a href=\"https:\/\/noticiasdefato.net\/?p=1537\" class=\"more-link\">Continuar lendo <span class=\"screen-reader-text\">RODEIO DE ALFENAS: PREFEITURA CONTRATA SEM LICITA\u00c7\u00c3O<\/span><\/a><\/p>\n","protected":false},"author":1,"featured_media":1539,"comment_status":"open","ping_status":"open","sticky":false,"template":"","format":"standard","meta":{"footnotes":""},"categories":[18],"tags":[],"class_list":["post-1537","post","type-post","status-publish","format-standard","has-post-thumbnail","hentry","category-politica"],"yoast_head":"<!-- This site is optimized with the Yoast SEO plugin v23.2 - https:\/\/yoast.com\/wordpress\/plugins\/seo\/ -->\n<title>RODEIO DE ALFENAS: PREFEITURA CONTRATA SEM LICITA\u00c7\u00c3O - Not\u00edcias de Fato<\/title>\n<meta name=\"description\" content=\"Contrata\u00e7\u00e3o demorou apenas 7 minutos para se concretizar, segundo portal da transpar\u00eancia. Suposta falta de planejamento seria a motiva\u00e7\u00e3o da contrata\u00e7\u00e3o.\" \/>\n<meta name=\"robots\" content=\"index, follow, max-snippet:-1, max-image-preview:large, max-video-preview:-1\" \/>\n<link rel=\"canonical\" href=\"https:\/\/noticiasdefato.net\/?p=1537\" \/>\n<meta property=\"og:locale\" content=\"pt_BR\" \/>\n<meta property=\"og:type\" content=\"article\" \/>\n<meta property=\"og:title\" content=\"RODEIO DE ALFENAS: PREFEITURA CONTRATA SEM LICITA\u00c7\u00c3O - Not\u00edcias de Fato\" \/>\n<meta property=\"og:description\" content=\"Contrata\u00e7\u00e3o demorou apenas 7 minutos para se concretizar, segundo portal da transpar\u00eancia. Suposta falta de planejamento seria a motiva\u00e7\u00e3o da contrata\u00e7\u00e3o.\" \/>\n<meta property=\"og:url\" content=\"https:\/\/noticiasdefato.net\/?p=1537\" \/>\n<meta property=\"og:site_name\" content=\"Not\u00edcias de Fato\" \/>\n<meta property=\"article:publisher\" content=\"https:\/\/fb.com\/noticiasdefato.jornal\" \/>\n<meta property=\"article:author\" content=\"http:\/\/fb.com\/\/noticiasdefato.jornal\" \/>\n<meta property=\"article:published_time\" content=\"2024-08-03T14:25:30+00:00\" \/>\n<meta property=\"article:modified_time\" content=\"2024-10-01T15:27:50+00:00\" \/>\n<meta property=\"og:image\" content=\"https:\/\/noticiasdefato.net\/wp-content\/uploads\/2024\/08\/image-9.png\" \/>\n\t<meta property=\"og:image:width\" content=\"1134\" \/>\n\t<meta property=\"og:image:height\" content=\"631\" \/>\n\t<meta property=\"og:image:type\" content=\"image\/png\" \/>\n<meta name=\"author\" content=\"Noticias de Fato\" \/>\n<meta name=\"twitter:card\" content=\"summary_large_image\" \/>\n<meta name=\"twitter:creator\" content=\"@https:\/\/twitter.com\/NoticiasDeFato_\" \/>\n<meta name=\"twitter:site\" content=\"@noticiasdefato_\" \/>\n<meta name=\"twitter:label1\" content=\"Escrito por\" \/>\n\t<meta name=\"twitter:data1\" content=\"Noticias de Fato\" \/>\n\t<meta name=\"twitter:label2\" content=\"Est. tempo de leitura\" \/>\n\t<meta name=\"twitter:data2\" content=\"4 minutos\" \/>\n<script type=\"application\/ld+json\" class=\"yoast-schema-graph\">{\"@context\":\"https:\/\/schema.org\",\"@graph\":[{\"@type\":\"Article\",\"@id\":\"https:\/\/noticiasdefato.net\/?p=1537#article\",\"isPartOf\":{\"@id\":\"https:\/\/noticiasdefato.net\/?p=1537\"},\"author\":{\"name\":\"Noticias de Fato\",\"@id\":\"https:\/\/noticiasdefato.net\/#\/schema\/person\/982ce60211d95acf059cd702aa260d08\"},\"headline\":\"RODEIO DE ALFENAS: PREFEITURA CONTRATA SEM LICITA\u00c7\u00c3O\",\"datePublished\":\"2024-08-03T14:25:30+00:00\",\"dateModified\":\"2024-10-01T15:27:50+00:00\",\"mainEntityOfPage\":{\"@id\":\"https:\/\/noticiasdefato.net\/?p=1537\"},\"wordCount\":443,\"commentCount\":0,\"publisher\":{\"@id\":\"https:\/\/noticiasdefato.net\/#organization\"},\"image\":{\"@id\":\"https:\/\/noticiasdefato.net\/?p=1537#primaryimage\"},\"thumbnailUrl\":\"https:\/\/noticiasdefato.net\/wp-content\/uploads\/2024\/08\/image-9.png\",\"articleSection\":[\"Pol\u00edtica\"],\"inLanguage\":\"pt-BR\",\"potentialAction\":[{\"@type\":\"CommentAction\",\"name\":\"Comment\",\"target\":[\"https:\/\/noticiasdefato.net\/?p=1537#respond\"]}]},{\"@type\":\"WebPage\",\"@id\":\"https:\/\/noticiasdefato.net\/?p=1537\",\"url\":\"https:\/\/noticiasdefato.net\/?p=1537\",\"name\":\"RODEIO DE ALFENAS: PREFEITURA CONTRATA SEM LICITA\u00c7\u00c3O - Not\u00edcias de Fato\",\"isPartOf\":{\"@id\":\"https:\/\/noticiasdefato.net\/#website\"},\"primaryImageOfPage\":{\"@id\":\"https:\/\/noticiasdefato.net\/?p=1537#primaryimage\"},\"image\":{\"@id\":\"https:\/\/noticiasdefato.net\/?p=1537#primaryimage\"},\"thumbnailUrl\":\"https:\/\/noticiasdefato.net\/wp-content\/uploads\/2024\/08\/image-9.png\",\"datePublished\":\"2024-08-03T14:25:30+00:00\",\"dateModified\":\"2024-10-01T15:27:50+00:00\",\"description\":\"Contrata\u00e7\u00e3o demorou apenas 7 minutos para se concretizar, segundo portal da transpar\u00eancia. Suposta falta de planejamento seria a motiva\u00e7\u00e3o da contrata\u00e7\u00e3o.\",\"breadcrumb\":{\"@id\":\"https:\/\/noticiasdefato.net\/?p=1537#breadcrumb\"},\"inLanguage\":\"pt-BR\",\"potentialAction\":[{\"@type\":\"ReadAction\",\"target\":[\"https:\/\/noticiasdefato.net\/?p=1537\"]}]},{\"@type\":\"ImageObject\",\"inLanguage\":\"pt-BR\",\"@id\":\"https:\/\/noticiasdefato.net\/?p=1537#primaryimage\",\"url\":\"https:\/\/noticiasdefato.net\/wp-content\/uploads\/2024\/08\/image-9.png\",\"contentUrl\":\"https:\/\/noticiasdefato.net\/wp-content\/uploads\/2024\/08\/image-9.png\",\"width\":1134,\"height\":631},{\"@type\":\"BreadcrumbList\",\"@id\":\"https:\/\/noticiasdefato.net\/?p=1537#breadcrumb\",\"itemListElement\":[{\"@type\":\"ListItem\",\"position\":1,\"name\":\"In\u00edcio\",\"item\":\"https:\/\/noticiasdefato.net\/\"},{\"@type\":\"ListItem\",\"position\":2,\"name\":\"RODEIO DE ALFENAS: PREFEITURA CONTRATA SEM LICITA\u00c7\u00c3O\"}]},{\"@type\":\"WebSite\",\"@id\":\"https:\/\/noticiasdefato.net\/#website\",\"url\":\"https:\/\/noticiasdefato.net\/\",\"name\":\"Not\u00edcias de Fato\",\"description\":\"Trabalhamos com honestidade, seriedade e com a verdade.\",\"publisher\":{\"@id\":\"https:\/\/noticiasdefato.net\/#organization\"},\"potentialAction\":[{\"@type\":\"SearchAction\",\"target\":{\"@type\":\"EntryPoint\",\"urlTemplate\":\"https:\/\/noticiasdefato.net\/?s={search_term_string}\"},\"query-input\":\"required name=search_term_string\"}],\"inLanguage\":\"pt-BR\"},{\"@type\":\"Organization\",\"@id\":\"https:\/\/noticiasdefato.net\/#organization\",\"name\":\"Not\u00edcias de Fato\",\"url\":\"https:\/\/noticiasdefato.net\/\",\"logo\":{\"@type\":\"ImageObject\",\"inLanguage\":\"pt-BR\",\"@id\":\"https:\/\/noticiasdefato.net\/#\/schema\/logo\/image\/\",\"url\":\"https:\/\/noticiasdefato.net\/wp-content\/uploads\/2024\/02\/cropped-logo_topo.png\",\"contentUrl\":\"https:\/\/noticiasdefato.net\/wp-content\/uploads\/2024\/02\/cropped-logo_topo.png\",\"width\":1948,\"height\":665,\"caption\":\"Not\u00edcias de Fato\"},\"image\":{\"@id\":\"https:\/\/noticiasdefato.net\/#\/schema\/logo\/image\/\"},\"sameAs\":[\"https:\/\/fb.com\/noticiasdefato.jornal\",\"https:\/\/x.com\/noticiasdefato_\",\"https:\/\/instagram.com\/noticiasdefato.jornal\",\"https:\/\/youtube.com\/@JornalNoticiasDeFato\"]},{\"@type\":\"Person\",\"@id\":\"https:\/\/noticiasdefato.net\/#\/schema\/person\/982ce60211d95acf059cd702aa260d08\",\"name\":\"Noticias de Fato\",\"image\":{\"@type\":\"ImageObject\",\"inLanguage\":\"pt-BR\",\"@id\":\"https:\/\/noticiasdefato.net\/#\/schema\/person\/image\/\",\"url\":\"https:\/\/secure.gravatar.com\/avatar\/700227fab2316f0366a1b5d4988d10f847249cf13293450527ac9553c994611a?s=96&d=mm&r=g\",\"contentUrl\":\"https:\/\/secure.gravatar.com\/avatar\/700227fab2316f0366a1b5d4988d10f847249cf13293450527ac9553c994611a?s=96&d=mm&r=g\",\"caption\":\"Noticias de Fato\"},\"sameAs\":[\"https:\/\/noticiasdefato.net\",\"http:\/\/fb.com\/\/noticiasdefato.jornal\",\"https:\/\/x.com\/https:\/\/twitter.com\/NoticiasDeFato_\"],\"url\":\"https:\/\/noticiasdefato.net\/?author=1\"}]}<\/script>\n<!-- \/ Yoast SEO plugin. -->","yoast_head_json":{"title":"RODEIO DE ALFENAS: PREFEITURA CONTRATA SEM LICITA\u00c7\u00c3O - Not\u00edcias de Fato","description":"Contrata\u00e7\u00e3o demorou apenas 7 minutos para se concretizar, segundo portal da transpar\u00eancia. Suposta falta de planejamento seria a motiva\u00e7\u00e3o da contrata\u00e7\u00e3o.","robots":{"index":"index","follow":"follow","max-snippet":"max-snippet:-1","max-image-preview":"max-image-preview:large","max-video-preview":"max-video-preview:-1"},"canonical":"https:\/\/noticiasdefato.net\/?p=1537","og_locale":"pt_BR","og_type":"article","og_title":"RODEIO DE ALFENAS: PREFEITURA CONTRATA SEM LICITA\u00c7\u00c3O - Not\u00edcias de Fato","og_description":"Contrata\u00e7\u00e3o demorou apenas 7 minutos para se concretizar, segundo portal da transpar\u00eancia. Suposta falta de planejamento seria a motiva\u00e7\u00e3o da contrata\u00e7\u00e3o.","og_url":"https:\/\/noticiasdefato.net\/?p=1537","og_site_name":"Not\u00edcias de Fato","article_publisher":"https:\/\/fb.com\/noticiasdefato.jornal","article_author":"http:\/\/fb.com\/\/noticiasdefato.jornal","article_published_time":"2024-08-03T14:25:30+00:00","article_modified_time":"2024-10-01T15:27:50+00:00","og_image":[{"width":1134,"height":631,"url":"https:\/\/noticiasdefato.net\/wp-content\/uploads\/2024\/08\/image-9.png","type":"image\/png"}],"author":"Noticias de Fato","twitter_card":"summary_large_image","twitter_creator":"@https:\/\/twitter.com\/NoticiasDeFato_","twitter_site":"@noticiasdefato_","twitter_misc":{"Escrito por":"Noticias de Fato","Est. tempo de leitura":"4 minutos"},"schema":{"@context":"https:\/\/schema.org","@graph":[{"@type":"Article","@id":"https:\/\/noticiasdefato.net\/?p=1537#article","isPartOf":{"@id":"https:\/\/noticiasdefato.net\/?p=1537"},"author":{"name":"Noticias de Fato","@id":"https:\/\/noticiasdefato.net\/#\/schema\/person\/982ce60211d95acf059cd702aa260d08"},"headline":"RODEIO DE ALFENAS: PREFEITURA CONTRATA SEM LICITA\u00c7\u00c3O","datePublished":"2024-08-03T14:25:30+00:00","dateModified":"2024-10-01T15:27:50+00:00","mainEntityOfPage":{"@id":"https:\/\/noticiasdefato.net\/?p=1537"},"wordCount":443,"commentCount":0,"publisher":{"@id":"https:\/\/noticiasdefato.net\/#organization"},"image":{"@id":"https:\/\/noticiasdefato.net\/?p=1537#primaryimage"},"thumbnailUrl":"https:\/\/noticiasdefato.net\/wp-content\/uploads\/2024\/08\/image-9.png","articleSection":["Pol\u00edtica"],"inLanguage":"pt-BR","potentialAction":[{"@type":"CommentAction","name":"Comment","target":["https:\/\/noticiasdefato.net\/?p=1537#respond"]}]},{"@type":"WebPage","@id":"https:\/\/noticiasdefato.net\/?p=1537","url":"https:\/\/noticiasdefato.net\/?p=1537","name":"RODEIO DE ALFENAS: PREFEITURA CONTRATA SEM LICITA\u00c7\u00c3O - Not\u00edcias de Fato","isPartOf":{"@id":"https:\/\/noticiasdefato.net\/#website"},"primaryImageOfPage":{"@id":"https:\/\/noticiasdefato.net\/?p=1537#primaryimage"},"image":{"@id":"https:\/\/noticiasdefato.net\/?p=1537#primaryimage"},"thumbnailUrl":"https:\/\/noticiasdefato.net\/wp-content\/uploads\/2024\/08\/image-9.png","datePublished":"2024-08-03T14:25:30+00:00","dateModified":"2024-10-01T15:27:50+00:00","description":"Contrata\u00e7\u00e3o demorou apenas 7 minutos para se concretizar, segundo portal da transpar\u00eancia. Suposta falta de planejamento seria a motiva\u00e7\u00e3o da contrata\u00e7\u00e3o.","breadcrumb":{"@id":"https:\/\/noticiasdefato.net\/?p=1537#breadcrumb"},"inLanguage":"pt-BR","potentialAction":[{"@type":"ReadAction","target":["https:\/\/noticiasdefato.net\/?p=1537"]}]},{"@type":"ImageObject","inLanguage":"pt-BR","@id":"https:\/\/noticiasdefato.net\/?p=1537#primaryimage","url":"https:\/\/noticiasdefato.net\/wp-content\/uploads\/2024\/08\/image-9.png","contentUrl":"https:\/\/noticiasdefato.net\/wp-content\/uploads\/2024\/08\/image-9.png","width":1134,"height":631},{"@type":"BreadcrumbList","@id":"https:\/\/noticiasdefato.net\/?p=1537#breadcrumb","itemListElement":[{"@type":"ListItem","position":1,"name":"In\u00edcio","item":"https:\/\/noticiasdefato.net\/"},{"@type":"ListItem","position":2,"name":"RODEIO DE ALFENAS: PREFEITURA CONTRATA SEM LICITA\u00c7\u00c3O"}]},{"@type":"WebSite","@id":"https:\/\/noticiasdefato.net\/#website","url":"https:\/\/noticiasdefato.net\/","name":"Not\u00edcias de Fato","description":"Trabalhamos com honestidade, seriedade e com a verdade.","publisher":{"@id":"https:\/\/noticiasdefato.net\/#organization"},"potentialAction":[{"@type":"SearchAction","target":{"@type":"EntryPoint","urlTemplate":"https:\/\/noticiasdefato.net\/?s={search_term_string}"},"query-input":"required name=search_term_string"}],"inLanguage":"pt-BR"},{"@type":"Organization","@id":"https:\/\/noticiasdefato.net\/#organization","name":"Not\u00edcias de Fato","url":"https:\/\/noticiasdefato.net\/","logo":{"@type":"ImageObject","inLanguage":"pt-BR","@id":"https:\/\/noticiasdefato.net\/#\/schema\/logo\/image\/","url":"https:\/\/noticiasdefato.net\/wp-content\/uploads\/2024\/02\/cropped-logo_topo.png","contentUrl":"https:\/\/noticiasdefato.net\/wp-content\/uploads\/2024\/02\/cropped-logo_topo.png","width":1948,"height":665,"caption":"Not\u00edcias de Fato"},"image":{"@id":"https:\/\/noticiasdefato.net\/#\/schema\/logo\/image\/"},"sameAs":["https:\/\/fb.com\/noticiasdefato.jornal","https:\/\/x.com\/noticiasdefato_","https:\/\/instagram.com\/noticiasdefato.jornal","https:\/\/youtube.com\/@JornalNoticiasDeFato"]},{"@type":"Person","@id":"https:\/\/noticiasdefato.net\/#\/schema\/person\/982ce60211d95acf059cd702aa260d08","name":"Noticias de Fato","image":{"@type":"ImageObject","inLanguage":"pt-BR","@id":"https:\/\/noticiasdefato.net\/#\/schema\/person\/image\/","url":"https:\/\/secure.gravatar.com\/avatar\/700227fab2316f0366a1b5d4988d10f847249cf13293450527ac9553c994611a?s=96&d=mm&r=g","contentUrl":"https:\/\/secure.gravatar.com\/avatar\/700227fab2316f0366a1b5d4988d10f847249cf13293450527ac9553c994611a?s=96&d=mm&r=g","caption":"Noticias de Fato"},"sameAs":["https:\/\/noticiasdefato.net","http:\/\/fb.com\/\/noticiasdefato.jornal","https:\/\/x.com\/https:\/\/twitter.com\/NoticiasDeFato_"],"url":"https:\/\/noticiasdefato.net\/?author=1"}]}},"_links":{"self":[{"href":"https:\/\/noticiasdefato.net\/index.php?rest_route=\/wp\/v2\/posts\/1537","targetHints":{"allow":["GET"]}}],"collection":[{"href":"https:\/\/noticiasdefato.net\/index.php?rest_route=\/wp\/v2\/posts"}],"about":[{"href":"https:\/\/noticiasdefato.net\/index.php?rest_route=\/wp\/v2\/types\/post"}],"author":[{"embeddable":true,"href":"https:\/\/noticiasdefato.net\/index.php?rest_route=\/wp\/v2\/users\/1"}],"replies":[{"embeddable":true,"href":"https:\/\/noticiasdefato.net\/index.php?rest_route=%2Fwp%2Fv2%2Fcomments&post=1537"}],"version-history":[{"count":8,"href":"https:\/\/noticiasdefato.net\/index.php?rest_route=\/wp\/v2\/posts\/1537\/revisions"}],"predecessor-version":[{"id":1550,"href":"https:\/\/noticiasdefato.net\/index.php?rest_route=\/wp\/v2\/posts\/1537\/revisions\/1550"}],"wp:featuredmedia":[{"embeddable":true,"href":"https:\/\/noticiasdefato.net\/index.php?rest_route=\/wp\/v2\/media\/1539"}],"wp:attachment":[{"href":"https:\/\/noticiasdefato.net\/index.php?rest_route=%2Fwp%2Fv2%2Fmedia&parent=1537"}],"wp:term":[{"taxonomy":"category","embeddable":true,"href":"https:\/\/noticiasdefato.net\/index.php?rest_route=%2Fwp%2Fv2%2Fcategories&post=1537"},{"taxonomy":"post_tag","embeddable":true,"href":"https:\/\/noticiasdefato.net\/index.php?rest_route=%2Fwp%2Fv2%2Ftags&post=1537"}],"curies":[{"name":"wp","href":"https:\/\/api.w.org\/{rel}","templated":true}]}}