{"id":1570,"date":"2024-08-05T19:21:30","date_gmt":"2024-08-05T22:21:30","guid":{"rendered":"https:\/\/noticiasdefato.net\/?p=1570"},"modified":"2024-08-12T11:00:24","modified_gmt":"2024-08-12T14:00:24","slug":"solidariedade-fecha-com-amadeu-e-toninho","status":"publish","type":"post","link":"https:\/\/noticiasdefato.net\/?p=1570","title":{"rendered":"SOLIDARIEDADE FECHA COM AMADEU E TONINHO"},"content":{"rendered":"\n<p><em>Hoje, 5\/08 \u00e9 o \u00faltimo dia para defini\u00e7\u00e3o dos candidatos ao cargos de prefeito, vice-prefeito e vereador em Alfenas.<\/em><\/p>\n\n\n\n<p>Termina hoje o prazo para que os partidos e federa\u00e7\u00f5es definam seus candidatos para prefeito e vereadores e encaminhem para o TSE.<\/p>\n\n\n\n<p>E na \u00faltima semana de julho a movimenta\u00e7\u00e3o das pe\u00e7as no tabuleiro eleitoral alfenense foi grande. O Partido Solidariedade realizou sua conven\u00e7\u00e3o na noite do dia 29 de julho, no sindicato rural. O ato foi conduzido por Fernando Jos\u00e9 Pereira com a presen\u00e7a do vice presidente do Solidariedade, o m\u00e9dico Veterin\u00e1rio Andr\u00e9 Garcia e com a presen\u00e7a dos correligion\u00e1rios da legenda.<\/p>\n\n\n\n<p>O Solidariedade em Alfenas \u00e9 dirigido por Marcelo Martins, zootecnista, que trabalha na regional da Emater.<\/p>\n\n\n\n<p>Depois das delibera\u00e7\u00f5es sobre a regras eleitorais e dos n\u00fameros dos candidatos, foi definido por unanimidade o apoio incondicional \u00e0 candidatura de Amadeu Peloso com Toninho Munhoz pela prefeitura de Alfenas. O partido est\u00e1 lan\u00e7ando tamb\u00e9m 13 candidatos ao legislativo do munic\u00edpio.<\/p>\n\n\n\n<p>Todos os presentes elogiaram a Chapa Amadeu e Toninho e se dispuseram a trabalhar com fidelidade \u00e0 Coliga\u00e7\u00e3o<\/p>\n\n\n\n<p>Amadeu Peloso compareceu ao evento, disse palavras de gratid\u00e3o aos apoiadores que se juntam \u00e0 Coliga\u00e7\u00e3o e lembrou, que estando h\u00e1 pouco mais de 60 dias das elei\u00e7\u00f5es, pediu trabalho \u00e1rduo e honesto junto\u00a0\u00e0\u00a0popula\u00e7\u00e3o.<\/p>\n\n\n\n<div class=\"wp-block-columns is-layout-flex wp-container-core-columns-is-layout-9d6595d7 wp-block-columns-is-layout-flex\">\n<div class=\"wp-block-column is-layout-flow wp-block-column-is-layout-flow\">\n<figure class=\"wp-block-image size-large\"><img fetchpriority=\"high\" decoding=\"async\" width=\"768\" height=\"1024\" src=\"https:\/\/noticiasdefato.net\/wp-content\/uploads\/2024\/08\/Imagem-do-WhatsApp-de-2024-08-05-as-14.36.30_3d3dce1e-768x1024.jpg\" alt=\"\" class=\"wp-image-1572\" srcset=\"https:\/\/noticiasdefato.net\/wp-content\/uploads\/2024\/08\/Imagem-do-WhatsApp-de-2024-08-05-as-14.36.30_3d3dce1e-768x1024.jpg 768w, https:\/\/noticiasdefato.net\/wp-content\/uploads\/2024\/08\/Imagem-do-WhatsApp-de-2024-08-05-as-14.36.30_3d3dce1e-225x300.jpg 225w, https:\/\/noticiasdefato.net\/wp-content\/uploads\/2024\/08\/Imagem-do-WhatsApp-de-2024-08-05-as-14.36.30_3d3dce1e-68x90.jpg 68w, https:\/\/noticiasdefato.net\/wp-content\/uploads\/2024\/08\/Imagem-do-WhatsApp-de-2024-08-05-as-14.36.30_3d3dce1e.jpg 960w\" sizes=\"(max-width: 768px) 100vw, 768px\" \/><\/figure>\n<\/div>\n\n\n\n<div class=\"wp-block-column is-layout-flow wp-block-column-is-layout-flow\">\n<figure class=\"wp-block-image size-large\"><img decoding=\"async\" width=\"768\" height=\"1024\" src=\"https:\/\/noticiasdefato.net\/wp-content\/uploads\/2024\/08\/Imagem-do-WhatsApp-de-2024-08-05-as-14.36.30_5a7bd9e4-768x1024.jpg\" alt=\"\" class=\"wp-image-1573\" srcset=\"https:\/\/noticiasdefato.net\/wp-content\/uploads\/2024\/08\/Imagem-do-WhatsApp-de-2024-08-05-as-14.36.30_5a7bd9e4-768x1024.jpg 768w, https:\/\/noticiasdefato.net\/wp-content\/uploads\/2024\/08\/Imagem-do-WhatsApp-de-2024-08-05-as-14.36.30_5a7bd9e4-225x300.jpg 225w, https:\/\/noticiasdefato.net\/wp-content\/uploads\/2024\/08\/Imagem-do-WhatsApp-de-2024-08-05-as-14.36.30_5a7bd9e4-68x90.jpg 68w, https:\/\/noticiasdefato.net\/wp-content\/uploads\/2024\/08\/Imagem-do-WhatsApp-de-2024-08-05-as-14.36.30_5a7bd9e4.jpg 960w\" sizes=\"(max-width: 768px) 100vw, 768px\" \/><\/figure>\n<\/div>\n<\/div>\n","protected":false},"excerpt":{"rendered":"<p>Hoje, 5\/08 \u00e9 o \u00faltimo dia para defini\u00e7\u00e3o dos candidatos ao cargos de prefeito, vice-prefeito e vereador em Alfenas. <a href=\"https:\/\/noticiasdefato.net\/?p=1570\" class=\"more-link\">Continuar lendo <span class=\"screen-reader-text\">SOLIDARIEDADE FECHA COM AMADEU E TONINHO<\/span><\/a><\/p>\n","protected":false},"author":1,"featured_media":1571,"comment_status":"open","ping_status":"open","sticky":false,"template":"","format":"standard","meta":{"footnotes":""},"categories":[18],"tags":[],"class_list":["post-1570","post","type-post","status-publish","format-standard","has-post-thumbnail","hentry","category-politica"],"yoast_head":"<!-- This site is optimized with the Yoast SEO plugin v23.2 - https:\/\/yoast.com\/wordpress\/plugins\/seo\/ -->\n<title>SOLIDARIEDADE FECHA COM AMADEU E TONINHO - Not\u00edcias de Fato<\/title>\n<meta name=\"description\" content=\"Hoje, 5\/08 \u00e9 o \u00faltimo dia para defini\u00e7\u00e3o dos candidatos ao cargos de prefeito, vice-prefeito e vereador em Alfenas.\" \/>\n<meta name=\"robots\" content=\"index, follow, max-snippet:-1, max-image-preview:large, max-video-preview:-1\" \/>\n<link rel=\"canonical\" href=\"https:\/\/noticiasdefato.net\/?p=1570\" \/>\n<meta property=\"og:locale\" content=\"pt_BR\" \/>\n<meta property=\"og:type\" content=\"article\" \/>\n<meta property=\"og:title\" content=\"SOLIDARIEDADE FECHA COM AMADEU E TONINHO - Not\u00edcias de Fato\" \/>\n<meta property=\"og:description\" content=\"Hoje, 5\/08 \u00e9 o \u00faltimo dia para defini\u00e7\u00e3o dos candidatos ao cargos de prefeito, vice-prefeito e vereador em Alfenas.\" \/>\n<meta property=\"og:url\" content=\"https:\/\/noticiasdefato.net\/?p=1570\" \/>\n<meta property=\"og:site_name\" content=\"Not\u00edcias de Fato\" \/>\n<meta property=\"article:publisher\" content=\"https:\/\/fb.com\/noticiasdefato.jornal\" \/>\n<meta property=\"article:author\" content=\"http:\/\/fb.com\/\/noticiasdefato.jornal\" \/>\n<meta property=\"article:published_time\" content=\"2024-08-05T22:21:30+00:00\" \/>\n<meta property=\"article:modified_time\" content=\"2024-08-12T14:00:24+00:00\" \/>\n<meta property=\"og:image\" content=\"https:\/\/noticiasdefato.net\/wp-content\/uploads\/2024\/08\/image-20.png\" \/>\n\t<meta property=\"og:image:width\" content=\"419\" \/>\n\t<meta property=\"og:image:height\" content=\"207\" \/>\n\t<meta property=\"og:image:type\" content=\"image\/png\" \/>\n<meta name=\"author\" content=\"Noticias de Fato\" \/>\n<meta name=\"twitter:card\" content=\"summary_large_image\" \/>\n<meta name=\"twitter:creator\" content=\"@https:\/\/twitter.com\/NoticiasDeFato_\" \/>\n<meta name=\"twitter:site\" content=\"@noticiasdefato_\" \/>\n<meta name=\"twitter:label1\" content=\"Escrito por\" \/>\n\t<meta name=\"twitter:data1\" content=\"Noticias de Fato\" \/>\n\t<meta name=\"twitter:label2\" content=\"Est. tempo de leitura\" \/>\n\t<meta name=\"twitter:data2\" content=\"2 minutos\" \/>\n<script type=\"application\/ld+json\" class=\"yoast-schema-graph\">{\"@context\":\"https:\/\/schema.org\",\"@graph\":[{\"@type\":\"Article\",\"@id\":\"https:\/\/noticiasdefato.net\/?p=1570#article\",\"isPartOf\":{\"@id\":\"https:\/\/noticiasdefato.net\/?p=1570\"},\"author\":{\"name\":\"Noticias de Fato\",\"@id\":\"https:\/\/noticiasdefato.net\/#\/schema\/person\/982ce60211d95acf059cd702aa260d08\"},\"headline\":\"SOLIDARIEDADE FECHA COM AMADEU E TONINHO\",\"datePublished\":\"2024-08-05T22:21:30+00:00\",\"dateModified\":\"2024-08-12T14:00:24+00:00\",\"mainEntityOfPage\":{\"@id\":\"https:\/\/noticiasdefato.net\/?p=1570\"},\"wordCount\":230,\"commentCount\":0,\"publisher\":{\"@id\":\"https:\/\/noticiasdefato.net\/#organization\"},\"image\":{\"@id\":\"https:\/\/noticiasdefato.net\/?p=1570#primaryimage\"},\"thumbnailUrl\":\"https:\/\/noticiasdefato.net\/wp-content\/uploads\/2024\/08\/image-20.png\",\"articleSection\":[\"Pol\u00edtica\"],\"inLanguage\":\"pt-BR\",\"potentialAction\":[{\"@type\":\"CommentAction\",\"name\":\"Comment\",\"target\":[\"https:\/\/noticiasdefato.net\/?p=1570#respond\"]}]},{\"@type\":\"WebPage\",\"@id\":\"https:\/\/noticiasdefato.net\/?p=1570\",\"url\":\"https:\/\/noticiasdefato.net\/?p=1570\",\"name\":\"SOLIDARIEDADE FECHA COM AMADEU E TONINHO - Not\u00edcias de Fato\",\"isPartOf\":{\"@id\":\"https:\/\/noticiasdefato.net\/#website\"},\"primaryImageOfPage\":{\"@id\":\"https:\/\/noticiasdefato.net\/?p=1570#primaryimage\"},\"image\":{\"@id\":\"https:\/\/noticiasdefato.net\/?p=1570#primaryimage\"},\"thumbnailUrl\":\"https:\/\/noticiasdefato.net\/wp-content\/uploads\/2024\/08\/image-20.png\",\"datePublished\":\"2024-08-05T22:21:30+00:00\",\"dateModified\":\"2024-08-12T14:00:24+00:00\",\"description\":\"Hoje, 5\/08 \u00e9 o \u00faltimo dia para defini\u00e7\u00e3o dos candidatos ao cargos de prefeito, vice-prefeito e vereador em Alfenas.\",\"breadcrumb\":{\"@id\":\"https:\/\/noticiasdefato.net\/?p=1570#breadcrumb\"},\"inLanguage\":\"pt-BR\",\"potentialAction\":[{\"@type\":\"ReadAction\",\"target\":[\"https:\/\/noticiasdefato.net\/?p=1570\"]}]},{\"@type\":\"ImageObject\",\"inLanguage\":\"pt-BR\",\"@id\":\"https:\/\/noticiasdefato.net\/?p=1570#primaryimage\",\"url\":\"https:\/\/noticiasdefato.net\/wp-content\/uploads\/2024\/08\/image-20.png\",\"contentUrl\":\"https:\/\/noticiasdefato.net\/wp-content\/uploads\/2024\/08\/image-20.png\",\"width\":419,\"height\":207},{\"@type\":\"BreadcrumbList\",\"@id\":\"https:\/\/noticiasdefato.net\/?p=1570#breadcrumb\",\"itemListElement\":[{\"@type\":\"ListItem\",\"position\":1,\"name\":\"In\u00edcio\",\"item\":\"https:\/\/noticiasdefato.net\/\"},{\"@type\":\"ListItem\",\"position\":2,\"name\":\"SOLIDARIEDADE FECHA COM AMADEU E TONINHO\"}]},{\"@type\":\"WebSite\",\"@id\":\"https:\/\/noticiasdefato.net\/#website\",\"url\":\"https:\/\/noticiasdefato.net\/\",\"name\":\"Not\u00edcias de Fato\",\"description\":\"Trabalhamos com honestidade, seriedade e com a verdade.\",\"publisher\":{\"@id\":\"https:\/\/noticiasdefato.net\/#organization\"},\"potentialAction\":[{\"@type\":\"SearchAction\",\"target\":{\"@type\":\"EntryPoint\",\"urlTemplate\":\"https:\/\/noticiasdefato.net\/?s={search_term_string}\"},\"query-input\":\"required name=search_term_string\"}],\"inLanguage\":\"pt-BR\"},{\"@type\":\"Organization\",\"@id\":\"https:\/\/noticiasdefato.net\/#organization\",\"name\":\"Not\u00edcias de Fato\",\"url\":\"https:\/\/noticiasdefato.net\/\",\"logo\":{\"@type\":\"ImageObject\",\"inLanguage\":\"pt-BR\",\"@id\":\"https:\/\/noticiasdefato.net\/#\/schema\/logo\/image\/\",\"url\":\"https:\/\/noticiasdefato.net\/wp-content\/uploads\/2024\/02\/cropped-logo_topo.png\",\"contentUrl\":\"https:\/\/noticiasdefato.net\/wp-content\/uploads\/2024\/02\/cropped-logo_topo.png\",\"width\":1948,\"height\":665,\"caption\":\"Not\u00edcias de Fato\"},\"image\":{\"@id\":\"https:\/\/noticiasdefato.net\/#\/schema\/logo\/image\/\"},\"sameAs\":[\"https:\/\/fb.com\/noticiasdefato.jornal\",\"https:\/\/x.com\/noticiasdefato_\",\"https:\/\/instagram.com\/noticiasdefato.jornal\",\"https:\/\/youtube.com\/@JornalNoticiasDeFato\"]},{\"@type\":\"Person\",\"@id\":\"https:\/\/noticiasdefato.net\/#\/schema\/person\/982ce60211d95acf059cd702aa260d08\",\"name\":\"Noticias de Fato\",\"image\":{\"@type\":\"ImageObject\",\"inLanguage\":\"pt-BR\",\"@id\":\"https:\/\/noticiasdefato.net\/#\/schema\/person\/image\/\",\"url\":\"https:\/\/secure.gravatar.com\/avatar\/700227fab2316f0366a1b5d4988d10f847249cf13293450527ac9553c994611a?s=96&d=mm&r=g\",\"contentUrl\":\"https:\/\/secure.gravatar.com\/avatar\/700227fab2316f0366a1b5d4988d10f847249cf13293450527ac9553c994611a?s=96&d=mm&r=g\",\"caption\":\"Noticias de Fato\"},\"sameAs\":[\"https:\/\/noticiasdefato.net\",\"http:\/\/fb.com\/\/noticiasdefato.jornal\",\"https:\/\/x.com\/https:\/\/twitter.com\/NoticiasDeFato_\"],\"url\":\"https:\/\/noticiasdefato.net\/?author=1\"}]}<\/script>\n<!-- \/ Yoast SEO plugin. -->","yoast_head_json":{"title":"SOLIDARIEDADE FECHA COM AMADEU E TONINHO - Not\u00edcias de Fato","description":"Hoje, 5\/08 \u00e9 o \u00faltimo dia para defini\u00e7\u00e3o dos candidatos ao cargos de prefeito, vice-prefeito e vereador em Alfenas.","robots":{"index":"index","follow":"follow","max-snippet":"max-snippet:-1","max-image-preview":"max-image-preview:large","max-video-preview":"max-video-preview:-1"},"canonical":"https:\/\/noticiasdefato.net\/?p=1570","og_locale":"pt_BR","og_type":"article","og_title":"SOLIDARIEDADE FECHA COM AMADEU E TONINHO - Not\u00edcias de Fato","og_description":"Hoje, 5\/08 \u00e9 o \u00faltimo dia para defini\u00e7\u00e3o dos candidatos ao cargos de prefeito, vice-prefeito e vereador em Alfenas.","og_url":"https:\/\/noticiasdefato.net\/?p=1570","og_site_name":"Not\u00edcias de Fato","article_publisher":"https:\/\/fb.com\/noticiasdefato.jornal","article_author":"http:\/\/fb.com\/\/noticiasdefato.jornal","article_published_time":"2024-08-05T22:21:30+00:00","article_modified_time":"2024-08-12T14:00:24+00:00","og_image":[{"width":419,"height":207,"url":"https:\/\/noticiasdefato.net\/wp-content\/uploads\/2024\/08\/image-20.png","type":"image\/png"}],"author":"Noticias de Fato","twitter_card":"summary_large_image","twitter_creator":"@https:\/\/twitter.com\/NoticiasDeFato_","twitter_site":"@noticiasdefato_","twitter_misc":{"Escrito por":"Noticias de Fato","Est. tempo de leitura":"2 minutos"},"schema":{"@context":"https:\/\/schema.org","@graph":[{"@type":"Article","@id":"https:\/\/noticiasdefato.net\/?p=1570#article","isPartOf":{"@id":"https:\/\/noticiasdefato.net\/?p=1570"},"author":{"name":"Noticias de Fato","@id":"https:\/\/noticiasdefato.net\/#\/schema\/person\/982ce60211d95acf059cd702aa260d08"},"headline":"SOLIDARIEDADE FECHA COM AMADEU E TONINHO","datePublished":"2024-08-05T22:21:30+00:00","dateModified":"2024-08-12T14:00:24+00:00","mainEntityOfPage":{"@id":"https:\/\/noticiasdefato.net\/?p=1570"},"wordCount":230,"commentCount":0,"publisher":{"@id":"https:\/\/noticiasdefato.net\/#organization"},"image":{"@id":"https:\/\/noticiasdefato.net\/?p=1570#primaryimage"},"thumbnailUrl":"https:\/\/noticiasdefato.net\/wp-content\/uploads\/2024\/08\/image-20.png","articleSection":["Pol\u00edtica"],"inLanguage":"pt-BR","potentialAction":[{"@type":"CommentAction","name":"Comment","target":["https:\/\/noticiasdefato.net\/?p=1570#respond"]}]},{"@type":"WebPage","@id":"https:\/\/noticiasdefato.net\/?p=1570","url":"https:\/\/noticiasdefato.net\/?p=1570","name":"SOLIDARIEDADE FECHA COM AMADEU E TONINHO - Not\u00edcias de Fato","isPartOf":{"@id":"https:\/\/noticiasdefato.net\/#website"},"primaryImageOfPage":{"@id":"https:\/\/noticiasdefato.net\/?p=1570#primaryimage"},"image":{"@id":"https:\/\/noticiasdefato.net\/?p=1570#primaryimage"},"thumbnailUrl":"https:\/\/noticiasdefato.net\/wp-content\/uploads\/2024\/08\/image-20.png","datePublished":"2024-08-05T22:21:30+00:00","dateModified":"2024-08-12T14:00:24+00:00","description":"Hoje, 5\/08 \u00e9 o \u00faltimo dia para defini\u00e7\u00e3o dos candidatos ao cargos de prefeito, vice-prefeito e vereador em Alfenas.","breadcrumb":{"@id":"https:\/\/noticiasdefato.net\/?p=1570#breadcrumb"},"inLanguage":"pt-BR","potentialAction":[{"@type":"ReadAction","target":["https:\/\/noticiasdefato.net\/?p=1570"]}]},{"@type":"ImageObject","inLanguage":"pt-BR","@id":"https:\/\/noticiasdefato.net\/?p=1570#primaryimage","url":"https:\/\/noticiasdefato.net\/wp-content\/uploads\/2024\/08\/image-20.png","contentUrl":"https:\/\/noticiasdefato.net\/wp-content\/uploads\/2024\/08\/image-20.png","width":419,"height":207},{"@type":"BreadcrumbList","@id":"https:\/\/noticiasdefato.net\/?p=1570#breadcrumb","itemListElement":[{"@type":"ListItem","position":1,"name":"In\u00edcio","item":"https:\/\/noticiasdefato.net\/"},{"@type":"ListItem","position":2,"name":"SOLIDARIEDADE FECHA COM AMADEU E TONINHO"}]},{"@type":"WebSite","@id":"https:\/\/noticiasdefato.net\/#website","url":"https:\/\/noticiasdefato.net\/","name":"Not\u00edcias de Fato","description":"Trabalhamos com honestidade, seriedade e com a verdade.","publisher":{"@id":"https:\/\/noticiasdefato.net\/#organization"},"potentialAction":[{"@type":"SearchAction","target":{"@type":"EntryPoint","urlTemplate":"https:\/\/noticiasdefato.net\/?s={search_term_string}"},"query-input":"required name=search_term_string"}],"inLanguage":"pt-BR"},{"@type":"Organization","@id":"https:\/\/noticiasdefato.net\/#organization","name":"Not\u00edcias de Fato","url":"https:\/\/noticiasdefato.net\/","logo":{"@type":"ImageObject","inLanguage":"pt-BR","@id":"https:\/\/noticiasdefato.net\/#\/schema\/logo\/image\/","url":"https:\/\/noticiasdefato.net\/wp-content\/uploads\/2024\/02\/cropped-logo_topo.png","contentUrl":"https:\/\/noticiasdefato.net\/wp-content\/uploads\/2024\/02\/cropped-logo_topo.png","width":1948,"height":665,"caption":"Not\u00edcias de Fato"},"image":{"@id":"https:\/\/noticiasdefato.net\/#\/schema\/logo\/image\/"},"sameAs":["https:\/\/fb.com\/noticiasdefato.jornal","https:\/\/x.com\/noticiasdefato_","https:\/\/instagram.com\/noticiasdefato.jornal","https:\/\/youtube.com\/@JornalNoticiasDeFato"]},{"@type":"Person","@id":"https:\/\/noticiasdefato.net\/#\/schema\/person\/982ce60211d95acf059cd702aa260d08","name":"Noticias de Fato","image":{"@type":"ImageObject","inLanguage":"pt-BR","@id":"https:\/\/noticiasdefato.net\/#\/schema\/person\/image\/","url":"https:\/\/secure.gravatar.com\/avatar\/700227fab2316f0366a1b5d4988d10f847249cf13293450527ac9553c994611a?s=96&d=mm&r=g","contentUrl":"https:\/\/secure.gravatar.com\/avatar\/700227fab2316f0366a1b5d4988d10f847249cf13293450527ac9553c994611a?s=96&d=mm&r=g","caption":"Noticias de Fato"},"sameAs":["https:\/\/noticiasdefato.net","http:\/\/fb.com\/\/noticiasdefato.jornal","https:\/\/x.com\/https:\/\/twitter.com\/NoticiasDeFato_"],"url":"https:\/\/noticiasdefato.net\/?author=1"}]}},"_links":{"self":[{"href":"https:\/\/noticiasdefato.net\/index.php?rest_route=\/wp\/v2\/posts\/1570","targetHints":{"allow":["GET"]}}],"collection":[{"href":"https:\/\/noticiasdefato.net\/index.php?rest_route=\/wp\/v2\/posts"}],"about":[{"href":"https:\/\/noticiasdefato.net\/index.php?rest_route=\/wp\/v2\/types\/post"}],"author":[{"embeddable":true,"href":"https:\/\/noticiasdefato.net\/index.php?rest_route=\/wp\/v2\/users\/1"}],"replies":[{"embeddable":true,"href":"https:\/\/noticiasdefato.net\/index.php?rest_route=%2Fwp%2Fv2%2Fcomments&post=1570"}],"version-history":[{"count":3,"href":"https:\/\/noticiasdefato.net\/index.php?rest_route=\/wp\/v2\/posts\/1570\/revisions"}],"predecessor-version":[{"id":1577,"href":"https:\/\/noticiasdefato.net\/index.php?rest_route=\/wp\/v2\/posts\/1570\/revisions\/1577"}],"wp:featuredmedia":[{"embeddable":true,"href":"https:\/\/noticiasdefato.net\/index.php?rest_route=\/wp\/v2\/media\/1571"}],"wp:attachment":[{"href":"https:\/\/noticiasdefato.net\/index.php?rest_route=%2Fwp%2Fv2%2Fmedia&parent=1570"}],"wp:term":[{"taxonomy":"category","embeddable":true,"href":"https:\/\/noticiasdefato.net\/index.php?rest_route=%2Fwp%2Fv2%2Fcategories&post=1570"},{"taxonomy":"post_tag","embeddable":true,"href":"https:\/\/noticiasdefato.net\/index.php?rest_route=%2Fwp%2Fv2%2Ftags&post=1570"}],"curies":[{"name":"wp","href":"https:\/\/api.w.org\/{rel}","templated":true}]}}