{"id":1587,"date":"2024-08-06T19:16:06","date_gmt":"2024-08-06T22:16:06","guid":{"rendered":"https:\/\/noticiasdefato.net\/?p=1587"},"modified":"2024-08-12T11:00:30","modified_gmt":"2024-08-12T14:00:30","slug":"psdb-e-cidadania-decidem-por-amadeu-e-toninho","status":"publish","type":"post","link":"https:\/\/noticiasdefato.net\/?p=1587","title":{"rendered":"PSDB E CIDADANIA DECIDEM POR AMADEU E TONINHO"},"content":{"rendered":"\n<p><em>A executivas do PSDB e do Cidadania sentaram \u00e0 mesa, e depois de vota\u00e7\u00e3o decidiram pelo apoio \u00e0 candidatura de Amadeu Peloso com Toninho Munhoz.<\/em><\/p>\n\n\n\n<p>A federa\u00e7\u00e3o formada pelos dois partidos aconteceu no dia 02 na associa\u00e7\u00e3o comercial.<\/p>\n\n\n\n<p>A Federa\u00e7\u00e3o formada pelos partidos PSDB e Cidadania definiu em conven\u00e7\u00e3o realizada na noite de sexta-feira, 2, apoiar a Chapa pura Amadeu e Toninho Munhoz.<\/p>\n\n\n\n<p>A decis\u00e3o aconteceu no voto, durante a conven\u00e7\u00e3o que foi realizada no sal\u00e3o da Associa\u00e7\u00e3o Comercial, ap\u00f3s r\u00e1pidas delibera\u00e7\u00f5es da mesa diretora, composta por Thalles Gomes, presidente do diret\u00f3rio municipal do PSDB e da Federa\u00e7\u00e3o Municipal PSDB e Cidadania.<\/p>\n\n\n\n<p>PSDB E CIDADANIA lan\u00e7am juntos 13 candidatos a vereador, n\u00famero limite que os partidos podem indicar para concorrerem a uma das 12 vagas existentes na c\u00e2mara municipal&nbsp;de&nbsp;Alfenas&nbsp;.<\/p>\n","protected":false},"excerpt":{"rendered":"<p>A executivas do PSDB e do Cidadania sentaram \u00e0 mesa, e depois de vota\u00e7\u00e3o decidiram pelo apoio \u00e0 candidatura de Amadeu Peloso com Toninho Munhoz. <a href=\"https:\/\/noticiasdefato.net\/?p=1587\" class=\"more-link\">Continuar lendo <span class=\"screen-reader-text\">PSDB E CIDADANIA DECIDEM POR AMADEU E TONINHO<\/span><\/a><\/p>\n","protected":false},"author":1,"featured_media":1588,"comment_status":"open","ping_status":"open","sticky":false,"template":"","format":"standard","meta":{"footnotes":""},"categories":[18],"tags":[],"class_list":["post-1587","post","type-post","status-publish","format-standard","has-post-thumbnail","hentry","category-politica"],"yoast_head":"<!-- This site is optimized with the Yoast SEO plugin v23.2 - https:\/\/yoast.com\/wordpress\/plugins\/seo\/ -->\n<title>PSDB E CIDADANIA DECIDEM POR AMADEU E TONINHO - Not\u00edcias de Fato<\/title>\n<meta name=\"description\" content=\"A executivas do PSDB e do Cidadania sentaram \u00e0 mesa, e depois de vota\u00e7\u00e3o decidiram pelo apoio \u00e0 candidatura de Amadeu Peloso com Toninho Munhoz.\" \/>\n<meta name=\"robots\" content=\"index, follow, max-snippet:-1, max-image-preview:large, max-video-preview:-1\" \/>\n<link rel=\"canonical\" href=\"https:\/\/noticiasdefato.net\/?p=1587\" \/>\n<meta property=\"og:locale\" content=\"pt_BR\" \/>\n<meta property=\"og:type\" content=\"article\" \/>\n<meta property=\"og:title\" content=\"PSDB E CIDADANIA DECIDEM POR AMADEU E TONINHO - Not\u00edcias de Fato\" \/>\n<meta property=\"og:description\" content=\"A executivas do PSDB e do Cidadania sentaram \u00e0 mesa, e depois de vota\u00e7\u00e3o decidiram pelo apoio \u00e0 candidatura de Amadeu Peloso com Toninho Munhoz.\" \/>\n<meta property=\"og:url\" content=\"https:\/\/noticiasdefato.net\/?p=1587\" \/>\n<meta property=\"og:site_name\" content=\"Not\u00edcias de Fato\" \/>\n<meta property=\"article:publisher\" content=\"https:\/\/fb.com\/noticiasdefato.jornal\" \/>\n<meta property=\"article:author\" content=\"http:\/\/fb.com\/\/noticiasdefato.jornal\" \/>\n<meta property=\"article:published_time\" content=\"2024-08-06T22:16:06+00:00\" \/>\n<meta property=\"article:modified_time\" content=\"2024-08-12T14:00:30+00:00\" \/>\n<meta property=\"og:image\" content=\"https:\/\/noticiasdefato.net\/wp-content\/uploads\/2024\/08\/Imagem-do-WhatsApp-de-2024-08-06-as-15.50.43_c978239a.jpg\" \/>\n\t<meta property=\"og:image:width\" content=\"1600\" \/>\n\t<meta property=\"og:image:height\" content=\"1123\" \/>\n\t<meta property=\"og:image:type\" content=\"image\/jpeg\" \/>\n<meta name=\"author\" content=\"Noticias de Fato\" \/>\n<meta name=\"twitter:card\" content=\"summary_large_image\" \/>\n<meta name=\"twitter:creator\" content=\"@https:\/\/twitter.com\/NoticiasDeFato_\" \/>\n<meta name=\"twitter:site\" content=\"@noticiasdefato_\" \/>\n<meta name=\"twitter:label1\" content=\"Escrito por\" \/>\n\t<meta name=\"twitter:data1\" content=\"Noticias de Fato\" \/>\n\t<meta name=\"twitter:label2\" content=\"Est. tempo de leitura\" \/>\n\t<meta name=\"twitter:data2\" content=\"1 minuto\" \/>\n<script type=\"application\/ld+json\" class=\"yoast-schema-graph\">{\"@context\":\"https:\/\/schema.org\",\"@graph\":[{\"@type\":\"Article\",\"@id\":\"https:\/\/noticiasdefato.net\/?p=1587#article\",\"isPartOf\":{\"@id\":\"https:\/\/noticiasdefato.net\/?p=1587\"},\"author\":{\"name\":\"Noticias de Fato\",\"@id\":\"https:\/\/noticiasdefato.net\/#\/schema\/person\/982ce60211d95acf059cd702aa260d08\"},\"headline\":\"PSDB E CIDADANIA DECIDEM POR AMADEU E TONINHO\",\"datePublished\":\"2024-08-06T22:16:06+00:00\",\"dateModified\":\"2024-08-12T14:00:30+00:00\",\"mainEntityOfPage\":{\"@id\":\"https:\/\/noticiasdefato.net\/?p=1587\"},\"wordCount\":153,\"commentCount\":0,\"publisher\":{\"@id\":\"https:\/\/noticiasdefato.net\/#organization\"},\"image\":{\"@id\":\"https:\/\/noticiasdefato.net\/?p=1587#primaryimage\"},\"thumbnailUrl\":\"https:\/\/noticiasdefato.net\/wp-content\/uploads\/2024\/08\/Imagem-do-WhatsApp-de-2024-08-06-as-15.50.43_c978239a.jpg\",\"articleSection\":[\"Pol\u00edtica\"],\"inLanguage\":\"pt-BR\",\"potentialAction\":[{\"@type\":\"CommentAction\",\"name\":\"Comment\",\"target\":[\"https:\/\/noticiasdefato.net\/?p=1587#respond\"]}]},{\"@type\":\"WebPage\",\"@id\":\"https:\/\/noticiasdefato.net\/?p=1587\",\"url\":\"https:\/\/noticiasdefato.net\/?p=1587\",\"name\":\"PSDB E CIDADANIA DECIDEM POR AMADEU E TONINHO - Not\u00edcias de Fato\",\"isPartOf\":{\"@id\":\"https:\/\/noticiasdefato.net\/#website\"},\"primaryImageOfPage\":{\"@id\":\"https:\/\/noticiasdefato.net\/?p=1587#primaryimage\"},\"image\":{\"@id\":\"https:\/\/noticiasdefato.net\/?p=1587#primaryimage\"},\"thumbnailUrl\":\"https:\/\/noticiasdefato.net\/wp-content\/uploads\/2024\/08\/Imagem-do-WhatsApp-de-2024-08-06-as-15.50.43_c978239a.jpg\",\"datePublished\":\"2024-08-06T22:16:06+00:00\",\"dateModified\":\"2024-08-12T14:00:30+00:00\",\"description\":\"A executivas do PSDB e do Cidadania sentaram \u00e0 mesa, e depois de vota\u00e7\u00e3o decidiram pelo apoio \u00e0 candidatura de Amadeu Peloso com Toninho Munhoz.\",\"breadcrumb\":{\"@id\":\"https:\/\/noticiasdefato.net\/?p=1587#breadcrumb\"},\"inLanguage\":\"pt-BR\",\"potentialAction\":[{\"@type\":\"ReadAction\",\"target\":[\"https:\/\/noticiasdefato.net\/?p=1587\"]}]},{\"@type\":\"ImageObject\",\"inLanguage\":\"pt-BR\",\"@id\":\"https:\/\/noticiasdefato.net\/?p=1587#primaryimage\",\"url\":\"https:\/\/noticiasdefato.net\/wp-content\/uploads\/2024\/08\/Imagem-do-WhatsApp-de-2024-08-06-as-15.50.43_c978239a.jpg\",\"contentUrl\":\"https:\/\/noticiasdefato.net\/wp-content\/uploads\/2024\/08\/Imagem-do-WhatsApp-de-2024-08-06-as-15.50.43_c978239a.jpg\",\"width\":1600,\"height\":1123},{\"@type\":\"BreadcrumbList\",\"@id\":\"https:\/\/noticiasdefato.net\/?p=1587#breadcrumb\",\"itemListElement\":[{\"@type\":\"ListItem\",\"position\":1,\"name\":\"In\u00edcio\",\"item\":\"https:\/\/noticiasdefato.net\/\"},{\"@type\":\"ListItem\",\"position\":2,\"name\":\"PSDB E CIDADANIA DECIDEM POR AMADEU E TONINHO\"}]},{\"@type\":\"WebSite\",\"@id\":\"https:\/\/noticiasdefato.net\/#website\",\"url\":\"https:\/\/noticiasdefato.net\/\",\"name\":\"Not\u00edcias de Fato\",\"description\":\"Trabalhamos com honestidade, seriedade e com a verdade.\",\"publisher\":{\"@id\":\"https:\/\/noticiasdefato.net\/#organization\"},\"potentialAction\":[{\"@type\":\"SearchAction\",\"target\":{\"@type\":\"EntryPoint\",\"urlTemplate\":\"https:\/\/noticiasdefato.net\/?s={search_term_string}\"},\"query-input\":\"required name=search_term_string\"}],\"inLanguage\":\"pt-BR\"},{\"@type\":\"Organization\",\"@id\":\"https:\/\/noticiasdefato.net\/#organization\",\"name\":\"Not\u00edcias de Fato\",\"url\":\"https:\/\/noticiasdefato.net\/\",\"logo\":{\"@type\":\"ImageObject\",\"inLanguage\":\"pt-BR\",\"@id\":\"https:\/\/noticiasdefato.net\/#\/schema\/logo\/image\/\",\"url\":\"https:\/\/noticiasdefato.net\/wp-content\/uploads\/2024\/02\/cropped-logo_topo.png\",\"contentUrl\":\"https:\/\/noticiasdefato.net\/wp-content\/uploads\/2024\/02\/cropped-logo_topo.png\",\"width\":1948,\"height\":665,\"caption\":\"Not\u00edcias de Fato\"},\"image\":{\"@id\":\"https:\/\/noticiasdefato.net\/#\/schema\/logo\/image\/\"},\"sameAs\":[\"https:\/\/fb.com\/noticiasdefato.jornal\",\"https:\/\/x.com\/noticiasdefato_\",\"https:\/\/instagram.com\/noticiasdefato.jornal\",\"https:\/\/youtube.com\/@JornalNoticiasDeFato\"]},{\"@type\":\"Person\",\"@id\":\"https:\/\/noticiasdefato.net\/#\/schema\/person\/982ce60211d95acf059cd702aa260d08\",\"name\":\"Noticias de Fato\",\"image\":{\"@type\":\"ImageObject\",\"inLanguage\":\"pt-BR\",\"@id\":\"https:\/\/noticiasdefato.net\/#\/schema\/person\/image\/\",\"url\":\"https:\/\/secure.gravatar.com\/avatar\/700227fab2316f0366a1b5d4988d10f847249cf13293450527ac9553c994611a?s=96&d=mm&r=g\",\"contentUrl\":\"https:\/\/secure.gravatar.com\/avatar\/700227fab2316f0366a1b5d4988d10f847249cf13293450527ac9553c994611a?s=96&d=mm&r=g\",\"caption\":\"Noticias de Fato\"},\"sameAs\":[\"https:\/\/noticiasdefato.net\",\"http:\/\/fb.com\/\/noticiasdefato.jornal\",\"https:\/\/x.com\/https:\/\/twitter.com\/NoticiasDeFato_\"],\"url\":\"https:\/\/noticiasdefato.net\/?author=1\"}]}<\/script>\n<!-- \/ Yoast SEO plugin. -->","yoast_head_json":{"title":"PSDB E CIDADANIA DECIDEM POR AMADEU E TONINHO - Not\u00edcias de Fato","description":"A executivas do PSDB e do Cidadania sentaram \u00e0 mesa, e depois de vota\u00e7\u00e3o decidiram pelo apoio \u00e0 candidatura de Amadeu Peloso com Toninho Munhoz.","robots":{"index":"index","follow":"follow","max-snippet":"max-snippet:-1","max-image-preview":"max-image-preview:large","max-video-preview":"max-video-preview:-1"},"canonical":"https:\/\/noticiasdefato.net\/?p=1587","og_locale":"pt_BR","og_type":"article","og_title":"PSDB E CIDADANIA DECIDEM POR AMADEU E TONINHO - Not\u00edcias de Fato","og_description":"A executivas do PSDB e do Cidadania sentaram \u00e0 mesa, e depois de vota\u00e7\u00e3o decidiram pelo apoio \u00e0 candidatura de Amadeu Peloso com Toninho Munhoz.","og_url":"https:\/\/noticiasdefato.net\/?p=1587","og_site_name":"Not\u00edcias de Fato","article_publisher":"https:\/\/fb.com\/noticiasdefato.jornal","article_author":"http:\/\/fb.com\/\/noticiasdefato.jornal","article_published_time":"2024-08-06T22:16:06+00:00","article_modified_time":"2024-08-12T14:00:30+00:00","og_image":[{"width":1600,"height":1123,"url":"https:\/\/noticiasdefato.net\/wp-content\/uploads\/2024\/08\/Imagem-do-WhatsApp-de-2024-08-06-as-15.50.43_c978239a.jpg","type":"image\/jpeg"}],"author":"Noticias de Fato","twitter_card":"summary_large_image","twitter_creator":"@https:\/\/twitter.com\/NoticiasDeFato_","twitter_site":"@noticiasdefato_","twitter_misc":{"Escrito por":"Noticias de Fato","Est. tempo de leitura":"1 minuto"},"schema":{"@context":"https:\/\/schema.org","@graph":[{"@type":"Article","@id":"https:\/\/noticiasdefato.net\/?p=1587#article","isPartOf":{"@id":"https:\/\/noticiasdefato.net\/?p=1587"},"author":{"name":"Noticias de Fato","@id":"https:\/\/noticiasdefato.net\/#\/schema\/person\/982ce60211d95acf059cd702aa260d08"},"headline":"PSDB E CIDADANIA DECIDEM POR AMADEU E TONINHO","datePublished":"2024-08-06T22:16:06+00:00","dateModified":"2024-08-12T14:00:30+00:00","mainEntityOfPage":{"@id":"https:\/\/noticiasdefato.net\/?p=1587"},"wordCount":153,"commentCount":0,"publisher":{"@id":"https:\/\/noticiasdefato.net\/#organization"},"image":{"@id":"https:\/\/noticiasdefato.net\/?p=1587#primaryimage"},"thumbnailUrl":"https:\/\/noticiasdefato.net\/wp-content\/uploads\/2024\/08\/Imagem-do-WhatsApp-de-2024-08-06-as-15.50.43_c978239a.jpg","articleSection":["Pol\u00edtica"],"inLanguage":"pt-BR","potentialAction":[{"@type":"CommentAction","name":"Comment","target":["https:\/\/noticiasdefato.net\/?p=1587#respond"]}]},{"@type":"WebPage","@id":"https:\/\/noticiasdefato.net\/?p=1587","url":"https:\/\/noticiasdefato.net\/?p=1587","name":"PSDB E CIDADANIA DECIDEM POR AMADEU E TONINHO - Not\u00edcias de Fato","isPartOf":{"@id":"https:\/\/noticiasdefato.net\/#website"},"primaryImageOfPage":{"@id":"https:\/\/noticiasdefato.net\/?p=1587#primaryimage"},"image":{"@id":"https:\/\/noticiasdefato.net\/?p=1587#primaryimage"},"thumbnailUrl":"https:\/\/noticiasdefato.net\/wp-content\/uploads\/2024\/08\/Imagem-do-WhatsApp-de-2024-08-06-as-15.50.43_c978239a.jpg","datePublished":"2024-08-06T22:16:06+00:00","dateModified":"2024-08-12T14:00:30+00:00","description":"A executivas do PSDB e do Cidadania sentaram \u00e0 mesa, e depois de vota\u00e7\u00e3o decidiram pelo apoio \u00e0 candidatura de Amadeu Peloso com Toninho Munhoz.","breadcrumb":{"@id":"https:\/\/noticiasdefato.net\/?p=1587#breadcrumb"},"inLanguage":"pt-BR","potentialAction":[{"@type":"ReadAction","target":["https:\/\/noticiasdefato.net\/?p=1587"]}]},{"@type":"ImageObject","inLanguage":"pt-BR","@id":"https:\/\/noticiasdefato.net\/?p=1587#primaryimage","url":"https:\/\/noticiasdefato.net\/wp-content\/uploads\/2024\/08\/Imagem-do-WhatsApp-de-2024-08-06-as-15.50.43_c978239a.jpg","contentUrl":"https:\/\/noticiasdefato.net\/wp-content\/uploads\/2024\/08\/Imagem-do-WhatsApp-de-2024-08-06-as-15.50.43_c978239a.jpg","width":1600,"height":1123},{"@type":"BreadcrumbList","@id":"https:\/\/noticiasdefato.net\/?p=1587#breadcrumb","itemListElement":[{"@type":"ListItem","position":1,"name":"In\u00edcio","item":"https:\/\/noticiasdefato.net\/"},{"@type":"ListItem","position":2,"name":"PSDB E CIDADANIA DECIDEM POR AMADEU E TONINHO"}]},{"@type":"WebSite","@id":"https:\/\/noticiasdefato.net\/#website","url":"https:\/\/noticiasdefato.net\/","name":"Not\u00edcias de Fato","description":"Trabalhamos com honestidade, seriedade e com a verdade.","publisher":{"@id":"https:\/\/noticiasdefato.net\/#organization"},"potentialAction":[{"@type":"SearchAction","target":{"@type":"EntryPoint","urlTemplate":"https:\/\/noticiasdefato.net\/?s={search_term_string}"},"query-input":"required name=search_term_string"}],"inLanguage":"pt-BR"},{"@type":"Organization","@id":"https:\/\/noticiasdefato.net\/#organization","name":"Not\u00edcias de Fato","url":"https:\/\/noticiasdefato.net\/","logo":{"@type":"ImageObject","inLanguage":"pt-BR","@id":"https:\/\/noticiasdefato.net\/#\/schema\/logo\/image\/","url":"https:\/\/noticiasdefato.net\/wp-content\/uploads\/2024\/02\/cropped-logo_topo.png","contentUrl":"https:\/\/noticiasdefato.net\/wp-content\/uploads\/2024\/02\/cropped-logo_topo.png","width":1948,"height":665,"caption":"Not\u00edcias de Fato"},"image":{"@id":"https:\/\/noticiasdefato.net\/#\/schema\/logo\/image\/"},"sameAs":["https:\/\/fb.com\/noticiasdefato.jornal","https:\/\/x.com\/noticiasdefato_","https:\/\/instagram.com\/noticiasdefato.jornal","https:\/\/youtube.com\/@JornalNoticiasDeFato"]},{"@type":"Person","@id":"https:\/\/noticiasdefato.net\/#\/schema\/person\/982ce60211d95acf059cd702aa260d08","name":"Noticias de Fato","image":{"@type":"ImageObject","inLanguage":"pt-BR","@id":"https:\/\/noticiasdefato.net\/#\/schema\/person\/image\/","url":"https:\/\/secure.gravatar.com\/avatar\/700227fab2316f0366a1b5d4988d10f847249cf13293450527ac9553c994611a?s=96&d=mm&r=g","contentUrl":"https:\/\/secure.gravatar.com\/avatar\/700227fab2316f0366a1b5d4988d10f847249cf13293450527ac9553c994611a?s=96&d=mm&r=g","caption":"Noticias de Fato"},"sameAs":["https:\/\/noticiasdefato.net","http:\/\/fb.com\/\/noticiasdefato.jornal","https:\/\/x.com\/https:\/\/twitter.com\/NoticiasDeFato_"],"url":"https:\/\/noticiasdefato.net\/?author=1"}]}},"_links":{"self":[{"href":"https:\/\/noticiasdefato.net\/index.php?rest_route=\/wp\/v2\/posts\/1587","targetHints":{"allow":["GET"]}}],"collection":[{"href":"https:\/\/noticiasdefato.net\/index.php?rest_route=\/wp\/v2\/posts"}],"about":[{"href":"https:\/\/noticiasdefato.net\/index.php?rest_route=\/wp\/v2\/types\/post"}],"author":[{"embeddable":true,"href":"https:\/\/noticiasdefato.net\/index.php?rest_route=\/wp\/v2\/users\/1"}],"replies":[{"embeddable":true,"href":"https:\/\/noticiasdefato.net\/index.php?rest_route=%2Fwp%2Fv2%2Fcomments&post=1587"}],"version-history":[{"count":1,"href":"https:\/\/noticiasdefato.net\/index.php?rest_route=\/wp\/v2\/posts\/1587\/revisions"}],"predecessor-version":[{"id":1589,"href":"https:\/\/noticiasdefato.net\/index.php?rest_route=\/wp\/v2\/posts\/1587\/revisions\/1589"}],"wp:featuredmedia":[{"embeddable":true,"href":"https:\/\/noticiasdefato.net\/index.php?rest_route=\/wp\/v2\/media\/1588"}],"wp:attachment":[{"href":"https:\/\/noticiasdefato.net\/index.php?rest_route=%2Fwp%2Fv2%2Fmedia&parent=1587"}],"wp:term":[{"taxonomy":"category","embeddable":true,"href":"https:\/\/noticiasdefato.net\/index.php?rest_route=%2Fwp%2Fv2%2Fcategories&post=1587"},{"taxonomy":"post_tag","embeddable":true,"href":"https:\/\/noticiasdefato.net\/index.php?rest_route=%2Fwp%2Fv2%2Ftags&post=1587"}],"curies":[{"name":"wp","href":"https:\/\/api.w.org\/{rel}","templated":true}]}}