{"id":1590,"date":"2024-08-06T19:25:55","date_gmt":"2024-08-06T22:25:55","guid":{"rendered":"https:\/\/noticiasdefato.net\/?p=1590"},"modified":"2024-08-12T11:02:15","modified_gmt":"2024-08-12T14:02:15","slug":"alfenas-jacare-e-encontrado-morto-em-condominio","status":"publish","type":"post","link":"https:\/\/noticiasdefato.net\/?p=1590","title":{"rendered":"ALFENAS: JACAR\u00c9 \u00c9 ENCONTRADO MORTO EM CONDOM\u00cdNIO"},"content":{"rendered":"\n<p><em>Animal de dois metros foi encontrado no Condom\u00ednio Lagoa Prateada.<\/em><\/p>\n\n\n\n<p>Na tarde desta ter\u00e7a-feira, 6, uma s\u00e9rie de fotos e um v\u00eddeo circulavam em grupos de celulares denunciando a exist\u00eancia do corpo de um jacar\u00e9 no condom\u00ednio Lago Prateada. Com estas informa\u00e7\u00f5es em m\u00e3os, policiais do Grupamento de Pol\u00edcia Militar Ambiental de Alfenas compareceram ao local indicado, que fica \u00e0s margens do reservat\u00f3rio de Furnas, na regi\u00e3o do aterro Gutierrez, nos fundos do Condom\u00ednio Lagoa Prateada. L\u00e1 constataram que o jacar\u00e9 estava morto, j\u00e1 em estado de decomposi\u00e7\u00e3o e sem a cabe\u00e7a.<\/p>\n\n\n\n<p>De acordo com os militares o animal media aproximadamente 2 metros, da calda at\u00e9 o tronco.<\/p>\n\n\n\n<div class=\"wp-block-columns is-layout-flex wp-container-core-columns-is-layout-9d6595d7 wp-block-columns-is-layout-flex\">\n<div class=\"wp-block-column is-layout-flow wp-block-column-is-layout-flow\" style=\"flex-basis:25%\">\n<figure class=\"wp-block-image size-large\"><img fetchpriority=\"high\" decoding=\"async\" width=\"461\" height=\"1024\" src=\"https:\/\/noticiasdefato.net\/wp-content\/uploads\/2024\/08\/Imagem-do-WhatsApp-de-2024-08-06-as-17.59.28_344b75c5-461x1024.jpg\" alt=\"\" class=\"wp-image-1592\" srcset=\"https:\/\/noticiasdefato.net\/wp-content\/uploads\/2024\/08\/Imagem-do-WhatsApp-de-2024-08-06-as-17.59.28_344b75c5-461x1024.jpg 461w, https:\/\/noticiasdefato.net\/wp-content\/uploads\/2024\/08\/Imagem-do-WhatsApp-de-2024-08-06-as-17.59.28_344b75c5-135x300.jpg 135w, https:\/\/noticiasdefato.net\/wp-content\/uploads\/2024\/08\/Imagem-do-WhatsApp-de-2024-08-06-as-17.59.28_344b75c5-691x1536.jpg 691w, https:\/\/noticiasdefato.net\/wp-content\/uploads\/2024\/08\/Imagem-do-WhatsApp-de-2024-08-06-as-17.59.28_344b75c5-41x90.jpg 41w, https:\/\/noticiasdefato.net\/wp-content\/uploads\/2024\/08\/Imagem-do-WhatsApp-de-2024-08-06-as-17.59.28_344b75c5.jpg 720w\" sizes=\"(max-width: 461px) 100vw, 461px\" \/><\/figure>\n<\/div>\n\n\n\n<div class=\"wp-block-column is-layout-flow wp-block-column-is-layout-flow\" style=\"flex-basis:25%\">\n<figure class=\"wp-block-image size-large\"><img decoding=\"async\" width=\"768\" height=\"1024\" src=\"https:\/\/noticiasdefato.net\/wp-content\/uploads\/2024\/08\/Imagem-do-WhatsApp-de-2024-08-06-as-17.59.28_38a63ac6-768x1024.jpg\" alt=\"\" class=\"wp-image-1593\" srcset=\"https:\/\/noticiasdefato.net\/wp-content\/uploads\/2024\/08\/Imagem-do-WhatsApp-de-2024-08-06-as-17.59.28_38a63ac6-768x1024.jpg 768w, https:\/\/noticiasdefato.net\/wp-content\/uploads\/2024\/08\/Imagem-do-WhatsApp-de-2024-08-06-as-17.59.28_38a63ac6-225x300.jpg 225w, https:\/\/noticiasdefato.net\/wp-content\/uploads\/2024\/08\/Imagem-do-WhatsApp-de-2024-08-06-as-17.59.28_38a63ac6-68x90.jpg 68w, https:\/\/noticiasdefato.net\/wp-content\/uploads\/2024\/08\/Imagem-do-WhatsApp-de-2024-08-06-as-17.59.28_38a63ac6.jpg 960w\" sizes=\"(max-width: 768px) 100vw, 768px\" \/><\/figure>\n<\/div>\n\n\n\n<div class=\"wp-block-column is-layout-flow wp-block-column-is-layout-flow\" style=\"flex-basis:25%\">\n<figure class=\"wp-block-image size-large\"><img decoding=\"async\" width=\"768\" height=\"1024\" src=\"https:\/\/noticiasdefato.net\/wp-content\/uploads\/2024\/08\/Imagem-do-WhatsApp-de-2024-08-06-as-17.59.28_51254ea7-768x1024.jpg\" alt=\"\" class=\"wp-image-1594\" srcset=\"https:\/\/noticiasdefato.net\/wp-content\/uploads\/2024\/08\/Imagem-do-WhatsApp-de-2024-08-06-as-17.59.28_51254ea7-768x1024.jpg 768w, https:\/\/noticiasdefato.net\/wp-content\/uploads\/2024\/08\/Imagem-do-WhatsApp-de-2024-08-06-as-17.59.28_51254ea7-225x300.jpg 225w, https:\/\/noticiasdefato.net\/wp-content\/uploads\/2024\/08\/Imagem-do-WhatsApp-de-2024-08-06-as-17.59.28_51254ea7-68x90.jpg 68w, https:\/\/noticiasdefato.net\/wp-content\/uploads\/2024\/08\/Imagem-do-WhatsApp-de-2024-08-06-as-17.59.28_51254ea7.jpg 960w\" sizes=\"(max-width: 768px) 100vw, 768px\" \/><\/figure>\n<\/div>\n\n\n\n<div class=\"wp-block-column is-layout-flow wp-block-column-is-layout-flow\" style=\"flex-basis:25%\">\n<figure class=\"wp-block-video\"><video height=\"848\" style=\"aspect-ratio: 476 \/ 848;\" width=\"476\" controls src=\"https:\/\/noticiasdefato.net\/wp-content\/uploads\/2024\/08\/Video-do-WhatsApp-de-2024-08-06-as-17.59.29_09b8686d.mp4\"><\/video><\/figure>\n<\/div>\n<\/div>\n\n\n\n<p>Por se tratar de um condom\u00ednio onde a maioria dos moradores passa somente o final de semana, n\u00e3o foi poss\u00edvel colher muitas informa\u00e7\u00f5es.<\/p>\n\n\n\n<p>Apenas uma moradora declarou que o jacar\u00e9 foi visto boiando nas \u00e1guas do lago no dia 27 de julho, mas que apresentava todos os membros. Ela acredita que, devido a baixa do n\u00edvel do reservat\u00f3rio, ele possa ter sido arremessado para a margem e ali permanecido.<\/p>\n\n\n\n<p>Hoje por\u00e9m, ela tamb\u00e9m foi surpreendida ao receber imagens, no grupo de moradores do condom\u00ednio, onde o jacar\u00e9 aparece sem a cabe\u00e7a.<\/p>\n\n\n\n<p>Devido ao estado avan\u00e7ado de decomposi\u00e7\u00e3o, n\u00e3o foi poss\u00edvel realizar a per\u00edcia.<\/p>\n\n\n\n<p>Os trabalhos de investiga\u00e7\u00e3o continuam, mas n\u00e3o se chegou ainda ao autor ou a qualquer suspeito do abate do animal silvestre.<\/p>\n\n\n\n<p>A Pol\u00edcia Militar Ambiental alerta que, ao se deparar com um animal silvestre que possa colocar pessoas em risco, deve-se ligar imediatamente para os bombeiros ou para a Pol\u00edcia Ambiental no telefone 3698-2140, que far\u00e3o a captura e a remo\u00e7\u00e3o do animal para outro local.<\/p>\n\n\n\n<p>Caso se presencie algu\u00e9m ca\u00e7ando ou capturando animais silvestres, denunciem no 3698-2140 ou falem diretamente no disque&nbsp;den\u00fancia&nbsp;181.<\/p>\n","protected":false},"excerpt":{"rendered":"<p>Animal de dois metros foi encontrado no Condom\u00ednio Lagoa Prateada. <a href=\"https:\/\/noticiasdefato.net\/?p=1590\" class=\"more-link\">Continuar lendo <span class=\"screen-reader-text\">ALFENAS: JACAR\u00c9 \u00c9 ENCONTRADO MORTO EM CONDOM\u00cdNIO<\/span><\/a><\/p>\n","protected":false},"author":1,"featured_media":1591,"comment_status":"open","ping_status":"open","sticky":false,"template":"","format":"standard","meta":{"footnotes":""},"categories":[1],"tags":[],"class_list":["post-1590","post","type-post","status-publish","format-standard","has-post-thumbnail","hentry","category-geral"],"yoast_head":"<!-- This site is optimized with the Yoast SEO plugin v23.2 - https:\/\/yoast.com\/wordpress\/plugins\/seo\/ -->\n<title>ALFENAS: JACAR\u00c9 \u00c9 ENCONTRADO MORTO EM CONDOM\u00cdNIO - Not\u00edcias de Fato<\/title>\n<meta name=\"description\" content=\"Animal de dois metros foi encontrado no Condom\u00ednio Lagoa Prateada.\" \/>\n<meta name=\"robots\" content=\"index, follow, max-snippet:-1, max-image-preview:large, max-video-preview:-1\" \/>\n<link rel=\"canonical\" href=\"https:\/\/noticiasdefato.net\/?p=1590\" \/>\n<meta property=\"og:locale\" content=\"pt_BR\" \/>\n<meta property=\"og:type\" content=\"article\" \/>\n<meta property=\"og:title\" content=\"ALFENAS: JACAR\u00c9 \u00c9 ENCONTRADO MORTO EM CONDOM\u00cdNIO - Not\u00edcias de Fato\" \/>\n<meta property=\"og:description\" content=\"Animal de dois metros foi encontrado no Condom\u00ednio Lagoa Prateada.\" \/>\n<meta property=\"og:url\" content=\"https:\/\/noticiasdefato.net\/?p=1590\" \/>\n<meta property=\"og:site_name\" content=\"Not\u00edcias de Fato\" \/>\n<meta property=\"article:publisher\" content=\"https:\/\/fb.com\/noticiasdefato.jornal\" \/>\n<meta property=\"article:author\" content=\"http:\/\/fb.com\/\/noticiasdefato.jornal\" \/>\n<meta property=\"article:published_time\" content=\"2024-08-06T22:25:55+00:00\" \/>\n<meta property=\"article:modified_time\" content=\"2024-08-12T14:02:15+00:00\" \/>\n<meta property=\"og:image\" content=\"https:\/\/noticiasdefato.net\/wp-content\/uploads\/2024\/08\/image-26.png\" \/>\n\t<meta property=\"og:image:width\" content=\"424\" \/>\n\t<meta property=\"og:image:height\" content=\"229\" \/>\n\t<meta property=\"og:image:type\" content=\"image\/png\" \/>\n<meta name=\"author\" content=\"Noticias de Fato\" \/>\n<meta name=\"twitter:card\" content=\"summary_large_image\" \/>\n<meta name=\"twitter:creator\" content=\"@https:\/\/twitter.com\/NoticiasDeFato_\" \/>\n<meta name=\"twitter:site\" content=\"@noticiasdefato_\" \/>\n<meta name=\"twitter:label1\" content=\"Escrito por\" \/>\n\t<meta name=\"twitter:data1\" content=\"Noticias de Fato\" \/>\n\t<meta name=\"twitter:label2\" content=\"Est. tempo de leitura\" \/>\n\t<meta name=\"twitter:data2\" content=\"3 minutos\" \/>\n<script type=\"application\/ld+json\" class=\"yoast-schema-graph\">{\"@context\":\"https:\/\/schema.org\",\"@graph\":[{\"@type\":\"Article\",\"@id\":\"https:\/\/noticiasdefato.net\/?p=1590#article\",\"isPartOf\":{\"@id\":\"https:\/\/noticiasdefato.net\/?p=1590\"},\"author\":{\"name\":\"Noticias de Fato\",\"@id\":\"https:\/\/noticiasdefato.net\/#\/schema\/person\/982ce60211d95acf059cd702aa260d08\"},\"headline\":\"ALFENAS: JACAR\u00c9 \u00c9 ENCONTRADO MORTO EM CONDOM\u00cdNIO\",\"datePublished\":\"2024-08-06T22:25:55+00:00\",\"dateModified\":\"2024-08-12T14:02:15+00:00\",\"mainEntityOfPage\":{\"@id\":\"https:\/\/noticiasdefato.net\/?p=1590\"},\"wordCount\":339,\"commentCount\":0,\"publisher\":{\"@id\":\"https:\/\/noticiasdefato.net\/#organization\"},\"image\":{\"@id\":\"https:\/\/noticiasdefato.net\/?p=1590#primaryimage\"},\"thumbnailUrl\":\"https:\/\/noticiasdefato.net\/wp-content\/uploads\/2024\/08\/image-26.png\",\"articleSection\":[\"Geral\"],\"inLanguage\":\"pt-BR\",\"potentialAction\":[{\"@type\":\"CommentAction\",\"name\":\"Comment\",\"target\":[\"https:\/\/noticiasdefato.net\/?p=1590#respond\"]}]},{\"@type\":\"WebPage\",\"@id\":\"https:\/\/noticiasdefato.net\/?p=1590\",\"url\":\"https:\/\/noticiasdefato.net\/?p=1590\",\"name\":\"ALFENAS: JACAR\u00c9 \u00c9 ENCONTRADO MORTO EM CONDOM\u00cdNIO - Not\u00edcias de Fato\",\"isPartOf\":{\"@id\":\"https:\/\/noticiasdefato.net\/#website\"},\"primaryImageOfPage\":{\"@id\":\"https:\/\/noticiasdefato.net\/?p=1590#primaryimage\"},\"image\":{\"@id\":\"https:\/\/noticiasdefato.net\/?p=1590#primaryimage\"},\"thumbnailUrl\":\"https:\/\/noticiasdefato.net\/wp-content\/uploads\/2024\/08\/image-26.png\",\"datePublished\":\"2024-08-06T22:25:55+00:00\",\"dateModified\":\"2024-08-12T14:02:15+00:00\",\"description\":\"Animal de dois metros foi encontrado no Condom\u00ednio Lagoa Prateada.\",\"breadcrumb\":{\"@id\":\"https:\/\/noticiasdefato.net\/?p=1590#breadcrumb\"},\"inLanguage\":\"pt-BR\",\"potentialAction\":[{\"@type\":\"ReadAction\",\"target\":[\"https:\/\/noticiasdefato.net\/?p=1590\"]}]},{\"@type\":\"ImageObject\",\"inLanguage\":\"pt-BR\",\"@id\":\"https:\/\/noticiasdefato.net\/?p=1590#primaryimage\",\"url\":\"https:\/\/noticiasdefato.net\/wp-content\/uploads\/2024\/08\/image-26.png\",\"contentUrl\":\"https:\/\/noticiasdefato.net\/wp-content\/uploads\/2024\/08\/image-26.png\",\"width\":424,\"height\":229},{\"@type\":\"BreadcrumbList\",\"@id\":\"https:\/\/noticiasdefato.net\/?p=1590#breadcrumb\",\"itemListElement\":[{\"@type\":\"ListItem\",\"position\":1,\"name\":\"In\u00edcio\",\"item\":\"https:\/\/noticiasdefato.net\/\"},{\"@type\":\"ListItem\",\"position\":2,\"name\":\"ALFENAS: JACAR\u00c9 \u00c9 ENCONTRADO MORTO EM CONDOM\u00cdNIO\"}]},{\"@type\":\"WebSite\",\"@id\":\"https:\/\/noticiasdefato.net\/#website\",\"url\":\"https:\/\/noticiasdefato.net\/\",\"name\":\"Not\u00edcias de Fato\",\"description\":\"Trabalhamos com honestidade, seriedade e com a verdade.\",\"publisher\":{\"@id\":\"https:\/\/noticiasdefato.net\/#organization\"},\"potentialAction\":[{\"@type\":\"SearchAction\",\"target\":{\"@type\":\"EntryPoint\",\"urlTemplate\":\"https:\/\/noticiasdefato.net\/?s={search_term_string}\"},\"query-input\":\"required name=search_term_string\"}],\"inLanguage\":\"pt-BR\"},{\"@type\":\"Organization\",\"@id\":\"https:\/\/noticiasdefato.net\/#organization\",\"name\":\"Not\u00edcias de Fato\",\"url\":\"https:\/\/noticiasdefato.net\/\",\"logo\":{\"@type\":\"ImageObject\",\"inLanguage\":\"pt-BR\",\"@id\":\"https:\/\/noticiasdefato.net\/#\/schema\/logo\/image\/\",\"url\":\"https:\/\/noticiasdefato.net\/wp-content\/uploads\/2024\/02\/cropped-logo_topo.png\",\"contentUrl\":\"https:\/\/noticiasdefato.net\/wp-content\/uploads\/2024\/02\/cropped-logo_topo.png\",\"width\":1948,\"height\":665,\"caption\":\"Not\u00edcias de Fato\"},\"image\":{\"@id\":\"https:\/\/noticiasdefato.net\/#\/schema\/logo\/image\/\"},\"sameAs\":[\"https:\/\/fb.com\/noticiasdefato.jornal\",\"https:\/\/x.com\/noticiasdefato_\",\"https:\/\/instagram.com\/noticiasdefato.jornal\",\"https:\/\/youtube.com\/@JornalNoticiasDeFato\"]},{\"@type\":\"Person\",\"@id\":\"https:\/\/noticiasdefato.net\/#\/schema\/person\/982ce60211d95acf059cd702aa260d08\",\"name\":\"Noticias de Fato\",\"image\":{\"@type\":\"ImageObject\",\"inLanguage\":\"pt-BR\",\"@id\":\"https:\/\/noticiasdefato.net\/#\/schema\/person\/image\/\",\"url\":\"https:\/\/secure.gravatar.com\/avatar\/700227fab2316f0366a1b5d4988d10f847249cf13293450527ac9553c994611a?s=96&d=mm&r=g\",\"contentUrl\":\"https:\/\/secure.gravatar.com\/avatar\/700227fab2316f0366a1b5d4988d10f847249cf13293450527ac9553c994611a?s=96&d=mm&r=g\",\"caption\":\"Noticias de Fato\"},\"sameAs\":[\"https:\/\/noticiasdefato.net\",\"http:\/\/fb.com\/\/noticiasdefato.jornal\",\"https:\/\/x.com\/https:\/\/twitter.com\/NoticiasDeFato_\"],\"url\":\"https:\/\/noticiasdefato.net\/?author=1\"}]}<\/script>\n<!-- \/ Yoast SEO plugin. -->","yoast_head_json":{"title":"ALFENAS: JACAR\u00c9 \u00c9 ENCONTRADO MORTO EM CONDOM\u00cdNIO - Not\u00edcias de Fato","description":"Animal de dois metros foi encontrado no Condom\u00ednio Lagoa Prateada.","robots":{"index":"index","follow":"follow","max-snippet":"max-snippet:-1","max-image-preview":"max-image-preview:large","max-video-preview":"max-video-preview:-1"},"canonical":"https:\/\/noticiasdefato.net\/?p=1590","og_locale":"pt_BR","og_type":"article","og_title":"ALFENAS: JACAR\u00c9 \u00c9 ENCONTRADO MORTO EM CONDOM\u00cdNIO - Not\u00edcias de Fato","og_description":"Animal de dois metros foi encontrado no Condom\u00ednio Lagoa Prateada.","og_url":"https:\/\/noticiasdefato.net\/?p=1590","og_site_name":"Not\u00edcias de Fato","article_publisher":"https:\/\/fb.com\/noticiasdefato.jornal","article_author":"http:\/\/fb.com\/\/noticiasdefato.jornal","article_published_time":"2024-08-06T22:25:55+00:00","article_modified_time":"2024-08-12T14:02:15+00:00","og_image":[{"width":424,"height":229,"url":"https:\/\/noticiasdefato.net\/wp-content\/uploads\/2024\/08\/image-26.png","type":"image\/png"}],"author":"Noticias de Fato","twitter_card":"summary_large_image","twitter_creator":"@https:\/\/twitter.com\/NoticiasDeFato_","twitter_site":"@noticiasdefato_","twitter_misc":{"Escrito por":"Noticias de Fato","Est. tempo de leitura":"3 minutos"},"schema":{"@context":"https:\/\/schema.org","@graph":[{"@type":"Article","@id":"https:\/\/noticiasdefato.net\/?p=1590#article","isPartOf":{"@id":"https:\/\/noticiasdefato.net\/?p=1590"},"author":{"name":"Noticias de Fato","@id":"https:\/\/noticiasdefato.net\/#\/schema\/person\/982ce60211d95acf059cd702aa260d08"},"headline":"ALFENAS: JACAR\u00c9 \u00c9 ENCONTRADO MORTO EM CONDOM\u00cdNIO","datePublished":"2024-08-06T22:25:55+00:00","dateModified":"2024-08-12T14:02:15+00:00","mainEntityOfPage":{"@id":"https:\/\/noticiasdefato.net\/?p=1590"},"wordCount":339,"commentCount":0,"publisher":{"@id":"https:\/\/noticiasdefato.net\/#organization"},"image":{"@id":"https:\/\/noticiasdefato.net\/?p=1590#primaryimage"},"thumbnailUrl":"https:\/\/noticiasdefato.net\/wp-content\/uploads\/2024\/08\/image-26.png","articleSection":["Geral"],"inLanguage":"pt-BR","potentialAction":[{"@type":"CommentAction","name":"Comment","target":["https:\/\/noticiasdefato.net\/?p=1590#respond"]}]},{"@type":"WebPage","@id":"https:\/\/noticiasdefato.net\/?p=1590","url":"https:\/\/noticiasdefato.net\/?p=1590","name":"ALFENAS: JACAR\u00c9 \u00c9 ENCONTRADO MORTO EM CONDOM\u00cdNIO - Not\u00edcias de Fato","isPartOf":{"@id":"https:\/\/noticiasdefato.net\/#website"},"primaryImageOfPage":{"@id":"https:\/\/noticiasdefato.net\/?p=1590#primaryimage"},"image":{"@id":"https:\/\/noticiasdefato.net\/?p=1590#primaryimage"},"thumbnailUrl":"https:\/\/noticiasdefato.net\/wp-content\/uploads\/2024\/08\/image-26.png","datePublished":"2024-08-06T22:25:55+00:00","dateModified":"2024-08-12T14:02:15+00:00","description":"Animal de dois metros foi encontrado no Condom\u00ednio Lagoa Prateada.","breadcrumb":{"@id":"https:\/\/noticiasdefato.net\/?p=1590#breadcrumb"},"inLanguage":"pt-BR","potentialAction":[{"@type":"ReadAction","target":["https:\/\/noticiasdefato.net\/?p=1590"]}]},{"@type":"ImageObject","inLanguage":"pt-BR","@id":"https:\/\/noticiasdefato.net\/?p=1590#primaryimage","url":"https:\/\/noticiasdefato.net\/wp-content\/uploads\/2024\/08\/image-26.png","contentUrl":"https:\/\/noticiasdefato.net\/wp-content\/uploads\/2024\/08\/image-26.png","width":424,"height":229},{"@type":"BreadcrumbList","@id":"https:\/\/noticiasdefato.net\/?p=1590#breadcrumb","itemListElement":[{"@type":"ListItem","position":1,"name":"In\u00edcio","item":"https:\/\/noticiasdefato.net\/"},{"@type":"ListItem","position":2,"name":"ALFENAS: JACAR\u00c9 \u00c9 ENCONTRADO MORTO EM CONDOM\u00cdNIO"}]},{"@type":"WebSite","@id":"https:\/\/noticiasdefato.net\/#website","url":"https:\/\/noticiasdefato.net\/","name":"Not\u00edcias de Fato","description":"Trabalhamos com honestidade, seriedade e com a verdade.","publisher":{"@id":"https:\/\/noticiasdefato.net\/#organization"},"potentialAction":[{"@type":"SearchAction","target":{"@type":"EntryPoint","urlTemplate":"https:\/\/noticiasdefato.net\/?s={search_term_string}"},"query-input":"required name=search_term_string"}],"inLanguage":"pt-BR"},{"@type":"Organization","@id":"https:\/\/noticiasdefato.net\/#organization","name":"Not\u00edcias de Fato","url":"https:\/\/noticiasdefato.net\/","logo":{"@type":"ImageObject","inLanguage":"pt-BR","@id":"https:\/\/noticiasdefato.net\/#\/schema\/logo\/image\/","url":"https:\/\/noticiasdefato.net\/wp-content\/uploads\/2024\/02\/cropped-logo_topo.png","contentUrl":"https:\/\/noticiasdefato.net\/wp-content\/uploads\/2024\/02\/cropped-logo_topo.png","width":1948,"height":665,"caption":"Not\u00edcias de Fato"},"image":{"@id":"https:\/\/noticiasdefato.net\/#\/schema\/logo\/image\/"},"sameAs":["https:\/\/fb.com\/noticiasdefato.jornal","https:\/\/x.com\/noticiasdefato_","https:\/\/instagram.com\/noticiasdefato.jornal","https:\/\/youtube.com\/@JornalNoticiasDeFato"]},{"@type":"Person","@id":"https:\/\/noticiasdefato.net\/#\/schema\/person\/982ce60211d95acf059cd702aa260d08","name":"Noticias de Fato","image":{"@type":"ImageObject","inLanguage":"pt-BR","@id":"https:\/\/noticiasdefato.net\/#\/schema\/person\/image\/","url":"https:\/\/secure.gravatar.com\/avatar\/700227fab2316f0366a1b5d4988d10f847249cf13293450527ac9553c994611a?s=96&d=mm&r=g","contentUrl":"https:\/\/secure.gravatar.com\/avatar\/700227fab2316f0366a1b5d4988d10f847249cf13293450527ac9553c994611a?s=96&d=mm&r=g","caption":"Noticias de Fato"},"sameAs":["https:\/\/noticiasdefato.net","http:\/\/fb.com\/\/noticiasdefato.jornal","https:\/\/x.com\/https:\/\/twitter.com\/NoticiasDeFato_"],"url":"https:\/\/noticiasdefato.net\/?author=1"}]}},"_links":{"self":[{"href":"https:\/\/noticiasdefato.net\/index.php?rest_route=\/wp\/v2\/posts\/1590","targetHints":{"allow":["GET"]}}],"collection":[{"href":"https:\/\/noticiasdefato.net\/index.php?rest_route=\/wp\/v2\/posts"}],"about":[{"href":"https:\/\/noticiasdefato.net\/index.php?rest_route=\/wp\/v2\/types\/post"}],"author":[{"embeddable":true,"href":"https:\/\/noticiasdefato.net\/index.php?rest_route=\/wp\/v2\/users\/1"}],"replies":[{"embeddable":true,"href":"https:\/\/noticiasdefato.net\/index.php?rest_route=%2Fwp%2Fv2%2Fcomments&post=1590"}],"version-history":[{"count":1,"href":"https:\/\/noticiasdefato.net\/index.php?rest_route=\/wp\/v2\/posts\/1590\/revisions"}],"predecessor-version":[{"id":1596,"href":"https:\/\/noticiasdefato.net\/index.php?rest_route=\/wp\/v2\/posts\/1590\/revisions\/1596"}],"wp:featuredmedia":[{"embeddable":true,"href":"https:\/\/noticiasdefato.net\/index.php?rest_route=\/wp\/v2\/media\/1591"}],"wp:attachment":[{"href":"https:\/\/noticiasdefato.net\/index.php?rest_route=%2Fwp%2Fv2%2Fmedia&parent=1590"}],"wp:term":[{"taxonomy":"category","embeddable":true,"href":"https:\/\/noticiasdefato.net\/index.php?rest_route=%2Fwp%2Fv2%2Fcategories&post=1590"},{"taxonomy":"post_tag","embeddable":true,"href":"https:\/\/noticiasdefato.net\/index.php?rest_route=%2Fwp%2Fv2%2Ftags&post=1590"}],"curies":[{"name":"wp","href":"https:\/\/api.w.org\/{rel}","templated":true}]}}