{"id":1625,"date":"2024-08-08T16:36:21","date_gmt":"2024-08-08T19:36:21","guid":{"rendered":"https:\/\/noticiasdefato.net\/?p=1625"},"modified":"2024-10-01T12:28:36","modified_gmt":"2024-10-01T15:28:36","slug":"eleicao-do-conselho-municipal-de-saude","status":"publish","type":"post","link":"https:\/\/noticiasdefato.net\/?p=1625","title":{"rendered":"ELEI\u00c7\u00c3O DO CONSELHO MUNICIPAL DE SA\u00daDE"},"content":{"rendered":"\n<p><em>Conselho municipal de sa\u00fade faz chamamento p\u00fablico para entidades de Alfenas<\/em>.<\/p>\n\n\n\n<p>O Conselho Municipal de Sa\u00fade de Alfenas receber\u00e1 s\u00f3 at\u00e9 amanh\u00e3, dia 09, indica\u00e7\u00f5es de representantes das entidades do munic\u00edpio para comporem a nova diretoria do \u00f3rg\u00e3o.<\/p>\n\n\n\n<p>Est\u00e3o marcadas plen\u00e1rias para acontecerem no dia 26 de agosto, na sede do Centro de Integra\u00e7\u00e3o- antiga vaca mec\u00e2nica -, na Vila Borges. Neste dia haver\u00e1 a escolha dos representantes das entidades que v\u00e3o compor o Conselho Municipal de Sa\u00fade de Alfenas.<\/p>\n\n\n\n<p>Para essa plen\u00e1ria h\u00e1 vagas para usu\u00e1rios, por meio de entidades da sociedade civil, e prestadores de servi\u00e7os de sa\u00fade contratualizados com o SUS Alfenas.<br>Em rela\u00e7\u00e3o aos usu\u00e1rios (Entidades da sociedade civil) o edital descreve como todos os interessados que desejarem e n\u00e3o possu\u00edrem contrato com o SUS de Alfenas, fun\u00e7\u00e3o gratificada ou atuarem como trabalhadores da sa\u00fade, poder\u00e3o participar.<\/p>\n\n\n\n<p>O Edital foi publicado no dia publicado no site da prefeitura no dia 10\/07\/2024 e as entidades e prestadores que tiverem interesse em participar devem se inscrever na sede da Casa dos Conselhos, na Rua Tiradentes, 1088.<\/p>\n\n\n\n<p><strong>Posse<\/strong><\/p>\n\n\n\n<p>De acordo com o Edital 005\/2024 a posse est\u00e1 prevista para o dia 28\/08\/2024, data da reuni\u00e3o Ordin\u00e1ria do Conselho de Sa\u00fade no m\u00eas de agosto.<\/p>\n\n\n\n<p>Mais informa\u00e7\u00f5es no Conselho Municipal de Sa\u00fade que fica na Casa dos Conselhos, rua Tiradentes, 1088, Centro.<\/p>\n\n\n\n<p>Confiram\u00a0o\u00a0edital, abaixo:<\/p>\n\n\n\n<figure class=\"wp-block-image size-full\"><img fetchpriority=\"high\" decoding=\"async\" width=\"714\" height=\"944\" src=\"https:\/\/noticiasdefato.net\/wp-content\/uploads\/2024\/08\/image-46.png\" alt=\"\" class=\"wp-image-1630\" srcset=\"https:\/\/noticiasdefato.net\/wp-content\/uploads\/2024\/08\/image-46.png 714w, https:\/\/noticiasdefato.net\/wp-content\/uploads\/2024\/08\/image-46-227x300.png 227w, https:\/\/noticiasdefato.net\/wp-content\/uploads\/2024\/08\/image-46-68x90.png 68w\" sizes=\"(max-width: 714px) 100vw, 714px\" \/><\/figure>\n\n\n\n<figure class=\"wp-block-image size-full\"><img decoding=\"async\" width=\"629\" height=\"865\" src=\"https:\/\/noticiasdefato.net\/wp-content\/uploads\/2024\/08\/image-47.png\" alt=\"\" class=\"wp-image-1631\" srcset=\"https:\/\/noticiasdefato.net\/wp-content\/uploads\/2024\/08\/image-47.png 629w, https:\/\/noticiasdefato.net\/wp-content\/uploads\/2024\/08\/image-47-218x300.png 218w, https:\/\/noticiasdefato.net\/wp-content\/uploads\/2024\/08\/image-47-65x90.png 65w\" sizes=\"(max-width: 629px) 100vw, 629px\" \/><\/figure>\n\n\n\n<figure class=\"wp-block-image size-full\"><img decoding=\"async\" width=\"558\" height=\"734\" src=\"https:\/\/noticiasdefato.net\/wp-content\/uploads\/2024\/08\/image-48.png\" alt=\"\" class=\"wp-image-1632\" srcset=\"https:\/\/noticiasdefato.net\/wp-content\/uploads\/2024\/08\/image-48.png 558w, https:\/\/noticiasdefato.net\/wp-content\/uploads\/2024\/08\/image-48-228x300.png 228w, https:\/\/noticiasdefato.net\/wp-content\/uploads\/2024\/08\/image-48-68x90.png 68w\" sizes=\"(max-width: 558px) 100vw, 558px\" \/><\/figure>\n\n\n\n<figure class=\"wp-block-image size-full\"><img loading=\"lazy\" decoding=\"async\" width=\"550\" height=\"754\" src=\"https:\/\/noticiasdefato.net\/wp-content\/uploads\/2024\/08\/image-49.png\" alt=\"\" class=\"wp-image-1633\" srcset=\"https:\/\/noticiasdefato.net\/wp-content\/uploads\/2024\/08\/image-49.png 550w, https:\/\/noticiasdefato.net\/wp-content\/uploads\/2024\/08\/image-49-219x300.png 219w, https:\/\/noticiasdefato.net\/wp-content\/uploads\/2024\/08\/image-49-66x90.png 66w\" sizes=\"(max-width: 550px) 100vw, 550px\" \/><\/figure>\n\n\n\n<figure class=\"wp-block-image size-full\"><img loading=\"lazy\" decoding=\"async\" width=\"566\" height=\"808\" src=\"https:\/\/noticiasdefato.net\/wp-content\/uploads\/2024\/08\/image-50.png\" alt=\"\" class=\"wp-image-1634\" srcset=\"https:\/\/noticiasdefato.net\/wp-content\/uploads\/2024\/08\/image-50.png 566w, https:\/\/noticiasdefato.net\/wp-content\/uploads\/2024\/08\/image-50-210x300.png 210w, https:\/\/noticiasdefato.net\/wp-content\/uploads\/2024\/08\/image-50-63x90.png 63w\" sizes=\"(max-width: 566px) 100vw, 566px\" \/><\/figure>\n\n\n\n<p><\/p>\n","protected":false},"excerpt":{"rendered":"<p>Conselho municipal de sa\u00fade faz chamamento p\u00fablico para entidades de Alfenas. <a href=\"https:\/\/noticiasdefato.net\/?p=1625\" class=\"more-link\">Continuar lendo <span class=\"screen-reader-text\">ELEI\u00c7\u00c3O DO CONSELHO MUNICIPAL DE SA\u00daDE<\/span><\/a><\/p>\n","protected":false},"author":1,"featured_media":1635,"comment_status":"open","ping_status":"open","sticky":false,"template":"","format":"standard","meta":{"footnotes":""},"categories":[19],"tags":[],"class_list":["post-1625","post","type-post","status-publish","format-standard","has-post-thumbnail","hentry","category-saude"],"yoast_head":"<!-- This site is optimized with the Yoast SEO plugin v23.2 - https:\/\/yoast.com\/wordpress\/plugins\/seo\/ -->\n<title>ELEI\u00c7\u00c3O DO CONSELHO MUNICIPAL DE SA\u00daDE - Not\u00edcias de Fato<\/title>\n<meta name=\"description\" content=\"Conselho municipal de sa\u00fade faz chamamento p\u00fablico para entidades de Alfenas.\" \/>\n<meta name=\"robots\" content=\"index, follow, max-snippet:-1, max-image-preview:large, max-video-preview:-1\" \/>\n<link rel=\"canonical\" href=\"https:\/\/noticiasdefato.net\/?p=1625\" \/>\n<meta property=\"og:locale\" content=\"pt_BR\" \/>\n<meta property=\"og:type\" content=\"article\" \/>\n<meta property=\"og:title\" content=\"ELEI\u00c7\u00c3O DO CONSELHO MUNICIPAL DE SA\u00daDE - Not\u00edcias de Fato\" \/>\n<meta property=\"og:description\" content=\"Conselho municipal de sa\u00fade faz chamamento p\u00fablico para entidades de Alfenas.\" \/>\n<meta property=\"og:url\" content=\"https:\/\/noticiasdefato.net\/?p=1625\" \/>\n<meta property=\"og:site_name\" content=\"Not\u00edcias de Fato\" \/>\n<meta property=\"article:publisher\" content=\"https:\/\/fb.com\/noticiasdefato.jornal\" \/>\n<meta property=\"article:author\" content=\"http:\/\/fb.com\/\/noticiasdefato.jornal\" \/>\n<meta property=\"article:published_time\" content=\"2024-08-08T19:36:21+00:00\" \/>\n<meta property=\"article:modified_time\" content=\"2024-10-01T15:28:36+00:00\" \/>\n<meta property=\"og:image\" content=\"https:\/\/noticiasdefato.net\/wp-content\/uploads\/2024\/08\/image-51.png\" \/>\n\t<meta property=\"og:image:width\" content=\"686\" \/>\n\t<meta property=\"og:image:height\" content=\"306\" \/>\n\t<meta property=\"og:image:type\" content=\"image\/png\" \/>\n<meta name=\"author\" content=\"Noticias de Fato\" \/>\n<meta name=\"twitter:card\" content=\"summary_large_image\" \/>\n<meta name=\"twitter:creator\" content=\"@https:\/\/twitter.com\/NoticiasDeFato_\" \/>\n<meta name=\"twitter:site\" content=\"@noticiasdefato_\" \/>\n<meta name=\"twitter:label1\" content=\"Escrito por\" \/>\n\t<meta name=\"twitter:data1\" content=\"Noticias de Fato\" \/>\n\t<meta name=\"twitter:label2\" content=\"Est. tempo de leitura\" \/>\n\t<meta name=\"twitter:data2\" content=\"3 minutos\" \/>\n<script type=\"application\/ld+json\" class=\"yoast-schema-graph\">{\"@context\":\"https:\/\/schema.org\",\"@graph\":[{\"@type\":\"Article\",\"@id\":\"https:\/\/noticiasdefato.net\/?p=1625#article\",\"isPartOf\":{\"@id\":\"https:\/\/noticiasdefato.net\/?p=1625\"},\"author\":{\"name\":\"Noticias de Fato\",\"@id\":\"https:\/\/noticiasdefato.net\/#\/schema\/person\/982ce60211d95acf059cd702aa260d08\"},\"headline\":\"ELEI\u00c7\u00c3O DO CONSELHO MUNICIPAL DE SA\u00daDE\",\"datePublished\":\"2024-08-08T19:36:21+00:00\",\"dateModified\":\"2024-10-01T15:28:36+00:00\",\"mainEntityOfPage\":{\"@id\":\"https:\/\/noticiasdefato.net\/?p=1625\"},\"wordCount\":256,\"commentCount\":0,\"publisher\":{\"@id\":\"https:\/\/noticiasdefato.net\/#organization\"},\"image\":{\"@id\":\"https:\/\/noticiasdefato.net\/?p=1625#primaryimage\"},\"thumbnailUrl\":\"https:\/\/noticiasdefato.net\/wp-content\/uploads\/2024\/08\/image-51.png\",\"articleSection\":[\"Sa\u00fade\"],\"inLanguage\":\"pt-BR\",\"potentialAction\":[{\"@type\":\"CommentAction\",\"name\":\"Comment\",\"target\":[\"https:\/\/noticiasdefato.net\/?p=1625#respond\"]}]},{\"@type\":\"WebPage\",\"@id\":\"https:\/\/noticiasdefato.net\/?p=1625\",\"url\":\"https:\/\/noticiasdefato.net\/?p=1625\",\"name\":\"ELEI\u00c7\u00c3O DO CONSELHO MUNICIPAL DE SA\u00daDE - Not\u00edcias de Fato\",\"isPartOf\":{\"@id\":\"https:\/\/noticiasdefato.net\/#website\"},\"primaryImageOfPage\":{\"@id\":\"https:\/\/noticiasdefato.net\/?p=1625#primaryimage\"},\"image\":{\"@id\":\"https:\/\/noticiasdefato.net\/?p=1625#primaryimage\"},\"thumbnailUrl\":\"https:\/\/noticiasdefato.net\/wp-content\/uploads\/2024\/08\/image-51.png\",\"datePublished\":\"2024-08-08T19:36:21+00:00\",\"dateModified\":\"2024-10-01T15:28:36+00:00\",\"description\":\"Conselho municipal de sa\u00fade faz chamamento p\u00fablico para entidades de Alfenas.\",\"breadcrumb\":{\"@id\":\"https:\/\/noticiasdefato.net\/?p=1625#breadcrumb\"},\"inLanguage\":\"pt-BR\",\"potentialAction\":[{\"@type\":\"ReadAction\",\"target\":[\"https:\/\/noticiasdefato.net\/?p=1625\"]}]},{\"@type\":\"ImageObject\",\"inLanguage\":\"pt-BR\",\"@id\":\"https:\/\/noticiasdefato.net\/?p=1625#primaryimage\",\"url\":\"https:\/\/noticiasdefato.net\/wp-content\/uploads\/2024\/08\/image-51.png\",\"contentUrl\":\"https:\/\/noticiasdefato.net\/wp-content\/uploads\/2024\/08\/image-51.png\",\"width\":686,\"height\":306},{\"@type\":\"BreadcrumbList\",\"@id\":\"https:\/\/noticiasdefato.net\/?p=1625#breadcrumb\",\"itemListElement\":[{\"@type\":\"ListItem\",\"position\":1,\"name\":\"In\u00edcio\",\"item\":\"https:\/\/noticiasdefato.net\/\"},{\"@type\":\"ListItem\",\"position\":2,\"name\":\"ELEI\u00c7\u00c3O DO CONSELHO MUNICIPAL DE SA\u00daDE\"}]},{\"@type\":\"WebSite\",\"@id\":\"https:\/\/noticiasdefato.net\/#website\",\"url\":\"https:\/\/noticiasdefato.net\/\",\"name\":\"Not\u00edcias de Fato\",\"description\":\"Trabalhamos com honestidade, seriedade e com a verdade.\",\"publisher\":{\"@id\":\"https:\/\/noticiasdefato.net\/#organization\"},\"potentialAction\":[{\"@type\":\"SearchAction\",\"target\":{\"@type\":\"EntryPoint\",\"urlTemplate\":\"https:\/\/noticiasdefato.net\/?s={search_term_string}\"},\"query-input\":\"required name=search_term_string\"}],\"inLanguage\":\"pt-BR\"},{\"@type\":\"Organization\",\"@id\":\"https:\/\/noticiasdefato.net\/#organization\",\"name\":\"Not\u00edcias de Fato\",\"url\":\"https:\/\/noticiasdefato.net\/\",\"logo\":{\"@type\":\"ImageObject\",\"inLanguage\":\"pt-BR\",\"@id\":\"https:\/\/noticiasdefato.net\/#\/schema\/logo\/image\/\",\"url\":\"https:\/\/noticiasdefato.net\/wp-content\/uploads\/2024\/02\/cropped-logo_topo.png\",\"contentUrl\":\"https:\/\/noticiasdefato.net\/wp-content\/uploads\/2024\/02\/cropped-logo_topo.png\",\"width\":1948,\"height\":665,\"caption\":\"Not\u00edcias de Fato\"},\"image\":{\"@id\":\"https:\/\/noticiasdefato.net\/#\/schema\/logo\/image\/\"},\"sameAs\":[\"https:\/\/fb.com\/noticiasdefato.jornal\",\"https:\/\/x.com\/noticiasdefato_\",\"https:\/\/instagram.com\/noticiasdefato.jornal\",\"https:\/\/youtube.com\/@JornalNoticiasDeFato\"]},{\"@type\":\"Person\",\"@id\":\"https:\/\/noticiasdefato.net\/#\/schema\/person\/982ce60211d95acf059cd702aa260d08\",\"name\":\"Noticias de Fato\",\"image\":{\"@type\":\"ImageObject\",\"inLanguage\":\"pt-BR\",\"@id\":\"https:\/\/noticiasdefato.net\/#\/schema\/person\/image\/\",\"url\":\"https:\/\/secure.gravatar.com\/avatar\/700227fab2316f0366a1b5d4988d10f847249cf13293450527ac9553c994611a?s=96&d=mm&r=g\",\"contentUrl\":\"https:\/\/secure.gravatar.com\/avatar\/700227fab2316f0366a1b5d4988d10f847249cf13293450527ac9553c994611a?s=96&d=mm&r=g\",\"caption\":\"Noticias de Fato\"},\"sameAs\":[\"https:\/\/noticiasdefato.net\",\"http:\/\/fb.com\/\/noticiasdefato.jornal\",\"https:\/\/x.com\/https:\/\/twitter.com\/NoticiasDeFato_\"],\"url\":\"https:\/\/noticiasdefato.net\/?author=1\"}]}<\/script>\n<!-- \/ Yoast SEO plugin. -->","yoast_head_json":{"title":"ELEI\u00c7\u00c3O DO CONSELHO MUNICIPAL DE SA\u00daDE - Not\u00edcias de Fato","description":"Conselho municipal de sa\u00fade faz chamamento p\u00fablico para entidades de Alfenas.","robots":{"index":"index","follow":"follow","max-snippet":"max-snippet:-1","max-image-preview":"max-image-preview:large","max-video-preview":"max-video-preview:-1"},"canonical":"https:\/\/noticiasdefato.net\/?p=1625","og_locale":"pt_BR","og_type":"article","og_title":"ELEI\u00c7\u00c3O DO CONSELHO MUNICIPAL DE SA\u00daDE - Not\u00edcias de Fato","og_description":"Conselho municipal de sa\u00fade faz chamamento p\u00fablico para entidades de Alfenas.","og_url":"https:\/\/noticiasdefato.net\/?p=1625","og_site_name":"Not\u00edcias de Fato","article_publisher":"https:\/\/fb.com\/noticiasdefato.jornal","article_author":"http:\/\/fb.com\/\/noticiasdefato.jornal","article_published_time":"2024-08-08T19:36:21+00:00","article_modified_time":"2024-10-01T15:28:36+00:00","og_image":[{"width":686,"height":306,"url":"https:\/\/noticiasdefato.net\/wp-content\/uploads\/2024\/08\/image-51.png","type":"image\/png"}],"author":"Noticias de Fato","twitter_card":"summary_large_image","twitter_creator":"@https:\/\/twitter.com\/NoticiasDeFato_","twitter_site":"@noticiasdefato_","twitter_misc":{"Escrito por":"Noticias de Fato","Est. tempo de leitura":"3 minutos"},"schema":{"@context":"https:\/\/schema.org","@graph":[{"@type":"Article","@id":"https:\/\/noticiasdefato.net\/?p=1625#article","isPartOf":{"@id":"https:\/\/noticiasdefato.net\/?p=1625"},"author":{"name":"Noticias de Fato","@id":"https:\/\/noticiasdefato.net\/#\/schema\/person\/982ce60211d95acf059cd702aa260d08"},"headline":"ELEI\u00c7\u00c3O DO CONSELHO MUNICIPAL DE SA\u00daDE","datePublished":"2024-08-08T19:36:21+00:00","dateModified":"2024-10-01T15:28:36+00:00","mainEntityOfPage":{"@id":"https:\/\/noticiasdefato.net\/?p=1625"},"wordCount":256,"commentCount":0,"publisher":{"@id":"https:\/\/noticiasdefato.net\/#organization"},"image":{"@id":"https:\/\/noticiasdefato.net\/?p=1625#primaryimage"},"thumbnailUrl":"https:\/\/noticiasdefato.net\/wp-content\/uploads\/2024\/08\/image-51.png","articleSection":["Sa\u00fade"],"inLanguage":"pt-BR","potentialAction":[{"@type":"CommentAction","name":"Comment","target":["https:\/\/noticiasdefato.net\/?p=1625#respond"]}]},{"@type":"WebPage","@id":"https:\/\/noticiasdefato.net\/?p=1625","url":"https:\/\/noticiasdefato.net\/?p=1625","name":"ELEI\u00c7\u00c3O DO CONSELHO MUNICIPAL DE SA\u00daDE - Not\u00edcias de Fato","isPartOf":{"@id":"https:\/\/noticiasdefato.net\/#website"},"primaryImageOfPage":{"@id":"https:\/\/noticiasdefato.net\/?p=1625#primaryimage"},"image":{"@id":"https:\/\/noticiasdefato.net\/?p=1625#primaryimage"},"thumbnailUrl":"https:\/\/noticiasdefato.net\/wp-content\/uploads\/2024\/08\/image-51.png","datePublished":"2024-08-08T19:36:21+00:00","dateModified":"2024-10-01T15:28:36+00:00","description":"Conselho municipal de sa\u00fade faz chamamento p\u00fablico para entidades de Alfenas.","breadcrumb":{"@id":"https:\/\/noticiasdefato.net\/?p=1625#breadcrumb"},"inLanguage":"pt-BR","potentialAction":[{"@type":"ReadAction","target":["https:\/\/noticiasdefato.net\/?p=1625"]}]},{"@type":"ImageObject","inLanguage":"pt-BR","@id":"https:\/\/noticiasdefato.net\/?p=1625#primaryimage","url":"https:\/\/noticiasdefato.net\/wp-content\/uploads\/2024\/08\/image-51.png","contentUrl":"https:\/\/noticiasdefato.net\/wp-content\/uploads\/2024\/08\/image-51.png","width":686,"height":306},{"@type":"BreadcrumbList","@id":"https:\/\/noticiasdefato.net\/?p=1625#breadcrumb","itemListElement":[{"@type":"ListItem","position":1,"name":"In\u00edcio","item":"https:\/\/noticiasdefato.net\/"},{"@type":"ListItem","position":2,"name":"ELEI\u00c7\u00c3O DO CONSELHO MUNICIPAL DE SA\u00daDE"}]},{"@type":"WebSite","@id":"https:\/\/noticiasdefato.net\/#website","url":"https:\/\/noticiasdefato.net\/","name":"Not\u00edcias de Fato","description":"Trabalhamos com honestidade, seriedade e com a verdade.","publisher":{"@id":"https:\/\/noticiasdefato.net\/#organization"},"potentialAction":[{"@type":"SearchAction","target":{"@type":"EntryPoint","urlTemplate":"https:\/\/noticiasdefato.net\/?s={search_term_string}"},"query-input":"required name=search_term_string"}],"inLanguage":"pt-BR"},{"@type":"Organization","@id":"https:\/\/noticiasdefato.net\/#organization","name":"Not\u00edcias de Fato","url":"https:\/\/noticiasdefato.net\/","logo":{"@type":"ImageObject","inLanguage":"pt-BR","@id":"https:\/\/noticiasdefato.net\/#\/schema\/logo\/image\/","url":"https:\/\/noticiasdefato.net\/wp-content\/uploads\/2024\/02\/cropped-logo_topo.png","contentUrl":"https:\/\/noticiasdefato.net\/wp-content\/uploads\/2024\/02\/cropped-logo_topo.png","width":1948,"height":665,"caption":"Not\u00edcias de Fato"},"image":{"@id":"https:\/\/noticiasdefato.net\/#\/schema\/logo\/image\/"},"sameAs":["https:\/\/fb.com\/noticiasdefato.jornal","https:\/\/x.com\/noticiasdefato_","https:\/\/instagram.com\/noticiasdefato.jornal","https:\/\/youtube.com\/@JornalNoticiasDeFato"]},{"@type":"Person","@id":"https:\/\/noticiasdefato.net\/#\/schema\/person\/982ce60211d95acf059cd702aa260d08","name":"Noticias de Fato","image":{"@type":"ImageObject","inLanguage":"pt-BR","@id":"https:\/\/noticiasdefato.net\/#\/schema\/person\/image\/","url":"https:\/\/secure.gravatar.com\/avatar\/700227fab2316f0366a1b5d4988d10f847249cf13293450527ac9553c994611a?s=96&d=mm&r=g","contentUrl":"https:\/\/secure.gravatar.com\/avatar\/700227fab2316f0366a1b5d4988d10f847249cf13293450527ac9553c994611a?s=96&d=mm&r=g","caption":"Noticias de Fato"},"sameAs":["https:\/\/noticiasdefato.net","http:\/\/fb.com\/\/noticiasdefato.jornal","https:\/\/x.com\/https:\/\/twitter.com\/NoticiasDeFato_"],"url":"https:\/\/noticiasdefato.net\/?author=1"}]}},"_links":{"self":[{"href":"https:\/\/noticiasdefato.net\/index.php?rest_route=\/wp\/v2\/posts\/1625","targetHints":{"allow":["GET"]}}],"collection":[{"href":"https:\/\/noticiasdefato.net\/index.php?rest_route=\/wp\/v2\/posts"}],"about":[{"href":"https:\/\/noticiasdefato.net\/index.php?rest_route=\/wp\/v2\/types\/post"}],"author":[{"embeddable":true,"href":"https:\/\/noticiasdefato.net\/index.php?rest_route=\/wp\/v2\/users\/1"}],"replies":[{"embeddable":true,"href":"https:\/\/noticiasdefato.net\/index.php?rest_route=%2Fwp%2Fv2%2Fcomments&post=1625"}],"version-history":[{"count":1,"href":"https:\/\/noticiasdefato.net\/index.php?rest_route=\/wp\/v2\/posts\/1625\/revisions"}],"predecessor-version":[{"id":1636,"href":"https:\/\/noticiasdefato.net\/index.php?rest_route=\/wp\/v2\/posts\/1625\/revisions\/1636"}],"wp:featuredmedia":[{"embeddable":true,"href":"https:\/\/noticiasdefato.net\/index.php?rest_route=\/wp\/v2\/media\/1635"}],"wp:attachment":[{"href":"https:\/\/noticiasdefato.net\/index.php?rest_route=%2Fwp%2Fv2%2Fmedia&parent=1625"}],"wp:term":[{"taxonomy":"category","embeddable":true,"href":"https:\/\/noticiasdefato.net\/index.php?rest_route=%2Fwp%2Fv2%2Fcategories&post=1625"},{"taxonomy":"post_tag","embeddable":true,"href":"https:\/\/noticiasdefato.net\/index.php?rest_route=%2Fwp%2Fv2%2Ftags&post=1625"}],"curies":[{"name":"wp","href":"https:\/\/api.w.org\/{rel}","templated":true}]}}