{"id":1642,"date":"2024-08-09T09:37:45","date_gmt":"2024-08-09T12:37:45","guid":{"rendered":"https:\/\/noticiasdefato.net\/?p=1642"},"modified":"2024-10-01T12:28:43","modified_gmt":"2024-10-01T15:28:43","slug":"g1-promovera-debate-entre-candidatos-a-prefeito","status":"publish","type":"post","link":"https:\/\/noticiasdefato.net\/?p=1642","title":{"rendered":"G1 PROMOVER\u00c1 DEBATE ENTRE CANDIDATOS A PREFEITO"},"content":{"rendered":"\n<p><em>O debate entre os candidados de Alfenas abre a sequ\u00eancia e acontecer\u00e1 no pr\u00f3ximo dia 27 de agosto.<\/em><\/p>\n\n\n\n<p>O portal G1 Sul de Minas promover\u00e1 um debate de id\u00e9ias entre os candidatos a prefeito de Alfenas, no dia 27 de agosto, a partir das 14:30 em sua sede, na cidade de Varginha.<\/p>\n\n\n\n<p>As regras do debate foram discutidas e definidas em reuni\u00e3o realizada com representantes dos candidatos, no \u00faltimo dia 7 de agosto.<\/p>\n\n\n\n<p>As regras ser\u00e3o devidamentes protocoladas na Justi\u00e7a Eleitoral.<\/p>\n\n\n\n<p>Ap\u00f3s as conven\u00e7\u00f5es partid\u00e1rias, os nomes de Amadeu Peloso (PL), F\u00e1bio da Oncologia (PT), Jaime Daniel (UB), e Itamar Silva (Mobiliza), foram escolhidos como candidatos a prefeitura de Alfenas.<\/p>\n\n\n\n<p><strong>REGRAS DO DEBATE:<\/strong><\/p>\n\n\n\n<p>Com a concord\u00e2ncia de todas as candidaturas, ficou decidido que o debate ser\u00e1 dividido em cinco blocos:<\/p>\n\n\n\n<p><strong>Bloco livre:<\/strong> candidato pergunta para candidato sem tema pr\u00e9-definido;<br><strong>Bloco com jornalistas:<\/strong> jornalistas do Grupo EP formulam perguntas e os candidatos respondem e comentam;<br><strong>Bloco tema \u00fanico:<\/strong> candidato pergunta para candidato com tema \u00fanico escolhido por internautas em enquete no g1<br><strong>Bloco livre:<\/strong> candidato pergunta para candidato sem tema pr\u00e9-definido;<br><strong>Bloco tema \u00fanico e considera\u00e7\u00f5es finais:<\/strong> candidato pergunta para candidato com tema \u00fanico escolhido por internautas em enquete no g1. Ao final, ter\u00e3o um tempo para considera\u00e7\u00f5es finais.<\/p>\n\n\n\n<p><br>\ud83d\udc49 Nos blocos livre e tem\u00e1tico a divis\u00e3o do tempo ficou da seguinte forma:<\/p>\n\n\n\n<p><strong>Pergunta:<\/strong> 30 segundos<br><strong>Resposta:<\/strong> 1 minuto e 30 segundos<br><strong>R\u00e9plica:<\/strong> 30 segundos<br><strong>Tr\u00e9plica:<\/strong> 30 segundos<br><\/p>\n\n\n\n<p>\ud83d\udc49 Por sua vez, no bloco com jornalistas, um candidato \u00e9 questionado e um segundo, a ser sorteado, comenta. Veja divis\u00e3o de tempo:<\/p>\n\n\n\n<p><strong>Pergunta do jornalista:<\/strong> 30 segundos<br><strong>Resposta:<\/strong> 1 minuto e 30 segundos<br><strong>Coment\u00e1rio de outro candidato:<\/strong> 30 segundos<br><strong>Tr\u00e9plica do candidato perguntado:<\/strong>\u00a030\u00a0segundos.<\/p>\n","protected":false},"excerpt":{"rendered":"<p>O debate entre os candidados de Alfenas abre a sequ\u00eancia e acontecer\u00e1 no pr\u00f3ximo dia 27 de agosto. <a href=\"https:\/\/noticiasdefato.net\/?p=1642\" class=\"more-link\">Continuar lendo <span class=\"screen-reader-text\">G1 PROMOVER\u00c1 DEBATE ENTRE CANDIDATOS A PREFEITO<\/span><\/a><\/p>\n","protected":false},"author":1,"featured_media":1643,"comment_status":"open","ping_status":"open","sticky":false,"template":"","format":"standard","meta":{"footnotes":""},"categories":[18],"tags":[],"class_list":["post-1642","post","type-post","status-publish","format-standard","has-post-thumbnail","hentry","category-politica"],"yoast_head":"<!-- This site is optimized with the Yoast SEO plugin v23.2 - https:\/\/yoast.com\/wordpress\/plugins\/seo\/ -->\n<title>G1 PROMOVER\u00c1 DEBATE ENTRE CANDIDATOS A PREFEITO - Not\u00edcias de Fato<\/title>\n<meta name=\"description\" content=\"O debate entre os candidados de Alfenas abre a sequ\u00eancia e acontecer\u00e1 no pr\u00f3ximo dia 27 de agosto.\" \/>\n<meta name=\"robots\" content=\"index, follow, max-snippet:-1, max-image-preview:large, max-video-preview:-1\" \/>\n<link rel=\"canonical\" href=\"https:\/\/noticiasdefato.net\/?p=1642\" \/>\n<meta property=\"og:locale\" content=\"pt_BR\" \/>\n<meta property=\"og:type\" content=\"article\" \/>\n<meta property=\"og:title\" content=\"G1 PROMOVER\u00c1 DEBATE ENTRE CANDIDATOS A PREFEITO - Not\u00edcias de Fato\" \/>\n<meta property=\"og:description\" content=\"O debate entre os candidados de Alfenas abre a sequ\u00eancia e acontecer\u00e1 no pr\u00f3ximo dia 27 de agosto.\" \/>\n<meta property=\"og:url\" content=\"https:\/\/noticiasdefato.net\/?p=1642\" \/>\n<meta property=\"og:site_name\" content=\"Not\u00edcias de Fato\" \/>\n<meta property=\"article:publisher\" content=\"https:\/\/fb.com\/noticiasdefato.jornal\" \/>\n<meta property=\"article:author\" content=\"http:\/\/fb.com\/\/noticiasdefato.jornal\" \/>\n<meta property=\"article:published_time\" content=\"2024-08-09T12:37:45+00:00\" \/>\n<meta property=\"article:modified_time\" content=\"2024-10-01T15:28:43+00:00\" \/>\n<meta property=\"og:image\" content=\"https:\/\/noticiasdefato.net\/wp-content\/uploads\/2024\/08\/Imagem-do-WhatsApp-de-2024-08-08-as-23.11.52_fb0d5924.jpg\" \/>\n\t<meta property=\"og:image:width\" content=\"800\" \/>\n\t<meta property=\"og:image:height\" content=\"494\" \/>\n\t<meta property=\"og:image:type\" content=\"image\/jpeg\" \/>\n<meta name=\"author\" content=\"Noticias de Fato\" \/>\n<meta name=\"twitter:card\" content=\"summary_large_image\" \/>\n<meta name=\"twitter:creator\" content=\"@https:\/\/twitter.com\/NoticiasDeFato_\" \/>\n<meta name=\"twitter:site\" content=\"@noticiasdefato_\" \/>\n<meta name=\"twitter:label1\" content=\"Escrito por\" \/>\n\t<meta name=\"twitter:data1\" content=\"Noticias de Fato\" \/>\n\t<meta name=\"twitter:label2\" content=\"Est. tempo de leitura\" \/>\n\t<meta name=\"twitter:data2\" content=\"2 minutos\" \/>\n<script type=\"application\/ld+json\" class=\"yoast-schema-graph\">{\"@context\":\"https:\/\/schema.org\",\"@graph\":[{\"@type\":\"Article\",\"@id\":\"https:\/\/noticiasdefato.net\/?p=1642#article\",\"isPartOf\":{\"@id\":\"https:\/\/noticiasdefato.net\/?p=1642\"},\"author\":{\"name\":\"Noticias de Fato\",\"@id\":\"https:\/\/noticiasdefato.net\/#\/schema\/person\/982ce60211d95acf059cd702aa260d08\"},\"headline\":\"G1 PROMOVER\u00c1 DEBATE ENTRE CANDIDATOS A PREFEITO\",\"datePublished\":\"2024-08-09T12:37:45+00:00\",\"dateModified\":\"2024-10-01T15:28:43+00:00\",\"mainEntityOfPage\":{\"@id\":\"https:\/\/noticiasdefato.net\/?p=1642\"},\"wordCount\":296,\"commentCount\":0,\"publisher\":{\"@id\":\"https:\/\/noticiasdefato.net\/#organization\"},\"image\":{\"@id\":\"https:\/\/noticiasdefato.net\/?p=1642#primaryimage\"},\"thumbnailUrl\":\"https:\/\/noticiasdefato.net\/wp-content\/uploads\/2024\/08\/Imagem-do-WhatsApp-de-2024-08-08-as-23.11.52_fb0d5924.jpg\",\"articleSection\":[\"Pol\u00edtica\"],\"inLanguage\":\"pt-BR\",\"potentialAction\":[{\"@type\":\"CommentAction\",\"name\":\"Comment\",\"target\":[\"https:\/\/noticiasdefato.net\/?p=1642#respond\"]}]},{\"@type\":\"WebPage\",\"@id\":\"https:\/\/noticiasdefato.net\/?p=1642\",\"url\":\"https:\/\/noticiasdefato.net\/?p=1642\",\"name\":\"G1 PROMOVER\u00c1 DEBATE ENTRE CANDIDATOS A PREFEITO - Not\u00edcias de Fato\",\"isPartOf\":{\"@id\":\"https:\/\/noticiasdefato.net\/#website\"},\"primaryImageOfPage\":{\"@id\":\"https:\/\/noticiasdefato.net\/?p=1642#primaryimage\"},\"image\":{\"@id\":\"https:\/\/noticiasdefato.net\/?p=1642#primaryimage\"},\"thumbnailUrl\":\"https:\/\/noticiasdefato.net\/wp-content\/uploads\/2024\/08\/Imagem-do-WhatsApp-de-2024-08-08-as-23.11.52_fb0d5924.jpg\",\"datePublished\":\"2024-08-09T12:37:45+00:00\",\"dateModified\":\"2024-10-01T15:28:43+00:00\",\"description\":\"O debate entre os candidados de Alfenas abre a sequ\u00eancia e acontecer\u00e1 no pr\u00f3ximo dia 27 de agosto.\",\"breadcrumb\":{\"@id\":\"https:\/\/noticiasdefato.net\/?p=1642#breadcrumb\"},\"inLanguage\":\"pt-BR\",\"potentialAction\":[{\"@type\":\"ReadAction\",\"target\":[\"https:\/\/noticiasdefato.net\/?p=1642\"]}]},{\"@type\":\"ImageObject\",\"inLanguage\":\"pt-BR\",\"@id\":\"https:\/\/noticiasdefato.net\/?p=1642#primaryimage\",\"url\":\"https:\/\/noticiasdefato.net\/wp-content\/uploads\/2024\/08\/Imagem-do-WhatsApp-de-2024-08-08-as-23.11.52_fb0d5924.jpg\",\"contentUrl\":\"https:\/\/noticiasdefato.net\/wp-content\/uploads\/2024\/08\/Imagem-do-WhatsApp-de-2024-08-08-as-23.11.52_fb0d5924.jpg\",\"width\":800,\"height\":494},{\"@type\":\"BreadcrumbList\",\"@id\":\"https:\/\/noticiasdefato.net\/?p=1642#breadcrumb\",\"itemListElement\":[{\"@type\":\"ListItem\",\"position\":1,\"name\":\"In\u00edcio\",\"item\":\"https:\/\/noticiasdefato.net\/\"},{\"@type\":\"ListItem\",\"position\":2,\"name\":\"G1 PROMOVER\u00c1 DEBATE ENTRE CANDIDATOS A PREFEITO\"}]},{\"@type\":\"WebSite\",\"@id\":\"https:\/\/noticiasdefato.net\/#website\",\"url\":\"https:\/\/noticiasdefato.net\/\",\"name\":\"Not\u00edcias de Fato\",\"description\":\"Trabalhamos com honestidade, seriedade e com a verdade.\",\"publisher\":{\"@id\":\"https:\/\/noticiasdefato.net\/#organization\"},\"potentialAction\":[{\"@type\":\"SearchAction\",\"target\":{\"@type\":\"EntryPoint\",\"urlTemplate\":\"https:\/\/noticiasdefato.net\/?s={search_term_string}\"},\"query-input\":\"required name=search_term_string\"}],\"inLanguage\":\"pt-BR\"},{\"@type\":\"Organization\",\"@id\":\"https:\/\/noticiasdefato.net\/#organization\",\"name\":\"Not\u00edcias de Fato\",\"url\":\"https:\/\/noticiasdefato.net\/\",\"logo\":{\"@type\":\"ImageObject\",\"inLanguage\":\"pt-BR\",\"@id\":\"https:\/\/noticiasdefato.net\/#\/schema\/logo\/image\/\",\"url\":\"https:\/\/noticiasdefato.net\/wp-content\/uploads\/2024\/02\/cropped-logo_topo.png\",\"contentUrl\":\"https:\/\/noticiasdefato.net\/wp-content\/uploads\/2024\/02\/cropped-logo_topo.png\",\"width\":1948,\"height\":665,\"caption\":\"Not\u00edcias de Fato\"},\"image\":{\"@id\":\"https:\/\/noticiasdefato.net\/#\/schema\/logo\/image\/\"},\"sameAs\":[\"https:\/\/fb.com\/noticiasdefato.jornal\",\"https:\/\/x.com\/noticiasdefato_\",\"https:\/\/instagram.com\/noticiasdefato.jornal\",\"https:\/\/youtube.com\/@JornalNoticiasDeFato\"]},{\"@type\":\"Person\",\"@id\":\"https:\/\/noticiasdefato.net\/#\/schema\/person\/982ce60211d95acf059cd702aa260d08\",\"name\":\"Noticias de Fato\",\"image\":{\"@type\":\"ImageObject\",\"inLanguage\":\"pt-BR\",\"@id\":\"https:\/\/noticiasdefato.net\/#\/schema\/person\/image\/\",\"url\":\"https:\/\/secure.gravatar.com\/avatar\/700227fab2316f0366a1b5d4988d10f847249cf13293450527ac9553c994611a?s=96&d=mm&r=g\",\"contentUrl\":\"https:\/\/secure.gravatar.com\/avatar\/700227fab2316f0366a1b5d4988d10f847249cf13293450527ac9553c994611a?s=96&d=mm&r=g\",\"caption\":\"Noticias de Fato\"},\"sameAs\":[\"https:\/\/noticiasdefato.net\",\"http:\/\/fb.com\/\/noticiasdefato.jornal\",\"https:\/\/x.com\/https:\/\/twitter.com\/NoticiasDeFato_\"],\"url\":\"https:\/\/noticiasdefato.net\/?author=1\"}]}<\/script>\n<!-- \/ Yoast SEO plugin. -->","yoast_head_json":{"title":"G1 PROMOVER\u00c1 DEBATE ENTRE CANDIDATOS A PREFEITO - Not\u00edcias de Fato","description":"O debate entre os candidados de Alfenas abre a sequ\u00eancia e acontecer\u00e1 no pr\u00f3ximo dia 27 de agosto.","robots":{"index":"index","follow":"follow","max-snippet":"max-snippet:-1","max-image-preview":"max-image-preview:large","max-video-preview":"max-video-preview:-1"},"canonical":"https:\/\/noticiasdefato.net\/?p=1642","og_locale":"pt_BR","og_type":"article","og_title":"G1 PROMOVER\u00c1 DEBATE ENTRE CANDIDATOS A PREFEITO - Not\u00edcias de Fato","og_description":"O debate entre os candidados de Alfenas abre a sequ\u00eancia e acontecer\u00e1 no pr\u00f3ximo dia 27 de agosto.","og_url":"https:\/\/noticiasdefato.net\/?p=1642","og_site_name":"Not\u00edcias de Fato","article_publisher":"https:\/\/fb.com\/noticiasdefato.jornal","article_author":"http:\/\/fb.com\/\/noticiasdefato.jornal","article_published_time":"2024-08-09T12:37:45+00:00","article_modified_time":"2024-10-01T15:28:43+00:00","og_image":[{"width":800,"height":494,"url":"https:\/\/noticiasdefato.net\/wp-content\/uploads\/2024\/08\/Imagem-do-WhatsApp-de-2024-08-08-as-23.11.52_fb0d5924.jpg","type":"image\/jpeg"}],"author":"Noticias de Fato","twitter_card":"summary_large_image","twitter_creator":"@https:\/\/twitter.com\/NoticiasDeFato_","twitter_site":"@noticiasdefato_","twitter_misc":{"Escrito por":"Noticias de Fato","Est. tempo de leitura":"2 minutos"},"schema":{"@context":"https:\/\/schema.org","@graph":[{"@type":"Article","@id":"https:\/\/noticiasdefato.net\/?p=1642#article","isPartOf":{"@id":"https:\/\/noticiasdefato.net\/?p=1642"},"author":{"name":"Noticias de Fato","@id":"https:\/\/noticiasdefato.net\/#\/schema\/person\/982ce60211d95acf059cd702aa260d08"},"headline":"G1 PROMOVER\u00c1 DEBATE ENTRE CANDIDATOS A PREFEITO","datePublished":"2024-08-09T12:37:45+00:00","dateModified":"2024-10-01T15:28:43+00:00","mainEntityOfPage":{"@id":"https:\/\/noticiasdefato.net\/?p=1642"},"wordCount":296,"commentCount":0,"publisher":{"@id":"https:\/\/noticiasdefato.net\/#organization"},"image":{"@id":"https:\/\/noticiasdefato.net\/?p=1642#primaryimage"},"thumbnailUrl":"https:\/\/noticiasdefato.net\/wp-content\/uploads\/2024\/08\/Imagem-do-WhatsApp-de-2024-08-08-as-23.11.52_fb0d5924.jpg","articleSection":["Pol\u00edtica"],"inLanguage":"pt-BR","potentialAction":[{"@type":"CommentAction","name":"Comment","target":["https:\/\/noticiasdefato.net\/?p=1642#respond"]}]},{"@type":"WebPage","@id":"https:\/\/noticiasdefato.net\/?p=1642","url":"https:\/\/noticiasdefato.net\/?p=1642","name":"G1 PROMOVER\u00c1 DEBATE ENTRE CANDIDATOS A PREFEITO - Not\u00edcias de Fato","isPartOf":{"@id":"https:\/\/noticiasdefato.net\/#website"},"primaryImageOfPage":{"@id":"https:\/\/noticiasdefato.net\/?p=1642#primaryimage"},"image":{"@id":"https:\/\/noticiasdefato.net\/?p=1642#primaryimage"},"thumbnailUrl":"https:\/\/noticiasdefato.net\/wp-content\/uploads\/2024\/08\/Imagem-do-WhatsApp-de-2024-08-08-as-23.11.52_fb0d5924.jpg","datePublished":"2024-08-09T12:37:45+00:00","dateModified":"2024-10-01T15:28:43+00:00","description":"O debate entre os candidados de Alfenas abre a sequ\u00eancia e acontecer\u00e1 no pr\u00f3ximo dia 27 de agosto.","breadcrumb":{"@id":"https:\/\/noticiasdefato.net\/?p=1642#breadcrumb"},"inLanguage":"pt-BR","potentialAction":[{"@type":"ReadAction","target":["https:\/\/noticiasdefato.net\/?p=1642"]}]},{"@type":"ImageObject","inLanguage":"pt-BR","@id":"https:\/\/noticiasdefato.net\/?p=1642#primaryimage","url":"https:\/\/noticiasdefato.net\/wp-content\/uploads\/2024\/08\/Imagem-do-WhatsApp-de-2024-08-08-as-23.11.52_fb0d5924.jpg","contentUrl":"https:\/\/noticiasdefato.net\/wp-content\/uploads\/2024\/08\/Imagem-do-WhatsApp-de-2024-08-08-as-23.11.52_fb0d5924.jpg","width":800,"height":494},{"@type":"BreadcrumbList","@id":"https:\/\/noticiasdefato.net\/?p=1642#breadcrumb","itemListElement":[{"@type":"ListItem","position":1,"name":"In\u00edcio","item":"https:\/\/noticiasdefato.net\/"},{"@type":"ListItem","position":2,"name":"G1 PROMOVER\u00c1 DEBATE ENTRE CANDIDATOS A PREFEITO"}]},{"@type":"WebSite","@id":"https:\/\/noticiasdefato.net\/#website","url":"https:\/\/noticiasdefato.net\/","name":"Not\u00edcias de Fato","description":"Trabalhamos com honestidade, seriedade e com a verdade.","publisher":{"@id":"https:\/\/noticiasdefato.net\/#organization"},"potentialAction":[{"@type":"SearchAction","target":{"@type":"EntryPoint","urlTemplate":"https:\/\/noticiasdefato.net\/?s={search_term_string}"},"query-input":"required name=search_term_string"}],"inLanguage":"pt-BR"},{"@type":"Organization","@id":"https:\/\/noticiasdefato.net\/#organization","name":"Not\u00edcias de Fato","url":"https:\/\/noticiasdefato.net\/","logo":{"@type":"ImageObject","inLanguage":"pt-BR","@id":"https:\/\/noticiasdefato.net\/#\/schema\/logo\/image\/","url":"https:\/\/noticiasdefato.net\/wp-content\/uploads\/2024\/02\/cropped-logo_topo.png","contentUrl":"https:\/\/noticiasdefato.net\/wp-content\/uploads\/2024\/02\/cropped-logo_topo.png","width":1948,"height":665,"caption":"Not\u00edcias de Fato"},"image":{"@id":"https:\/\/noticiasdefato.net\/#\/schema\/logo\/image\/"},"sameAs":["https:\/\/fb.com\/noticiasdefato.jornal","https:\/\/x.com\/noticiasdefato_","https:\/\/instagram.com\/noticiasdefato.jornal","https:\/\/youtube.com\/@JornalNoticiasDeFato"]},{"@type":"Person","@id":"https:\/\/noticiasdefato.net\/#\/schema\/person\/982ce60211d95acf059cd702aa260d08","name":"Noticias de Fato","image":{"@type":"ImageObject","inLanguage":"pt-BR","@id":"https:\/\/noticiasdefato.net\/#\/schema\/person\/image\/","url":"https:\/\/secure.gravatar.com\/avatar\/700227fab2316f0366a1b5d4988d10f847249cf13293450527ac9553c994611a?s=96&d=mm&r=g","contentUrl":"https:\/\/secure.gravatar.com\/avatar\/700227fab2316f0366a1b5d4988d10f847249cf13293450527ac9553c994611a?s=96&d=mm&r=g","caption":"Noticias de Fato"},"sameAs":["https:\/\/noticiasdefato.net","http:\/\/fb.com\/\/noticiasdefato.jornal","https:\/\/x.com\/https:\/\/twitter.com\/NoticiasDeFato_"],"url":"https:\/\/noticiasdefato.net\/?author=1"}]}},"_links":{"self":[{"href":"https:\/\/noticiasdefato.net\/index.php?rest_route=\/wp\/v2\/posts\/1642","targetHints":{"allow":["GET"]}}],"collection":[{"href":"https:\/\/noticiasdefato.net\/index.php?rest_route=\/wp\/v2\/posts"}],"about":[{"href":"https:\/\/noticiasdefato.net\/index.php?rest_route=\/wp\/v2\/types\/post"}],"author":[{"embeddable":true,"href":"https:\/\/noticiasdefato.net\/index.php?rest_route=\/wp\/v2\/users\/1"}],"replies":[{"embeddable":true,"href":"https:\/\/noticiasdefato.net\/index.php?rest_route=%2Fwp%2Fv2%2Fcomments&post=1642"}],"version-history":[{"count":2,"href":"https:\/\/noticiasdefato.net\/index.php?rest_route=\/wp\/v2\/posts\/1642\/revisions"}],"predecessor-version":[{"id":1645,"href":"https:\/\/noticiasdefato.net\/index.php?rest_route=\/wp\/v2\/posts\/1642\/revisions\/1645"}],"wp:featuredmedia":[{"embeddable":true,"href":"https:\/\/noticiasdefato.net\/index.php?rest_route=\/wp\/v2\/media\/1643"}],"wp:attachment":[{"href":"https:\/\/noticiasdefato.net\/index.php?rest_route=%2Fwp%2Fv2%2Fmedia&parent=1642"}],"wp:term":[{"taxonomy":"category","embeddable":true,"href":"https:\/\/noticiasdefato.net\/index.php?rest_route=%2Fwp%2Fv2%2Fcategories&post=1642"},{"taxonomy":"post_tag","embeddable":true,"href":"https:\/\/noticiasdefato.net\/index.php?rest_route=%2Fwp%2Fv2%2Ftags&post=1642"}],"curies":[{"name":"wp","href":"https:\/\/api.w.org\/{rel}","templated":true}]}}